{"id":305851,"date":"2024-03-22T10:00:37","date_gmt":"2024-03-22T15:00:37","guid":{"rendered":"https:\/\/www.medellin.gov.co\/es\/?p=305851"},"modified":"2024-03-22T10:00:37","modified_gmt":"2024-03-22T15:00:37","slug":"el-distrito-y-ruta-n-formaran-a-25-personas-con-discapacidad-cognitiva-en-temas-de-ciencia-tecnologia-e-innovacion","status":"publish","type":"post","link":"https:\/\/www.medellin.gov.co\/es\/sala-de-prensa\/noticias\/el-distrito-y-ruta-n-formaran-a-25-personas-con-discapacidad-cognitiva-en-temas-de-ciencia-tecnologia-e-innovacion\/","title":{"rendered":"El Distrito y Ruta N formar\u00e1n a 25 personas con discapacidad cognitiva en temas de ciencia, tecnolog\u00eda e innovaci\u00f3n"},"content":{"rendered":"<ul>\n<li>El programa est\u00e1 dirigido a j\u00f3venes entre los 18 y 28 a\u00f1os.<\/li>\n<li>Esta apuesta busca impulsar la inclusi\u00f3n y la innovaci\u00f3n por medio de estrategias pedag\u00f3gicas.<\/li>\n<\/ul>\n<!--[if lt IE 9]><script>document.createElement('audio');<\/script><![endif]-->\n\t<div class=\"wp-playlist wp-audio-playlist wp-playlist-light\">\n\t\t\t<div class=\"wp-playlist-current-item\"><\/div>\n\t\t<audio controls=\"controls\" preload=\"none\" width=\"640\"\n\t\t\t><\/audio>\n\t<div class=\"wp-playlist-next\"><\/div>\n\t<div class=\"wp-playlist-prev\"><\/div>\n\t<noscript>\n\t<ol>\n\t\t<li><a href='https:\/\/www.medellin.gov.co\/es\/wp-content\/uploads\/2024\/03\/Capacitacion-Personas-Discapacidad-Cognitiva-01.mp3'>Palabras de Carolina Londo\u00f1o, directora ejecutiva de Ruta N<\/a><\/li><li><a href='https:\/\/www.medellin.gov.co\/es\/wp-content\/uploads\/2024\/03\/Capacitacion-Personas-Discapacidad-Cognitiva-02.mp3'>Palabras de Mar\u00eda Paz Su\u00e1rez, beneficiaria del programa InclusteamCognitiva-02<\/a><\/li>\t<\/ol>\n\t<\/noscript>\n\t<script type=\"application\/json\" class=\"wp-playlist-script\">{\"type\":\"audio\",\"tracklist\":true,\"tracknumbers\":true,\"images\":true,\"artists\":true,\"tracks\":[{\"src\":\"https:\\\/\\\/www.medellin.gov.co\\\/es\\\/wp-content\\\/uploads\\\/2024\\\/03\\\/Capacitacion-Personas-Discapacidad-Cognitiva-01.mp3\",\"type\":\"audio\\\/mpeg\",\"title\":\"Palabras de Carolina Londo\\u00f1o, directora ejecutiva de Ruta N\",\"caption\":\"\",\"description\":\"\\u00abPalabras de Carolina Londo\\u00f1o, directora ejecutiva de Ruta N\\u00bb.\",\"meta\":{\"length_formatted\":\"0:54\"},\"image\":{\"src\":\"https:\\\/\\\/www.medellin.gov.co\\\/es\\\/wp-includes\\\/images\\\/media\\\/audio.png\",\"width\":48,\"height\":64},\"thumb\":{\"src\":\"https:\\\/\\\/www.medellin.gov.co\\\/es\\\/wp-includes\\\/images\\\/media\\\/audio.png\",\"width\":48,\"height\":64}},{\"src\":\"https:\\\/\\\/www.medellin.gov.co\\\/es\\\/wp-content\\\/uploads\\\/2024\\\/03\\\/Capacitacion-Personas-Discapacidad-Cognitiva-02.mp3\",\"type\":\"audio\\\/mpeg\",\"title\":\"Palabras de Mar\\u00eda Paz Su\\u00e1rez, beneficiaria del programa InclusteamCognitiva-02\",\"caption\":\"\",\"description\":\"\\u00abPalabras de Mar\\u00eda Paz Su\\u00e1rez, beneficiaria del programa Inclusteam\\u00bb.\",\"meta\":{\"length_formatted\":\"1:36\"},\"image\":{\"src\":\"https:\\\/\\\/www.medellin.gov.co\\\/es\\\/wp-includes\\\/images\\\/media\\\/audio.png\",\"width\":48,\"height\":64},\"thumb\":{\"src\":\"https:\\\/\\\/www.medellin.gov.co\\\/es\\\/wp-includes\\\/images\\\/media\\\/audio.png\",\"width\":48,\"height\":64}}]}<\/script>\n<\/div>\n\t\n<p>El Distrito y Ruta N conmemoran este jueves 21 de marzo el D\u00eda Internacional del S\u00edndrome de Down y por eso se abre el programa Inclusteam, una iniciativa de innovaci\u00f3n social con la que se formar\u00e1 a 25 j\u00f3venes con discapacidad cognitiva, potenciando as\u00ed sus capacidades para contribuir a la econom\u00eda del conocimiento.<\/p>\n<p>\u201c<em>De acuerdo con la m\u00e1s reciente Encuesta Nacional de Calidad de Vida del DANE, 17 de cada 100 personas con discapacidad alcanzan la educaci\u00f3n superior en Colombia y es poco representativa la formaci\u00f3n en habilidades STEAM. Esto, sin duda, significa menores oportunidades para participar en el mercado laboral o en otros entornos de formaci\u00f3n. En ese sentido, y en respuesta a este panorama, en Ruta N forjamos alianzas para ofrecer alternativas que adem\u00e1s de resaltar las capacidades de estas personas, les entreguen herramientas para interactuar de forma activa en nuevos entornos<\/em>\u201d, explic\u00f3 la directora ejecutiva de Ruta N, Carolina Londo\u00f1o.<\/p>\n<p>El programa est\u00e1 dirigido a j\u00f3venes entre los 18 y 28 a\u00f1os con s\u00edndrome de Down, trastornos del espectro autista y s\u00edndrome de Asperger, entre otros.<\/p>\n<div id=\"attachment_305854\" style=\"width: 1290px\" class=\"wp-caption alignnone\"><a href=\"https:\/\/www.medellin.gov.co\/es\/wp-content\/uploads\/2024\/03\/Capacitacion-Personas-Discapacidad-Cognitiva-2.jpg\" target=\"_blank\" rel=\"noopener\"><img aria-describedby=\"caption-attachment-305854\" loading=\"lazy\" class=\"wp-image-305854 size-full\" title=\"El Distrito y Ruta N formar\u00e1n a 25 personas con discapacidad cognitiva en temas de ciencia, tecnolog\u00eda e innovaci\u00f3n\" src=\"https:\/\/www.medellin.gov.co\/es\/wp-content\/uploads\/2024\/03\/Capacitacion-Personas-Discapacidad-Cognitiva-2.jpg\" alt=\"El Distrito y Ruta N formar\u00e1n a 25 personas con discapacidad cognitiva en temas de ciencia, tecnolog\u00eda e innovaci\u00f3n\" width=\"1280\" height=\"960\" srcset=\"https:\/\/www.medellin.gov.co\/es\/wp-content\/uploads\/2024\/03\/Capacitacion-Personas-Discapacidad-Cognitiva-2.jpg 1280w, https:\/\/www.medellin.gov.co\/es\/wp-content\/uploads\/2024\/03\/Capacitacion-Personas-Discapacidad-Cognitiva-2-300x225.jpg 300w, https:\/\/www.medellin.gov.co\/es\/wp-content\/uploads\/2024\/03\/Capacitacion-Personas-Discapacidad-Cognitiva-2-1024x768.jpg 1024w, https:\/\/www.medellin.gov.co\/es\/wp-content\/uploads\/2024\/03\/Capacitacion-Personas-Discapacidad-Cognitiva-2-150x113.jpg 150w, https:\/\/www.medellin.gov.co\/es\/wp-content\/uploads\/2024\/03\/Capacitacion-Personas-Discapacidad-Cognitiva-2-768x576.jpg 768w\" sizes=\"(max-width: 1280px) 100vw, 1280px\" \/><\/a><p id=\"caption-attachment-305854\" class=\"wp-caption-text\">El Distrito y Ruta N formar\u00e1n a 25 personas con discapacidad cognitiva en temas de ciencia, tecnolog\u00eda e innovaci\u00f3n &#8211; Foto Alcald\u00eda de Medell\u00edn<\/p><\/div>\n<p>Estas personas recibir\u00e1n elementos de STEAM, que por sus siglas en ingl\u00e9s significa Ciencia, Tecnolog\u00eda, Ingenier\u00eda, Arte y Matem\u00e1tica.<\/p>\n<p>Adicionalmente, la iniciativa propone un esquema de intervenci\u00f3n en familias y complementar\u00e1 la experiencia de los participantes con la \u201cUniversidad de la Familia\u201d. Esta plataforma brinda a los cuidadores las herramientas y conocimientos necesarios para acompa\u00f1ar a los j\u00f3venes en su etapa adulta, con el desarrollo de habilidades que les permitan mayor independencia e interacci\u00f3n con la vida de la ciudad.<\/p>\n<p>\u201c<em>Me llama la atenci\u00f3n conocer a los profesores y quiero estudiar algo de tecnolog\u00eda en mi proyecto de vida. Me encant\u00f3 mucho armar esos tipos de carros. Lo que m\u00e1s me interesa es que puedo conocer a otras personas y aprender m\u00e1s<\/em>\u201d, dijo la beneficiaria del programa Inclusteam, Mar\u00eda Paz Su\u00e1rez.<\/p>\n<p>El programa se desarrollar\u00e1 en las instalaciones de Ruta N, en la universidad CES y en espacios virtuales, y es producto de una alianza con la Fundaci\u00f3n Saldarriaga Concha y la Fundaci\u00f3n MamaCate.<\/p>\n","protected":false},"excerpt":{"rendered":"<p>El programa est\u00e1 dirigido a j\u00f3venes entre los 18 y 28 a\u00f1os. Esta apuesta busca impulsar la inclusi\u00f3n y la innovaci\u00f3n por medio de estrategias pedag\u00f3gicas. El Distrito y Ruta N conmemoran este jueves 21 &#8230;<\/p>\n","protected":false},"author":21,"featured_media":305859,"comment_status":"open","ping_status":"open","sticky":false,"template":"","format":"standard","meta":[],"categories":[17],"tags":[451,634,431],"formato_nota":[],"programas_tax":[],"acf":[],"_links":{"self":[{"href":"https:\/\/www.medellin.gov.co\/es\/wp-json\/wp\/v2\/posts\/305851"}],"collection":[{"href":"https:\/\/www.medellin.gov.co\/es\/wp-json\/wp\/v2\/posts"}],"about":[{"href":"https:\/\/www.medellin.gov.co\/es\/wp-json\/wp\/v2\/types\/post"}],"author":[{"embeddable":true,"href":"https:\/\/www.medellin.gov.co\/es\/wp-json\/wp\/v2\/users\/21"}],"replies":[{"embeddable":true,"href":"https:\/\/www.medellin.gov.co\/es\/wp-json\/wp\/v2\/comments?post=305851"}],"version-history":[{"count":1,"href":"https:\/\/www.medellin.gov.co\/es\/wp-json\/wp\/v2\/posts\/305851\/revisions"}],"predecessor-version":[{"id":305864,"href":"https:\/\/www.medellin.gov.co\/es\/wp-json\/wp\/v2\/posts\/305851\/revisions\/305864"}],"wp:featuredmedia":[{"embeddable":true,"href":"https:\/\/www.medellin.gov.co\/es\/wp-json\/wp\/v2\/media\/305859"}],"wp:attachment":[{"href":"https:\/\/www.medellin.gov.co\/es\/wp-json\/wp\/v2\/media?parent=305851"}],"wp:term":[{"taxonomy":"category","embeddable":true,"href":"https:\/\/www.medellin.gov.co\/es\/wp-json\/wp\/v2\/categories?post=305851"},{"taxonomy":"post_tag","embeddable":true,"href":"https:\/\/www.medellin.gov.co\/es\/wp-json\/wp\/v2\/tags?post=305851"},{"taxonomy":"formato_nota","embeddable":true,"href":"https:\/\/www.medellin.gov.co\/es\/wp-json\/wp\/v2\/formato_nota?post=305851"},{"taxonomy":"programas_tax","embeddable":true,"href":"https:\/\/www.medellin.gov.co\/es\/wp-json\/wp\/v2\/programas_tax?post=305851"}],"curies":[{"name":"wp","href":"https:\/\/api.w.org\/{rel}","templated":true}]}}