{"id":305866,"date":"2024-03-22T10:12:48","date_gmt":"2024-03-22T15:12:48","guid":{"rendered":"https:\/\/www.medellin.gov.co\/es\/?p=305866"},"modified":"2024-04-01T07:49:11","modified_gmt":"2024-04-01T12:49:11","slug":"por-primera-vez-ciclovias-de-medellin-estaran-abiertas-jueves-y-viernes-santo","status":"publish","type":"post","link":"https:\/\/www.medellin.gov.co\/es\/sala-de-prensa\/noticias\/por-primera-vez-ciclovias-de-medellin-estaran-abiertas-jueves-y-viernes-santo\/","title":{"rendered":"Por primera vez, ciclov\u00edas de Medell\u00edn estar\u00e1n abiertas jueves y viernes santo"},"content":{"rendered":"<ul>\n<li>Todos los escenarios deportivos del Inder estar\u00e1n disponibles para pr\u00e1ctica libre durante la Semana Mayor.<\/li>\n<li>El jueves 28 y viernes 29 de marzo, todas las piscinas barriales tendr\u00e1n jornada continua de 8:00 a. m. a 2:00 p. m.<\/li>\n<\/ul>\n<p>Durante Semana Santa, el Inder tendr\u00e1 habilitados todos los escenarios deportivos entre el 24 y el 31 de marzo. La ciudadan\u00eda podr\u00e1 disfrutar de estos espacios en los horarios establecidos.<\/p>\n<p>Con respecto a las ciclov\u00edas, el pr\u00f3ximo domingo, la oferta ser\u00e1 normal en todos los trayectos barriales e institucionales, de 7:00 a. m. a 1:00 p. m. El trayecto estadio estar\u00e1 abierto solo hasta las 11:00 a. m. debido al partido de f\u00fatbol entre Atl\u00e9tico Nacional y Deportivo Pasto.<\/p>\n<p>El lunes festivo 25 de marzo, todos los trayectos barriales e institucionales operar\u00e1n normalmente y el martes 26 de marzo no habr\u00e1 ciclov\u00eda nocturna en el trayecto estadio ni en el trayecto de la avenida del r\u00edo.<\/p>\n<p><a href=\"https:\/\/www.medellin.gov.co\/es\/wp-content\/uploads\/2022\/12\/ciclovia-domingo.jpg\" target=\"_blank\" rel=\"noopener\"><img loading=\"lazy\" class=\"alignnone wp-image-144480 size-full\" src=\"https:\/\/www.medellin.gov.co\/es\/wp-content\/uploads\/2022\/12\/ciclovia-domingo.jpg\" alt=\"Ciclov\u00eda Avenida del R\u00edo\" width=\"1200\" height=\"842\" srcset=\"https:\/\/www.medellin.gov.co\/es\/wp-content\/uploads\/2022\/12\/ciclovia-domingo.jpg 1200w, https:\/\/www.medellin.gov.co\/es\/wp-content\/uploads\/2022\/12\/ciclovia-domingo-300x211.jpg 300w, https:\/\/www.medellin.gov.co\/es\/wp-content\/uploads\/2022\/12\/ciclovia-domingo-1024x719.jpg 1024w, https:\/\/www.medellin.gov.co\/es\/wp-content\/uploads\/2022\/12\/ciclovia-domingo-150x105.jpg 150w, https:\/\/www.medellin.gov.co\/es\/wp-content\/uploads\/2022\/12\/ciclovia-domingo-768x539.jpg 768w\" sizes=\"(max-width: 1200px) 100vw, 1200px\" \/><\/a><\/p>\n<p>El jueves y viernes santo, las ciclov\u00edas estar\u00e1n habilitadas en los trayectos estadio, avenida del r\u00edo y El Poblado, de 7:00 a. m. a 1:00 p. m. Los trayectos El Volador y los barriales no tendr\u00e1n oferta.<\/p>\n<p>El domingo 31 de marzo, el Inder tendr\u00e1 su actividad habitual en todos los trayectos barriales e institucionales, de 7:00 a. m. a 1:00 p. m. En el caso del trayecto estadio, la oferta se llevar\u00e1 a cabo hasta las 11:00 a. m. debido al partido entre Independiente Medell\u00edn y Am\u00e9rica de Cali.<\/p>\n<p>En el caso de las piscinas, esta es la programaci\u00f3n:<\/p>\n<p>Domingo 24 y lunes 25 de marzo (festivo), de 8:00 a. m. a 2:00 p. m., en jornada continua, las piscinas Asomadera, La Ladera, San Blas, Doce de Octubre, Territorio Robledo, San Crist\u00f3bal, UVA Nuevo Occidente y las piscinas del\u00a0Complejo Acu\u00e1tico \u2013 Estadio; y de 7:00 a. m. a 1:00 p. m., en jornada continua, la piscina de la Unidad Deportiva de Bel\u00e9n.<\/p>\n<p>Martes 26 y mi\u00e9rcoles 27 de marzo, de 8:00 a. m. a 12:00 m. y de 1:00 p. m. a 4:00 p. m., la piscina Asomadera, La Ladera, San Blas, Doce de Octubre, Territorio Robledo y San Crist\u00f3bal; de 8:00 a. m. a 12:00 m., la piscina UVA Nuevo Occidente; de 7:00 a. m. a 7:00 p. m., en jornada continua, la piscina de la Unidad Deportiva de Bel\u00e9n; y de 6:00 a. m. a 8:00 p. m., en jornada continua, las piscinas del Complejo Acu\u00e1tico \u2013 Estadio.<\/p>\n<div id=\"attachment_239766\" style=\"width: 1290px\" class=\"wp-caption alignnone\"><a href=\"https:\/\/www.medellin.gov.co\/es\/wp-content\/uploads\/2023\/08\/Piscineros-INDER-2.jpg\" target=\"_blank\" rel=\"noopener\"><img aria-describedby=\"caption-attachment-239766\" loading=\"lazy\" class=\"wp-image-239766 size-full\" src=\"https:\/\/www.medellin.gov.co\/es\/wp-content\/uploads\/2023\/08\/Piscineros-INDER-2.jpg\" alt=\"El INDER Medell\u00edn abre convocatoria para personal operativo de piscinas\" width=\"1280\" height=\"960\" srcset=\"https:\/\/www.medellin.gov.co\/es\/wp-content\/uploads\/2023\/08\/Piscineros-INDER-2.jpg 1280w, https:\/\/www.medellin.gov.co\/es\/wp-content\/uploads\/2023\/08\/Piscineros-INDER-2-300x225.jpg 300w, https:\/\/www.medellin.gov.co\/es\/wp-content\/uploads\/2023\/08\/Piscineros-INDER-2-1024x768.jpg 1024w, https:\/\/www.medellin.gov.co\/es\/wp-content\/uploads\/2023\/08\/Piscineros-INDER-2-150x113.jpg 150w, https:\/\/www.medellin.gov.co\/es\/wp-content\/uploads\/2023\/08\/Piscineros-INDER-2-768x576.jpg 768w\" sizes=\"(max-width: 1280px) 100vw, 1280px\" \/><\/a><p id=\"caption-attachment-239766\" class=\"wp-caption-text\">Foto Alcald\u00eda de Medell\u00edn<\/p><\/div>\n<p>Jueves 28 y viernes 29 de marzo (festivos), todas las piscinas tendr\u00e1n jornada continua de 8:00 a. m. a 2:00 p. m.<\/p>\n<p>S\u00e1bado 30 y domingo 31 de marzo, de 8:00 a. m. a 2:00 p. m., en jornada continua, las piscinas Asomadera, La Ladera, San Blas, Doce de Octubre, Territorio Robledo, San Crist\u00f3bal, UVA Nuevo Occidente y las piscinas del Complejo Acu\u00e1tico \u2013 Estadio; y de 7:00 a. m. a 1:00 p. m., en jornada continua, la piscina de la Unidad Deportiva de Bel\u00e9n.<\/p>\n","protected":false},"excerpt":{"rendered":"<p>Todos los escenarios deportivos del Inder estar\u00e1n disponibles para pr\u00e1ctica libre durante la Semana Mayor. El jueves 28 y viernes 29 de marzo, todas las piscinas barriales tendr\u00e1n jornada continua de 8:00 a. m. a &#8230;<\/p>\n","protected":false},"author":21,"featured_media":59717,"comment_status":"open","ping_status":"open","sticky":false,"template":"","format":"standard","meta":[],"categories":[17],"tags":[451,634],"formato_nota":[],"programas_tax":[],"acf":[],"_links":{"self":[{"href":"https:\/\/www.medellin.gov.co\/es\/wp-json\/wp\/v2\/posts\/305866"}],"collection":[{"href":"https:\/\/www.medellin.gov.co\/es\/wp-json\/wp\/v2\/posts"}],"about":[{"href":"https:\/\/www.medellin.gov.co\/es\/wp-json\/wp\/v2\/types\/post"}],"author":[{"embeddable":true,"href":"https:\/\/www.medellin.gov.co\/es\/wp-json\/wp\/v2\/users\/21"}],"replies":[{"embeddable":true,"href":"https:\/\/www.medellin.gov.co\/es\/wp-json\/wp\/v2\/comments?post=305866"}],"version-history":[{"count":3,"href":"https:\/\/www.medellin.gov.co\/es\/wp-json\/wp\/v2\/posts\/305866\/revisions"}],"predecessor-version":[{"id":306230,"href":"https:\/\/www.medellin.gov.co\/es\/wp-json\/wp\/v2\/posts\/305866\/revisions\/306230"}],"wp:featuredmedia":[{"embeddable":true,"href":"https:\/\/www.medellin.gov.co\/es\/wp-json\/wp\/v2\/media\/59717"}],"wp:attachment":[{"href":"https:\/\/www.medellin.gov.co\/es\/wp-json\/wp\/v2\/media?parent=305866"}],"wp:term":[{"taxonomy":"category","embeddable":true,"href":"https:\/\/www.medellin.gov.co\/es\/wp-json\/wp\/v2\/categories?post=305866"},{"taxonomy":"post_tag","embeddable":true,"href":"https:\/\/www.medellin.gov.co\/es\/wp-json\/wp\/v2\/tags?post=305866"},{"taxonomy":"formato_nota","embeddable":true,"href":"https:\/\/www.medellin.gov.co\/es\/wp-json\/wp\/v2\/formato_nota?post=305866"},{"taxonomy":"programas_tax","embeddable":true,"href":"https:\/\/www.medellin.gov.co\/es\/wp-json\/wp\/v2\/programas_tax?post=305866"}],"curies":[{"name":"wp","href":"https:\/\/api.w.org\/{rel}","templated":true}]}}