{"id":305871,"date":"2024-03-22T10:22:23","date_gmt":"2024-03-22T15:22:23","guid":{"rendered":"https:\/\/www.medellin.gov.co\/es\/?p=305871"},"modified":"2024-03-22T10:22:23","modified_gmt":"2024-03-22T15:22:23","slug":"el-centro-de-salud-altavista-reabrio-sus-puertas-tras-obras-de-mantenimiento","status":"publish","type":"post","link":"https:\/\/www.medellin.gov.co\/es\/sala-de-prensa\/noticias\/el-centro-de-salud-altavista-reabrio-sus-puertas-tras-obras-de-mantenimiento\/","title":{"rendered":"El centro de salud Altavista reabri\u00f3 sus puertas tras obras de mantenimiento"},"content":{"rendered":"<ul>\n<li>M\u00e1s de 4.000 usuarios se benefician con el mejoramiento de este centro asistencial.<\/li>\n<li>Adecuaciones de la cubierta y de consultorios para odontolog\u00eda y toma de muestras hicieron parte de las intervenciones, con recursos por m\u00e1s de $310 millones.<\/li>\n<\/ul>\n<!--[if lt IE 9]><script>document.createElement('audio');<\/script><![endif]-->\n\t<div class=\"wp-playlist wp-audio-playlist wp-playlist-light\">\n\t\t\t<div class=\"wp-playlist-current-item\"><\/div>\n\t\t<audio controls=\"controls\" preload=\"none\" width=\"640\"\n\t\t\t><\/audio>\n\t<div class=\"wp-playlist-next\"><\/div>\n\t<div class=\"wp-playlist-prev\"><\/div>\n\t<noscript>\n\t<ol>\n\t\t<li><a href='https:\/\/www.medellin.gov.co\/es\/wp-content\/uploads\/2024\/03\/Centro-Salud-Altavista-01.mp3'>Palabras de Claudia Cuartas, subgerente de Ejecuci\u00f3n de Proyectos de la EDU<\/a><\/li><li><a href='https:\/\/www.medellin.gov.co\/es\/wp-content\/uploads\/2024\/03\/Centro-Salud-Altavista-02.mp3'>Palabras de Merv\u00edn Jos\u00e9 Moya Pe\u00f1afiel, director de la UPSS de Bel\u00e9n<\/a><\/li><li><a href='https:\/\/www.medellin.gov.co\/es\/wp-content\/uploads\/2024\/03\/Centro-Salud-Altavista-03.mp3'>Palabras de Guillermo R\u00faa, trabajador de la obra<\/a><\/li>\t<\/ol>\n\t<\/noscript>\n\t<script type=\"application\/json\" class=\"wp-playlist-script\">{\"type\":\"audio\",\"tracklist\":true,\"tracknumbers\":true,\"images\":true,\"artists\":true,\"tracks\":[{\"src\":\"https:\\\/\\\/www.medellin.gov.co\\\/es\\\/wp-content\\\/uploads\\\/2024\\\/03\\\/Centro-Salud-Altavista-01.mp3\",\"type\":\"audio\\\/mpeg\",\"title\":\"Palabras de Claudia Cuartas, subgerente de Ejecuci\\u00f3n de Proyectos de la EDU\",\"caption\":\"\",\"description\":\"\\u00abPalabras de Claudia Cuartas, subgerente de Ejecuci\\u00f3n de Proyectos de la EDU\\u00bb.\",\"meta\":{\"year\":\"2024\",\"length_formatted\":\"1:01\"},\"image\":{\"src\":\"https:\\\/\\\/www.medellin.gov.co\\\/es\\\/wp-includes\\\/images\\\/media\\\/audio.png\",\"width\":48,\"height\":64},\"thumb\":{\"src\":\"https:\\\/\\\/www.medellin.gov.co\\\/es\\\/wp-includes\\\/images\\\/media\\\/audio.png\",\"width\":48,\"height\":64}},{\"src\":\"https:\\\/\\\/www.medellin.gov.co\\\/es\\\/wp-content\\\/uploads\\\/2024\\\/03\\\/Centro-Salud-Altavista-02.mp3\",\"type\":\"audio\\\/mpeg\",\"title\":\"Palabras de Merv\\u00edn Jos\\u00e9 Moya Pe\\u00f1afiel, director de la UPSS de Bel\\u00e9n\",\"caption\":\"\",\"description\":\"\\u00abPalabras de Merv\\u00edn Jos\\u00e9 Moya Pe\\u00f1afiel, director de la UPSS de Bel\\u00e9n\\u00bb.\",\"meta\":{\"year\":\"2024\",\"length_formatted\":\"0:39\"},\"image\":{\"src\":\"https:\\\/\\\/www.medellin.gov.co\\\/es\\\/wp-includes\\\/images\\\/media\\\/audio.png\",\"width\":48,\"height\":64},\"thumb\":{\"src\":\"https:\\\/\\\/www.medellin.gov.co\\\/es\\\/wp-includes\\\/images\\\/media\\\/audio.png\",\"width\":48,\"height\":64}},{\"src\":\"https:\\\/\\\/www.medellin.gov.co\\\/es\\\/wp-content\\\/uploads\\\/2024\\\/03\\\/Centro-Salud-Altavista-03.mp3\",\"type\":\"audio\\\/mpeg\",\"title\":\"Palabras de Guillermo R\\u00faa, trabajador de la obra\",\"caption\":\"\",\"description\":\"\\u00abPalabras de Guillermo R\\u00faa, trabajador de la obra\\u00bb.\",\"meta\":{\"length_formatted\":\"0:58\"},\"image\":{\"src\":\"https:\\\/\\\/www.medellin.gov.co\\\/es\\\/wp-includes\\\/images\\\/media\\\/audio.png\",\"width\":48,\"height\":64},\"thumb\":{\"src\":\"https:\\\/\\\/www.medellin.gov.co\\\/es\\\/wp-includes\\\/images\\\/media\\\/audio.png\",\"width\":48,\"height\":64}}]}<\/script>\n<\/div>\n\t\n<p>La Alcald\u00eda de Medell\u00edn, a trav\u00e9s de Metrosalud, reabri\u00f3 las puertas del centro de salud Altavista, donde se adelant\u00f3 el mantenimiento de esta sede. Los trabajos contemplaron la reparaci\u00f3n de la cubierta y cielos falsos, el cambio de luminarias, puertas y sanitarios en mal estado, el lavado de la fachada, la aplicaci\u00f3n de impermeabilizante o material hidrofugante, el mantenimiento de tejas de barro, la construcci\u00f3n de un and\u00e9n perimetral y la remodelaci\u00f3n de los consultorios de toma de muestras y odontolog\u00eda, al igual que adecuaciones de un ba\u00f1o para personas con movilidad reducida.<\/p>\n<p>\u201c<em>Toda la poblaci\u00f3n de Altavista puede retornar a su punto de atenci\u00f3n, que es el centro de salud Altavista, donde se van a prestar servicios de medicina general, toma de muestras, odontolog\u00eda y otros servicios por parte de enfermer\u00eda. Nuevamente vamos a tener el espacio para ustedes, para que sean atendidos con la mayor calidad y calidez posible<\/em>\u201d, destac\u00f3 el director de la Unidad Prestadora de Servicios de Salud (UPSS) de Bel\u00e9n, Merv\u00edn Jos\u00e9 Moya Pe\u00f1afiel.<\/p>\n<div id=\"attachment_305876\" style=\"width: 1290px\" class=\"wp-caption alignnone\"><a href=\"https:\/\/www.medellin.gov.co\/es\/wp-content\/uploads\/2024\/03\/Centro-Salud-Altavista-2.jpg\" target=\"_blank\" rel=\"noopener\"><img aria-describedby=\"caption-attachment-305876\" loading=\"lazy\" class=\"wp-image-305876 size-full\" title=\"El centro de salud Altavista reabri\u00f3 sus puertas tras obras de mantenimiento\" src=\"https:\/\/www.medellin.gov.co\/es\/wp-content\/uploads\/2024\/03\/Centro-Salud-Altavista-2.jpg\" alt=\"El centro de salud Altavista reabri\u00f3 sus puertas tras obras de mantenimiento\" width=\"1280\" height=\"722\" srcset=\"https:\/\/www.medellin.gov.co\/es\/wp-content\/uploads\/2024\/03\/Centro-Salud-Altavista-2.jpg 1280w, https:\/\/www.medellin.gov.co\/es\/wp-content\/uploads\/2024\/03\/Centro-Salud-Altavista-2-300x169.jpg 300w, https:\/\/www.medellin.gov.co\/es\/wp-content\/uploads\/2024\/03\/Centro-Salud-Altavista-2-1024x578.jpg 1024w, https:\/\/www.medellin.gov.co\/es\/wp-content\/uploads\/2024\/03\/Centro-Salud-Altavista-2-150x85.jpg 150w, https:\/\/www.medellin.gov.co\/es\/wp-content\/uploads\/2024\/03\/Centro-Salud-Altavista-2-768x433.jpg 768w\" sizes=\"(max-width: 1280px) 100vw, 1280px\" \/><\/a><p id=\"caption-attachment-305876\" class=\"wp-caption-text\">El centro de salud Altavista reabri\u00f3 sus puertas tras obras de mantenimiento &#8211; Foto Alcald\u00eda de Medell\u00edn<\/p><\/div>\n<p>Para la intervenci\u00f3n de este centro de salud, que beneficia a m\u00e1s de 4.000 usuarios, el Distrito destin\u00f3 m\u00e1s de $310 millones.<\/p>\n<p>La Empresa de Desarrollo Urbano (EDU), entidad que ejecuta el mantenimiento de la red de Metrosalud, se\u00f1al\u00f3 que se adelantan obras en 16 sedes. \u201c<em>Buscamos que los usuarios est\u00e9n seguros en cada sede. En este centro atendimos muchos deterioros de la infraestructura y adecuamos varios espacios para evitar cierres de los servicios que all\u00ed se prestan. El \u00fanico frente activo que vamos a dejar en obra es la intervenci\u00f3n al auditorio, donde se almacen\u00f3 el mobiliario mientras se ejecutaban las obras<\/em>\u201d, se\u00f1al\u00f3 la subgerente de Ejecuci\u00f3n de Proyectos de la EDU, Claudia Cuartas.<\/p>\n<p>Este proyecto gener\u00f3 19 empleos, algunos de ellos de personas de la comunidad.<\/p>\n<p>\u201c<em>Fue una oportunidad de trabajo muy bonita, porque llevaba tres meses que no laboraba. Este centro estaba muy ca\u00eddo y descuidado porque fueron m\u00e1s de 20 a\u00f1os en los que no se le hac\u00eda el mantenimiento. Ahora qued\u00f3 muy bonito y yo que le met\u00ed todo el empe\u00f1o qued\u00f3 muy recuperado<\/em>\u201d, concluy\u00f3 Guillermo R\u00faa, quien trabaj\u00f3 en las obras y es vecino del centro de salud.<\/p>\n","protected":false},"excerpt":{"rendered":"<p>M\u00e1s de 4.000 usuarios se benefician con el mejoramiento de este centro asistencial. Adecuaciones de la cubierta y de consultorios para odontolog\u00eda y toma de muestras hicieron parte de las intervenciones, con recursos por m\u00e1s &#8230;<\/p>\n","protected":false},"author":21,"featured_media":305879,"comment_status":"open","ping_status":"open","sticky":false,"template":"","format":"standard","meta":[],"categories":[18,17],"tags":[634,442,452],"formato_nota":[],"programas_tax":[],"acf":[],"_links":{"self":[{"href":"https:\/\/www.medellin.gov.co\/es\/wp-json\/wp\/v2\/posts\/305871"}],"collection":[{"href":"https:\/\/www.medellin.gov.co\/es\/wp-json\/wp\/v2\/posts"}],"about":[{"href":"https:\/\/www.medellin.gov.co\/es\/wp-json\/wp\/v2\/types\/post"}],"author":[{"embeddable":true,"href":"https:\/\/www.medellin.gov.co\/es\/wp-json\/wp\/v2\/users\/21"}],"replies":[{"embeddable":true,"href":"https:\/\/www.medellin.gov.co\/es\/wp-json\/wp\/v2\/comments?post=305871"}],"version-history":[{"count":1,"href":"https:\/\/www.medellin.gov.co\/es\/wp-json\/wp\/v2\/posts\/305871\/revisions"}],"predecessor-version":[{"id":305883,"href":"https:\/\/www.medellin.gov.co\/es\/wp-json\/wp\/v2\/posts\/305871\/revisions\/305883"}],"wp:featuredmedia":[{"embeddable":true,"href":"https:\/\/www.medellin.gov.co\/es\/wp-json\/wp\/v2\/media\/305879"}],"wp:attachment":[{"href":"https:\/\/www.medellin.gov.co\/es\/wp-json\/wp\/v2\/media?parent=305871"}],"wp:term":[{"taxonomy":"category","embeddable":true,"href":"https:\/\/www.medellin.gov.co\/es\/wp-json\/wp\/v2\/categories?post=305871"},{"taxonomy":"post_tag","embeddable":true,"href":"https:\/\/www.medellin.gov.co\/es\/wp-json\/wp\/v2\/tags?post=305871"},{"taxonomy":"formato_nota","embeddable":true,"href":"https:\/\/www.medellin.gov.co\/es\/wp-json\/wp\/v2\/formato_nota?post=305871"},{"taxonomy":"programas_tax","embeddable":true,"href":"https:\/\/www.medellin.gov.co\/es\/wp-json\/wp\/v2\/programas_tax?post=305871"}],"curies":[{"name":"wp","href":"https:\/\/api.w.org\/{rel}","templated":true}]}}