{"id":305888,"date":"2024-03-22T11:02:21","date_gmt":"2024-03-22T16:02:21","guid":{"rendered":"https:\/\/www.medellin.gov.co\/es\/?p=305888"},"modified":"2024-04-01T07:41:27","modified_gmt":"2024-04-01T12:41:27","slug":"para-estar-mas-seguro-en-semana-santa-le-recomendamos","status":"publish","type":"post","link":"https:\/\/www.medellin.gov.co\/es\/sala-de-prensa\/noticias\/para-estar-mas-seguro-en-semana-santa-le-recomendamos\/","title":{"rendered":"Para estar m\u00e1s seguro en Semana Santa, le recomendamos"},"content":{"rendered":"<ul>\n<li><em>Se acerca la Semana Santa, una \u00e9poca de reflexi\u00f3n y de descanso para muchas personas, en donde por los ritos religiosos o por los sitios tur\u00edsticos que se visitan, hay aglomeraciones y muchas viviendas quedan vac\u00edas por tiempos prolongados.\u00a0\u00a0 Ac\u00e1 les damos algunas recomendaciones para tener una Semana Mayor sin muchas preocupaciones.<\/em><\/li>\n<\/ul>\n<p><strong>Para proteger los hogares<\/strong><\/p>\n<p><strong>Reforzar chapas y ventanas<\/strong>: aseg\u00farese de que las chapas y las ventanas est\u00e9n en buen estado y refu\u00e9rcelas si es necesario, para dificultar la entrada a tu vivienda.<\/p>\n\n\t\t<style type=\"text\/css\">\n\t\t\t#gallery-1 {\n\t\t\t\tmargin: auto;\n\t\t\t}\n\t\t\t#gallery-1 .gallery-item {\n\t\t\t\tfloat: left;\n\t\t\t\tmargin-top: 10px;\n\t\t\t\ttext-align: center;\n\t\t\t\twidth: 50%;\n\t\t\t}\n\t\t\t#gallery-1 img {\n\t\t\t\tborder: 2px solid #cfcfcf;\n\t\t\t}\n\t\t\t#gallery-1 .gallery-caption {\n\t\t\t\tmargin-left: 0;\n\t\t\t}\n\t\t\t\/* see gallery_shortcode() in wp-includes\/media.php *\/\n\t\t<\/style>\n\t\t<div id='gallery-1' class='gallery galleryid-305888 gallery-columns-2 gallery-size-large'><dl class='gallery-item'>\n\t\t\t<dt class='gallery-icon landscape'>\n\t\t\t\t<a href='https:\/\/www.medellin.gov.co\/es\/sala-de-prensa\/noticias\/para-estar-mas-seguro-en-semana-santa-le-recomendamos\/recomendaciones-semana-santa-2\/'><img width=\"1024\" height=\"566\" src=\"https:\/\/www.medellin.gov.co\/es\/wp-content\/uploads\/2024\/03\/Recomendaciones-Semana-Santa-2-1024x566.jpg\" class=\"attachment-large size-large\" alt=\"Para estar m\u00e1s seguro en Semana Santa, le recomendamos\" loading=\"lazy\" aria-describedby=\"gallery-1-305890\" srcset=\"https:\/\/www.medellin.gov.co\/es\/wp-content\/uploads\/2024\/03\/Recomendaciones-Semana-Santa-2-1024x566.jpg 1024w, https:\/\/www.medellin.gov.co\/es\/wp-content\/uploads\/2024\/03\/Recomendaciones-Semana-Santa-2-300x166.jpg 300w, https:\/\/www.medellin.gov.co\/es\/wp-content\/uploads\/2024\/03\/Recomendaciones-Semana-Santa-2-150x83.jpg 150w, https:\/\/www.medellin.gov.co\/es\/wp-content\/uploads\/2024\/03\/Recomendaciones-Semana-Santa-2-768x425.jpg 768w, https:\/\/www.medellin.gov.co\/es\/wp-content\/uploads\/2024\/03\/Recomendaciones-Semana-Santa-2.jpg 1280w\" sizes=\"(max-width: 1024px) 100vw, 1024px\" \/><\/a>\n\t\t\t<\/dt>\n\t\t\t\t<dd class='wp-caption-text gallery-caption' id='gallery-1-305890'>\n\t\t\t\tPara estar m\u00e1s seguro en Semana Santa, le recomendamos &#8211; Foto Alcald\u00eda de Medell\u00edn\n\t\t\t\t<\/dd><\/dl><dl class='gallery-item'>\n\t\t\t<dt class='gallery-icon landscape'>\n\t\t\t\t<a href='https:\/\/www.medellin.gov.co\/es\/sala-de-prensa\/noticias\/para-estar-mas-seguro-en-semana-santa-le-recomendamos\/recomendaciones-semana-santa-3\/'><img width=\"1024\" height=\"571\" src=\"https:\/\/www.medellin.gov.co\/es\/wp-content\/uploads\/2024\/03\/Recomendaciones-Semana-Santa-3-1024x571.jpg\" class=\"attachment-large size-large\" alt=\"Para estar m\u00e1s seguro en Semana Santa, le recomendamos\" loading=\"lazy\" aria-describedby=\"gallery-1-305892\" srcset=\"https:\/\/www.medellin.gov.co\/es\/wp-content\/uploads\/2024\/03\/Recomendaciones-Semana-Santa-3-1024x571.jpg 1024w, https:\/\/www.medellin.gov.co\/es\/wp-content\/uploads\/2024\/03\/Recomendaciones-Semana-Santa-3-300x167.jpg 300w, https:\/\/www.medellin.gov.co\/es\/wp-content\/uploads\/2024\/03\/Recomendaciones-Semana-Santa-3-150x84.jpg 150w, https:\/\/www.medellin.gov.co\/es\/wp-content\/uploads\/2024\/03\/Recomendaciones-Semana-Santa-3-768x428.jpg 768w, https:\/\/www.medellin.gov.co\/es\/wp-content\/uploads\/2024\/03\/Recomendaciones-Semana-Santa-3.jpg 1280w\" sizes=\"(max-width: 1024px) 100vw, 1024px\" \/><\/a>\n\t\t\t<\/dt>\n\t\t\t\t<dd class='wp-caption-text gallery-caption' id='gallery-1-305892'>\n\t\t\t\tPara estar m\u00e1s seguro en Semana Santa, le recomendamos &#8211; Foto Alcald\u00eda de Medell\u00edn\n\t\t\t\t<\/dd><\/dl><br style=\"clear: both\" \/>\n\t\t<\/div>\n\n<p><strong>Cerrar puertas y ventanas correctamente<\/strong>: antes de salir, verifique que todas las puertas y ventanas est\u00e9n cerradas correctamente para evitar accesos no autorizados.<\/p>\n<p><strong>Informar a vecinos de confianza<\/strong>: comunique a vecinos de confianza sobre sus ausencias temporales para que est\u00e9n atentos a movimientos extra\u00f1os y puedan alertar a las autoridades en caso necesario.<\/p>\n<div id=\"attachment_305893\" style=\"width: 1290px\" class=\"wp-caption alignnone\"><a href=\"https:\/\/www.medellin.gov.co\/es\/wp-content\/uploads\/2024\/03\/Recomendaciones-Semana-Santa-4.jpg\" target=\"_blank\" rel=\"noopener\"><img aria-describedby=\"caption-attachment-305893\" loading=\"lazy\" class=\"wp-image-305893 size-full\" title=\"Para estar m\u00e1s seguro en Semana Santa, le recomendamos\" src=\"https:\/\/www.medellin.gov.co\/es\/wp-content\/uploads\/2024\/03\/Recomendaciones-Semana-Santa-4.jpg\" alt=\"Para estar m\u00e1s seguro en Semana Santa, le recomendamos\" width=\"1280\" height=\"704\" srcset=\"https:\/\/www.medellin.gov.co\/es\/wp-content\/uploads\/2024\/03\/Recomendaciones-Semana-Santa-4.jpg 1280w, https:\/\/www.medellin.gov.co\/es\/wp-content\/uploads\/2024\/03\/Recomendaciones-Semana-Santa-4-300x165.jpg 300w, https:\/\/www.medellin.gov.co\/es\/wp-content\/uploads\/2024\/03\/Recomendaciones-Semana-Santa-4-1024x563.jpg 1024w, https:\/\/www.medellin.gov.co\/es\/wp-content\/uploads\/2024\/03\/Recomendaciones-Semana-Santa-4-150x83.jpg 150w, https:\/\/www.medellin.gov.co\/es\/wp-content\/uploads\/2024\/03\/Recomendaciones-Semana-Santa-4-768x422.jpg 768w\" sizes=\"(max-width: 1280px) 100vw, 1280px\" \/><\/a><p id=\"caption-attachment-305893\" class=\"wp-caption-text\">Foto Alcald\u00eda de Medell\u00edn<\/p><\/div>\n<p><strong>Alarma confiable<\/strong>: si est\u00e1 en sus posibilidades, considere colocar sistemas de alarma confiables en su hogar para disuadir a posibles ladrones.<\/p>\n<p><strong>Si va a ir a celebraciones religiosas o a lugares tur\u00edsticos<\/strong><\/p>\n<p><strong>Mantenga una\u00a0 vigilancia constante<\/strong>: permanezca alerta y vigile sus pertenencias en todo momento, especialmente en lugares concurridos como iglesias y parques tur\u00edsticos.<\/p>\n<p><strong>Est\u00e9 siempre alerta<\/strong>: Ponga atenci\u00f3n a su entorno y a su alrededor y ante cualquier movimiento extra\u00f1o informe a las autoridades.<\/p>\n<p>No transite por lugares oscuros y solitarios: aseg\u00farese de transitar por sitios que tengan buena iluminaci\u00f3n y que no sean solitarios.<\/p>\n<p><strong>Respuesta ante las emergencias<\/strong><\/p>\n<p><strong>L\u00ednea de Emergencia 123<\/strong>: recuerde que ante cualquier eventualidad, puede comunicarse con las autoridades a trav\u00e9s de la L\u00ednea de Emergencia 123 para recibir ayuda inmediata.<\/p>\n<div id=\"attachment_305895\" style=\"width: 1290px\" class=\"wp-caption alignnone\"><a href=\"https:\/\/www.medellin.gov.co\/es\/wp-content\/uploads\/2024\/03\/Recomendaciones-Semana-Santa-5.jpg\" target=\"_blank\" rel=\"noopener\"><img aria-describedby=\"caption-attachment-305895\" loading=\"lazy\" class=\"wp-image-305895 size-full\" title=\"Para estar m\u00e1s seguro en Semana Santa, le recomendamos\" src=\"https:\/\/www.medellin.gov.co\/es\/wp-content\/uploads\/2024\/03\/Recomendaciones-Semana-Santa-5.jpg\" alt=\"Para estar m\u00e1s seguro en Semana Santa, le recomendamos\" width=\"1280\" height=\"743\" srcset=\"https:\/\/www.medellin.gov.co\/es\/wp-content\/uploads\/2024\/03\/Recomendaciones-Semana-Santa-5.jpg 1280w, https:\/\/www.medellin.gov.co\/es\/wp-content\/uploads\/2024\/03\/Recomendaciones-Semana-Santa-5-300x174.jpg 300w, https:\/\/www.medellin.gov.co\/es\/wp-content\/uploads\/2024\/03\/Recomendaciones-Semana-Santa-5-1024x594.jpg 1024w, https:\/\/www.medellin.gov.co\/es\/wp-content\/uploads\/2024\/03\/Recomendaciones-Semana-Santa-5-150x87.jpg 150w, https:\/\/www.medellin.gov.co\/es\/wp-content\/uploads\/2024\/03\/Recomendaciones-Semana-Santa-5-768x446.jpg 768w\" sizes=\"(max-width: 1280px) 100vw, 1280px\" \/><\/a><p id=\"caption-attachment-305895\" class=\"wp-caption-text\">Para estar m\u00e1s seguro en Semana Santa, le recomendamos &#8211; Foto Alcald\u00eda de Medell\u00edn<\/p><\/div>\n<p><strong>Presencia policial en sitios religiosos y tur\u00edsticos<\/strong>: tenga en cuenta que se dispone de una considerable fuerza policial en toda la ciudad, con agentes dedicados a salvaguardar la tranquilidad ciudadana en sitios religiosos y tur\u00edsticos.<\/p>\n<p><strong>Cooperaci\u00f3n con las autoridades<\/strong>: Colabore con las autoridades siguiendo sus instrucciones y reportando cualquier actividad sospechosa que observe.<\/p>\n<p>Teniendo en cuenta estas medidas de seguridad, todos podemos contribuir a garantizar una Semana Santa tranquila y segura para todos los ciudadanos y para quienes por esta \u00e9poca escogen a Medell\u00edn como sitio de descanso.<\/p>\n","protected":false},"excerpt":{"rendered":"<p>Se acerca la Semana Santa, una \u00e9poca de reflexi\u00f3n y de descanso para muchas personas, en donde por los ritos religiosos o por los sitios tur\u00edsticos que se visitan, hay aglomeraciones y muchas viviendas quedan &#8230;<\/p>\n","protected":false},"author":21,"featured_media":305896,"comment_status":"open","ping_status":"open","sticky":false,"template":"","format":"standard","meta":[],"categories":[21],"tags":[428,619,430],"formato_nota":[],"programas_tax":[],"acf":[],"_links":{"self":[{"href":"https:\/\/www.medellin.gov.co\/es\/wp-json\/wp\/v2\/posts\/305888"}],"collection":[{"href":"https:\/\/www.medellin.gov.co\/es\/wp-json\/wp\/v2\/posts"}],"about":[{"href":"https:\/\/www.medellin.gov.co\/es\/wp-json\/wp\/v2\/types\/post"}],"author":[{"embeddable":true,"href":"https:\/\/www.medellin.gov.co\/es\/wp-json\/wp\/v2\/users\/21"}],"replies":[{"embeddable":true,"href":"https:\/\/www.medellin.gov.co\/es\/wp-json\/wp\/v2\/comments?post=305888"}],"version-history":[{"count":3,"href":"https:\/\/www.medellin.gov.co\/es\/wp-json\/wp\/v2\/posts\/305888\/revisions"}],"predecessor-version":[{"id":306215,"href":"https:\/\/www.medellin.gov.co\/es\/wp-json\/wp\/v2\/posts\/305888\/revisions\/306215"}],"wp:featuredmedia":[{"embeddable":true,"href":"https:\/\/www.medellin.gov.co\/es\/wp-json\/wp\/v2\/media\/305896"}],"wp:attachment":[{"href":"https:\/\/www.medellin.gov.co\/es\/wp-json\/wp\/v2\/media?parent=305888"}],"wp:term":[{"taxonomy":"category","embeddable":true,"href":"https:\/\/www.medellin.gov.co\/es\/wp-json\/wp\/v2\/categories?post=305888"},{"taxonomy":"post_tag","embeddable":true,"href":"https:\/\/www.medellin.gov.co\/es\/wp-json\/wp\/v2\/tags?post=305888"},{"taxonomy":"formato_nota","embeddable":true,"href":"https:\/\/www.medellin.gov.co\/es\/wp-json\/wp\/v2\/formato_nota?post=305888"},{"taxonomy":"programas_tax","embeddable":true,"href":"https:\/\/www.medellin.gov.co\/es\/wp-json\/wp\/v2\/programas_tax?post=305888"}],"curies":[{"name":"wp","href":"https:\/\/api.w.org\/{rel}","templated":true}]}}