{"id":305899,"date":"2024-03-22T11:44:17","date_gmt":"2024-03-22T16:44:17","guid":{"rendered":"https:\/\/www.medellin.gov.co\/es\/?p=305899"},"modified":"2024-03-22T11:44:17","modified_gmt":"2024-03-22T16:44:17","slug":"funcionarios-de-la-subsecretaria-de-espacio-publico-se-capacitan-con-teatro","status":"publish","type":"post","link":"https:\/\/www.medellin.gov.co\/es\/sala-de-prensa\/noticias\/funcionarios-de-la-subsecretaria-de-espacio-publico-se-capacitan-con-teatro\/","title":{"rendered":"Funcionarios de la Subsecretar\u00eda de Espacio P\u00fablico se capacitan con teatro"},"content":{"rendered":"<ul>\n<li>En total son cerca de 223 funcionarios que, a trav\u00e9s de estas puestas en escena, reciben capacitaci\u00f3n.<\/li>\n<\/ul>\n<p>La Subsecretar\u00eda de Espacio P\u00fablico de Medell\u00edn llev\u00f3\u00a0a cabo una innovadora capacitaci\u00f3n para sus funcionarios, utilizando como herramienta principal la obra de teatro \u00abEntre Calles y Cambios\u00bb. Esta iniciativa estuvo dise\u00f1ada con el prop\u00f3sito de brindar una formaci\u00f3n pedag\u00f3gica que promueva el correcto desarrollo de los procedimientos por parte del personal administrativo y operativo en el manejo del espacio p\u00fablico en nuestra ciudad.<\/p>\n<p>A trav\u00e9s de la puesta en escena, \u00ab<em>Entre Calles y Cambios<\/em>\u00bb transport\u00f3 a todos los funcionarios a las realidades de la calle, mostr\u00e1ndoles cu\u00e1l es la conducta apropiada para los servidores p\u00fablicos en diversas situaciones.<\/p>\n<div id=\"attachment_305914\" style=\"width: 1290px\" class=\"wp-caption alignnone\"><a href=\"https:\/\/www.medellin.gov.co\/es\/wp-content\/uploads\/2024\/03\/Cpacitacion-Espacio-Publico-con-Teatro-2.jpg\" target=\"_blank\" rel=\"noopener\"><img aria-describedby=\"caption-attachment-305914\" loading=\"lazy\" class=\"wp-image-305914 size-full\" title=\"Funcionarios de la Subsecretar\u00eda de Espacio P\u00fablico se capacitan con teatro\" src=\"https:\/\/www.medellin.gov.co\/es\/wp-content\/uploads\/2024\/03\/Cpacitacion-Espacio-Publico-con-Teatro-2.jpg\" alt=\"Funcionarios de la Subsecretar\u00eda de Espacio P\u00fablico se capacitan con teatro\" width=\"1280\" height=\"853\" srcset=\"https:\/\/www.medellin.gov.co\/es\/wp-content\/uploads\/2024\/03\/Cpacitacion-Espacio-Publico-con-Teatro-2.jpg 1280w, https:\/\/www.medellin.gov.co\/es\/wp-content\/uploads\/2024\/03\/Cpacitacion-Espacio-Publico-con-Teatro-2-300x200.jpg 300w, https:\/\/www.medellin.gov.co\/es\/wp-content\/uploads\/2024\/03\/Cpacitacion-Espacio-Publico-con-Teatro-2-1024x682.jpg 1024w, https:\/\/www.medellin.gov.co\/es\/wp-content\/uploads\/2024\/03\/Cpacitacion-Espacio-Publico-con-Teatro-2-150x100.jpg 150w, https:\/\/www.medellin.gov.co\/es\/wp-content\/uploads\/2024\/03\/Cpacitacion-Espacio-Publico-con-Teatro-2-768x512.jpg 768w\" sizes=\"(max-width: 1280px) 100vw, 1280px\" \/><\/a><p id=\"caption-attachment-305914\" class=\"wp-caption-text\">Funcionarios de la Subsecretar\u00eda de Espacio P\u00fablico se capacitan con teatro &#8211; Foto Alcald\u00eda de Medell\u00edn<\/p><\/div>\n<p>\u201c<em>Nuestra misi\u00f3n en el servicio p\u00fablico se fundamenta en el respeto y la comunicaci\u00f3n asertiva con la ciudadan\u00eda. Es fundamental brindar a nuestro personal las herramientas necesarias para mantener un trato respetuoso y una comunicaci\u00f3n efectiva, garantizando as\u00ed el respaldo de nuestras gestiones en el restablecimiento de los espacios p\u00fablicos<\/em>\u201d, precis\u00f3 el Secretario de Seguridad y Convivencia de Medell\u00edn, Manuel Villa Mej\u00eda.<\/p>\n<p>Esta estrategia no solo ha dotado a los funcionarios de herramientas conceptuales, sino que tambi\u00e9n ha resaltado la importancia del trato amable y eficiente hacia los ciudadanos que requieren de sus servicios.<\/p>\n<p>\u201cSon cerca de 223 funcionarios los que vienen participando en esta iniciativa, que adem\u00e1s fue reforzada con conferencistas invitados, quienes han subrayado las responsabilidades \u00e9ticas y morales que conlleva el servicio p\u00fablico\u201d, anot\u00f3 el Secretario de Seguridad y Convivencia de Medell\u00edn, Manuel Villa Mej\u00eda.<\/p>\n<p>Desde la Subsecretar\u00eda de Espacio P\u00fablico se enfatiza la importancia de acoger como consigna el trato humano y el cumplimiento riguroso de los procedimientos legales para garantizar el adecuado aprovechamiento del espacio p\u00fablico y el respeto hacia todos los habitantes de la ciudad.<\/p>\n","protected":false},"excerpt":{"rendered":"<p>En total son cerca de 223 funcionarios que, a trav\u00e9s de estas puestas en escena, reciben capacitaci\u00f3n. La Subsecretar\u00eda de Espacio P\u00fablico de Medell\u00edn llev\u00f3\u00a0a cabo una innovadora capacitaci\u00f3n para sus funcionarios, utilizando como herramienta &#8230;<\/p>\n","protected":false},"author":21,"featured_media":305916,"comment_status":"open","ping_status":"open","sticky":false,"template":"","format":"standard","meta":[],"categories":[21],"tags":[444,440,619],"formato_nota":[],"programas_tax":[],"acf":[],"_links":{"self":[{"href":"https:\/\/www.medellin.gov.co\/es\/wp-json\/wp\/v2\/posts\/305899"}],"collection":[{"href":"https:\/\/www.medellin.gov.co\/es\/wp-json\/wp\/v2\/posts"}],"about":[{"href":"https:\/\/www.medellin.gov.co\/es\/wp-json\/wp\/v2\/types\/post"}],"author":[{"embeddable":true,"href":"https:\/\/www.medellin.gov.co\/es\/wp-json\/wp\/v2\/users\/21"}],"replies":[{"embeddable":true,"href":"https:\/\/www.medellin.gov.co\/es\/wp-json\/wp\/v2\/comments?post=305899"}],"version-history":[{"count":1,"href":"https:\/\/www.medellin.gov.co\/es\/wp-json\/wp\/v2\/posts\/305899\/revisions"}],"predecessor-version":[{"id":305918,"href":"https:\/\/www.medellin.gov.co\/es\/wp-json\/wp\/v2\/posts\/305899\/revisions\/305918"}],"wp:featuredmedia":[{"embeddable":true,"href":"https:\/\/www.medellin.gov.co\/es\/wp-json\/wp\/v2\/media\/305916"}],"wp:attachment":[{"href":"https:\/\/www.medellin.gov.co\/es\/wp-json\/wp\/v2\/media?parent=305899"}],"wp:term":[{"taxonomy":"category","embeddable":true,"href":"https:\/\/www.medellin.gov.co\/es\/wp-json\/wp\/v2\/categories?post=305899"},{"taxonomy":"post_tag","embeddable":true,"href":"https:\/\/www.medellin.gov.co\/es\/wp-json\/wp\/v2\/tags?post=305899"},{"taxonomy":"formato_nota","embeddable":true,"href":"https:\/\/www.medellin.gov.co\/es\/wp-json\/wp\/v2\/formato_nota?post=305899"},{"taxonomy":"programas_tax","embeddable":true,"href":"https:\/\/www.medellin.gov.co\/es\/wp-json\/wp\/v2\/programas_tax?post=305899"}],"curies":[{"name":"wp","href":"https:\/\/api.w.org\/{rel}","templated":true}]}}