{"id":305919,"date":"2024-03-22T11:47:33","date_gmt":"2024-03-22T16:47:33","guid":{"rendered":"https:\/\/www.medellin.gov.co\/es\/?p=305919"},"modified":"2024-04-01T07:48:21","modified_gmt":"2024-04-01T12:48:21","slug":"terminales-medellin-espera-movilizar-cerca-de-730-000-viajeros-en-semana-santa","status":"publish","type":"post","link":"https:\/\/www.medellin.gov.co\/es\/sala-de-prensa\/noticias\/terminales-medellin-espera-movilizar-cerca-de-730-000-viajeros-en-semana-santa\/","title":{"rendered":"Terminales Medell\u00edn espera movilizar cerca de 730.000 viajeros en Semana Santa"},"content":{"rendered":"<ul>\n<li>Se proyecta que 53.000 veh\u00edculos se desplazar\u00e1n por ambas terminales.<\/li>\n<li>Los municipios con m\u00e1s demanda son los del Oriente, Occidente y Urab\u00e1 antioque\u00f1o.<\/li>\n<\/ul>\n<!--[if lt IE 9]><script>document.createElement('audio');<\/script><![endif]-->\n\t<div class=\"wp-playlist wp-audio-playlist wp-playlist-light\">\n\t\t\t<div class=\"wp-playlist-current-item\"><\/div>\n\t\t<audio controls=\"controls\" preload=\"none\" width=\"640\"\n\t\t\t><\/audio>\n\t<div class=\"wp-playlist-next\"><\/div>\n\t<div class=\"wp-playlist-prev\"><\/div>\n\t<noscript>\n\t<ol>\n\t\t<li><a href='https:\/\/www.medellin.gov.co\/es\/wp-content\/uploads\/2024\/03\/Terminales-Semana-Santa-01.mp3'>Palabras de Ovidio Antonio Buitrago, gerente general Terminales de Medell\u00edn<\/a><\/li><li><a href='https:\/\/www.medellin.gov.co\/es\/wp-content\/uploads\/2024\/03\/Terminales-Semana-Santa-02.mp3'>Palabras de Alejandro V\u00e1squez Campuzano, subdirector ambiental \u00c1rea Metropolitana<\/a><\/li>\t<\/ol>\n\t<\/noscript>\n\t<script type=\"application\/json\" class=\"wp-playlist-script\">{\"type\":\"audio\",\"tracklist\":true,\"tracknumbers\":true,\"images\":true,\"artists\":true,\"tracks\":[{\"src\":\"https:\\\/\\\/www.medellin.gov.co\\\/es\\\/wp-content\\\/uploads\\\/2024\\\/03\\\/Terminales-Semana-Santa-01.mp3\",\"type\":\"audio\\\/mpeg\",\"title\":\"Palabras de Ovidio Antonio Buitrago, gerente general Terminales de Medell\\u00edn\",\"caption\":\"\",\"description\":\"\\u00abTerminales-Semana-Santa-01\\u00bb. Lanzamiento: 2024.\",\"meta\":{\"year\":\"2024\",\"length_formatted\":\"0:59\"},\"image\":{\"src\":\"https:\\\/\\\/www.medellin.gov.co\\\/es\\\/wp-includes\\\/images\\\/media\\\/audio.png\",\"width\":48,\"height\":64},\"thumb\":{\"src\":\"https:\\\/\\\/www.medellin.gov.co\\\/es\\\/wp-includes\\\/images\\\/media\\\/audio.png\",\"width\":48,\"height\":64}},{\"src\":\"https:\\\/\\\/www.medellin.gov.co\\\/es\\\/wp-content\\\/uploads\\\/2024\\\/03\\\/Terminales-Semana-Santa-02.mp3\",\"type\":\"audio\\\/mpeg\",\"title\":\"Palabras de Alejandro V\\u00e1squez Campuzano, subdirector ambiental \\u00c1rea Metropolitana\",\"caption\":\"\",\"description\":\"\\u00abPalabras de Alejandro V\\u00e1squez Campuzano, subdirector ambiental \\u00c1rea Metropolitana\\u00bb.\",\"meta\":{\"year\":\"2024\",\"length_formatted\":\"1:08\"},\"image\":{\"src\":\"https:\\\/\\\/www.medellin.gov.co\\\/es\\\/wp-includes\\\/images\\\/media\\\/audio.png\",\"width\":48,\"height\":64},\"thumb\":{\"src\":\"https:\\\/\\\/www.medellin.gov.co\\\/es\\\/wp-includes\\\/images\\\/media\\\/audio.png\",\"width\":48,\"height\":64}}]}<\/script>\n<\/div>\n\t\n<p>Terminales Medell\u00edn est\u00e1 preparada para atender la demanda de usuarios que transitan durante la Semana Mayor por las sedes norte y sur y para continuar como punto de conexi\u00f3n de m\u00e1s de 178 destinos en el pa\u00eds.<\/p>\n<p>Se estima que cerca de 730.000 pasajeros se movilicen por Terminales Medell\u00edn entre el 22 y el 31 de marzo, un aumento aproximado de 40.000 viajeros respecto al mismo periodo de 2023. Igualmente, se esperan 53.000 ingresos y salidas de veh\u00edculos en estas fechas.<\/p>\n<p>\u201c<em>Nuestro personal operativo est\u00e1 capacitado para cualquier contingencia en estas demandas en temporadas especiales. Invitamos a visitar nuestra terminal con una hora de anticipaci\u00f3n y que, en lo posible, no vengan con acompa\u00f1antes. De la misma forma solicitamos que compren sus tiquetes a trav\u00e9s de www.terminalesmedellin.com o en las p\u00e1ginas de las empresas transportadoras. Esto nos lleva a viajar de forma segura y legal<\/em>\u201d, expres\u00f3 el subgerente T\u00e9cnico y Operativo de Terminales Medell\u00edn, Ricardo Le\u00f3n Yepes P\u00e9rez.<\/p>\n<div id=\"attachment_305908\" style=\"width: 1290px\" class=\"wp-caption alignnone\"><a href=\"https:\/\/www.medellin.gov.co\/es\/wp-content\/uploads\/2024\/03\/Terminales-Semana-Santa-2.jpg\" target=\"_blank\" rel=\"noopener\"><img aria-describedby=\"caption-attachment-305908\" loading=\"lazy\" class=\"wp-image-305908 size-full\" title=\"Terminales Medell\u00edn espera movilizar cerca de 730.000 viajeros en Semana Santa\" src=\"https:\/\/www.medellin.gov.co\/es\/wp-content\/uploads\/2024\/03\/Terminales-Semana-Santa-2.jpg\" alt=\"Terminales Medell\u00edn espera movilizar cerca de 730.000 viajeros en Semana Santa\" width=\"1280\" height=\"960\" srcset=\"https:\/\/www.medellin.gov.co\/es\/wp-content\/uploads\/2024\/03\/Terminales-Semana-Santa-2.jpg 1280w, https:\/\/www.medellin.gov.co\/es\/wp-content\/uploads\/2024\/03\/Terminales-Semana-Santa-2-300x225.jpg 300w, https:\/\/www.medellin.gov.co\/es\/wp-content\/uploads\/2024\/03\/Terminales-Semana-Santa-2-1024x768.jpg 1024w, https:\/\/www.medellin.gov.co\/es\/wp-content\/uploads\/2024\/03\/Terminales-Semana-Santa-2-150x113.jpg 150w, https:\/\/www.medellin.gov.co\/es\/wp-content\/uploads\/2024\/03\/Terminales-Semana-Santa-2-768x576.jpg 768w\" sizes=\"(max-width: 1280px) 100vw, 1280px\" \/><\/a><p id=\"caption-attachment-305908\" class=\"wp-caption-text\">Terminales Medell\u00edn espera movilizar cerca de 730.000 viajeros en Semana Santa &#8211; Foto Alcald\u00eda de Medell\u00edn<\/p><\/div>\n<p>Los lugares con m\u00e1s demanda para estas fechas son Rionegro, Marinilla, Carmen de Viboral, Jeric\u00f3, Santa Fe de Antioquia, San Pedro de los Milagros, Turbo y Necocl\u00ed, en territorio antioque\u00f1o. A nivel nacional, Bogot\u00e1, Cali, Bucaramanga y el Eje Cafetero.<\/p>\n<p>\u201c<em>Viajo mucho desde la Terminal del Norte en las fechas especiales, ya que me da la posibilidad de adquirir mis tiquetes en l\u00ednea, para evitar contratiempos a la hora de viajar, hacer filas, llegar tarde o no tener la posibilidad de coger el bus para llegar a tiempo a mi destino. Es una manera c\u00f3moda y econ\u00f3mica para disfrutar con mis familiares y conocer diferentes lugares<\/em>\u201d, se\u00f1al\u00f3 la usuaria Sandra Milena Villa.<\/p>\n<p>Terminales Medell\u00edn invita a los usuarios que viajan con mascotas a comunicarse previamente con las empresas transportadoras para verificar las pol\u00edticas de transporte animal<\/p>\n","protected":false},"excerpt":{"rendered":"<p>Se proyecta que 53.000 veh\u00edculos se desplazar\u00e1n por ambas terminales. Los municipios con m\u00e1s demanda son los del Oriente, Occidente y Urab\u00e1 antioque\u00f1o. Terminales Medell\u00edn est\u00e1 preparada para atender la demanda de usuarios que transitan &#8230;<\/p>\n","protected":false},"author":21,"featured_media":305912,"comment_status":"open","ping_status":"open","sticky":false,"template":"","format":"standard","meta":[],"categories":[14,17],"tags":[634,447,430],"formato_nota":[],"programas_tax":[],"acf":[],"_links":{"self":[{"href":"https:\/\/www.medellin.gov.co\/es\/wp-json\/wp\/v2\/posts\/305919"}],"collection":[{"href":"https:\/\/www.medellin.gov.co\/es\/wp-json\/wp\/v2\/posts"}],"about":[{"href":"https:\/\/www.medellin.gov.co\/es\/wp-json\/wp\/v2\/types\/post"}],"author":[{"embeddable":true,"href":"https:\/\/www.medellin.gov.co\/es\/wp-json\/wp\/v2\/users\/21"}],"replies":[{"embeddable":true,"href":"https:\/\/www.medellin.gov.co\/es\/wp-json\/wp\/v2\/comments?post=305919"}],"version-history":[{"count":2,"href":"https:\/\/www.medellin.gov.co\/es\/wp-json\/wp\/v2\/posts\/305919\/revisions"}],"predecessor-version":[{"id":306227,"href":"https:\/\/www.medellin.gov.co\/es\/wp-json\/wp\/v2\/posts\/305919\/revisions\/306227"}],"wp:featuredmedia":[{"embeddable":true,"href":"https:\/\/www.medellin.gov.co\/es\/wp-json\/wp\/v2\/media\/305912"}],"wp:attachment":[{"href":"https:\/\/www.medellin.gov.co\/es\/wp-json\/wp\/v2\/media?parent=305919"}],"wp:term":[{"taxonomy":"category","embeddable":true,"href":"https:\/\/www.medellin.gov.co\/es\/wp-json\/wp\/v2\/categories?post=305919"},{"taxonomy":"post_tag","embeddable":true,"href":"https:\/\/www.medellin.gov.co\/es\/wp-json\/wp\/v2\/tags?post=305919"},{"taxonomy":"formato_nota","embeddable":true,"href":"https:\/\/www.medellin.gov.co\/es\/wp-json\/wp\/v2\/formato_nota?post=305919"},{"taxonomy":"programas_tax","embeddable":true,"href":"https:\/\/www.medellin.gov.co\/es\/wp-json\/wp\/v2\/programas_tax?post=305919"}],"curies":[{"name":"wp","href":"https:\/\/api.w.org\/{rel}","templated":true}]}}