{"id":306038,"date":"2024-03-23T12:50:46","date_gmt":"2024-03-23T17:50:46","guid":{"rendered":"https:\/\/www.medellin.gov.co\/es\/?p=306038"},"modified":"2024-03-23T12:50:46","modified_gmt":"2024-03-23T17:50:46","slug":"instituciones-educativas-del-distrito-eligieron-a-sus-lideres-estudiantiles-en-el-dia-d","status":"publish","type":"post","link":"https:\/\/www.medellin.gov.co\/es\/sala-de-prensa\/noticias\/instituciones-educativas-del-distrito-eligieron-a-sus-lideres-estudiantiles-en-el-dia-d\/","title":{"rendered":"Instituciones educativas del Distrito eligieron a sus l\u00edderes estudiantiles en el \u201cD\u00eda D\u201d"},"content":{"rendered":"<ul>\n<li>Se escogieron los personeros y contralores en el D\u00eda de la Democracia Escolar.<\/li>\n<li>Con la jornada de votaci\u00f3n se promovieron los principios democr\u00e1ticos entre los j\u00f3venes.<\/li>\n<\/ul>\n<p>Este viernes, en todas las instituciones educativas se vivi\u00f3 el D\u00eda de la Democracia Escolar, denominado \u201cD\u00eda D\u201d, donde seleccionaron a sus personeros y contralores a trav\u00e9s de un proceso de votaci\u00f3n. El prop\u00f3sito fue promover y fortalecer los principios democr\u00e1ticos entre los j\u00f3venes, as\u00ed como fomentar su participaci\u00f3n en la toma de decisiones dentro del \u00e1mbito escolar.<\/p>\n<p>Cada instituci\u00f3n del Distrito desarroll\u00f3 actividades l\u00fadicas, culturales, c\u00edvicas y pedag\u00f3gicas para involucrar a la comunidad educativa, promoviendo el debate y la informaci\u00f3n como valor esencial en la escuela y la sociedad.<\/p>\n<div id=\"attachment_306039\" style=\"width: 1290px\" class=\"wp-caption alignnone\"><a href=\"https:\/\/www.medellin.gov.co\/es\/wp-content\/uploads\/2024\/03\/Lideres-Estudiantiles-Dia-D-2.jpg\" target=\"_blank\" rel=\"noopener\"><img aria-describedby=\"caption-attachment-306039\" loading=\"lazy\" class=\"wp-image-306039 size-full\" title=\"Instituciones educativas del Distrito eligieron a sus l\u00edderes estudiantiles en el \u201cD\u00eda D\u201d\" src=\"https:\/\/www.medellin.gov.co\/es\/wp-content\/uploads\/2024\/03\/Lideres-Estudiantiles-Dia-D-2.jpg\" alt=\"Instituciones educativas del Distrito eligieron a sus l\u00edderes estudiantiles en el \u201cD\u00eda D\u201d\" width=\"1280\" height=\"849\" srcset=\"https:\/\/www.medellin.gov.co\/es\/wp-content\/uploads\/2024\/03\/Lideres-Estudiantiles-Dia-D-2.jpg 1280w, https:\/\/www.medellin.gov.co\/es\/wp-content\/uploads\/2024\/03\/Lideres-Estudiantiles-Dia-D-2-300x199.jpg 300w, https:\/\/www.medellin.gov.co\/es\/wp-content\/uploads\/2024\/03\/Lideres-Estudiantiles-Dia-D-2-1024x679.jpg 1024w, https:\/\/www.medellin.gov.co\/es\/wp-content\/uploads\/2024\/03\/Lideres-Estudiantiles-Dia-D-2-150x99.jpg 150w, https:\/\/www.medellin.gov.co\/es\/wp-content\/uploads\/2024\/03\/Lideres-Estudiantiles-Dia-D-2-768x509.jpg 768w\" sizes=\"(max-width: 1280px) 100vw, 1280px\" \/><\/a><p id=\"caption-attachment-306039\" class=\"wp-caption-text\">Instituciones educativas del Distrito eligieron a sus l\u00edderes estudiantiles en el \u201cD\u00eda D\u201d &#8211; Foto Alcald\u00eda de Medell\u00edn<\/p><\/div>\n<p>El secretario de Educaci\u00f3n, Luis Guillermo Pati\u00f1o Aristiz\u00e1bal, expres\u00f3: \u201c<em>Iniciamos esta ruta de la democracia con la elecci\u00f3n de personeros y contralores en m\u00e1s de 340 instituciones. Esto es maravilloso porque nuestros chicos no solamente van a representar a sus compa\u00f1eros: van a defender sus derechos y a hacer respetar los deberes de cada uno de los estudiantes<\/em>\u201d.<\/p>\n<p>En total, se elegir\u00e1n m\u00e1s de 1.300 l\u00edderes estudiantiles, quienes ser\u00e1n posesionados en sus cargos en una ceremonia especial en la primera semana de abril. Posteriormente, recibir\u00e1n formaci\u00f3n y acompa\u00f1amiento por parte del Programa El L\u00edder Sos Vos de la Secretar\u00eda de Educaci\u00f3n. El \u201cD\u00eda D\u201d marca un hito en el compromiso de Medell\u00edn por fortalecer la participaci\u00f3n de los j\u00f3venes.<\/p>\n","protected":false},"excerpt":{"rendered":"<p>Se escogieron los personeros y contralores en el D\u00eda de la Democracia Escolar. Con la jornada de votaci\u00f3n se promovieron los principios democr\u00e1ticos entre los j\u00f3venes. Este viernes, en todas las instituciones educativas se vivi\u00f3 &#8230;<\/p>\n","protected":false},"author":21,"featured_media":306040,"comment_status":"open","ping_status":"open","sticky":false,"template":"","format":"standard","meta":[],"categories":[4],"tags":[431],"formato_nota":[],"programas_tax":[],"acf":[],"_links":{"self":[{"href":"https:\/\/www.medellin.gov.co\/es\/wp-json\/wp\/v2\/posts\/306038"}],"collection":[{"href":"https:\/\/www.medellin.gov.co\/es\/wp-json\/wp\/v2\/posts"}],"about":[{"href":"https:\/\/www.medellin.gov.co\/es\/wp-json\/wp\/v2\/types\/post"}],"author":[{"embeddable":true,"href":"https:\/\/www.medellin.gov.co\/es\/wp-json\/wp\/v2\/users\/21"}],"replies":[{"embeddable":true,"href":"https:\/\/www.medellin.gov.co\/es\/wp-json\/wp\/v2\/comments?post=306038"}],"version-history":[{"count":1,"href":"https:\/\/www.medellin.gov.co\/es\/wp-json\/wp\/v2\/posts\/306038\/revisions"}],"predecessor-version":[{"id":306041,"href":"https:\/\/www.medellin.gov.co\/es\/wp-json\/wp\/v2\/posts\/306038\/revisions\/306041"}],"wp:featuredmedia":[{"embeddable":true,"href":"https:\/\/www.medellin.gov.co\/es\/wp-json\/wp\/v2\/media\/306040"}],"wp:attachment":[{"href":"https:\/\/www.medellin.gov.co\/es\/wp-json\/wp\/v2\/media?parent=306038"}],"wp:term":[{"taxonomy":"category","embeddable":true,"href":"https:\/\/www.medellin.gov.co\/es\/wp-json\/wp\/v2\/categories?post=306038"},{"taxonomy":"post_tag","embeddable":true,"href":"https:\/\/www.medellin.gov.co\/es\/wp-json\/wp\/v2\/tags?post=306038"},{"taxonomy":"formato_nota","embeddable":true,"href":"https:\/\/www.medellin.gov.co\/es\/wp-json\/wp\/v2\/formato_nota?post=306038"},{"taxonomy":"programas_tax","embeddable":true,"href":"https:\/\/www.medellin.gov.co\/es\/wp-json\/wp\/v2\/programas_tax?post=306038"}],"curies":[{"name":"wp","href":"https:\/\/api.w.org\/{rel}","templated":true}]}}