{"id":306044,"date":"2024-03-23T12:55:24","date_gmt":"2024-03-23T17:55:24","guid":{"rendered":"https:\/\/www.medellin.gov.co\/es\/?p=306044"},"modified":"2024-09-14T13:31:24","modified_gmt":"2024-09-14T18:31:24","slug":"en-primera-jornada-de-este-ano-la-alcaldia-de-medellin-entrego-libreta-militar-a-77-victimas-del-conflicto","status":"publish","type":"post","link":"https:\/\/www.medellin.gov.co\/es\/sala-de-prensa\/noticias\/en-primera-jornada-de-este-ano-la-alcaldia-de-medellin-entrego-libreta-militar-a-77-victimas-del-conflicto\/","title":{"rendered":"En primera jornada de este a\u00f1o, la Alcald\u00eda de Medell\u00edn entreg\u00f3 libreta militar a 77 v\u00edctimas del conflicto"},"content":{"rendered":"<ul>\n<li>Los beneficiarios oscilan en edades entre los 18 y los 50 a\u00f1os.<\/li>\n<li>La entrega de estos documentos se hizo en articulaci\u00f3n con la Cuarta Zona de Reclutamiento del Ej\u00e9rcito Nacional.<\/li>\n<\/ul>\n<!--[if lt IE 9]><script>document.createElement('audio');<\/script><![endif]-->\n\t<div class=\"wp-playlist wp-audio-playlist wp-playlist-light\">\n\t\t\t<div class=\"wp-playlist-current-item\"><\/div>\n\t\t<audio controls=\"controls\" preload=\"none\" width=\"640\"\n\t\t\t><\/audio>\n\t<div class=\"wp-playlist-next\"><\/div>\n\t<div class=\"wp-playlist-prev\"><\/div>\n\t<noscript>\n\t<ol>\n\t\t<li><a href='https:\/\/www.medellin.gov.co\/es\/wp-content\/uploads\/2024\/03\/Libreta-Militar-Victimas-Conflicto-01.mp3'>Palabras de Carlos Alberto Arcila Valencia, secretario de Paz y Derechos Humanos<\/a><\/li><li><a href='https:\/\/www.medellin.gov.co\/es\/wp-content\/uploads\/2024\/03\/Libreta-Militar-Victimas-Conflicto-02.mp3'>Palabras de Yiber Perea, beneficiario<\/a><\/li>\t<\/ol>\n\t<\/noscript>\n\t<script type=\"application\/json\" class=\"wp-playlist-script\">{\"type\":\"audio\",\"tracklist\":true,\"tracknumbers\":true,\"images\":true,\"artists\":true,\"tracks\":[{\"src\":\"https:\\\/\\\/www.medellin.gov.co\\\/es\\\/wp-content\\\/uploads\\\/2024\\\/03\\\/Libreta-Militar-Victimas-Conflicto-01.mp3\",\"type\":\"audio\\\/mpeg\",\"title\":\"Palabras de Carlos Alberto Arcila Valencia, secretario de Paz y Derechos Humanos\",\"caption\":\"\",\"description\":\"\\u00abPalabras de Carlos Alberto Arcila Valencia, secretario de Paz y Derechos Humanos\\u00bb.\",\"meta\":{\"length_formatted\":\"0:39\"},\"image\":{\"src\":\"https:\\\/\\\/www.medellin.gov.co\\\/es\\\/wp-includes\\\/images\\\/media\\\/audio.png\",\"width\":48,\"height\":64},\"thumb\":{\"src\":\"https:\\\/\\\/www.medellin.gov.co\\\/es\\\/wp-includes\\\/images\\\/media\\\/audio.png\",\"width\":48,\"height\":64}},{\"src\":\"https:\\\/\\\/www.medellin.gov.co\\\/es\\\/wp-content\\\/uploads\\\/2024\\\/03\\\/Libreta-Militar-Victimas-Conflicto-02.mp3\",\"type\":\"audio\\\/mpeg\",\"title\":\"Palabras de Yiber Perea, beneficiario\",\"caption\":\"\",\"description\":\"\\u00abPalabras de Yiber Perea, beneficiario \\u00bb.\",\"meta\":{\"length_formatted\":\"0:51\"},\"image\":{\"src\":\"https:\\\/\\\/www.medellin.gov.co\\\/es\\\/wp-includes\\\/images\\\/media\\\/audio.png\",\"width\":48,\"height\":64},\"thumb\":{\"src\":\"https:\\\/\\\/www.medellin.gov.co\\\/es\\\/wp-includes\\\/images\\\/media\\\/audio.png\",\"width\":48,\"height\":64}}]}<\/script>\n<\/div>\n\t\n<p>En cumplimiento de la <a href=\"https:\/\/www.unidadvictimas.gov.co\/es\/documentos_bibliotec\/ley-1448-de-2011-2\/#:~:text=Ley%201448%20de%202011%20Por,y%20se%20dictan%20otras%20disposiciones.\" target=\"_blank\" rel=\"noopener\">Ley 1448 de 2011<\/a>, que los exime de prestar el servicio militar, 77 v\u00edctimas del conflicto armado recibieron de la Alcald\u00eda de Medell\u00edn la libreta militar. El proceso se adelant\u00f3 a trav\u00e9s de los Centros de Atenci\u00f3n y Reparaci\u00f3n a V\u00edctimas, en articulaci\u00f3n con la Unidad para la Atenci\u00f3n y Reparaci\u00f3n Integral a V\u00edctimas y la Cuarta Zona de Reclutamiento del Ej\u00e9rcito Nacional.<\/p>\n<p>El secretario de Paz y Derechos Humanos, Carlos Alberto Arcila Valencia, expres\u00f3: \u201c<em>Aquellos hombres que no han podido acceder a la libreta militar, pueden acercarse a la Unidad de V\u00edctimas. All\u00ed, los orientamos y les ayudamos, no solamente para este documento, sino tambi\u00e9n para acceder a otras oportunidades<\/em>\u201d.<\/p>\n<div id=\"attachment_306047\" style=\"width: 1290px\" class=\"wp-caption alignnone\"><a href=\"https:\/\/www.medellin.gov.co\/es\/wp-content\/uploads\/2024\/03\/Libreta-Militar-Victimas-Conflicto-2.jpg\" target=\"_blank\" rel=\"noopener\"><img aria-describedby=\"caption-attachment-306047\" loading=\"lazy\" class=\"wp-image-306047 size-full\" title=\"En primera jornada de este a\u00f1o, la Alcald\u00eda de Medell\u00edn entreg\u00f3 libreta militar a 77 v\u00edctimas del conflicto\" src=\"https:\/\/www.medellin.gov.co\/es\/wp-content\/uploads\/2024\/03\/Libreta-Militar-Victimas-Conflicto-2.jpg\" alt=\"En primera jornada de este a\u00f1o, la Alcald\u00eda de Medell\u00edn entreg\u00f3 libreta militar a 77 v\u00edctimas del conflicto\" width=\"1280\" height=\"855\" srcset=\"https:\/\/www.medellin.gov.co\/es\/wp-content\/uploads\/2024\/03\/Libreta-Militar-Victimas-Conflicto-2.jpg 1280w, https:\/\/www.medellin.gov.co\/es\/wp-content\/uploads\/2024\/03\/Libreta-Militar-Victimas-Conflicto-2-300x200.jpg 300w, https:\/\/www.medellin.gov.co\/es\/wp-content\/uploads\/2024\/03\/Libreta-Militar-Victimas-Conflicto-2-1024x684.jpg 1024w, https:\/\/www.medellin.gov.co\/es\/wp-content\/uploads\/2024\/03\/Libreta-Militar-Victimas-Conflicto-2-150x100.jpg 150w, https:\/\/www.medellin.gov.co\/es\/wp-content\/uploads\/2024\/03\/Libreta-Militar-Victimas-Conflicto-2-768x513.jpg 768w\" sizes=\"(max-width: 1280px) 100vw, 1280px\" \/><\/a><p id=\"caption-attachment-306047\" class=\"wp-caption-text\">En primera jornada de este a\u00f1o, la Alcald\u00eda de Medell\u00edn entreg\u00f3 libreta militar a 77 v\u00edctimas del conflicto &#8211; Foto Alcald\u00eda de Medell\u00edn<\/p><\/div>\n<p>Esta fue la primera jornada de varias que se realizar\u00e1n este a\u00f1o para reconocer el derecho de esta poblaci\u00f3n a la reparaci\u00f3n integral, la asistencia y la atenci\u00f3n.<\/p>\n<p>\u201c<em>Me da mucho orgullo tener la libreta militar. Ahora se nos pueden abrir puertas para acceder a estudio o trabajo<\/em>\u201d, manifest\u00f3 Yiber Perea, v\u00edctima del conflicto.<\/p>\n<p>La actividad se realiz\u00f3 en la tradicional Casa Barrientos, en la avenida La Playa y finaliz\u00f3 con un acto simb\u00f3lico con el cual la Administraci\u00f3n Distrital ratific\u00f3 su compromiso de garantizar integraci\u00f3n socioecon\u00f3mica, acceso a vacantes laborales, becas y otros subsidios para dar continuidad al proceso de reparaci\u00f3n de las v\u00edctimas del conflicto armado.<\/p>\n","protected":false},"excerpt":{"rendered":"<p>Los beneficiarios oscilan en edades entre los 18 y los 50 a\u00f1os. La entrega de estos documentos se hizo en articulaci\u00f3n con la Cuarta Zona de Reclutamiento del Ej\u00e9rcito Nacional. En cumplimiento de la Ley &#8230;<\/p>\n","protected":false},"author":21,"featured_media":306049,"comment_status":"open","ping_status":"open","sticky":false,"template":"","format":"standard","meta":[],"categories":[701,21],"tags":[451,619],"formato_nota":[],"programas_tax":[],"acf":[],"_links":{"self":[{"href":"https:\/\/www.medellin.gov.co\/es\/wp-json\/wp\/v2\/posts\/306044"}],"collection":[{"href":"https:\/\/www.medellin.gov.co\/es\/wp-json\/wp\/v2\/posts"}],"about":[{"href":"https:\/\/www.medellin.gov.co\/es\/wp-json\/wp\/v2\/types\/post"}],"author":[{"embeddable":true,"href":"https:\/\/www.medellin.gov.co\/es\/wp-json\/wp\/v2\/users\/21"}],"replies":[{"embeddable":true,"href":"https:\/\/www.medellin.gov.co\/es\/wp-json\/wp\/v2\/comments?post=306044"}],"version-history":[{"count":2,"href":"https:\/\/www.medellin.gov.co\/es\/wp-json\/wp\/v2\/posts\/306044\/revisions"}],"predecessor-version":[{"id":306430,"href":"https:\/\/www.medellin.gov.co\/es\/wp-json\/wp\/v2\/posts\/306044\/revisions\/306430"}],"wp:featuredmedia":[{"embeddable":true,"href":"https:\/\/www.medellin.gov.co\/es\/wp-json\/wp\/v2\/media\/306049"}],"wp:attachment":[{"href":"https:\/\/www.medellin.gov.co\/es\/wp-json\/wp\/v2\/media?parent=306044"}],"wp:term":[{"taxonomy":"category","embeddable":true,"href":"https:\/\/www.medellin.gov.co\/es\/wp-json\/wp\/v2\/categories?post=306044"},{"taxonomy":"post_tag","embeddable":true,"href":"https:\/\/www.medellin.gov.co\/es\/wp-json\/wp\/v2\/tags?post=306044"},{"taxonomy":"formato_nota","embeddable":true,"href":"https:\/\/www.medellin.gov.co\/es\/wp-json\/wp\/v2\/formato_nota?post=306044"},{"taxonomy":"programas_tax","embeddable":true,"href":"https:\/\/www.medellin.gov.co\/es\/wp-json\/wp\/v2\/programas_tax?post=306044"}],"curies":[{"name":"wp","href":"https:\/\/api.w.org\/{rel}","templated":true}]}}