{"id":306052,"date":"2024-03-23T13:03:08","date_gmt":"2024-03-23T18:03:08","guid":{"rendered":"https:\/\/www.medellin.gov.co\/es\/?p=306052"},"modified":"2024-03-23T13:03:08","modified_gmt":"2024-03-23T18:03:08","slug":"medellin-apaga-las-luces-y-se-une-a-la-hora-del-planeta","status":"publish","type":"post","link":"https:\/\/www.medellin.gov.co\/es\/sala-de-prensa\/noticias\/medellin-apaga-las-luces-y-se-une-a-la-hora-del-planeta\/","title":{"rendered":"Medell\u00edn apaga las luces y se une a la Hora del Planeta"},"content":{"rendered":"<ul>\n<li>Esta campa\u00f1a mundial consiste en apagar las luces durante 60 minutos para generar conciencia sobre el cambio clim\u00e1tico.<\/li>\n<li>Se invita a los ciudadanos a participar y apagar las luces de sus casas.<\/li>\n<\/ul>\n<p>Este s\u00e1bado, la Administraci\u00f3n Distrital apagar\u00e1 los edificios Carr\u00e9, V\u00e1squez, Alpujarra y Plaza de la Libertad, entre las 8:30 y 9:30 p.m., como s\u00edmbolo del compromiso con el cuidado de la naturaleza y la sostenibilidad ambiental. La idea es adoptar medidas que reduzcan la huella de carbono y promuevan un mundo m\u00e1s limpio y sostenible.<\/p>\n<p>\u201c<em>Estamos participando de la Hora del Planeta aportando al cambio clim\u00e1tico y protegiendo a nuestro medio ambiente<\/em>\u201d, expres\u00f3 el subsecretario de Gesti\u00f3n Ambiental, Carlos Vel\u00e1squez.<\/p>\n<p><a href=\"https:\/\/www.medellin.gov.co\/es\/wp-content\/uploads\/2024\/03\/Panoramica-de-Ciudad-2.jpg\" target=\"_blank\" rel=\"noopener\"><img loading=\"lazy\" class=\"alignnone wp-image-306055 size-full\" src=\"https:\/\/www.medellin.gov.co\/es\/wp-content\/uploads\/2024\/03\/Panoramica-de-Ciudad-2.jpg\" alt=\"\" width=\"1280\" height=\"853\" srcset=\"https:\/\/www.medellin.gov.co\/es\/wp-content\/uploads\/2024\/03\/Panoramica-de-Ciudad-2.jpg 1280w, https:\/\/www.medellin.gov.co\/es\/wp-content\/uploads\/2024\/03\/Panoramica-de-Ciudad-2-300x200.jpg 300w, https:\/\/www.medellin.gov.co\/es\/wp-content\/uploads\/2024\/03\/Panoramica-de-Ciudad-2-1024x682.jpg 1024w, https:\/\/www.medellin.gov.co\/es\/wp-content\/uploads\/2024\/03\/Panoramica-de-Ciudad-2-150x100.jpg 150w, https:\/\/www.medellin.gov.co\/es\/wp-content\/uploads\/2024\/03\/Panoramica-de-Ciudad-2-768x512.jpg 768w\" sizes=\"(max-width: 1280px) 100vw, 1280px\" \/><\/a>\u00a0Tambi\u00e9n se llevar\u00e1n a cabo actividades virtuales para involucrar a la sociedad en la causa ambiental y fomentar la adopci\u00f3n de pr\u00e1cticas responsables con los recursos naturales, que son limitados. Desde su sitio web, la Alcald\u00eda de Medell\u00edn se unir\u00e1 con la activaci\u00f3n digital \u201c<em>Tu mejor versi\u00f3n con la naturaleza<\/em>\u201d.<\/p>\n<p>Los ciudadanos pueden unirse a esta iniciativa y apagar las luces de sus casas como una forma de aportar al planeta Tierra y tomar medidas concretas para cuidarlo.<\/p>\n","protected":false},"excerpt":{"rendered":"<p>Esta campa\u00f1a mundial consiste en apagar las luces durante 60 minutos para generar conciencia sobre el cambio clim\u00e1tico. Se invita a los ciudadanos a participar y apagar las luces de sus casas. Este s\u00e1bado, la &#8230;<\/p>\n","protected":false},"author":21,"featured_media":306056,"comment_status":"open","ping_status":"open","sticky":false,"template":"","format":"standard","meta":[],"categories":[13],"tags":[436],"formato_nota":[],"programas_tax":[],"acf":[],"_links":{"self":[{"href":"https:\/\/www.medellin.gov.co\/es\/wp-json\/wp\/v2\/posts\/306052"}],"collection":[{"href":"https:\/\/www.medellin.gov.co\/es\/wp-json\/wp\/v2\/posts"}],"about":[{"href":"https:\/\/www.medellin.gov.co\/es\/wp-json\/wp\/v2\/types\/post"}],"author":[{"embeddable":true,"href":"https:\/\/www.medellin.gov.co\/es\/wp-json\/wp\/v2\/users\/21"}],"replies":[{"embeddable":true,"href":"https:\/\/www.medellin.gov.co\/es\/wp-json\/wp\/v2\/comments?post=306052"}],"version-history":[{"count":1,"href":"https:\/\/www.medellin.gov.co\/es\/wp-json\/wp\/v2\/posts\/306052\/revisions"}],"predecessor-version":[{"id":306058,"href":"https:\/\/www.medellin.gov.co\/es\/wp-json\/wp\/v2\/posts\/306052\/revisions\/306058"}],"wp:featuredmedia":[{"embeddable":true,"href":"https:\/\/www.medellin.gov.co\/es\/wp-json\/wp\/v2\/media\/306056"}],"wp:attachment":[{"href":"https:\/\/www.medellin.gov.co\/es\/wp-json\/wp\/v2\/media?parent=306052"}],"wp:term":[{"taxonomy":"category","embeddable":true,"href":"https:\/\/www.medellin.gov.co\/es\/wp-json\/wp\/v2\/categories?post=306052"},{"taxonomy":"post_tag","embeddable":true,"href":"https:\/\/www.medellin.gov.co\/es\/wp-json\/wp\/v2\/tags?post=306052"},{"taxonomy":"formato_nota","embeddable":true,"href":"https:\/\/www.medellin.gov.co\/es\/wp-json\/wp\/v2\/formato_nota?post=306052"},{"taxonomy":"programas_tax","embeddable":true,"href":"https:\/\/www.medellin.gov.co\/es\/wp-json\/wp\/v2\/programas_tax?post=306052"}],"curies":[{"name":"wp","href":"https:\/\/api.w.org\/{rel}","templated":true}]}}