{"id":306059,"date":"2024-03-23T14:17:11","date_gmt":"2024-03-23T19:17:11","guid":{"rendered":"https:\/\/www.medellin.gov.co\/es\/?p=306059"},"modified":"2024-03-23T14:18:42","modified_gmt":"2024-03-23T19:18:42","slug":"el-sistema-de-bibliotecas-de-medellin-tendra-programacion-durante-semana-santa","status":"publish","type":"post","link":"https:\/\/www.medellin.gov.co\/es\/sala-de-prensa\/noticias\/el-sistema-de-bibliotecas-de-medellin-tendra-programacion-durante-semana-santa\/","title":{"rendered":"El Sistema de Bibliotecas de Medell\u00edn tendr\u00e1 programaci\u00f3n durante Semana Santa"},"content":{"rendered":"<p>Para garantizar el acceso a la informaci\u00f3n, la lectura, la escritura y el disfrute de la cultura en Semana Santa, los nueve parques biblioteca y las bibliotecas p\u00fablicas El Poblado y La Floresta tendr\u00e1n sus puertas abiertas del 23 al 31 de marzo con una variada programaci\u00f3n.<\/p>\n<!--[if lt IE 9]><script>document.createElement('audio');<\/script><![endif]-->\n\t<div class=\"wp-playlist wp-audio-playlist wp-playlist-light\">\n\t\t\t<div class=\"wp-playlist-current-item\"><\/div>\n\t\t<audio controls=\"controls\" preload=\"none\" width=\"640\"\n\t\t\t><\/audio>\n\t<div class=\"wp-playlist-next\"><\/div>\n\t<div class=\"wp-playlist-prev\"><\/div>\n\t<noscript>\n\t<ol>\n\t\t<li><a href='https:\/\/www.medellin.gov.co\/es\/wp-content\/uploads\/2024\/03\/Usuaria_biblioteca-_publica_La-Floresta_Hilda_Lopez.mp3'>Usuaria_biblioteca _publica_La Floresta_Hilda_Lopez<\/a><\/li>\t<\/ol>\n\t<\/noscript>\n\t<script type=\"application\/json\" class=\"wp-playlist-script\">{\"type\":\"audio\",\"tracklist\":true,\"tracknumbers\":true,\"images\":true,\"artists\":true,\"tracks\":[{\"src\":\"https:\\\/\\\/www.medellin.gov.co\\\/es\\\/wp-content\\\/uploads\\\/2024\\\/03\\\/Usuaria_biblioteca-_publica_La-Floresta_Hilda_Lopez.mp3\",\"type\":\"audio\\\/mpeg\",\"title\":\"Usuaria_biblioteca _publica_La Floresta_Hilda_Lopez\",\"caption\":\"Declaraciones: usuaria de la biblioteca p\\u00fablica La Floresta, Hilda L\\u00f3pez\",\"description\":\"\\u00abUsuaria_biblioteca _publica_La Floresta_Hilda_Lopez\\u00bb. Lanzamiento: 2024.\",\"meta\":{\"year\":\"2024\",\"length_formatted\":\"1:37\"},\"image\":{\"src\":\"https:\\\/\\\/www.medellin.gov.co\\\/es\\\/wp-includes\\\/images\\\/media\\\/audio.png\",\"width\":48,\"height\":64},\"thumb\":{\"src\":\"https:\\\/\\\/www.medellin.gov.co\\\/es\\\/wp-includes\\\/images\\\/media\\\/audio.png\",\"width\":48,\"height\":64}}]}<\/script>\n<\/div>\n\t\n<p>Entre las actividades est\u00e1n Hora del Cuento, experimentaci\u00f3n tecnol\u00f3gica, bibliogamers, Pasitos Lectores, Vacaciones Creativas, clubes de lectura, cine, formaci\u00f3n TIC y tertulias literarias. Los horarios de cada sede y la agenda se pueden consultar en <a href=\"https:\/\/bibliotecasmedellin.gov.co\/\" target=\"_blank\" rel=\"noopener\">www.bibliotecasmedellin.gov.co<\/a>.<\/p>\n<p><a href=\"https:\/\/www.medellin.gov.co\/es\/wp-content\/uploads\/2024\/03\/Sistema_Bibliotecas-1.jpg\" target=\"_blank\" rel=\"noopener\"><img loading=\"lazy\" class=\"alignnone wp-image-306062 size-large\" src=\"https:\/\/www.medellin.gov.co\/es\/wp-content\/uploads\/2024\/03\/Sistema_Bibliotecas-1-1024x683.jpg\" alt=\"\" width=\"1024\" height=\"683\" srcset=\"https:\/\/www.medellin.gov.co\/es\/wp-content\/uploads\/2024\/03\/Sistema_Bibliotecas-1-1024x683.jpg 1024w, https:\/\/www.medellin.gov.co\/es\/wp-content\/uploads\/2024\/03\/Sistema_Bibliotecas-1-300x200.jpg 300w, https:\/\/www.medellin.gov.co\/es\/wp-content\/uploads\/2024\/03\/Sistema_Bibliotecas-1-150x100.jpg 150w, https:\/\/www.medellin.gov.co\/es\/wp-content\/uploads\/2024\/03\/Sistema_Bibliotecas-1-768x512.jpg 768w, https:\/\/www.medellin.gov.co\/es\/wp-content\/uploads\/2024\/03\/Sistema_Bibliotecas-1.jpg 1280w\" sizes=\"(max-width: 1024px) 100vw, 1024px\" \/><\/a><\/p>\n<p>Adicionalmente, la estrategia Parque al Barrio, de la comuna 1-Popular, que surgi\u00f3 luego de que el parque biblioteca Espa\u00f1a cerrara sus puertas, se desarrollar\u00e1 durante toda la semana de manera ininterrumpida.<\/p>\n<p>Las bibliotecas de proximidad Santa Cruz, Popular # 2, Santa Elena, Granizal, \u00c1vila, Altavista, Robledo, El Limonar, la Casa de la Literatura y las Casas de la Cultura estar\u00e1n abiertas en sus horarios habituales el 26, 27 y 30 de marzo. Durante la Semana Mayor, las Escuelas de M\u00fasica de la Red de Pr\u00e1cticas estar\u00e1n en receso y retomar\u00e1n las actividades el 1 de abril.<\/p>\n","protected":false},"excerpt":{"rendered":"<p>Para garantizar el acceso a la informaci\u00f3n, la lectura, la escritura y el disfrute de la cultura en Semana Santa, los nueve parques biblioteca y las bibliotecas p\u00fablicas El Poblado y La Floresta tendr\u00e1n sus &#8230;<\/p>\n","protected":false},"author":17,"featured_media":306061,"comment_status":"open","ping_status":"open","sticky":false,"template":"","format":"standard","meta":[],"categories":[31],"tags":[444,431],"formato_nota":[],"programas_tax":[],"acf":[],"_links":{"self":[{"href":"https:\/\/www.medellin.gov.co\/es\/wp-json\/wp\/v2\/posts\/306059"}],"collection":[{"href":"https:\/\/www.medellin.gov.co\/es\/wp-json\/wp\/v2\/posts"}],"about":[{"href":"https:\/\/www.medellin.gov.co\/es\/wp-json\/wp\/v2\/types\/post"}],"author":[{"embeddable":true,"href":"https:\/\/www.medellin.gov.co\/es\/wp-json\/wp\/v2\/users\/17"}],"replies":[{"embeddable":true,"href":"https:\/\/www.medellin.gov.co\/es\/wp-json\/wp\/v2\/comments?post=306059"}],"version-history":[{"count":1,"href":"https:\/\/www.medellin.gov.co\/es\/wp-json\/wp\/v2\/posts\/306059\/revisions"}],"predecessor-version":[{"id":306066,"href":"https:\/\/www.medellin.gov.co\/es\/wp-json\/wp\/v2\/posts\/306059\/revisions\/306066"}],"wp:featuredmedia":[{"embeddable":true,"href":"https:\/\/www.medellin.gov.co\/es\/wp-json\/wp\/v2\/media\/306061"}],"wp:attachment":[{"href":"https:\/\/www.medellin.gov.co\/es\/wp-json\/wp\/v2\/media?parent=306059"}],"wp:term":[{"taxonomy":"category","embeddable":true,"href":"https:\/\/www.medellin.gov.co\/es\/wp-json\/wp\/v2\/categories?post=306059"},{"taxonomy":"post_tag","embeddable":true,"href":"https:\/\/www.medellin.gov.co\/es\/wp-json\/wp\/v2\/tags?post=306059"},{"taxonomy":"formato_nota","embeddable":true,"href":"https:\/\/www.medellin.gov.co\/es\/wp-json\/wp\/v2\/formato_nota?post=306059"},{"taxonomy":"programas_tax","embeddable":true,"href":"https:\/\/www.medellin.gov.co\/es\/wp-json\/wp\/v2\/programas_tax?post=306059"}],"curies":[{"name":"wp","href":"https:\/\/api.w.org\/{rel}","templated":true}]}}