{"id":306068,"date":"2024-03-24T10:58:48","date_gmt":"2024-03-24T15:58:48","guid":{"rendered":"https:\/\/www.medellin.gov.co\/es\/?p=306068"},"modified":"2024-03-24T10:58:57","modified_gmt":"2024-03-24T15:58:57","slug":"durante-la-semana-santa-se-activaran-mas-de-30-operativos-especiales-de-aseo-en-medellin","status":"publish","type":"post","link":"https:\/\/www.medellin.gov.co\/es\/sala-de-prensa\/noticias\/durante-la-semana-santa-se-activaran-mas-de-30-operativos-especiales-de-aseo-en-medellin\/","title":{"rendered":"Durante la Semana Santa se activar\u00e1n m\u00e1s de 30 operativos especiales de aseo en Medell\u00edn"},"content":{"rendered":"<ul>\n<li>Unas 2.000 personas se encargar\u00e1n de limpiar diferentes puntos de la ciudad.<\/li>\n<li>En Medell\u00edn se producen, en promedio, 1.900 toneladas diarias de residuos. El servicio de recolecci\u00f3n continuar\u00e1 con normalidad.<\/li>\n<\/ul>\n<!--[if lt IE 9]><script>document.createElement('audio');<\/script><![endif]-->\n\t<div class=\"wp-playlist wp-audio-playlist wp-playlist-light\">\n\t\t\t<div class=\"wp-playlist-current-item\"><\/div>\n\t\t<audio controls=\"controls\" preload=\"none\" width=\"640\"\n\t\t\t><\/audio>\n\t<div class=\"wp-playlist-next\"><\/div>\n\t<div class=\"wp-playlist-prev\"><\/div>\n\t<noscript>\n\t<ol>\n\t\t<li><a href='https:\/\/www.medellin.gov.co\/es\/wp-content\/uploads\/2024\/03\/aseo_semana_santa.mp3'>aseo_semana_santa<\/a><\/li>\t<\/ol>\n\t<\/noscript>\n\t<script type=\"application\/json\" class=\"wp-playlist-script\">{\"type\":\"audio\",\"tracklist\":true,\"tracknumbers\":true,\"images\":true,\"artists\":true,\"tracks\":[{\"src\":\"https:\\\/\\\/www.medellin.gov.co\\\/es\\\/wp-content\\\/uploads\\\/2024\\\/03\\\/aseo_semana_santa.mp3\",\"type\":\"audio\\\/mpeg\",\"title\":\"aseo_semana_santa\",\"caption\":\"Declaraciones del gerente de Emvarias, Gustavo Adolfo Casta\\u00f1o Galvis.\",\"description\":\"\\u00abOperativos de aseo en Semana Santa\\u00bb.\",\"meta\":{\"genre\":\"Blues\",\"length_formatted\":\"0:37\"},\"image\":{\"src\":\"https:\\\/\\\/www.medellin.gov.co\\\/es\\\/wp-includes\\\/images\\\/media\\\/audio.png\",\"width\":48,\"height\":64},\"thumb\":{\"src\":\"https:\\\/\\\/www.medellin.gov.co\\\/es\\\/wp-includes\\\/images\\\/media\\\/audio.png\",\"width\":48,\"height\":64}}]}<\/script>\n<\/div>\n\t\n<p>Con la disminuci\u00f3n de la labor industrial y el aumento en la concentraci\u00f3n de personas en eventos religiosos durante la Semana Santa, la Administraci\u00f3n Distrital activar\u00e1 m\u00e1s de 30 dispositivos de limpieza en espacios p\u00fablicos, centros religiosos y v\u00edas principales de la ciudad.<\/p>\n<p>Estos trabajos se desplegar\u00e1n especialmente en iglesias con alta concentraci\u00f3n como la Jes\u00fas Nazareno en Prado Centro, la Catedral Metropolitana en el Parque Bol\u00edvar, la Bas\u00edlica de La Candelaria en Parque Berr\u00edo, la Iglesia San Jos\u00e9 sobre la Avenida Oriental, Sagrado Coraz\u00f3n de Jes\u00fas en Barrio Triste, entre otras.<\/p>\n<p><a href=\"https:\/\/www.medellin.gov.co\/es\/wp-content\/uploads\/2024\/03\/Emvarias_Medellin_1.jpg\" target=\"_blank\" rel=\"noopener\"><img loading=\"lazy\" class=\"alignnone wp-image-306073 size-large\" src=\"https:\/\/www.medellin.gov.co\/es\/wp-content\/uploads\/2024\/03\/Emvarias_Medellin_1-1024x683.jpg\" alt=\"\" width=\"1024\" height=\"683\" srcset=\"https:\/\/www.medellin.gov.co\/es\/wp-content\/uploads\/2024\/03\/Emvarias_Medellin_1-1024x683.jpg 1024w, https:\/\/www.medellin.gov.co\/es\/wp-content\/uploads\/2024\/03\/Emvarias_Medellin_1-300x200.jpg 300w, https:\/\/www.medellin.gov.co\/es\/wp-content\/uploads\/2024\/03\/Emvarias_Medellin_1-150x100.jpg 150w, https:\/\/www.medellin.gov.co\/es\/wp-content\/uploads\/2024\/03\/Emvarias_Medellin_1-768x512.jpg 768w, https:\/\/www.medellin.gov.co\/es\/wp-content\/uploads\/2024\/03\/Emvarias_Medellin_1.jpg 1280w\" sizes=\"(max-width: 1024px) 100vw, 1024px\" \/><\/a><\/p>\n<p>\u201cDurante la Semana Santa realizaremos diferentes actividades en la ciudad con los 1.150 operarios de barrido. Adem\u00e1s, estaremos con nuestra operaci\u00f3n en zonas con alta concentraci\u00f3n de personas, como en centros religiosos, puentes peatonales, v\u00edas principales, entre otros lugares\u201d, explic\u00f3 el gerente de Emvarias, Gustavo Adolfo Casta\u00f1o Galvis.<\/p>\n<p>En total, son cerca de 2.000 personas las que estar\u00e1n a cargo de tareas de jardiner\u00eda, intervenci\u00f3n de cambuches, atenci\u00f3n a zonas verdes, labores rutinarias de barrido manual y mec\u00e1nico.<\/p>\n<p><a href=\"https:\/\/www.medellin.gov.co\/es\/wp-content\/uploads\/2024\/03\/Emvarias_Medellin_3a.jpg\" target=\"_blank\" rel=\"noopener\"><img loading=\"lazy\" class=\"alignnone wp-image-306071 size-large\" src=\"https:\/\/www.medellin.gov.co\/es\/wp-content\/uploads\/2024\/03\/Emvarias_Medellin_3a-1024x683.jpg\" alt=\"\" width=\"1024\" height=\"683\" srcset=\"https:\/\/www.medellin.gov.co\/es\/wp-content\/uploads\/2024\/03\/Emvarias_Medellin_3a-1024x683.jpg 1024w, https:\/\/www.medellin.gov.co\/es\/wp-content\/uploads\/2024\/03\/Emvarias_Medellin_3a-300x200.jpg 300w, https:\/\/www.medellin.gov.co\/es\/wp-content\/uploads\/2024\/03\/Emvarias_Medellin_3a-150x100.jpg 150w, https:\/\/www.medellin.gov.co\/es\/wp-content\/uploads\/2024\/03\/Emvarias_Medellin_3a-768x512.jpg 768w, https:\/\/www.medellin.gov.co\/es\/wp-content\/uploads\/2024\/03\/Emvarias_Medellin_3a.jpg 1280w\" sizes=\"(max-width: 1024px) 100vw, 1024px\" \/><\/a><\/p>\n<p>El servicio de recolecci\u00f3n de residuos no tendr\u00e1 modificaci\u00f3n. Se hace el llamado a mantener el uso adecuado de los contenedores y las m\u00e1s de 10.000 cestas instaladas en el espacio p\u00fablico.<\/p>\n<p>Por otro lado, los Puntos Naranja operar\u00e1n con normalidad. El lunes 25, jueves 28, viernes 29 y domingo 31 de marzo solo estar\u00e1 habilitado el contenedor ubicado en el Parque Lleras.<\/p>\n<p>Para solicitar la recolecci\u00f3n de escombros, colchones y maderas durante estos d\u00edas, se puede programar este servicio a trav\u00e9s de la L\u00ednea Amiga de Emvarias (604) 444 56 36 todos los d\u00edas de la Semana Santa, excepto el jueves 28 y viernes 29 de marzo.<\/p>\n","protected":false},"excerpt":{"rendered":"<p>Unas 2.000 personas se encargar\u00e1n de limpiar diferentes puntos de la ciudad. En Medell\u00edn se producen, en promedio, 1.900 toneladas diarias de residuos. El servicio de recolecci\u00f3n continuar\u00e1 con normalidad. Con la disminuci\u00f3n de la &#8230;<\/p>\n","protected":false},"author":17,"featured_media":306072,"comment_status":"open","ping_status":"open","sticky":false,"template":"","format":"standard","meta":[],"categories":[13],"tags":[436,430],"formato_nota":[],"programas_tax":[],"acf":[],"_links":{"self":[{"href":"https:\/\/www.medellin.gov.co\/es\/wp-json\/wp\/v2\/posts\/306068"}],"collection":[{"href":"https:\/\/www.medellin.gov.co\/es\/wp-json\/wp\/v2\/posts"}],"about":[{"href":"https:\/\/www.medellin.gov.co\/es\/wp-json\/wp\/v2\/types\/post"}],"author":[{"embeddable":true,"href":"https:\/\/www.medellin.gov.co\/es\/wp-json\/wp\/v2\/users\/17"}],"replies":[{"embeddable":true,"href":"https:\/\/www.medellin.gov.co\/es\/wp-json\/wp\/v2\/comments?post=306068"}],"version-history":[{"count":1,"href":"https:\/\/www.medellin.gov.co\/es\/wp-json\/wp\/v2\/posts\/306068\/revisions"}],"predecessor-version":[{"id":306077,"href":"https:\/\/www.medellin.gov.co\/es\/wp-json\/wp\/v2\/posts\/306068\/revisions\/306077"}],"wp:featuredmedia":[{"embeddable":true,"href":"https:\/\/www.medellin.gov.co\/es\/wp-json\/wp\/v2\/media\/306072"}],"wp:attachment":[{"href":"https:\/\/www.medellin.gov.co\/es\/wp-json\/wp\/v2\/media?parent=306068"}],"wp:term":[{"taxonomy":"category","embeddable":true,"href":"https:\/\/www.medellin.gov.co\/es\/wp-json\/wp\/v2\/categories?post=306068"},{"taxonomy":"post_tag","embeddable":true,"href":"https:\/\/www.medellin.gov.co\/es\/wp-json\/wp\/v2\/tags?post=306068"},{"taxonomy":"formato_nota","embeddable":true,"href":"https:\/\/www.medellin.gov.co\/es\/wp-json\/wp\/v2\/formato_nota?post=306068"},{"taxonomy":"programas_tax","embeddable":true,"href":"https:\/\/www.medellin.gov.co\/es\/wp-json\/wp\/v2\/programas_tax?post=306068"}],"curies":[{"name":"wp","href":"https:\/\/api.w.org\/{rel}","templated":true}]}}