{"id":306078,"date":"2024-03-24T11:17:02","date_gmt":"2024-03-24T16:17:02","guid":{"rendered":"https:\/\/www.medellin.gov.co\/es\/?p=306078"},"modified":"2024-03-24T11:18:43","modified_gmt":"2024-03-24T16:18:43","slug":"la-alcaldia-de-medellin-hace-recomendaciones-para-prevenir-el-dengue","status":"publish","type":"post","link":"https:\/\/www.medellin.gov.co\/es\/sala-de-prensa\/noticias\/la-alcaldia-de-medellin-hace-recomendaciones-para-prevenir-el-dengue\/","title":{"rendered":"La Alcald\u00eda de Medell\u00edn hace recomendaciones para prevenir el dengue"},"content":{"rendered":"<ul>\n<li>El uso del repelente es recomendable no solo para las actividades de vacaciones, sino al asistir a eventos masivos.<\/li>\n<li>Entre las medidas preventivas est\u00e1 lavar peri\u00f3dicamente los recipientes que contengan agua estancada para evitar la reproducci\u00f3n del zancudo que transmite el virus.<\/li>\n<li>Ante cualquier s\u00edntoma se debe acudir a los servicios de salud.<\/li>\n<\/ul>\n<!--[if lt IE 9]><script>document.createElement('audio');<\/script><![endif]-->\n\t<div class=\"wp-playlist wp-audio-playlist wp-playlist-light\">\n\t\t\t<div class=\"wp-playlist-current-item\"><\/div>\n\t\t<audio controls=\"controls\" preload=\"none\" width=\"640\"\n\t\t\t><\/audio>\n\t<div class=\"wp-playlist-next\"><\/div>\n\t<div class=\"wp-playlist-prev\"><\/div>\n\t<noscript>\n\t<ol>\n\t\t<li><a href='https:\/\/www.medellin.gov.co\/es\/wp-content\/uploads\/2024\/03\/Prevencion_Dengue.mp3'>Prevencion_Dengue<\/a><\/li>\t<\/ol>\n\t<\/noscript>\n\t<script type=\"application\/json\" class=\"wp-playlist-script\">{\"type\":\"audio\",\"tracklist\":true,\"tracknumbers\":true,\"images\":true,\"artists\":true,\"tracks\":[{\"src\":\"https:\\\/\\\/www.medellin.gov.co\\\/es\\\/wp-content\\\/uploads\\\/2024\\\/03\\\/Prevencion_Dengue.mp3\",\"type\":\"audio\\\/mpeg\",\"title\":\"Prevencion_Dengue\",\"caption\":\"Declaraciones: del coordinador de vectores de la Secretar\\u00eda de Salud, Ra\\u00fal Rojo\",\"description\":\"\\u00abRecomendaciones para prevenir el dengue\\u00bb. \",\"meta\":{\"genre\":\"Blues\",\"length_formatted\":\"1:00\"},\"image\":{\"src\":\"https:\\\/\\\/www.medellin.gov.co\\\/es\\\/wp-includes\\\/images\\\/media\\\/audio.png\",\"width\":48,\"height\":64},\"thumb\":{\"src\":\"https:\\\/\\\/www.medellin.gov.co\\\/es\\\/wp-includes\\\/images\\\/media\\\/audio.png\",\"width\":48,\"height\":64}}]}<\/script>\n<\/div>\n\t\n<p>Debido al incremento en la circulaci\u00f3n de personas en la ciudad por motivo de las ceremonias de Semana Santa con asistencia masiva o por actividades de vacaciones, se eleva el riesgo de contagio del virus del dengue. En lo que va del a\u00f1o, en Medell\u00edn se han registrado 395 casos, lo que representa un aumento del 685 % comparado con el mismo periodo del a\u00f1o anterior.<\/p>\n<p><a href=\"https:\/\/www.medellin.gov.co\/es\/wp-content\/uploads\/2024\/03\/PRevencio_Dengue_med-1.jpeg\" target=\"_blank\" rel=\"noopener\"><img loading=\"lazy\" class=\"alignnone wp-image-306082 size-large\" src=\"https:\/\/www.medellin.gov.co\/es\/wp-content\/uploads\/2024\/03\/PRevencio_Dengue_med-1-1024x472.jpeg\" alt=\"\" width=\"1024\" height=\"472\" srcset=\"https:\/\/www.medellin.gov.co\/es\/wp-content\/uploads\/2024\/03\/PRevencio_Dengue_med-1-1024x472.jpeg 1024w, https:\/\/www.medellin.gov.co\/es\/wp-content\/uploads\/2024\/03\/PRevencio_Dengue_med-1-300x138.jpeg 300w, https:\/\/www.medellin.gov.co\/es\/wp-content\/uploads\/2024\/03\/PRevencio_Dengue_med-1-150x69.jpeg 150w, https:\/\/www.medellin.gov.co\/es\/wp-content\/uploads\/2024\/03\/PRevencio_Dengue_med-1-768x354.jpeg 768w, https:\/\/www.medellin.gov.co\/es\/wp-content\/uploads\/2024\/03\/PRevencio_Dengue_med-1-1536x708.jpeg 1536w, https:\/\/www.medellin.gov.co\/es\/wp-content\/uploads\/2024\/03\/PRevencio_Dengue_med-1.jpeg 1600w\" sizes=\"(max-width: 1024px) 100vw, 1024px\" \/><\/a><\/p>\n<p>Preventivamente, la Administraci\u00f3n Distrital recomienda hacer uso constante de repelente para mosquitos, vestirse con prendas que cubran gran parte del cuerpo y que no sean de color negro, as\u00ed como eliminar criaderos de zancudos dentro de las viviendas, como recipientes, baldes, floreros y llantas que contengan agua estancada.<\/p>\n<p>El coordinador de vectores de la Secretar\u00eda de Salud, Ra\u00fal Rojo, asegur\u00f3: \u201cSe avecina la temporada de Semana Santa y, por ende, los riesgos se van a incrementar. Es importante tener en cuenta que hay seis focos en la ciudad con incremento notorio de casos\u201d.<\/p>\n<p><a href=\"https:\/\/www.medellin.gov.co\/es\/wp-content\/uploads\/2024\/03\/PRevencio_Dengue_med-2.jpeg\" target=\"_blank\" rel=\"noopener\"><img loading=\"lazy\" class=\"alignnone wp-image-306081 size-large\" src=\"https:\/\/www.medellin.gov.co\/es\/wp-content\/uploads\/2024\/03\/PRevencio_Dengue_med-2-1024x472.jpeg\" alt=\"\" width=\"1024\" height=\"472\" srcset=\"https:\/\/www.medellin.gov.co\/es\/wp-content\/uploads\/2024\/03\/PRevencio_Dengue_med-2-1024x472.jpeg 1024w, https:\/\/www.medellin.gov.co\/es\/wp-content\/uploads\/2024\/03\/PRevencio_Dengue_med-2-300x138.jpeg 300w, https:\/\/www.medellin.gov.co\/es\/wp-content\/uploads\/2024\/03\/PRevencio_Dengue_med-2-150x69.jpeg 150w, https:\/\/www.medellin.gov.co\/es\/wp-content\/uploads\/2024\/03\/PRevencio_Dengue_med-2-768x354.jpeg 768w, https:\/\/www.medellin.gov.co\/es\/wp-content\/uploads\/2024\/03\/PRevencio_Dengue_med-2-1536x708.jpeg 1536w, https:\/\/www.medellin.gov.co\/es\/wp-content\/uploads\/2024\/03\/PRevencio_Dengue_med-2.jpeg 1600w\" sizes=\"(max-width: 1024px) 100vw, 1024px\" \/><\/a><\/p>\n<p>Estos son los barrios y el corregimiento en donde se han detectado los casos y los avances de contagio hacia sitios vecinos:<\/p>\n<ul>\n<li>Bel\u00e9n Aguas Fr\u00edas con avance a Las Violetas, Bel\u00e9n Rinc\u00f3n, La Mota y Bel\u00e9n Altavista.<\/li>\n<li>Versalles, con avance a Parque Gait\u00e1n, Raizal y Santa Teresita.<\/li>\n<li>Caicedo, con avance a La Libertad, Sol de Oriente y El Pinal.<\/li>\n<li>San Javier, con avance a El Socorro y La Loma.<\/li>\n<li>Popular 1, con avance a Santo Domingo.<\/li>\n<li>Corregimiento San Crist\u00f3bal.<\/li>\n<\/ul>\n<p>La Administraci\u00f3n Distrital recomienda que si se presentan s\u00edntomas como fiebre, dolor de cabeza, sarpullido, malestar general o dolor detr\u00e1s de los ojos, se debe acudir al m\u00e9dico y evitar la automedicaci\u00f3n, igualmente, hacerlo de manera inmediata en caso de identificar se\u00f1ales graves como dolor abdominal, v\u00f3mito o sangrado por cualquier parte del cuerpo.<\/p>\n","protected":false},"excerpt":{"rendered":"<p>El uso del repelente es recomendable no solo para las actividades de vacaciones, sino al asistir a eventos masivos. Entre las medidas preventivas est\u00e1 lavar peri\u00f3dicamente los recipientes que contengan agua estancada para evitar la &#8230;<\/p>\n","protected":false},"author":17,"featured_media":306079,"comment_status":"open","ping_status":"open","sticky":false,"template":"","format":"standard","meta":[],"categories":[18],"tags":[452],"formato_nota":[],"programas_tax":[],"acf":[],"_links":{"self":[{"href":"https:\/\/www.medellin.gov.co\/es\/wp-json\/wp\/v2\/posts\/306078"}],"collection":[{"href":"https:\/\/www.medellin.gov.co\/es\/wp-json\/wp\/v2\/posts"}],"about":[{"href":"https:\/\/www.medellin.gov.co\/es\/wp-json\/wp\/v2\/types\/post"}],"author":[{"embeddable":true,"href":"https:\/\/www.medellin.gov.co\/es\/wp-json\/wp\/v2\/users\/17"}],"replies":[{"embeddable":true,"href":"https:\/\/www.medellin.gov.co\/es\/wp-json\/wp\/v2\/comments?post=306078"}],"version-history":[{"count":1,"href":"https:\/\/www.medellin.gov.co\/es\/wp-json\/wp\/v2\/posts\/306078\/revisions"}],"predecessor-version":[{"id":306085,"href":"https:\/\/www.medellin.gov.co\/es\/wp-json\/wp\/v2\/posts\/306078\/revisions\/306085"}],"wp:featuredmedia":[{"embeddable":true,"href":"https:\/\/www.medellin.gov.co\/es\/wp-json\/wp\/v2\/media\/306079"}],"wp:attachment":[{"href":"https:\/\/www.medellin.gov.co\/es\/wp-json\/wp\/v2\/media?parent=306078"}],"wp:term":[{"taxonomy":"category","embeddable":true,"href":"https:\/\/www.medellin.gov.co\/es\/wp-json\/wp\/v2\/categories?post=306078"},{"taxonomy":"post_tag","embeddable":true,"href":"https:\/\/www.medellin.gov.co\/es\/wp-json\/wp\/v2\/tags?post=306078"},{"taxonomy":"formato_nota","embeddable":true,"href":"https:\/\/www.medellin.gov.co\/es\/wp-json\/wp\/v2\/formato_nota?post=306078"},{"taxonomy":"programas_tax","embeddable":true,"href":"https:\/\/www.medellin.gov.co\/es\/wp-json\/wp\/v2\/programas_tax?post=306078"}],"curies":[{"name":"wp","href":"https:\/\/api.w.org\/{rel}","templated":true}]}}