{"id":306087,"date":"2024-03-25T09:16:44","date_gmt":"2024-03-25T14:16:44","guid":{"rendered":"https:\/\/www.medellin.gov.co\/es\/?p=306087"},"modified":"2024-03-25T09:18:37","modified_gmt":"2024-03-25T14:18:37","slug":"terminales-medellin-se-prepara-para-una-operacion-exitosa-en-semana-santa","status":"publish","type":"post","link":"https:\/\/www.medellin.gov.co\/es\/sala-de-prensa\/noticias\/terminales-medellin-se-prepara-para-una-operacion-exitosa-en-semana-santa\/","title":{"rendered":"Terminales Medell\u00edn se prepara para una operaci\u00f3n exitosa en Semana Santa"},"content":{"rendered":"<ul>\n<li>Autoridades realizar\u00e1n operativos contra el tr\u00e1fico ilegal de fauna y flora.<\/li>\n<li>Entidades y gremios transportadores reactivar\u00e1n el Puesto de Mando Unificado.<\/li>\n<li><a href=\"https:\/\/terminalesmedellin.com\/\" target=\"_blank\" rel=\"noopener\">Terminales Medell\u00edn<\/a> invita a las empresas de transporte a atender las directrices de bienestar animal.<\/li>\n<\/ul>\n<!--[if lt IE 9]><script>document.createElement('audio');<\/script><![endif]-->\n\t<div class=\"wp-playlist wp-audio-playlist wp-playlist-light\">\n\t\t\t<div class=\"wp-playlist-current-item\"><\/div>\n\t\t<audio controls=\"controls\" preload=\"none\" width=\"640\"\n\t\t\t><\/audio>\n\t<div class=\"wp-playlist-next\"><\/div>\n\t<div class=\"wp-playlist-prev\"><\/div>\n\t<noscript>\n\t<ol>\n\t\t<li><a href='https:\/\/www.medellin.gov.co\/es\/wp-content\/uploads\/2024\/03\/subgerente-Tecnico_Operativo-de-Terminales-Medellin_Ricardo_Yepes.mp3'>subgerente Tecnico_Operativo de Terminales Medellin_Ricardo_Yepes<\/a><\/li><li><a href='https:\/\/www.medellin.gov.co\/es\/wp-content\/uploads\/2024\/03\/Asociacion_Transportadores-d_Pasajeros_ATPA_Samir-Echeverry.mp3'>Asociacion_Transportadores d_Pasajeros_ATPA_Samir Echeverry<\/a><\/li>\t<\/ol>\n\t<\/noscript>\n\t<script type=\"application\/json\" class=\"wp-playlist-script\">{\"type\":\"audio\",\"tracklist\":true,\"tracknumbers\":true,\"images\":true,\"artists\":true,\"tracks\":[{\"src\":\"https:\\\/\\\/www.medellin.gov.co\\\/es\\\/wp-content\\\/uploads\\\/2024\\\/03\\\/subgerente-Tecnico_Operativo-de-Terminales-Medellin_Ricardo_Yepes.mp3\",\"type\":\"audio\\\/mpeg\",\"title\":\"subgerente Tecnico_Operativo de Terminales Medellin_Ricardo_Yepes\",\"caption\":\"Declaraciones del subgerente T\\u00e9cnico y Operativo de Terminales Medell\\u00edn, Ricardo Le\\u00f3n Yepes P\\u00e9rez\",\"description\":\"\\u00absubgerente Tecnico_Operativo de Terminales Medellin_Ricardo_Yepes\\u00bb. G\\u00e9nero: Blues.\",\"meta\":{\"genre\":\"Blues\",\"length_formatted\":\"0:36\"},\"image\":{\"src\":\"https:\\\/\\\/www.medellin.gov.co\\\/es\\\/wp-includes\\\/images\\\/media\\\/audio.png\",\"width\":48,\"height\":64},\"thumb\":{\"src\":\"https:\\\/\\\/www.medellin.gov.co\\\/es\\\/wp-includes\\\/images\\\/media\\\/audio.png\",\"width\":48,\"height\":64}},{\"src\":\"https:\\\/\\\/www.medellin.gov.co\\\/es\\\/wp-content\\\/uploads\\\/2024\\\/03\\\/Asociacion_Transportadores-d_Pasajeros_ATPA_Samir-Echeverry.mp3\",\"type\":\"audio\\\/mpeg\",\"title\":\"Asociacion_Transportadores d_Pasajeros_ATPA_Samir Echeverry\",\"caption\":\"Declaraciones del director ejecutivo de la Asociaci\\u00f3n de Transportadores de Pasajeros (ATPA), Samir Echeverry\",\"description\":\"\\u00abTerminales Medell\\u00edn en Semana Santa\\u00bb. \",\"meta\":{\"genre\":\"Blues\",\"length_formatted\":\"0:41\"},\"image\":{\"src\":\"https:\\\/\\\/www.medellin.gov.co\\\/es\\\/wp-includes\\\/images\\\/media\\\/audio.png\",\"width\":48,\"height\":64},\"thumb\":{\"src\":\"https:\\\/\\\/www.medellin.gov.co\\\/es\\\/wp-includes\\\/images\\\/media\\\/audio.png\",\"width\":48,\"height\":64}}]}<\/script>\n<\/div>\n\t\n<p><a href=\"https:\/\/terminalesmedellin.com\/\" target=\"_blank\" rel=\"noopener\">Terminales Medell\u00edn<\/a> se alista para una Semana Santa con proyecciones hist\u00f3ricas en la movilizaci\u00f3n de pasajeros, as\u00ed como en el ingreso y salida de veh\u00edculos. Los uniformados estar\u00e1n presentes de manera continua, se realizar\u00e1n controles de equipaje y operativos para identificar posibles irregularidades en viajeros, conductores y veh\u00edculos. Adem\u00e1s, se aumentar\u00e1 el personal operativo en las casetas y plataformas de llegada y salida.<\/p>\n<div id=\"attachment_306094\" style=\"width: 1034px\" class=\"wp-caption alignnone\"><a href=\"https:\/\/www.medellin.gov.co\/es\/wp-content\/uploads\/2024\/03\/Terminales_Med_1.jpg\" target=\"_blank\" rel=\"noopener\"><img aria-describedby=\"caption-attachment-306094\" loading=\"lazy\" class=\"wp-image-306094 size-large\" src=\"https:\/\/www.medellin.gov.co\/es\/wp-content\/uploads\/2024\/03\/Terminales_Med_1-1024x576.jpg\" alt=\"Terminales Medell\u00edn\" width=\"1024\" height=\"576\" srcset=\"https:\/\/www.medellin.gov.co\/es\/wp-content\/uploads\/2024\/03\/Terminales_Med_1-1024x576.jpg 1024w, https:\/\/www.medellin.gov.co\/es\/wp-content\/uploads\/2024\/03\/Terminales_Med_1-300x169.jpg 300w, https:\/\/www.medellin.gov.co\/es\/wp-content\/uploads\/2024\/03\/Terminales_Med_1-150x84.jpg 150w, https:\/\/www.medellin.gov.co\/es\/wp-content\/uploads\/2024\/03\/Terminales_Med_1-768x432.jpg 768w, https:\/\/www.medellin.gov.co\/es\/wp-content\/uploads\/2024\/03\/Terminales_Med_1.jpg 1280w\" sizes=\"(max-width: 1024px) 100vw, 1024px\" \/><\/a><p id=\"caption-attachment-306094\" class=\"wp-caption-text\">Terminales Medell\u00edn<\/p><\/div>\n<p>\u00abContamos con una excelente coordinaci\u00f3n entre las empresas transportadoras, las copropiedades, los diferentes establecimientos comerciales, los entes del Distrito y la Polic\u00eda, por si se presenta alguna contingencia en esta \u00e9poca. Es primordial que los usuarios que pasen por estas instalaciones se lleven una grata experiencia, especialmente en esta temporada\u00bb, expres\u00f3 el subgerente T\u00e9cnico y Operativo de <a href=\"https:\/\/terminalesmedellin.com\/\" target=\"_blank\" rel=\"noopener\">Terminales Medell\u00edn<\/a>, Ricardo Le\u00f3n Yepes P\u00e9rez.<\/p>\n<p><a href=\"https:\/\/terminalesmedellin.com\/\" target=\"_blank\" rel=\"noopener\">Terminales Medell\u00edn<\/a> adelantar\u00e1 operativos de tr\u00e1fico ilegal de fauna y flora, en conjunto con el \u00c1rea Metropolitana del Valle de Aburr\u00e1, Corantioquia, el comit\u00e9 Ciffa y otros entes relacionados. Se invita a las empresas transportadoras a atender la gu\u00eda de Supertransporte para el traslado de animales dom\u00e9sticos en condiciones seguras, higi\u00e9nicas y sin generar molestias a otros pasajeros.<\/p>\n<div id=\"attachment_306091\" style=\"width: 1034px\" class=\"wp-caption alignnone\"><a href=\"https:\/\/www.medellin.gov.co\/es\/wp-content\/uploads\/2024\/03\/Terminales_Med_3.jpg\" target=\"_blank\" rel=\"noopener\"><img aria-describedby=\"caption-attachment-306091\" loading=\"lazy\" class=\"wp-image-306091 size-large\" src=\"https:\/\/www.medellin.gov.co\/es\/wp-content\/uploads\/2024\/03\/Terminales_Med_3-1024x682.jpg\" alt=\"Terminales Medell\u00edn\" width=\"1024\" height=\"682\" srcset=\"https:\/\/www.medellin.gov.co\/es\/wp-content\/uploads\/2024\/03\/Terminales_Med_3-1024x682.jpg 1024w, https:\/\/www.medellin.gov.co\/es\/wp-content\/uploads\/2024\/03\/Terminales_Med_3-300x200.jpg 300w, https:\/\/www.medellin.gov.co\/es\/wp-content\/uploads\/2024\/03\/Terminales_Med_3-150x100.jpg 150w, https:\/\/www.medellin.gov.co\/es\/wp-content\/uploads\/2024\/03\/Terminales_Med_3-768x512.jpg 768w, https:\/\/www.medellin.gov.co\/es\/wp-content\/uploads\/2024\/03\/Terminales_Med_3.jpg 1280w\" sizes=\"(max-width: 1024px) 100vw, 1024px\" \/><\/a><p id=\"caption-attachment-306091\" class=\"wp-caption-text\">Terminales Medell\u00edn<\/p><\/div>\n<p>\u00abEs indispensable la articulaci\u00f3n entre los gremios para tener una informaci\u00f3n permanente durante esta Semana Santa. Todas las empresas tenemos ya 4.100 veh\u00edculos de transporte intermunicipal mixto desde los municipios y desde las terminales, adicional a otros 400 de servicios especiales, con los que tuvimos unos convenios para operar en esta temporada en caso tal de que se aumente la<br \/>\ndemanda\u00bb, se\u00f1al\u00f3 el director ejecutivo de la Asociaci\u00f3n de Transportadores de Pasajeros (ATPA), Samir Echeverry.<\/p>\n<p>Adem\u00e1s, <a href=\"https:\/\/terminalesmedellin.com\/\" target=\"_blank\" rel=\"noopener\">Terminales Medell\u00edn<\/a> reactiva el Puesto de Mando Unificado con la Polic\u00eda de Transporte y Tr\u00e1nsito (DITRA), Secretar\u00eda de Movilidad, Inv\u00edas, Ministerio de Transporte, Supertransporte, Dagrd y los gremios de transportadores para tener una comunicaci\u00f3n oportuna ante cualquier novedad vial.<\/p>\n","protected":false},"excerpt":{"rendered":"<p>Autoridades realizar\u00e1n operativos contra el tr\u00e1fico ilegal de fauna y flora. Entidades y gremios transportadores reactivar\u00e1n el Puesto de Mando Unificado. Terminales Medell\u00edn invita a las empresas de transporte a atender las directrices de bienestar &#8230;<\/p>\n","protected":false},"author":17,"featured_media":306093,"comment_status":"open","ping_status":"open","sticky":false,"template":"","format":"standard","meta":[],"categories":[14,17],"tags":[634,447,430],"formato_nota":[],"programas_tax":[],"acf":[],"_links":{"self":[{"href":"https:\/\/www.medellin.gov.co\/es\/wp-json\/wp\/v2\/posts\/306087"}],"collection":[{"href":"https:\/\/www.medellin.gov.co\/es\/wp-json\/wp\/v2\/posts"}],"about":[{"href":"https:\/\/www.medellin.gov.co\/es\/wp-json\/wp\/v2\/types\/post"}],"author":[{"embeddable":true,"href":"https:\/\/www.medellin.gov.co\/es\/wp-json\/wp\/v2\/users\/17"}],"replies":[{"embeddable":true,"href":"https:\/\/www.medellin.gov.co\/es\/wp-json\/wp\/v2\/comments?post=306087"}],"version-history":[{"count":3,"href":"https:\/\/www.medellin.gov.co\/es\/wp-json\/wp\/v2\/posts\/306087\/revisions"}],"predecessor-version":[{"id":306100,"href":"https:\/\/www.medellin.gov.co\/es\/wp-json\/wp\/v2\/posts\/306087\/revisions\/306100"}],"wp:featuredmedia":[{"embeddable":true,"href":"https:\/\/www.medellin.gov.co\/es\/wp-json\/wp\/v2\/media\/306093"}],"wp:attachment":[{"href":"https:\/\/www.medellin.gov.co\/es\/wp-json\/wp\/v2\/media?parent=306087"}],"wp:term":[{"taxonomy":"category","embeddable":true,"href":"https:\/\/www.medellin.gov.co\/es\/wp-json\/wp\/v2\/categories?post=306087"},{"taxonomy":"post_tag","embeddable":true,"href":"https:\/\/www.medellin.gov.co\/es\/wp-json\/wp\/v2\/tags?post=306087"},{"taxonomy":"formato_nota","embeddable":true,"href":"https:\/\/www.medellin.gov.co\/es\/wp-json\/wp\/v2\/formato_nota?post=306087"},{"taxonomy":"programas_tax","embeddable":true,"href":"https:\/\/www.medellin.gov.co\/es\/wp-json\/wp\/v2\/programas_tax?post=306087"}],"curies":[{"name":"wp","href":"https:\/\/api.w.org\/{rel}","templated":true}]}}