{"id":306103,"date":"2024-03-25T09:29:04","date_gmt":"2024-03-25T14:29:04","guid":{"rendered":"https:\/\/www.medellin.gov.co\/es\/?p=306103"},"modified":"2024-03-25T09:29:04","modified_gmt":"2024-03-25T14:29:04","slug":"la-alcaldia-de-medellin-entrega-recomendaciones-para-vivir-una-semana-santa-en-paz-y-tranquilidad","status":"publish","type":"post","link":"https:\/\/www.medellin.gov.co\/es\/sala-de-prensa\/noticias\/la-alcaldia-de-medellin-entrega-recomendaciones-para-vivir-una-semana-santa-en-paz-y-tranquilidad\/","title":{"rendered":"La Alcald\u00eda de Medell\u00edn entrega recomendaciones para vivir una Semana Santa en paz y tranquilidad"},"content":{"rendered":"<ul>\n<li>Es importante instalar sistemas de alarma y reforzar chapas y ventanas.<\/li>\n<li>Los ciudadanos cuentan con el respaldo de la l\u00ednea de emergencia 123.<\/li>\n<\/ul>\n<!--[if lt IE 9]><script>document.createElement('audio');<\/script><![endif]-->\n\t<div class=\"wp-playlist wp-audio-playlist wp-playlist-light\">\n\t\t\t<div class=\"wp-playlist-current-item\"><\/div>\n\t\t<audio controls=\"controls\" preload=\"none\" width=\"640\"\n\t\t\t><\/audio>\n\t<div class=\"wp-playlist-next\"><\/div>\n\t<div class=\"wp-playlist-prev\"><\/div>\n\t<noscript>\n\t<ol>\n\t\t<li><a href='https:\/\/www.medellin.gov.co\/es\/wp-content\/uploads\/2024\/03\/secretario_Seguridad_Convivencia_Manuel_Villa-Mejia_.mp3.mp3'>secretario_Seguridad_Convivencia_Manuel_Villa Mejia_.mp3<\/a><\/li>\t<\/ol>\n\t<\/noscript>\n\t<script type=\"application\/json\" class=\"wp-playlist-script\">{\"type\":\"audio\",\"tracklist\":true,\"tracknumbers\":true,\"images\":true,\"artists\":true,\"tracks\":[{\"src\":\"https:\\\/\\\/www.medellin.gov.co\\\/es\\\/wp-content\\\/uploads\\\/2024\\\/03\\\/secretario_Seguridad_Convivencia_Manuel_Villa-Mejia_.mp3.mp3\",\"type\":\"audio\\\/mpeg\",\"title\":\"secretario_Seguridad_Convivencia_Manuel_Villa Mejia_.mp3\",\"caption\":\"Declaraciones del secretario de Seguridad y Convivencia, Manuel Villa Mej\\u00eda\",\"description\":\"\\u00abSemana Santa en paz y tranquilidad\\u00bb.\",\"meta\":{\"genre\":\"Blues\",\"length_formatted\":\"2:34\"},\"image\":{\"src\":\"https:\\\/\\\/www.medellin.gov.co\\\/es\\\/wp-includes\\\/images\\\/media\\\/audio.png\",\"width\":48,\"height\":64},\"thumb\":{\"src\":\"https:\\\/\\\/www.medellin.gov.co\\\/es\\\/wp-includes\\\/images\\\/media\\\/audio.png\",\"width\":48,\"height\":64}}]}<\/script>\n<\/div>\n\t\n<p>Las autoridades hacen un llamado a adoptar medidas de seguridad y entregan recomendaciones para evitar el hurto a residencias, mientras las personas asisten a celebraciones religiosas o salen de viaje durante la Semana Mayor.<\/p>\n<div id=\"attachment_306105\" style=\"width: 1034px\" class=\"wp-caption alignnone\"><a href=\"https:\/\/www.medellin.gov.co\/es\/wp-content\/uploads\/2024\/03\/Seguridad_Medellin_3.jpg\" target=\"_blank\" rel=\"noopener\"><img aria-describedby=\"caption-attachment-306105\" loading=\"lazy\" class=\"wp-image-306105 size-large\" src=\"https:\/\/www.medellin.gov.co\/es\/wp-content\/uploads\/2024\/03\/Seguridad_Medellin_3-1024x682.jpg\" alt=\"Seguridad en Medell\u00edn\" width=\"1024\" height=\"682\" srcset=\"https:\/\/www.medellin.gov.co\/es\/wp-content\/uploads\/2024\/03\/Seguridad_Medellin_3-1024x682.jpg 1024w, https:\/\/www.medellin.gov.co\/es\/wp-content\/uploads\/2024\/03\/Seguridad_Medellin_3-300x200.jpg 300w, https:\/\/www.medellin.gov.co\/es\/wp-content\/uploads\/2024\/03\/Seguridad_Medellin_3-150x100.jpg 150w, https:\/\/www.medellin.gov.co\/es\/wp-content\/uploads\/2024\/03\/Seguridad_Medellin_3-768x512.jpg 768w, https:\/\/www.medellin.gov.co\/es\/wp-content\/uploads\/2024\/03\/Seguridad_Medellin_3.jpg 1280w\" sizes=\"(max-width: 1024px) 100vw, 1024px\" \/><\/a><p id=\"caption-attachment-306105\" class=\"wp-caption-text\">Seguridad en Medell\u00edn<\/p><\/div>\n<p>\u201cNuestro objetivo es garantizar que este periodo sea disfrutado por todos, sin incidentes que perturben la tranquilidad. Estamos trabajando para mantener el orden p\u00fablico y proteger su seguridad. Por eso, queremos pedirles que sigan las recomendaciones y tomen las precauciones necesarias para unas celebraciones seguras\u201d, anot\u00f3 el secretario de Seguridad y Convivencia, Manuel Villa Mej\u00eda.<\/p>\n<p>Es fundamental cerrar puertas y ventanas, reforzar con cerraduras de alta seguridad, instalar rejas e informar a vecinos de confianza para que reporten cualquier situaci\u00f3n extra\u00f1a a las autoridades. El uso de sistemas de alarma, c\u00e1maras de seguridad y una buena iluminaci\u00f3n exterior tambi\u00e9n ayudan a disuadir a los delincuentes.<\/p>\n<div id=\"attachment_306109\" style=\"width: 1034px\" class=\"wp-caption alignnone\"><a href=\"https:\/\/www.medellin.gov.co\/es\/wp-content\/uploads\/2024\/03\/Seguridad_Medellin_1.jpg\" target=\"_blank\" rel=\"noopener\"><img aria-describedby=\"caption-attachment-306109\" loading=\"lazy\" class=\"wp-image-306109 size-large\" src=\"https:\/\/www.medellin.gov.co\/es\/wp-content\/uploads\/2024\/03\/Seguridad_Medellin_1-1024x682.jpg\" alt=\"Seguridad en Medell\u00edn\" width=\"1024\" height=\"682\" srcset=\"https:\/\/www.medellin.gov.co\/es\/wp-content\/uploads\/2024\/03\/Seguridad_Medellin_1-1024x682.jpg 1024w, https:\/\/www.medellin.gov.co\/es\/wp-content\/uploads\/2024\/03\/Seguridad_Medellin_1-300x200.jpg 300w, https:\/\/www.medellin.gov.co\/es\/wp-content\/uploads\/2024\/03\/Seguridad_Medellin_1-150x100.jpg 150w, https:\/\/www.medellin.gov.co\/es\/wp-content\/uploads\/2024\/03\/Seguridad_Medellin_1-768x512.jpg 768w, https:\/\/www.medellin.gov.co\/es\/wp-content\/uploads\/2024\/03\/Seguridad_Medellin_1.jpg 1280w\" sizes=\"(max-width: 1024px) 100vw, 1024px\" \/><\/a><p id=\"caption-attachment-306109\" class=\"wp-caption-text\">Seguridad en Medell\u00edn<\/p><\/div>\n<p>\u201cEstamos desplegando recursos t\u00e9cnicos y humanos en iglesias, parques, v\u00edas y centros tur\u00edsticos. Adem\u00e1s, nuestras m\u00e1s de 3.000 c\u00e1maras est\u00e1n activadas y monitoreando estos lugares para asegurar la tranquilidad en estas zonas, donde habr\u00e1 una gran afluencia de personas\u201d, a\u00f1adi\u00f3 el secretario Villa Mej\u00eda.<\/p>\n<p>Cerca de 705 uniformados vigilar\u00e1n sitios religiosos y tur\u00edsticos. As\u00ed mismo, los ciudadanos cuentan con la l\u00ednea de emergencias 123 para reportar cualquier incidente.<\/p>\n","protected":false},"excerpt":{"rendered":"<p>Es importante instalar sistemas de alarma y reforzar chapas y ventanas. Los ciudadanos cuentan con el respaldo de la l\u00ednea de emergencia 123. Las autoridades hacen un llamado a adoptar medidas de seguridad y entregan &#8230;<\/p>\n","protected":false},"author":17,"featured_media":306107,"comment_status":"open","ping_status":"open","sticky":false,"template":"","format":"standard","meta":[],"categories":[21],"tags":[619],"formato_nota":[],"programas_tax":[],"acf":[],"_links":{"self":[{"href":"https:\/\/www.medellin.gov.co\/es\/wp-json\/wp\/v2\/posts\/306103"}],"collection":[{"href":"https:\/\/www.medellin.gov.co\/es\/wp-json\/wp\/v2\/posts"}],"about":[{"href":"https:\/\/www.medellin.gov.co\/es\/wp-json\/wp\/v2\/types\/post"}],"author":[{"embeddable":true,"href":"https:\/\/www.medellin.gov.co\/es\/wp-json\/wp\/v2\/users\/17"}],"replies":[{"embeddable":true,"href":"https:\/\/www.medellin.gov.co\/es\/wp-json\/wp\/v2\/comments?post=306103"}],"version-history":[{"count":1,"href":"https:\/\/www.medellin.gov.co\/es\/wp-json\/wp\/v2\/posts\/306103\/revisions"}],"predecessor-version":[{"id":306112,"href":"https:\/\/www.medellin.gov.co\/es\/wp-json\/wp\/v2\/posts\/306103\/revisions\/306112"}],"wp:featuredmedia":[{"embeddable":true,"href":"https:\/\/www.medellin.gov.co\/es\/wp-json\/wp\/v2\/media\/306107"}],"wp:attachment":[{"href":"https:\/\/www.medellin.gov.co\/es\/wp-json\/wp\/v2\/media?parent=306103"}],"wp:term":[{"taxonomy":"category","embeddable":true,"href":"https:\/\/www.medellin.gov.co\/es\/wp-json\/wp\/v2\/categories?post=306103"},{"taxonomy":"post_tag","embeddable":true,"href":"https:\/\/www.medellin.gov.co\/es\/wp-json\/wp\/v2\/tags?post=306103"},{"taxonomy":"formato_nota","embeddable":true,"href":"https:\/\/www.medellin.gov.co\/es\/wp-json\/wp\/v2\/formato_nota?post=306103"},{"taxonomy":"programas_tax","embeddable":true,"href":"https:\/\/www.medellin.gov.co\/es\/wp-json\/wp\/v2\/programas_tax?post=306103"}],"curies":[{"name":"wp","href":"https:\/\/api.w.org\/{rel}","templated":true}]}}