{"id":307165,"date":"2024-03-23T19:22:13","date_gmt":"2024-03-24T00:22:13","guid":{"rendered":"https:\/\/www.medellin.gov.co\/es\/?p=307165"},"modified":"2024-04-15T12:19:31","modified_gmt":"2024-04-15T17:19:31","slug":"el-proyecto-clubes-juveniles-cumple-30-anos","status":"publish","type":"post","link":"https:\/\/www.medellin.gov.co\/es\/sala-de-prensa\/noticias\/el-proyecto-clubes-juveniles-cumple-30-anos\/","title":{"rendered":"El proyecto Clubes Juveniles cumple 30 a\u00f1os"},"content":{"rendered":"<!--[if lt IE 9]><script>document.createElement('audio');<\/script><![endif]-->\n\t<div class=\"wp-playlist wp-audio-playlist wp-playlist-light\">\n\t\t\t<div class=\"wp-playlist-current-item\"><\/div>\n\t\t<audio controls=\"controls\" preload=\"none\" width=\"640\"\n\t\t\t><\/audio>\n\t<div class=\"wp-playlist-next\"><\/div>\n\t<div class=\"wp-playlist-prev\"><\/div>\n\t<noscript>\n\t<ol>\n\t\t<li><a href='https:\/\/www.medellin.gov.co\/es\/wp-content\/uploads\/2024\/03\/Proyecto-Clubes-Juveniles-01.mp3'>Palabras de Ricardo Jaramillo V\u00e9lez, secretario de la Juventud<\/a><\/li>\t<\/ol>\n\t<\/noscript>\n\t<script type=\"application\/json\" class=\"wp-playlist-script\">{\"type\":\"audio\",\"tracklist\":true,\"tracknumbers\":true,\"images\":true,\"artists\":true,\"tracks\":[{\"src\":\"https:\\\/\\\/www.medellin.gov.co\\\/es\\\/wp-content\\\/uploads\\\/2024\\\/03\\\/Proyecto-Clubes-Juveniles-01.mp3\",\"type\":\"audio\\\/mpeg\",\"title\":\"Palabras de Ricardo Jaramillo V\\u00e9lez, secretario de la Juventud\",\"caption\":\"\",\"description\":\"\\u00abPalabras de Ricardo Jaramillo V\\u00e9lez, secretario de la Juventud\\u00bb.\",\"meta\":{\"length_formatted\":\"0:48\"},\"image\":{\"src\":\"https:\\\/\\\/www.medellin.gov.co\\\/es\\\/wp-includes\\\/images\\\/media\\\/audio.png\",\"width\":48,\"height\":64},\"thumb\":{\"src\":\"https:\\\/\\\/www.medellin.gov.co\\\/es\\\/wp-includes\\\/images\\\/media\\\/audio.png\",\"width\":48,\"height\":64}}]}<\/script>\n<\/div>\n\t\n<p>23Cerca de 3.732 beneficiarios se han alcanzado con los 480 Clubes Juveniles, el programa m\u00e1s antiguo de la Secretar\u00eda de Juventud, que en 2024 cumple 30 a\u00f1os como un espacio de construcci\u00f3n de paz y equidad.<\/p>\n<p>Este programa recurre al arte, la cultura, el deporte, la sostenibilidad ambiental y la participaci\u00f3n democr\u00e1tica para conectar a los j\u00f3venes de la ciudad con oportunidades reales y para ayudarles en la construcci\u00f3n de sus proyectos de vida.<\/p>\n<p>\u201c<em>Este a\u00f1o queremos \u2018sacarla del estadio\u2019 acompa\u00f1ando a los j\u00f3venes con formaciones en temas que los apasionan y tambi\u00e9n mediante est\u00edmulos que fortalezcan e impulsen sus iniciativas, para lograr una mayor incidencia en los territorios<\/em>\u201d, expres\u00f3 el secretario de la Juventud, Ricardo Jaramillo V\u00e9lez.<\/p>\n<p>La Alcald\u00eda de Medell\u00edn invita a todos los clubes para que se registren antes del 10 de abril en <a href=\"https:\/\/www.medellinjoven.com\/\" target=\"_blank\" rel=\"noopener\">https:\/\/www.medellinjoven.com\/<\/a> para celebrar las tres d\u00e9cadas de esta iniciativa.<\/p>\n","protected":false},"excerpt":{"rendered":"<p>23Cerca de 3.732 beneficiarios se han alcanzado con los 480 Clubes Juveniles, el programa m\u00e1s antiguo de la Secretar\u00eda de Juventud, que en 2024 cumple 30 a\u00f1os como un espacio de construcci\u00f3n de paz y &#8230;<\/p>\n","protected":false},"author":21,"featured_media":218573,"comment_status":"open","ping_status":"open","sticky":false,"template":"","format":"standard","meta":[],"categories":[12],"tags":[451],"formato_nota":[],"programas_tax":[],"acf":[],"_links":{"self":[{"href":"https:\/\/www.medellin.gov.co\/es\/wp-json\/wp\/v2\/posts\/307165"}],"collection":[{"href":"https:\/\/www.medellin.gov.co\/es\/wp-json\/wp\/v2\/posts"}],"about":[{"href":"https:\/\/www.medellin.gov.co\/es\/wp-json\/wp\/v2\/types\/post"}],"author":[{"embeddable":true,"href":"https:\/\/www.medellin.gov.co\/es\/wp-json\/wp\/v2\/users\/21"}],"replies":[{"embeddable":true,"href":"https:\/\/www.medellin.gov.co\/es\/wp-json\/wp\/v2\/comments?post=307165"}],"version-history":[{"count":3,"href":"https:\/\/www.medellin.gov.co\/es\/wp-json\/wp\/v2\/posts\/307165\/revisions"}],"predecessor-version":[{"id":307705,"href":"https:\/\/www.medellin.gov.co\/es\/wp-json\/wp\/v2\/posts\/307165\/revisions\/307705"}],"wp:featuredmedia":[{"embeddable":true,"href":"https:\/\/www.medellin.gov.co\/es\/wp-json\/wp\/v2\/media\/218573"}],"wp:attachment":[{"href":"https:\/\/www.medellin.gov.co\/es\/wp-json\/wp\/v2\/media?parent=307165"}],"wp:term":[{"taxonomy":"category","embeddable":true,"href":"https:\/\/www.medellin.gov.co\/es\/wp-json\/wp\/v2\/categories?post=307165"},{"taxonomy":"post_tag","embeddable":true,"href":"https:\/\/www.medellin.gov.co\/es\/wp-json\/wp\/v2\/tags?post=307165"},{"taxonomy":"formato_nota","embeddable":true,"href":"https:\/\/www.medellin.gov.co\/es\/wp-json\/wp\/v2\/formato_nota?post=307165"},{"taxonomy":"programas_tax","embeddable":true,"href":"https:\/\/www.medellin.gov.co\/es\/wp-json\/wp\/v2\/programas_tax?post=307165"}],"curies":[{"name":"wp","href":"https:\/\/api.w.org\/{rel}","templated":true}]}}