{"id":307403,"date":"2024-04-11T11:26:28","date_gmt":"2024-04-11T16:26:28","guid":{"rendered":"https:\/\/www.medellin.gov.co\/es\/?p=307403"},"modified":"2024-04-19T12:46:10","modified_gmt":"2024-04-19T17:46:10","slug":"tras-mas-de-dos-anos-de-suspension-la-alcaldia-de-medellin-reanudo-proyecto-de-vivienda-social-en-la-comuna-8-villa-hermosa","status":"publish","type":"post","link":"https:\/\/www.medellin.gov.co\/es\/sala-de-prensa\/noticias\/tras-mas-de-dos-anos-de-suspension-la-alcaldia-de-medellin-reanudo-proyecto-de-vivienda-social-en-la-comuna-8-villa-hermosa\/","title":{"rendered":"Tras m\u00e1s de dos a\u00f1os de suspensi\u00f3n, la Alcald\u00eda de Medell\u00edn reanud\u00f3 proyecto de vivienda social en la comuna 8 Villa Hermosa"},"content":{"rendered":"<ul>\n<li>27 familias del sector 13 de Noviembre, en la zona centroriental, se beneficiar\u00e1n con un nuevo hogar.<\/li>\n<li>El Distrito invirti\u00f3 m\u00e1s de $7.600 millones para terminar cuatro torres de vivienda de inter\u00e9s prioritario.<\/li>\n<li>Las obras se extender\u00e1n hasta agosto de 2024.<\/li>\n<\/ul>\n<!--[if lt IE 9]><script>document.createElement('audio');<\/script><![endif]-->\n\t<div class=\"wp-playlist wp-audio-playlist wp-playlist-light\">\n\t\t\t<div class=\"wp-playlist-current-item\"><\/div>\n\t\t<audio controls=\"controls\" preload=\"none\" width=\"640\"\n\t\t\t><\/audio>\n\t<div class=\"wp-playlist-next\"><\/div>\n\t<div class=\"wp-playlist-prev\"><\/div>\n\t<noscript>\n\t<ol>\n\t\t<li><a href='https:\/\/www.medellin.gov.co\/es\/wp-content\/uploads\/2024\/04\/Vivienda-Social-Villa-Hermosa-01.mp3'>Palabras de Jaime Andr\u00e9s Naranjo Medina, secretario de Infraestructura F\u00edsica<\/a><\/li><li><a href='https:\/\/www.medellin.gov.co\/es\/wp-content\/uploads\/2024\/04\/Vivienda-Social-Villa-Hermosa-02.mp3'>Palabras de Claudia Cuartas, subgerente de Ejecuci\u00f3n de Proyectos de la EDU<\/a><\/li><li><a href='https:\/\/www.medellin.gov.co\/es\/wp-content\/uploads\/2024\/04\/Vivienda-Social-Villa-Hermosa-03.mp3'>Palabras de Juan Carlos Roma\u00f1a, beneficiario<\/a><\/li>\t<\/ol>\n\t<\/noscript>\n\t<script type=\"application\/json\" class=\"wp-playlist-script\">{\"type\":\"audio\",\"tracklist\":true,\"tracknumbers\":true,\"images\":true,\"artists\":true,\"tracks\":[{\"src\":\"https:\\\/\\\/www.medellin.gov.co\\\/es\\\/wp-content\\\/uploads\\\/2024\\\/04\\\/Vivienda-Social-Villa-Hermosa-01.mp3\",\"type\":\"audio\\\/mpeg\",\"title\":\"Palabras de Jaime Andr\\u00e9s Naranjo Medina, secretario de Infraestructura F\\u00edsica\",\"caption\":\"\",\"description\":\"\\u00abVivienda-Social-Villa-Hermosa-01\\u00bb.\",\"meta\":{\"length_formatted\":\"1:13\"},\"image\":{\"src\":\"https:\\\/\\\/www.medellin.gov.co\\\/es\\\/wp-includes\\\/images\\\/media\\\/audio.png\",\"width\":48,\"height\":64},\"thumb\":{\"src\":\"https:\\\/\\\/www.medellin.gov.co\\\/es\\\/wp-includes\\\/images\\\/media\\\/audio.png\",\"width\":48,\"height\":64}},{\"src\":\"https:\\\/\\\/www.medellin.gov.co\\\/es\\\/wp-content\\\/uploads\\\/2024\\\/04\\\/Vivienda-Social-Villa-Hermosa-02.mp3\",\"type\":\"audio\\\/mpeg\",\"title\":\"Palabras de Claudia Cuartas, subgerente de Ejecuci\\u00f3n de Proyectos de la EDU\",\"caption\":\"\",\"description\":\"\\u00abPalabras de Claudia Cuartas, subgerente de Ejecuci\\u00f3n de Proyectos de la EDU\\u00bb.\",\"meta\":{\"length_formatted\":\"1:06\"},\"image\":{\"src\":\"https:\\\/\\\/www.medellin.gov.co\\\/es\\\/wp-includes\\\/images\\\/media\\\/audio.png\",\"width\":48,\"height\":64},\"thumb\":{\"src\":\"https:\\\/\\\/www.medellin.gov.co\\\/es\\\/wp-includes\\\/images\\\/media\\\/audio.png\",\"width\":48,\"height\":64}},{\"src\":\"https:\\\/\\\/www.medellin.gov.co\\\/es\\\/wp-content\\\/uploads\\\/2024\\\/04\\\/Vivienda-Social-Villa-Hermosa-03.mp3\",\"type\":\"audio\\\/mpeg\",\"title\":\"Palabras de Juan Carlos Roma\\u00f1a, beneficiario\",\"caption\":\"\",\"description\":\"\\u00abPalabras de Juan Carlos Roma\\u00f1a, beneficiario\\u00bb.\",\"meta\":{\"year\":\"2024\",\"length_formatted\":\"0:34\"},\"image\":{\"src\":\"https:\\\/\\\/www.medellin.gov.co\\\/es\\\/wp-includes\\\/images\\\/media\\\/audio.png\",\"width\":48,\"height\":64},\"thumb\":{\"src\":\"https:\\\/\\\/www.medellin.gov.co\\\/es\\\/wp-includes\\\/images\\\/media\\\/audio.png\",\"width\":48,\"height\":64}}]}<\/script>\n<\/div>\n\t\n<p>Con la instalaci\u00f3n de redes el\u00e9ctricas, levantamiento de muros y vaciados en estructura met\u00e1lica, entre otras labores, la Alcald\u00eda de Medell\u00edn reanud\u00f3 la construcci\u00f3n de cuatro torres de vivienda social como parte del programa de Mejoramiento Integral de Barrios, en el 13 de Noviembre, ubicado en la comuna 8-Villa Hermosa.<\/p>\n<p>La Secretar\u00eda de Infraestructura F\u00edsica, por intermedio de la Empresa de Desarrollo Urbano (<a href=\"https:\/\/www.edu.gov.co\/\" target=\"_blank\" rel=\"noopener\">EDU<\/a>), invirti\u00f3 m\u00e1s de $7.600 millones para reactivar este proyecto, que llevaba m\u00e1s de dos a\u00f1os suspendido.<\/p>\n<p>\u201c<em>Nos llena de alegr\u00eda visibilizar la entrega de viviendas dignas y seguras para quienes aman nuestra ciudad<\/em>\u201d, expres\u00f3 el secretario de Infraestructura F\u00edsica, Jaime Andr\u00e9s Naranjo Medina.<\/p>\n<p>La terminaci\u00f3n de labores est\u00e1 prevista para agosto pr\u00f3ximo. Despu\u00e9s de esto, continuar\u00e1 el proceso de escrituraci\u00f3n y reasentamiento de 27 familias de esta comuna de la ciudad, que se benefician con arrendamiento temporal y que ser\u00e1n reubicadas ya que viv\u00edan en zonas de alto riesgo no mitigable y en retiros de quebrada.<\/p>\n\n\t\t<style type=\"text\/css\">\n\t\t\t#gallery-1 {\n\t\t\t\tmargin: auto;\n\t\t\t}\n\t\t\t#gallery-1 .gallery-item {\n\t\t\t\tfloat: left;\n\t\t\t\tmargin-top: 10px;\n\t\t\t\ttext-align: center;\n\t\t\t\twidth: 50%;\n\t\t\t}\n\t\t\t#gallery-1 img {\n\t\t\t\tborder: 2px solid #cfcfcf;\n\t\t\t}\n\t\t\t#gallery-1 .gallery-caption {\n\t\t\t\tmargin-left: 0;\n\t\t\t}\n\t\t\t\/* see gallery_shortcode() in wp-includes\/media.php *\/\n\t\t<\/style>\n\t\t<div id='gallery-1' class='gallery galleryid-307403 gallery-columns-2 gallery-size-large'><dl class='gallery-item'>\n\t\t\t<dt class='gallery-icon landscape'>\n\t\t\t\t<a href='https:\/\/www.medellin.gov.co\/es\/sala-de-prensa\/noticias\/tras-mas-de-dos-anos-de-suspension-la-alcaldia-de-medellin-reanudo-proyecto-de-vivienda-social-en-la-comuna-8-villa-hermosa\/vivienda-social-villa-hermosa-3\/'><img width=\"1024\" height=\"682\" src=\"https:\/\/www.medellin.gov.co\/es\/wp-content\/uploads\/2024\/04\/Vivienda-Social-Villa-Hermosa-3-1024x682.jpeg\" class=\"attachment-large size-large\" alt=\"Tras m\u00e1s de dos a\u00f1os de suspensi\u00f3n, la Alcald\u00eda de Medell\u00edn reanud\u00f3 proyecto de vivienda social en la comuna 8 Villa Hermosa\" loading=\"lazy\" aria-describedby=\"gallery-1-307415\" srcset=\"https:\/\/www.medellin.gov.co\/es\/wp-content\/uploads\/2024\/04\/Vivienda-Social-Villa-Hermosa-3-1024x682.jpeg 1024w, https:\/\/www.medellin.gov.co\/es\/wp-content\/uploads\/2024\/04\/Vivienda-Social-Villa-Hermosa-3-300x200.jpeg 300w, https:\/\/www.medellin.gov.co\/es\/wp-content\/uploads\/2024\/04\/Vivienda-Social-Villa-Hermosa-3-150x100.jpeg 150w, https:\/\/www.medellin.gov.co\/es\/wp-content\/uploads\/2024\/04\/Vivienda-Social-Villa-Hermosa-3-768x512.jpeg 768w, https:\/\/www.medellin.gov.co\/es\/wp-content\/uploads\/2024\/04\/Vivienda-Social-Villa-Hermosa-3.jpeg 1280w\" sizes=\"(max-width: 1024px) 100vw, 1024px\" \/><\/a>\n\t\t\t<\/dt>\n\t\t\t\t<dd class='wp-caption-text gallery-caption' id='gallery-1-307415'>\n\t\t\t\tTras m\u00e1s de dos a\u00f1os de suspensi\u00f3n, la Alcald\u00eda de Medell\u00edn reanud\u00f3 proyecto de vivienda social en la comuna 8 Villa Hermosa &#8211; Foto Alcald\u00eda de Medell\u00edn\n\t\t\t\t<\/dd><\/dl><dl class='gallery-item'>\n\t\t\t<dt class='gallery-icon landscape'>\n\t\t\t\t<a href='https:\/\/www.medellin.gov.co\/es\/sala-de-prensa\/noticias\/tras-mas-de-dos-anos-de-suspension-la-alcaldia-de-medellin-reanudo-proyecto-de-vivienda-social-en-la-comuna-8-villa-hermosa\/vivienda-social-villa-hermosa-2\/'><img width=\"1024\" height=\"682\" src=\"https:\/\/www.medellin.gov.co\/es\/wp-content\/uploads\/2024\/04\/Vivienda-Social-Villa-Hermosa-2-1024x682.jpeg\" class=\"attachment-large size-large\" alt=\"Tras m\u00e1s de dos a\u00f1os de suspensi\u00f3n, la Alcald\u00eda de Medell\u00edn reanud\u00f3 proyecto de vivienda social en la comuna 8 Villa Hermosa\" loading=\"lazy\" aria-describedby=\"gallery-1-307409\" srcset=\"https:\/\/www.medellin.gov.co\/es\/wp-content\/uploads\/2024\/04\/Vivienda-Social-Villa-Hermosa-2-1024x682.jpeg 1024w, https:\/\/www.medellin.gov.co\/es\/wp-content\/uploads\/2024\/04\/Vivienda-Social-Villa-Hermosa-2-300x200.jpeg 300w, https:\/\/www.medellin.gov.co\/es\/wp-content\/uploads\/2024\/04\/Vivienda-Social-Villa-Hermosa-2-150x100.jpeg 150w, https:\/\/www.medellin.gov.co\/es\/wp-content\/uploads\/2024\/04\/Vivienda-Social-Villa-Hermosa-2-768x512.jpeg 768w, https:\/\/www.medellin.gov.co\/es\/wp-content\/uploads\/2024\/04\/Vivienda-Social-Villa-Hermosa-2.jpeg 1280w\" sizes=\"(max-width: 1024px) 100vw, 1024px\" \/><\/a>\n\t\t\t<\/dt>\n\t\t\t\t<dd class='wp-caption-text gallery-caption' id='gallery-1-307409'>\n\t\t\t\tTras m\u00e1s de dos a\u00f1os de suspensi\u00f3n, la Alcald\u00eda de Medell\u00edn reanud\u00f3 proyecto de vivienda social en la comuna 8 Villa Hermosa &#8211; Foto Alcald\u00eda de Medell\u00edn\n\t\t\t\t<\/dd><\/dl><br style=\"clear: both\" \/>\n\t\t<\/div>\n\n<p>La subgerente de Ejecuci\u00f3n de Proyectos de la <a href=\"https:\/\/www.edu.gov.co\/\" target=\"_blank\" rel=\"noopener\">EDU<\/a>, Claudia Cuartas, se\u00f1al\u00f3 que esta es una deuda hist\u00f3rica con muchas familias: \u201c<em>Despu\u00e9s de m\u00e1s de dos a\u00f1os de suspensi\u00f3n por problemas con el contratista anterior, se lograron liberar los recursos para sacar un nuevo contrato. Esperamos que las familias tengan una vivienda digna, de manera que la apropiaci\u00f3n del espacio disminuya los problemas sociales que enfrenta el sector<\/em>\u201d.<\/p>\n<p>Con el programa de Mejoramiento Integral de Barrios se busca el reasentamiento de familias que estaban en zonas de alto riesgo no recuperables o que reciben el impacto de obras p\u00fablicas, y se procede a una intervenci\u00f3n del entorno con trabajos de urbanismo, servicios p\u00fablicos y mitigaci\u00f3n del riesgo.<\/p>\n<p>\u201c<em>Despu\u00e9s de haberse parado tanto este proyecto, ya volvemos a creer en \u00e9l. Vemos gente trabajando y las expectativas se est\u00e1n cumpliendo, incluso muchos vecinos que tambi\u00e9n estaban amargados volvieron a creer. Esto va a mejorar nuestra calidad de vida<\/em>\u201d, asegur\u00f3 Juan Carlos Roma\u00f1a, beneficiario.<\/p>\n<p>Esta construcci\u00f3n ha generado 25 empleos, algunos de ellos son mano de obra de la comunidad.<\/p>\n","protected":false},"excerpt":{"rendered":"<p>27 familias del sector 13 de Noviembre, en la zona centroriental, se beneficiar\u00e1n con un nuevo hogar. El Distrito invirti\u00f3 m\u00e1s de $7.600 millones para terminar cuatro torres de vivienda de inter\u00e9s prioritario. Las obras &#8230;<\/p>\n","protected":false},"author":21,"featured_media":307412,"comment_status":"open","ping_status":"open","sticky":false,"template":"","format":"standard","meta":[],"categories":[11,17],"tags":[634,442],"formato_nota":[],"programas_tax":[],"acf":[],"_links":{"self":[{"href":"https:\/\/www.medellin.gov.co\/es\/wp-json\/wp\/v2\/posts\/307403"}],"collection":[{"href":"https:\/\/www.medellin.gov.co\/es\/wp-json\/wp\/v2\/posts"}],"about":[{"href":"https:\/\/www.medellin.gov.co\/es\/wp-json\/wp\/v2\/types\/post"}],"author":[{"embeddable":true,"href":"https:\/\/www.medellin.gov.co\/es\/wp-json\/wp\/v2\/users\/21"}],"replies":[{"embeddable":true,"href":"https:\/\/www.medellin.gov.co\/es\/wp-json\/wp\/v2\/comments?post=307403"}],"version-history":[{"count":4,"href":"https:\/\/www.medellin.gov.co\/es\/wp-json\/wp\/v2\/posts\/307403\/revisions"}],"predecessor-version":[{"id":308615,"href":"https:\/\/www.medellin.gov.co\/es\/wp-json\/wp\/v2\/posts\/307403\/revisions\/308615"}],"wp:featuredmedia":[{"embeddable":true,"href":"https:\/\/www.medellin.gov.co\/es\/wp-json\/wp\/v2\/media\/307412"}],"wp:attachment":[{"href":"https:\/\/www.medellin.gov.co\/es\/wp-json\/wp\/v2\/media?parent=307403"}],"wp:term":[{"taxonomy":"category","embeddable":true,"href":"https:\/\/www.medellin.gov.co\/es\/wp-json\/wp\/v2\/categories?post=307403"},{"taxonomy":"post_tag","embeddable":true,"href":"https:\/\/www.medellin.gov.co\/es\/wp-json\/wp\/v2\/tags?post=307403"},{"taxonomy":"formato_nota","embeddable":true,"href":"https:\/\/www.medellin.gov.co\/es\/wp-json\/wp\/v2\/formato_nota?post=307403"},{"taxonomy":"programas_tax","embeddable":true,"href":"https:\/\/www.medellin.gov.co\/es\/wp-json\/wp\/v2\/programas_tax?post=307403"}],"curies":[{"name":"wp","href":"https:\/\/api.w.org\/{rel}","templated":true}]}}