{"id":307463,"date":"2024-04-11T14:58:39","date_gmt":"2024-04-11T19:58:39","guid":{"rendered":"https:\/\/www.medellin.gov.co\/es\/?p=307463"},"modified":"2024-04-11T14:58:39","modified_gmt":"2024-04-11T19:58:39","slug":"comunicado-seguimiento-al-edificio-atalaya-de-la-mota","status":"publish","type":"post","link":"https:\/\/www.medellin.gov.co\/es\/sala-de-prensa\/noticias\/comunicado-seguimiento-al-edificio-atalaya-de-la-mota\/","title":{"rendered":"Comunicado seguimiento al edificio Atalaya de la Mota"},"content":{"rendered":"<p>El 21 de noviembre de 2023, el Departamento Administrativo de Gesti\u00f3n del Riesgo \u2013Dagrd emiti\u00f3 un bolet\u00edn de prensa donde inclu\u00eda al edificio Atalaya de la Mota en el listado de edificios enfermos. Dando respuesta a un Derecho de Petici\u00f3n, la entidad aclara que:<\/p>\n<p>1. Soluciones Civiles culmin\u00f3 la totalidad de las obras de estabilizaci\u00f3n y reforzamiento en esa edificaci\u00f3n y cuenta con la licencia de construcci\u00f3n en la modalidad de reforzamiento, que consta en los planos actualizados conforme a las obras efectuadas.<\/p>\n<p>2. El Dagrd finaliz\u00f3 el seguimiento al edificio Atalaya de la Mota y lo retir\u00f3 del listado de edificios enfermos, tal y como se respondi\u00f3 el 12 de enero de 2024 al Derecho de Petici\u00f3n enviado por Soluciones Civiles con radicado 202310395692.<\/p>\n<p>3. Para proteger y salvaguardar la vida de los ciudadanos, la Administraci\u00f3n Distrital cuenta con el grupo de riesgo s\u00edsmico y da\u00f1o estructural del Dagrd, que hace seguimiento a los edificios con problemas estructurales en la ciudad.<\/p>\n","protected":false},"excerpt":{"rendered":"<p>El 21 de noviembre de 2023, el Departamento Administrativo de Gesti\u00f3n del Riesgo \u2013Dagrd emiti\u00f3 un bolet\u00edn de prensa donde inclu\u00eda al edificio Atalaya de la Mota en el listado de edificios enfermos. Dando respuesta &#8230;<\/p>\n","protected":false},"author":17,"featured_media":307464,"comment_status":"open","ping_status":"open","sticky":false,"template":"","format":"standard","meta":[],"categories":[30],"tags":[453,442],"formato_nota":[],"programas_tax":[],"acf":[],"_links":{"self":[{"href":"https:\/\/www.medellin.gov.co\/es\/wp-json\/wp\/v2\/posts\/307463"}],"collection":[{"href":"https:\/\/www.medellin.gov.co\/es\/wp-json\/wp\/v2\/posts"}],"about":[{"href":"https:\/\/www.medellin.gov.co\/es\/wp-json\/wp\/v2\/types\/post"}],"author":[{"embeddable":true,"href":"https:\/\/www.medellin.gov.co\/es\/wp-json\/wp\/v2\/users\/17"}],"replies":[{"embeddable":true,"href":"https:\/\/www.medellin.gov.co\/es\/wp-json\/wp\/v2\/comments?post=307463"}],"version-history":[{"count":1,"href":"https:\/\/www.medellin.gov.co\/es\/wp-json\/wp\/v2\/posts\/307463\/revisions"}],"predecessor-version":[{"id":307467,"href":"https:\/\/www.medellin.gov.co\/es\/wp-json\/wp\/v2\/posts\/307463\/revisions\/307467"}],"wp:featuredmedia":[{"embeddable":true,"href":"https:\/\/www.medellin.gov.co\/es\/wp-json\/wp\/v2\/media\/307464"}],"wp:attachment":[{"href":"https:\/\/www.medellin.gov.co\/es\/wp-json\/wp\/v2\/media?parent=307463"}],"wp:term":[{"taxonomy":"category","embeddable":true,"href":"https:\/\/www.medellin.gov.co\/es\/wp-json\/wp\/v2\/categories?post=307463"},{"taxonomy":"post_tag","embeddable":true,"href":"https:\/\/www.medellin.gov.co\/es\/wp-json\/wp\/v2\/tags?post=307463"},{"taxonomy":"formato_nota","embeddable":true,"href":"https:\/\/www.medellin.gov.co\/es\/wp-json\/wp\/v2\/formato_nota?post=307463"},{"taxonomy":"programas_tax","embeddable":true,"href":"https:\/\/www.medellin.gov.co\/es\/wp-json\/wp\/v2\/programas_tax?post=307463"}],"curies":[{"name":"wp","href":"https:\/\/api.w.org\/{rel}","templated":true}]}}