{"id":310237,"date":"2024-05-03T13:11:26","date_gmt":"2024-05-03T18:11:26","guid":{"rendered":"https:\/\/www.medellin.gov.co\/es\/?p=310237"},"modified":"2024-05-03T14:03:13","modified_gmt":"2024-05-03T19:03:13","slug":"en-los-colegios-de-medellin-contamos-con-vos","status":"publish","type":"post","link":"https:\/\/www.medellin.gov.co\/es\/sala-de-prensa\/noticias\/en-los-colegios-de-medellin-contamos-con-vos\/","title":{"rendered":"En los colegios de Medell\u00edn contamos con vos"},"content":{"rendered":"<blockquote><p><em>\u201cEs la primera vez que estoy en un colegio y me encant\u00f3\u201d, <\/em>expresa Yorman Eliezer Correa Urday, un ni\u00f1o que gracias a la estrategia <a href=\"https:\/\/www.medellin.gov.co\/es\/sala-de-prensa\/noticias\/la-campana-en-el-colegio-contamos-con-vos-aumento-la-matricula-en-24-000-estudiantes\/\" target=\"_blank\" rel=\"noopener\"><em>En el Colegio Contamos con Vos<\/em><\/a> ingres\u00f3 por primera vez al sistema educativo escolar.<em>\u00a0<\/em><\/p><\/blockquote>\n<p><em>\u201cCuando empec\u00e9, me emocion\u00e9 y mis amigos tambi\u00e9n. Es la primera vez que estoy en un colegio y me encant\u00f3\u201d, <\/em>afirma alegre Yorman, con un potente tono de voz.<em>\u00a0<\/em><\/p>\n<p>A sus nueve a\u00f1os de edad este espont\u00e1neo, vivaz, extrovertido y generoso ni\u00f1o se las ha ingeniado para adaptarse a un mundo que, hasta marzo del presente a\u00f1o, era desconocido: el sistema educativo escolar.<\/p>\n<p><em>\u201cYo me lo hab\u00eda imaginado con columpios, as\u00ed como cuando estaba en preescolar que hab\u00eda un patio de juegos, pero cuando llegu\u00e9 y est\u00e1bamos subiendo, decid\u00ed que no me gustaba el colegio y casi lloro\u201d.<\/em><em>\u00a0<\/em><\/p>\n<div id=\"attachment_310273\" style=\"width: 1034px\" class=\"wp-caption alignnone\"><a href=\"https:\/\/www.medellin.gov.co\/es\/wp-content\/uploads\/2024\/05\/En-el-colegio-contamos-con-vos-7.jpg\" target=\"_blank\" rel=\"noopener\"><img aria-describedby=\"caption-attachment-310273\" loading=\"lazy\" class=\"wp-image-310273 size-large\" src=\"https:\/\/www.medellin.gov.co\/es\/wp-content\/uploads\/2024\/05\/En-el-colegio-contamos-con-vos-7-1024x768.jpg\" alt=\"Yorman Eliezer Correa Urday en la Instituci\u00f3n Educativa Medell\u00edn\" width=\"1024\" height=\"768\" srcset=\"https:\/\/www.medellin.gov.co\/es\/wp-content\/uploads\/2024\/05\/En-el-colegio-contamos-con-vos-7-1024x768.jpg 1024w, https:\/\/www.medellin.gov.co\/es\/wp-content\/uploads\/2024\/05\/En-el-colegio-contamos-con-vos-7-300x225.jpg 300w, https:\/\/www.medellin.gov.co\/es\/wp-content\/uploads\/2024\/05\/En-el-colegio-contamos-con-vos-7-150x113.jpg 150w, https:\/\/www.medellin.gov.co\/es\/wp-content\/uploads\/2024\/05\/En-el-colegio-contamos-con-vos-7-768x576.jpg 768w, https:\/\/www.medellin.gov.co\/es\/wp-content\/uploads\/2024\/05\/En-el-colegio-contamos-con-vos-7.jpg 1280w\" sizes=\"(max-width: 1024px) 100vw, 1024px\" \/><\/a><p id=\"caption-attachment-310273\" class=\"wp-caption-text\">Yorman Eliezer Correa Urday en la Instituci\u00f3n Educativa La Esperanza<\/p><\/div>\n<p><em>Al entrar, me encontr\u00e9 una tienda, le ped\u00ed dinero a mi abuela para comprar, despu\u00e9s me encontr\u00e9 el patio de juegos de f\u00fatbol y luego llegu\u00e9 al sal\u00f3n. Era grande, con un poco de ni\u00f1os en un solo sal\u00f3n y pens\u00e9 que era ese, pero cuando entr\u00e9 vi que eran dos salones\u201d, <\/em>relata Yorman.<\/p>\n<p>\u00c9l es uno de los cerca de 296 000 alumnos matriculados en Medell\u00edn. Ingres\u00f3 al sistema educativo gracias a la estrategia <a href=\"https:\/\/www.medellin.gov.co\/es\/sala-de-prensa\/noticias\/la-campana-en-el-colegio-contamos-con-vos-aumento-la-matricula-en-24-000-estudiantes\/\" target=\"_blank\" rel=\"noopener\"><em>En el Colegio Contamos con Vos<\/em><\/a>, una apuesta de ciudad que tiene como objetivo promover el acceso y la permanencia escolar de ni\u00f1os, ni\u00f1as y j\u00f3venes de las comunas de Medell\u00edn con altos \u00edndices de deserci\u00f3n escolar; esto, apoyados acciones de movilizaci\u00f3n social y comunicacionales que promueven el programa.<\/p>\n<p><strong>La b\u00fasqueda<\/strong><\/p>\n\n\t\t<style type=\"text\/css\">\n\t\t\t#gallery-1 {\n\t\t\t\tmargin: auto;\n\t\t\t}\n\t\t\t#gallery-1 .gallery-item {\n\t\t\t\tfloat: left;\n\t\t\t\tmargin-top: 10px;\n\t\t\t\ttext-align: center;\n\t\t\t\twidth: 50%;\n\t\t\t}\n\t\t\t#gallery-1 img {\n\t\t\t\tborder: 2px solid #cfcfcf;\n\t\t\t}\n\t\t\t#gallery-1 .gallery-caption {\n\t\t\t\tmargin-left: 0;\n\t\t\t}\n\t\t\t\/* see gallery_shortcode() in wp-includes\/media.php *\/\n\t\t<\/style>\n\t\t<div id='gallery-1' class='gallery galleryid-310237 gallery-columns-2 gallery-size-large'><dl class='gallery-item'>\n\t\t\t<dt class='gallery-icon landscape'>\n\t\t\t\t<a href='https:\/\/www.medellin.gov.co\/es\/sala-de-prensa\/noticias\/en-los-colegios-de-medellin-contamos-con-vos\/en-el-colegio-contamos-con-vos-5\/'><img width=\"1024\" height=\"682\" src=\"https:\/\/www.medellin.gov.co\/es\/wp-content\/uploads\/2024\/05\/En-el-colegio-contamos-con-vos-5-1024x682.jpg\" class=\"attachment-large size-large\" alt=\"\" loading=\"lazy\" aria-describedby=\"gallery-1-310264\" srcset=\"https:\/\/www.medellin.gov.co\/es\/wp-content\/uploads\/2024\/05\/En-el-colegio-contamos-con-vos-5-1024x682.jpg 1024w, https:\/\/www.medellin.gov.co\/es\/wp-content\/uploads\/2024\/05\/En-el-colegio-contamos-con-vos-5-300x200.jpg 300w, https:\/\/www.medellin.gov.co\/es\/wp-content\/uploads\/2024\/05\/En-el-colegio-contamos-con-vos-5-150x100.jpg 150w, https:\/\/www.medellin.gov.co\/es\/wp-content\/uploads\/2024\/05\/En-el-colegio-contamos-con-vos-5-768x512.jpg 768w, https:\/\/www.medellin.gov.co\/es\/wp-content\/uploads\/2024\/05\/En-el-colegio-contamos-con-vos-5.jpg 1280w\" sizes=\"(max-width: 1024px) 100vw, 1024px\" \/><\/a>\n\t\t\t<\/dt>\n\t\t\t\t<dd class='wp-caption-text gallery-caption' id='gallery-1-310264'>\n\t\t\t\tEn el Colegio Contamos con Vos\n\t\t\t\t<\/dd><\/dl><dl class='gallery-item'>\n\t\t\t<dt class='gallery-icon landscape'>\n\t\t\t\t<a href='https:\/\/www.medellin.gov.co\/es\/sala-de-prensa\/noticias\/en-los-colegios-de-medellin-contamos-con-vos\/en-el-colegio-contamos-con-vos-1\/'><img width=\"1024\" height=\"682\" src=\"https:\/\/www.medellin.gov.co\/es\/wp-content\/uploads\/2024\/05\/En-el-colegio-contamos-con-vos-1-1024x682.jpg\" class=\"attachment-large size-large\" alt=\"En el Colegio Contamos con Vos\" loading=\"lazy\" aria-describedby=\"gallery-1-310249\" srcset=\"https:\/\/www.medellin.gov.co\/es\/wp-content\/uploads\/2024\/05\/En-el-colegio-contamos-con-vos-1-1024x682.jpg 1024w, https:\/\/www.medellin.gov.co\/es\/wp-content\/uploads\/2024\/05\/En-el-colegio-contamos-con-vos-1-300x200.jpg 300w, https:\/\/www.medellin.gov.co\/es\/wp-content\/uploads\/2024\/05\/En-el-colegio-contamos-con-vos-1-150x100.jpg 150w, https:\/\/www.medellin.gov.co\/es\/wp-content\/uploads\/2024\/05\/En-el-colegio-contamos-con-vos-1-768x512.jpg 768w, https:\/\/www.medellin.gov.co\/es\/wp-content\/uploads\/2024\/05\/En-el-colegio-contamos-con-vos-1.jpg 1280w\" sizes=\"(max-width: 1024px) 100vw, 1024px\" \/><\/a>\n\t\t\t<\/dt>\n\t\t\t\t<dd class='wp-caption-text gallery-caption' id='gallery-1-310249'>\n\t\t\t\tEn el Colegio Contamos con Vos\n\t\t\t\t<\/dd><\/dl><br style=\"clear: both\" \/>\n\t\t<\/div>\n\n<p><em>\u201cCuando mi hija trajo los ni\u00f1os empec\u00e9 a buscarle cupo. Un d\u00eda pas\u00f3 una chica y me dijo que estaban buscando los ni\u00f1os que no estaban estudiando y yo le dije: \u201c\u00a1Ay mira! Mi nieto no est\u00e1 estudiando. Ella tom\u00f3 mis datos y me dijo que me avisaban, pero cuando me estuvo llamando el tel\u00e9fono se me hab\u00eda da\u00f1ado\u201d.<\/em><em>\u00a0<\/em><\/p>\n<p><em>Despu\u00e9s me localiz\u00f3 a trav\u00e9s del n\u00famero que hab\u00eda dado de mi hermana y me dijo: \u201cte vamos a ayudar para que el ni\u00f1o estudie y as\u00ed fue. Por eso le doy muchas gracias a esa muchacha\u201d, <\/em>narra emocionada Josefina Encarnaci\u00f3n Tiniago Escobar, la joven y carism\u00e1tica abuela de Yorman.<\/p>\n<p><strong>El recorrido<\/strong><\/p>\n<div id=\"attachment_310242\" style=\"width: 1034px\" class=\"wp-caption alignnone\"><a href=\"https:\/\/www.medellin.gov.co\/es\/wp-content\/uploads\/2024\/05\/Josefina_Encarnacion_Tiniago_Escobar_3.jpg\"><img aria-describedby=\"caption-attachment-310242\" loading=\"lazy\" class=\"size-large wp-image-310242\" src=\"https:\/\/www.medellin.gov.co\/es\/wp-content\/uploads\/2024\/05\/Josefina_Encarnacion_Tiniago_Escobar_3-1024x680.jpg\" alt=\"Yorma con su hermana Endrimar Sof\u00eda y su abuela Josefina Encarnaci\u00f3n Tiniago Escobar \" width=\"1024\" height=\"680\" srcset=\"https:\/\/www.medellin.gov.co\/es\/wp-content\/uploads\/2024\/05\/Josefina_Encarnacion_Tiniago_Escobar_3-1024x680.jpg 1024w, https:\/\/www.medellin.gov.co\/es\/wp-content\/uploads\/2024\/05\/Josefina_Encarnacion_Tiniago_Escobar_3-300x199.jpg 300w, https:\/\/www.medellin.gov.co\/es\/wp-content\/uploads\/2024\/05\/Josefina_Encarnacion_Tiniago_Escobar_3-150x100.jpg 150w, https:\/\/www.medellin.gov.co\/es\/wp-content\/uploads\/2024\/05\/Josefina_Encarnacion_Tiniago_Escobar_3-768x510.jpg 768w, https:\/\/www.medellin.gov.co\/es\/wp-content\/uploads\/2024\/05\/Josefina_Encarnacion_Tiniago_Escobar_3.jpg 1280w\" sizes=\"(max-width: 1024px) 100vw, 1024px\" \/><\/a><p id=\"caption-attachment-310242\" class=\"wp-caption-text\">Yorman Eliezer Correa Urday, con su hermana Endrimar Sophia Urday Pi\u00f1ango y su abuela Josefina Encarnaci\u00f3n Tiniago Escobar<\/p><\/div>\n<p>Yorman recorri\u00f3 un largo camino antes de llegar a la Instituci\u00f3n Educativa La Esperanza, lugar donde actualmente cursa tres grados en uno solo (primero, segundo y tercero de primaria).<\/p>\n<p>\u00c9l, junto a su familia sali\u00f3 de Caracas, Venezuela en el a\u00f1o 2018. En su trasegar llegaron a Maicao, despu\u00e9s a Santa Marta, luego pasaron a Bogot\u00e1 y finalmente arribaron a Medell\u00edn, donde se establecieron durante dos a\u00f1os hasta que decidieron emigrar a Per\u00fa.<\/p>\n<div id=\"attachment_310238\" style=\"width: 1034px\" class=\"wp-caption alignnone\"><a href=\"https:\/\/www.medellin.gov.co\/es\/wp-content\/uploads\/2024\/05\/Josefina_Encarnacion_Tiniago_Escobar.jpg\"><img aria-describedby=\"caption-attachment-310238\" loading=\"lazy\" class=\"size-large wp-image-310238\" src=\"https:\/\/www.medellin.gov.co\/es\/wp-content\/uploads\/2024\/05\/Josefina_Encarnacion_Tiniago_Escobar-1024x680.jpg\" alt=\"Josefina Encarnaci\u00f3n Tiniago Escobar\" width=\"1024\" height=\"680\" srcset=\"https:\/\/www.medellin.gov.co\/es\/wp-content\/uploads\/2024\/05\/Josefina_Encarnacion_Tiniago_Escobar-1024x680.jpg 1024w, https:\/\/www.medellin.gov.co\/es\/wp-content\/uploads\/2024\/05\/Josefina_Encarnacion_Tiniago_Escobar-300x199.jpg 300w, https:\/\/www.medellin.gov.co\/es\/wp-content\/uploads\/2024\/05\/Josefina_Encarnacion_Tiniago_Escobar-150x100.jpg 150w, https:\/\/www.medellin.gov.co\/es\/wp-content\/uploads\/2024\/05\/Josefina_Encarnacion_Tiniago_Escobar-768x510.jpg 768w, https:\/\/www.medellin.gov.co\/es\/wp-content\/uploads\/2024\/05\/Josefina_Encarnacion_Tiniago_Escobar.jpg 1280w\" sizes=\"(max-width: 1024px) 100vw, 1024px\" \/><\/a><p id=\"caption-attachment-310238\" class=\"wp-caption-text\">La abuela, Josefina Encarnaci\u00f3n y Endrimar Sophia, hermana de Yoma<\/p><\/div>\n<p>\u201c<em>Yo fui a Per\u00fa porque el pap\u00e1 de mi hija es peruano y estaba enfermo, entonces nosotros viajamos porque ella quer\u00eda verlo.<\/em> <em>All\u00e1 vivimos un proceso pero hace dos a\u00f1os le dije a mi hija, la mam\u00e1 de Yorman: yo me voy otra vez para Medell\u00edn\u201d, <\/em>expresa Josefina.<em>\u00a0<\/em><\/p>\n<p>Al regresar, esta abuela cuidadora de sus nietos, se estableci\u00f3 en el <a href=\"https:\/\/www.medellin.gov.co\/giscatalogacion\/srv\/api\/records\/48f0350e-6cd1-4e3e-888c-69ea954c7346\" target=\"_blank\" rel=\"noopener\">barrio El Compromiso, ubicado en la comuna 1 de Medell\u00edn<\/a> y tres meses despu\u00e9s llegaron a completar el hogar Yorman, junto a su madre y su hermana menor Endrimar Sof\u00eda.<em>\u00a0<\/em><\/p>\n<div id=\"attachment_310240\" style=\"width: 1034px\" class=\"wp-caption alignnone\"><a href=\"https:\/\/www.medellin.gov.co\/es\/wp-content\/uploads\/2024\/05\/Josefina_Encarnacion_Tiniago_Escobar_1.jpg\"><img aria-describedby=\"caption-attachment-310240\" loading=\"lazy\" class=\"size-large wp-image-310240\" src=\"https:\/\/www.medellin.gov.co\/es\/wp-content\/uploads\/2024\/05\/Josefina_Encarnacion_Tiniago_Escobar_1-1024x680.jpg\" alt=\"Josefina Encarnaci\u00f3n Tiniago Escobar, abuela de Yorma\" width=\"1024\" height=\"680\" srcset=\"https:\/\/www.medellin.gov.co\/es\/wp-content\/uploads\/2024\/05\/Josefina_Encarnacion_Tiniago_Escobar_1-1024x680.jpg 1024w, https:\/\/www.medellin.gov.co\/es\/wp-content\/uploads\/2024\/05\/Josefina_Encarnacion_Tiniago_Escobar_1-300x199.jpg 300w, https:\/\/www.medellin.gov.co\/es\/wp-content\/uploads\/2024\/05\/Josefina_Encarnacion_Tiniago_Escobar_1-150x100.jpg 150w, https:\/\/www.medellin.gov.co\/es\/wp-content\/uploads\/2024\/05\/Josefina_Encarnacion_Tiniago_Escobar_1-768x510.jpg 768w, https:\/\/www.medellin.gov.co\/es\/wp-content\/uploads\/2024\/05\/Josefina_Encarnacion_Tiniago_Escobar_1.jpg 1280w\" sizes=\"(max-width: 1024px) 100vw, 1024px\" \/><\/a><p id=\"caption-attachment-310240\" class=\"wp-caption-text\">Josefina Encarnaci\u00f3n Tiniago Escobar, abuela de Yorman<\/p><\/div>\n<p>Los motivos que llevaron a Josefina a tomar la decisi\u00f3n de regresar a la capital antioque\u00f1a son claros y contundentes:<em> \u201cdecid\u00ed regresar a Colombia porque me queda m\u00e1s cerca para llegar a Venezuela. Adem\u00e1s me gusta Medell\u00edn por la gente, porque consegu\u00ed mejor trato y porque me dieron esperanzas de que mi nieto iba a estudiar. \u00c9l en Per\u00fa no estaba en un colegio como tal, le estaban dando clases dirigidas en una casa, pero eso fue hasta que me lo trajeron para ac\u00e1<\/em>\u201d.<\/p>\n<p><strong>Una nueva vida<\/strong><strong>\u00a0<\/strong><\/p>\n<div id=\"attachment_310275\" style=\"width: 1034px\" class=\"wp-caption alignnone\"><a href=\"https:\/\/www.medellin.gov.co\/es\/wp-content\/uploads\/2024\/05\/En-el-colegio-contamos-con-vos-8.jpg\"><img aria-describedby=\"caption-attachment-310275\" loading=\"lazy\" class=\"size-large wp-image-310275\" src=\"https:\/\/www.medellin.gov.co\/es\/wp-content\/uploads\/2024\/05\/En-el-colegio-contamos-con-vos-8-1024x618.jpg\" alt=\"\" width=\"1024\" height=\"618\" srcset=\"https:\/\/www.medellin.gov.co\/es\/wp-content\/uploads\/2024\/05\/En-el-colegio-contamos-con-vos-8-1024x618.jpg 1024w, https:\/\/www.medellin.gov.co\/es\/wp-content\/uploads\/2024\/05\/En-el-colegio-contamos-con-vos-8-300x181.jpg 300w, https:\/\/www.medellin.gov.co\/es\/wp-content\/uploads\/2024\/05\/En-el-colegio-contamos-con-vos-8-150x90.jpg 150w, https:\/\/www.medellin.gov.co\/es\/wp-content\/uploads\/2024\/05\/En-el-colegio-contamos-con-vos-8-768x463.jpg 768w, https:\/\/www.medellin.gov.co\/es\/wp-content\/uploads\/2024\/05\/En-el-colegio-contamos-con-vos-8.jpg 1280w\" sizes=\"(max-width: 1024px) 100vw, 1024px\" \/><\/a><p id=\"caption-attachment-310275\" class=\"wp-caption-text\">Yorman Eliezer Correa Urday en la Instituci\u00f3n Educativa La Esperanza<\/p><\/div>\n<p>La vida de Yorman y su familia ha cambiado significativamente desde que ingres\u00f3 al sistema escolar. Hoy \u00e9l tiene nuevas metas y sue\u00f1os, adem\u00e1s de una rutina diaria muy diferente que incluye una jornada estudiantil que empieza temprano a las 6 y 45 y finaliza cinco horas despu\u00e9s, a las 11 y 45 de la ma\u00f1ana.<\/p>\n<p><em>\u201cYo me levanto antes de las 6 de la ma\u00f1ana, le arreglo su uniforme y todo lo dem\u00e1s, le hago su arepa y se la come antes de irse para el colegio. Cuando la mam\u00e1 est\u00e1, dej\u00f3 la ni\u00f1a con ella, pero cuando no est\u00e1 aqu\u00ed, me voy con ella a llevar a su hermanito; despu\u00e9s subo, la ba\u00f1o, le acomodo sus cosas, la llevo para la guarder\u00eda (porque ella entra a las 8), arreglo la casa, voy por el ni\u00f1o, le doy su almuerzo y voy a buscar a la ni\u00f1a\u201d<\/em>, cuenta Josefina.<\/p>\n<div id=\"attachment_310271\" style=\"width: 1034px\" class=\"wp-caption alignnone\"><a href=\"https:\/\/www.medellin.gov.co\/es\/wp-content\/uploads\/2024\/05\/En-el-colegio-contamos-con-vos-6.jpg\"><img aria-describedby=\"caption-attachment-310271\" loading=\"lazy\" class=\"size-large wp-image-310271\" src=\"https:\/\/www.medellin.gov.co\/es\/wp-content\/uploads\/2024\/05\/En-el-colegio-contamos-con-vos-6-1024x768.jpg\" alt=\"Yorman Eliezer Correa Urday en la Instituci\u00f3n Educativa Medell\u00edn\" width=\"1024\" height=\"768\" srcset=\"https:\/\/www.medellin.gov.co\/es\/wp-content\/uploads\/2024\/05\/En-el-colegio-contamos-con-vos-6-1024x768.jpg 1024w, https:\/\/www.medellin.gov.co\/es\/wp-content\/uploads\/2024\/05\/En-el-colegio-contamos-con-vos-6-300x225.jpg 300w, https:\/\/www.medellin.gov.co\/es\/wp-content\/uploads\/2024\/05\/En-el-colegio-contamos-con-vos-6-150x113.jpg 150w, https:\/\/www.medellin.gov.co\/es\/wp-content\/uploads\/2024\/05\/En-el-colegio-contamos-con-vos-6-768x576.jpg 768w, https:\/\/www.medellin.gov.co\/es\/wp-content\/uploads\/2024\/05\/En-el-colegio-contamos-con-vos-6.jpg 1280w\" sizes=\"(max-width: 1024px) 100vw, 1024px\" \/><\/a><p id=\"caption-attachment-310271\" class=\"wp-caption-text\">Yorman Eliezer Correa Urday en la Instituci\u00f3n Educativa La Esperanza<\/p><\/div>\n<p>Durante las primeras dos semanas en la Instituci\u00f3n Educativa La Esperanza, Yorman logr\u00f3 avanzar de manera significativa: aprendi\u00f3 a escribir su nombre, a leer las primeras palabras y a dibujar algunas siluetas b\u00e1sicas.<\/p>\n<p>En ese proceso el acompa\u00f1amiento incondicional de Josefina ha sido determinante y \u00e9l, a su corta edad es muy consciente de ello: <em>\u201cme ponen tareas para la casa y la abuela siempre me ayuda\u201d.<\/em><\/p>\n<p><strong>Un presente con mucho futuro<\/strong><\/p>\n<p>Por medio del estudio Yorman ha descubierto un mundo de posibilidades que le han permitido desarrollar habilidades, no s\u00f3lo acad\u00e9micas, sino sociales y emocionales.<strong>\u00a0<\/strong><\/p>\n<p><em>\u201cEl primero que entr\u00f3 conmigo al colegio fue Alfredo, entramos juntos y nos hicimos amigos. En los descansos siempre jugamos a las escondidas y a las atrapadas, pero \u00e9l nunca me encuentra, aunque a veces yo tampoco lo encuentro\u201d.<\/em><\/p>\n<div id=\"attachment_310295\" style=\"width: 1034px\" class=\"wp-caption alignnone\"><a href=\"https:\/\/www.medellin.gov.co\/es\/wp-content\/uploads\/2024\/05\/En-el-colegio-contamos-con-vos-9.jpg\"><img aria-describedby=\"caption-attachment-310295\" loading=\"lazy\" class=\"size-large wp-image-310295\" src=\"https:\/\/www.medellin.gov.co\/es\/wp-content\/uploads\/2024\/05\/En-el-colegio-contamos-con-vos-9-1024x680.jpg\" alt=\"Yorman Eliezer Correa Urday, con su hermana Endrimar Sophia Urday Pi\u00f1ango \" width=\"1024\" height=\"680\" srcset=\"https:\/\/www.medellin.gov.co\/es\/wp-content\/uploads\/2024\/05\/En-el-colegio-contamos-con-vos-9-1024x680.jpg 1024w, https:\/\/www.medellin.gov.co\/es\/wp-content\/uploads\/2024\/05\/En-el-colegio-contamos-con-vos-9-300x199.jpg 300w, https:\/\/www.medellin.gov.co\/es\/wp-content\/uploads\/2024\/05\/En-el-colegio-contamos-con-vos-9-150x100.jpg 150w, https:\/\/www.medellin.gov.co\/es\/wp-content\/uploads\/2024\/05\/En-el-colegio-contamos-con-vos-9-768x510.jpg 768w, https:\/\/www.medellin.gov.co\/es\/wp-content\/uploads\/2024\/05\/En-el-colegio-contamos-con-vos-9.jpg 1280w\" sizes=\"(max-width: 1024px) 100vw, 1024px\" \/><\/a><p id=\"caption-attachment-310295\" class=\"wp-caption-text\">Yorman Eliezer Correa Urday, con su hermana Endrimar Sophia Urday Pi\u00f1ango<\/p><\/div>\n<p><em>En clase lo que m\u00e1s me ha gustado es aprender a hacer un dibujo. \u00a1Yo no sab\u00eda hacer un dibujo jam\u00e1s! Ahora no s\u00e9 dibujar mucho, pero s\u00e9 hacer una mujer con su vestido, un hombre y un beb\u00e9. Otra profe nos meti\u00f3 pa\u2019all\u00e1 a jugar f\u00fatbol y es lo que m\u00e1s me gusta del colegio\u201d<\/em>, manifiesta entusiasta Yorman.<\/p>\n<p>En sus planes futuros su meta a mediano plazo es graduarse como bachiller y cuando sea \u201c<em>un poquito m\u00e1s grande<\/em>\u201d sue\u00f1a con ser un ingeniero.<\/p>\n<p>El punto de giro en la historia de este peque\u00f1o en edad, pero gigante de coraz\u00f3n es el sistema escolar. Hoy, su expresiva personalidad y esp\u00edritu ponderado le permiten reflexionar al respecto: <em>\u201ca m\u00ed nunca me gustaba el colegio, ni estudiar porque nada m\u00e1s hab\u00eda estado en preescolar, pero cuando fui al colegio me encant\u00f3. Me ha parecido bien todo. A m\u00ed me encanta ir pa\u2019l colegio ahora\u201d.<\/em><em>\u00a0<\/em><\/p>\n<p><strong>La campa\u00f1a <a href=\"https:\/\/www.medellin.gov.co\/es\/sala-de-prensa\/noticias\/la-campana-en-el-colegio-contamos-con-vos-aumento-la-matricula-en-24-000-estudiantes\/\" target=\"_blank\" rel=\"noopener\"><em>En el Colegio Contamos con Vos<\/em><\/a><\/strong><em><strong>\u00a0<\/strong><\/em><\/p>\n<div id=\"attachment_310262\" style=\"width: 1034px\" class=\"wp-caption alignnone\"><a href=\"https:\/\/www.medellin.gov.co\/es\/wp-content\/uploads\/2024\/05\/En-el-colegio-contamos-con-vos-4.jpg\" target=\"_blank\" rel=\"noopener\"><img aria-describedby=\"caption-attachment-310262\" loading=\"lazy\" class=\"wp-image-310262 size-large\" src=\"https:\/\/www.medellin.gov.co\/es\/wp-content\/uploads\/2024\/05\/En-el-colegio-contamos-con-vos-4-1024x682.jpg\" alt=\"En el Colegio Contamos con Vos\" width=\"1024\" height=\"682\" srcset=\"https:\/\/www.medellin.gov.co\/es\/wp-content\/uploads\/2024\/05\/En-el-colegio-contamos-con-vos-4-1024x682.jpg 1024w, https:\/\/www.medellin.gov.co\/es\/wp-content\/uploads\/2024\/05\/En-el-colegio-contamos-con-vos-4-300x200.jpg 300w, https:\/\/www.medellin.gov.co\/es\/wp-content\/uploads\/2024\/05\/En-el-colegio-contamos-con-vos-4-150x100.jpg 150w, https:\/\/www.medellin.gov.co\/es\/wp-content\/uploads\/2024\/05\/En-el-colegio-contamos-con-vos-4-768x512.jpg 768w, https:\/\/www.medellin.gov.co\/es\/wp-content\/uploads\/2024\/05\/En-el-colegio-contamos-con-vos-4.jpg 1280w\" sizes=\"(max-width: 1024px) 100vw, 1024px\" \/><\/a><p id=\"caption-attachment-310262\" class=\"wp-caption-text\">En el Colegio Contamos con Vos<\/p><\/div>\n<p>En el a\u00f1o 2019 la <a href=\"https:\/\/www.medellin.gov.co\/\" target=\"_blank\" rel=\"noopener\">Administraci\u00f3n Distrital<\/a> logr\u00f3 reducir la deserci\u00f3n escolar a un nivel hist\u00f3rico de 2.9 %, recuperando a m\u00e1s de 8000 estudiantes que hab\u00edan abandonado las aulas de clase. Hoy esta cifra asciende a casi el 3.9 %.<\/p>\n<p>La <a href=\"https:\/\/www.medellin.gov.co\/es\/secretaria-de-educacion\/\" target=\"_blank\" rel=\"noopener\">Secretar\u00eda de Educaci\u00f3n de Medell\u00edn<\/a> no para y por eso sigue reforzando la campa\u00f1a de matr\u00edculas en los diferentes territorios de la ciudad. La meta es que 300 000 ni\u00f1os, ni\u00f1as y j\u00f3venes est\u00e9n matriculados en el sistema educativo oficial.<\/p>\n<p><strong>\u00bfQu\u00e9 hacer si busca un cupo escolar?<\/strong><\/p>\n\n\t\t<style type=\"text\/css\">\n\t\t\t#gallery-2 {\n\t\t\t\tmargin: auto;\n\t\t\t}\n\t\t\t#gallery-2 .gallery-item {\n\t\t\t\tfloat: left;\n\t\t\t\tmargin-top: 10px;\n\t\t\t\ttext-align: center;\n\t\t\t\twidth: 50%;\n\t\t\t}\n\t\t\t#gallery-2 img {\n\t\t\t\tborder: 2px solid #cfcfcf;\n\t\t\t}\n\t\t\t#gallery-2 .gallery-caption {\n\t\t\t\tmargin-left: 0;\n\t\t\t}\n\t\t\t\/* see gallery_shortcode() in wp-includes\/media.php *\/\n\t\t<\/style>\n\t\t<div id='gallery-2' class='gallery galleryid-310237 gallery-columns-2 gallery-size-large'><dl class='gallery-item'>\n\t\t\t<dt class='gallery-icon landscape'>\n\t\t\t\t<a href='https:\/\/www.medellin.gov.co\/es\/sala-de-prensa\/noticias\/en-los-colegios-de-medellin-contamos-con-vos\/en-el-colegio-contamos-con-vos-3_1\/'><img width=\"1024\" height=\"682\" src=\"https:\/\/www.medellin.gov.co\/es\/wp-content\/uploads\/2024\/05\/En-el-colegio-contamos-con-vos-3_1-1024x682.jpg\" class=\"attachment-large size-large\" alt=\"En el Colegio Contamos con Vos\" loading=\"lazy\" aria-describedby=\"gallery-2-310261\" srcset=\"https:\/\/www.medellin.gov.co\/es\/wp-content\/uploads\/2024\/05\/En-el-colegio-contamos-con-vos-3_1-1024x682.jpg 1024w, https:\/\/www.medellin.gov.co\/es\/wp-content\/uploads\/2024\/05\/En-el-colegio-contamos-con-vos-3_1-300x200.jpg 300w, https:\/\/www.medellin.gov.co\/es\/wp-content\/uploads\/2024\/05\/En-el-colegio-contamos-con-vos-3_1-150x100.jpg 150w, https:\/\/www.medellin.gov.co\/es\/wp-content\/uploads\/2024\/05\/En-el-colegio-contamos-con-vos-3_1-768x512.jpg 768w, https:\/\/www.medellin.gov.co\/es\/wp-content\/uploads\/2024\/05\/En-el-colegio-contamos-con-vos-3_1.jpg 1280w\" sizes=\"(max-width: 1024px) 100vw, 1024px\" \/><\/a>\n\t\t\t<\/dt>\n\t\t\t\t<dd class='wp-caption-text gallery-caption' id='gallery-2-310261'>\n\t\t\t\tEn el Colegio Contamos con Vos\n\t\t\t\t<\/dd><\/dl><dl class='gallery-item'>\n\t\t\t<dt class='gallery-icon landscape'>\n\t\t\t\t<a href='https:\/\/www.medellin.gov.co\/es\/sala-de-prensa\/noticias\/en-los-colegios-de-medellin-contamos-con-vos\/en-el-colegio-contamos-con-vos-2\/'><img width=\"1024\" height=\"682\" src=\"https:\/\/www.medellin.gov.co\/es\/wp-content\/uploads\/2024\/05\/En-el-colegio-contamos-con-vos-2-1024x682.jpg\" class=\"attachment-large size-large\" alt=\"En el Colegio Contamos con Vos\" loading=\"lazy\" aria-describedby=\"gallery-2-310254\" srcset=\"https:\/\/www.medellin.gov.co\/es\/wp-content\/uploads\/2024\/05\/En-el-colegio-contamos-con-vos-2-1024x682.jpg 1024w, https:\/\/www.medellin.gov.co\/es\/wp-content\/uploads\/2024\/05\/En-el-colegio-contamos-con-vos-2-300x200.jpg 300w, https:\/\/www.medellin.gov.co\/es\/wp-content\/uploads\/2024\/05\/En-el-colegio-contamos-con-vos-2-150x100.jpg 150w, https:\/\/www.medellin.gov.co\/es\/wp-content\/uploads\/2024\/05\/En-el-colegio-contamos-con-vos-2-768x512.jpg 768w, https:\/\/www.medellin.gov.co\/es\/wp-content\/uploads\/2024\/05\/En-el-colegio-contamos-con-vos-2.jpg 1280w\" sizes=\"(max-width: 1024px) 100vw, 1024px\" \/><\/a>\n\t\t\t<\/dt>\n\t\t\t\t<dd class='wp-caption-text gallery-caption' id='gallery-2-310254'>\n\t\t\t\tEn el Colegio Contamos con Vos\n\t\t\t\t<\/dd><\/dl><br style=\"clear: both\" \/>\n\t\t<\/div>\n\n<ul>\n<li><strong>Opci\u00f3n #1:<\/strong> dir\u00edjase a la instituci\u00f3n educativa m\u00e1s cercana; si no hay cupo, contacte al jefe de n\u00facleo, quien le ofrecer\u00e1 m\u00e1s opciones. En <a href=\"http:\/\/www.medell\u00edn.edu.co\" target=\"_blank\" rel=\"noopener\">medell\u00edn.edu.co<\/a> encontrar\u00e1 el directorio de jefes de n\u00facleo.<\/li>\n<li><strong>Opci\u00f3n #2: <\/strong>reg\u00edstrese en el aplicativo \u201cBusca tu cupo\u201d en: <a href=\"http:\/\/www.medell\u00edn.edu.co\" target=\"_blank\" rel=\"noopener\">medell\u00edn.edu.co<\/a><\/li>\n<li><strong>Opci\u00f3n #3:<\/strong> solicite su cupo al correo electr\u00f3nico: <a href=\"mailto:cupos.edu@medellin.gov.co\" target=\"_blank\" rel=\"noopener\">edu@medellin.gov.co<\/a><\/li>\n<li><strong>Opci\u00f3n #4:<\/strong> solicite su cupo en las taquillas 15 o 16 de la Secretar\u00eda de Educaci\u00f3n (sede Bulevar de San Juan, calle 44 # 51-50).<\/li>\n<li>Informaci\u00f3n adicional en el n\u00famero: <strong>321 638 21 32 <\/strong><\/li>\n<\/ul>\n<p>El objetivo es que historias como las de Yorman se repliquen en todas las comunas y corregimientos de Medell\u00edn para que la vida de los ni\u00f1os, ni\u00f1as y j\u00f3venes de la ciudad sea impactada de manera positiva y para que la esperanza y la ilusi\u00f3n de que s\u00ed se puede, siempre est\u00e9n presentes en sus vidas.<\/p>\n","protected":false},"excerpt":{"rendered":"<p>\u201cEs la primera vez que estoy en un colegio y me encant\u00f3\u201d, expresa Yorman Eliezer Correa Urday, un ni\u00f1o que gracias a la estrategia En el Colegio Contamos con Vos ingres\u00f3 por primera vez al &#8230;<\/p>\n","protected":false},"author":17,"featured_media":310260,"comment_status":"open","ping_status":"open","sticky":false,"template":"","format":"standard","meta":[],"categories":[4],"tags":[431],"formato_nota":[],"programas_tax":[],"acf":[],"_links":{"self":[{"href":"https:\/\/www.medellin.gov.co\/es\/wp-json\/wp\/v2\/posts\/310237"}],"collection":[{"href":"https:\/\/www.medellin.gov.co\/es\/wp-json\/wp\/v2\/posts"}],"about":[{"href":"https:\/\/www.medellin.gov.co\/es\/wp-json\/wp\/v2\/types\/post"}],"author":[{"embeddable":true,"href":"https:\/\/www.medellin.gov.co\/es\/wp-json\/wp\/v2\/users\/17"}],"replies":[{"embeddable":true,"href":"https:\/\/www.medellin.gov.co\/es\/wp-json\/wp\/v2\/comments?post=310237"}],"version-history":[{"count":5,"href":"https:\/\/www.medellin.gov.co\/es\/wp-json\/wp\/v2\/posts\/310237\/revisions"}],"predecessor-version":[{"id":310316,"href":"https:\/\/www.medellin.gov.co\/es\/wp-json\/wp\/v2\/posts\/310237\/revisions\/310316"}],"wp:featuredmedia":[{"embeddable":true,"href":"https:\/\/www.medellin.gov.co\/es\/wp-json\/wp\/v2\/media\/310260"}],"wp:attachment":[{"href":"https:\/\/www.medellin.gov.co\/es\/wp-json\/wp\/v2\/media?parent=310237"}],"wp:term":[{"taxonomy":"category","embeddable":true,"href":"https:\/\/www.medellin.gov.co\/es\/wp-json\/wp\/v2\/categories?post=310237"},{"taxonomy":"post_tag","embeddable":true,"href":"https:\/\/www.medellin.gov.co\/es\/wp-json\/wp\/v2\/tags?post=310237"},{"taxonomy":"formato_nota","embeddable":true,"href":"https:\/\/www.medellin.gov.co\/es\/wp-json\/wp\/v2\/formato_nota?post=310237"},{"taxonomy":"programas_tax","embeddable":true,"href":"https:\/\/www.medellin.gov.co\/es\/wp-json\/wp\/v2\/programas_tax?post=310237"}],"curies":[{"name":"wp","href":"https:\/\/api.w.org\/{rel}","templated":true}]}}