{"id":310244,"date":"2024-05-03T12:15:25","date_gmt":"2024-05-03T17:15:25","guid":{"rendered":"https:\/\/www.medellin.gov.co\/es\/?p=310244"},"modified":"2024-09-14T15:39:16","modified_gmt":"2024-09-14T20:39:16","slug":"6-928-personas-se-beneficiaran-con-el-proyecto-bono-alimentario-2024","status":"publish","type":"post","link":"https:\/\/www.medellin.gov.co\/es\/sala-de-prensa\/noticias\/6-928-personas-se-beneficiaran-con-el-proyecto-bono-alimentario-2024\/","title":{"rendered":"6.928 personas se beneficiar\u00e1n con el proyecto Bono Alimentario 2024"},"content":{"rendered":"<ul>\n<li>La convocatoria estar\u00e1 vigente del 14 al 28 de mayo, a trav\u00e9s de <a href=\"https:\/\/www.medellin.gov.co\/es\/sala-de-prensa\/noticias\/bono-alimentario-2024\/\" target=\"_blank\" rel=\"noopener\">https:\/\/www.medellin.gov.co\/es\/sala-de-prensa\/noticias\/bono-alimentario-2024\/<\/a><\/li>\n<li>La estrategia, que cubre 14 comunas y todos los corregimientos, distribuir\u00e1 34.640 bonos durante el a\u00f1o.<\/li>\n<li>Los favorecidos recibir\u00e1n granos, cereales, carnes, l\u00e1cteos, frutas, verduras, pl\u00e1tanos y tub\u00e9rculos.<\/li>\n<\/ul>\n<!--[if lt IE 9]><script>document.createElement('audio');<\/script><![endif]-->\n\t<div class=\"wp-playlist wp-audio-playlist wp-playlist-light\">\n\t\t\t<div class=\"wp-playlist-current-item\"><\/div>\n\t\t<audio controls=\"controls\" preload=\"none\" width=\"640\"\n\t\t\t><\/audio>\n\t<div class=\"wp-playlist-next\"><\/div>\n\t<div class=\"wp-playlist-prev\"><\/div>\n\t<noscript>\n\t<ol>\n\t\t<li><a href='https:\/\/www.medellin.gov.co\/es\/wp-content\/uploads\/2024\/05\/Bono-Alimentario-2024-01.mp3'>Palabras de Lina Chavarriaga, directora Unidad de Seguridad Alimentaria, Secretar\u00eda de Inclusi\u00f3n Social y Familia<\/a><\/li>\t<\/ol>\n\t<\/noscript>\n\t<script type=\"application\/json\" class=\"wp-playlist-script\">{\"type\":\"audio\",\"tracklist\":true,\"tracknumbers\":true,\"images\":true,\"artists\":true,\"tracks\":[{\"src\":\"https:\\\/\\\/www.medellin.gov.co\\\/es\\\/wp-content\\\/uploads\\\/2024\\\/05\\\/Bono-Alimentario-2024-01.mp3\",\"type\":\"audio\\\/mpeg\",\"title\":\"Palabras de Lina Chavarriaga, directora Unidad de Seguridad Alimentaria, Secretar\\u00eda de Inclusi\\u00f3n Social y Familia\",\"caption\":\"\",\"description\":\"\\u00abPalabras de Lina Chavarriaga, directora Unidad de Seguridad Alimentaria, Secretar\\u00eda de Inclusi\\u00f3n Social y Familia\\u00bb.\",\"meta\":{\"year\":\"2024\",\"length_formatted\":\"2:48\"},\"image\":{\"src\":\"https:\\\/\\\/www.medellin.gov.co\\\/es\\\/wp-includes\\\/images\\\/media\\\/audio.png\",\"width\":48,\"height\":64},\"thumb\":{\"src\":\"https:\\\/\\\/www.medellin.gov.co\\\/es\\\/wp-includes\\\/images\\\/media\\\/audio.png\",\"width\":48,\"height\":64}}]}<\/script>\n<\/div>\n\t\n<p>Del 14 al 28 de mayo, la Alcald\u00eda de Medell\u00edn tendr\u00e1 abierta la convocatoria para la inscripci\u00f3n al proyecto Bono Alimentario 2024, con el objetivo de entregar 34.640 tiquetes a 6.928 beneficiarios en situaci\u00f3n de inseguridad alimentaria, especialmente aquellos con pobreza extrema y moderada. Se les ofrecer\u00e1 acceso a los nutrientes para una dieta adecuada.<\/p>\n<p>\u201c<em>Es una de las estrategias que vamos a implementar para la mitigaci\u00f3n del hambre. Necesitamos de este y muchos otros proyectos que nos ayuden a superarla. Tendremos aliados del sector p\u00fablico y privado sumando esfuerzos, ya que cerca de 222.000 hogares de Medell\u00edn est\u00e1n en inseguridad alimentaria moderada o severa<\/em>\u201d, expres\u00f3 la directora de la Unidad de Seguridad Alimentaria de la Secretar\u00eda de Inclusi\u00f3n Social y Familia, Lina Chavarriaga.<\/p>\n<p>Quienes se inscriban deben estar en el Sisb\u00e9n, ser mayores de edad (a menos que no haya adultos en el hogar y la persona registrada sea el jefe de familia) y residir en la comuna donde se prioriza la iniciativa. El grupo familiar no puede participar en otros programas de complementaci\u00f3n alimentaria. En caso de resultar favorecidos, es importante tener tiempo para asistir a capacitaciones.<\/p>\n<div id=\"attachment_310188\" style=\"width: 1290px\" class=\"wp-caption alignnone\"><a href=\"https:\/\/www.medellin.gov.co\/es\/wp-content\/uploads\/2024\/05\/Bono_Alimentario-3.jpg\" target=\"_blank\" rel=\"noopener\"><img aria-describedby=\"caption-attachment-310188\" loading=\"lazy\" class=\"wp-image-310188 size-full\" title=\"Bono alimentario\" src=\"https:\/\/www.medellin.gov.co\/es\/wp-content\/uploads\/2024\/05\/Bono_Alimentario-3.jpg\" alt=\"Bono alimentario\" width=\"1280\" height=\"853\" srcset=\"https:\/\/www.medellin.gov.co\/es\/wp-content\/uploads\/2024\/05\/Bono_Alimentario-3.jpg 1280w, https:\/\/www.medellin.gov.co\/es\/wp-content\/uploads\/2024\/05\/Bono_Alimentario-3-300x200.jpg 300w, https:\/\/www.medellin.gov.co\/es\/wp-content\/uploads\/2024\/05\/Bono_Alimentario-3-1024x682.jpg 1024w, https:\/\/www.medellin.gov.co\/es\/wp-content\/uploads\/2024\/05\/Bono_Alimentario-3-150x100.jpg 150w, https:\/\/www.medellin.gov.co\/es\/wp-content\/uploads\/2024\/05\/Bono_Alimentario-3-768x512.jpg 768w\" sizes=\"(max-width: 1280px) 100vw, 1280px\" \/><\/a><p id=\"caption-attachment-310188\" class=\"wp-caption-text\">Bono alimentario<\/p><\/div>\n<p>Mediante cinco entregas, los seleccionados recibir\u00e1n desprendibles para canjear por granos, cereales, carnes, l\u00e1cteos, frutas, verduras, pl\u00e1tanos y tub\u00e9rculos. La iniciativa forma parte de Planeaci\u00f3n Local y Presupuesto Participativo y fue priorizada por los corregimientos y las comunas, excepto Castilla y San Javier.<\/p>\n<p>Las postulaciones estar\u00e1n abiertas hasta el martes 14 de mayo, a trav\u00e9s de: <a href=\"https:\/\/www.medellin.gov.co\/es\/sala-de-prensa\/noticias\/bono-alimentario-2024\/\" target=\"_blank\" rel=\"noopener\">https:\/\/www.medellin.gov.co\/es\/sala-de-prensa\/noticias\/bono-alimentario-2024\/<\/a>. Para obtener m\u00e1s informaci\u00f3n, los interesados deben comunicarse con el equipo de Seguridad Alimentaria y Nutricional al 604 385 55 55, extensi\u00f3n 5444.<\/p>\n","protected":false},"excerpt":{"rendered":"<p>La convocatoria estar\u00e1 vigente del 14 al 28 de mayo, a trav\u00e9s de https:\/\/www.medellin.gov.co\/es\/sala-de-prensa\/noticias\/bono-alimentario-2024\/ La estrategia, que cubre 14 comunas y todos los corregimientos, distribuir\u00e1 34.640 bonos durante el a\u00f1o. Los favorecidos recibir\u00e1n granos, cereales, &#8230;<\/p>\n","protected":false},"author":21,"featured_media":310191,"comment_status":"open","ping_status":"open","sticky":false,"template":"","format":"standard","meta":[],"categories":[706],"tags":[451,455],"formato_nota":[],"programas_tax":[],"acf":[],"_links":{"self":[{"href":"https:\/\/www.medellin.gov.co\/es\/wp-json\/wp\/v2\/posts\/310244"}],"collection":[{"href":"https:\/\/www.medellin.gov.co\/es\/wp-json\/wp\/v2\/posts"}],"about":[{"href":"https:\/\/www.medellin.gov.co\/es\/wp-json\/wp\/v2\/types\/post"}],"author":[{"embeddable":true,"href":"https:\/\/www.medellin.gov.co\/es\/wp-json\/wp\/v2\/users\/21"}],"replies":[{"embeddable":true,"href":"https:\/\/www.medellin.gov.co\/es\/wp-json\/wp\/v2\/comments?post=310244"}],"version-history":[{"count":1,"href":"https:\/\/www.medellin.gov.co\/es\/wp-json\/wp\/v2\/posts\/310244\/revisions"}],"predecessor-version":[{"id":310267,"href":"https:\/\/www.medellin.gov.co\/es\/wp-json\/wp\/v2\/posts\/310244\/revisions\/310267"}],"wp:featuredmedia":[{"embeddable":true,"href":"https:\/\/www.medellin.gov.co\/es\/wp-json\/wp\/v2\/media\/310191"}],"wp:attachment":[{"href":"https:\/\/www.medellin.gov.co\/es\/wp-json\/wp\/v2\/media?parent=310244"}],"wp:term":[{"taxonomy":"category","embeddable":true,"href":"https:\/\/www.medellin.gov.co\/es\/wp-json\/wp\/v2\/categories?post=310244"},{"taxonomy":"post_tag","embeddable":true,"href":"https:\/\/www.medellin.gov.co\/es\/wp-json\/wp\/v2\/tags?post=310244"},{"taxonomy":"formato_nota","embeddable":true,"href":"https:\/\/www.medellin.gov.co\/es\/wp-json\/wp\/v2\/formato_nota?post=310244"},{"taxonomy":"programas_tax","embeddable":true,"href":"https:\/\/www.medellin.gov.co\/es\/wp-json\/wp\/v2\/programas_tax?post=310244"}],"curies":[{"name":"wp","href":"https:\/\/api.w.org\/{rel}","templated":true}]}}