{"id":310310,"date":"2024-05-03T13:31:26","date_gmt":"2024-05-03T18:31:26","guid":{"rendered":"https:\/\/www.medellin.gov.co\/es\/?p=310310"},"modified":"2024-05-03T13:32:31","modified_gmt":"2024-05-03T18:32:31","slug":"vamos-a-darle-amor-al-centro-semana-del-centro","status":"publish","type":"post","link":"https:\/\/www.medellin.gov.co\/es\/sala-de-prensa\/noticias\/vamos-a-darle-amor-al-centro-semana-del-centro\/","title":{"rendered":"\u00a1Vamos a darle amor al Centro! Semana del Centro"},"content":{"rendered":"<p>Entre el 5 y el 10 de mayo, te invitamos a sumarte y participar en la jornadas para darle amor a nuestro Centro.<\/p>\n<p><strong><u>Programaci\u00f3n:<\/u><\/strong><strong>\u00a0<\/strong><\/p>\n<ul>\n<li><strong>Domingo 5 de mayo<\/strong> en Cisneros, desde la Estaci\u00f3n Cisneros del Metro, hasta la cancha de sobre la avenida Regional.<\/li>\n<li><strong>Lunes 6 de mayo<\/strong> en el Pasaje Jun\u00edn entre las calles Caracas y La Playa.<\/li>\n<li><strong>Martes 7 de mayo<\/strong> en la plazuela de San Ignacio.<\/li>\n<li><strong>Mi\u00e9rcoles 8 de mayo<\/strong> en la carrera Bol\u00edvar entre la calle Matur\u00edn y la avenida San Juan.<\/li>\n<li><strong>Jueves 9 de mayo<\/strong> en Matur\u00edn entre las carreras Bol\u00edvar y C\u00facuta.<\/li>\n<li><strong>Viernes 10 de mayo: <\/strong>cierre en el Parque de las Luces.<strong>\u00a0<\/strong><\/li>\n<\/ul>\n<p><strong>Hora: <\/strong><\/p>\n<ul>\n<li>7:30 a.m. y la 1:00 p.m.<strong>\u00a0<\/strong><\/li>\n<\/ul>\n<p><strong>Actividades:<\/strong><\/p>\n<ul>\n<li>Jornada de embellecimiento, recolecci\u00f3n de residuos s\u00f3lidos, siembra de \u00e1rboles, retiro de publicidad prohibida, levantamiento de cambuches, pintura de separadores, se\u00f1alizaci\u00f3n, y mantenimiento de mobiliario p\u00fablico y lavados.<\/li>\n<li>Buz\u00f3n del agradecimiento al Centro.<\/li>\n<li>Tomas culturales.<\/li>\n<li>\u00a1Volvamos a Juniniar!<\/li>\n<li>Sensibilizaciones y educaci\u00f3n ambiental para el manejo de residuos s\u00f3lidos y reciclaje, y en temas de mendicidad.<\/li>\n<li>Sensibilizaci\u00f3n de las estrategias Salvavidas y Medell\u00edn Joven.<\/li>\n<li>Sensibilizaci\u00f3n a la comunidad de los talleres de mec\u00e1nica automotriz, habitantes de calle, arte urbano y jardiner\u00eda en el sector de Cisneros hasta Matur\u00edn.<\/li>\n<\/ul>\n","protected":false},"excerpt":{"rendered":"<p>Entre el 5 y el 10 de mayo, te invitamos a sumarte y participar en la jornadas para darle amor a nuestro Centro. Programaci\u00f3n:\u00a0 Domingo 5 de mayo en Cisneros, desde la Estaci\u00f3n Cisneros del &#8230;<\/p>\n","protected":false},"author":17,"featured_media":142206,"comment_status":"open","ping_status":"open","sticky":false,"template":"","format":"standard","meta":[],"categories":[23],"tags":[428],"formato_nota":[],"programas_tax":[],"acf":[],"_links":{"self":[{"href":"https:\/\/www.medellin.gov.co\/es\/wp-json\/wp\/v2\/posts\/310310"}],"collection":[{"href":"https:\/\/www.medellin.gov.co\/es\/wp-json\/wp\/v2\/posts"}],"about":[{"href":"https:\/\/www.medellin.gov.co\/es\/wp-json\/wp\/v2\/types\/post"}],"author":[{"embeddable":true,"href":"https:\/\/www.medellin.gov.co\/es\/wp-json\/wp\/v2\/users\/17"}],"replies":[{"embeddable":true,"href":"https:\/\/www.medellin.gov.co\/es\/wp-json\/wp\/v2\/comments?post=310310"}],"version-history":[{"count":1,"href":"https:\/\/www.medellin.gov.co\/es\/wp-json\/wp\/v2\/posts\/310310\/revisions"}],"predecessor-version":[{"id":310312,"href":"https:\/\/www.medellin.gov.co\/es\/wp-json\/wp\/v2\/posts\/310310\/revisions\/310312"}],"wp:featuredmedia":[{"embeddable":true,"href":"https:\/\/www.medellin.gov.co\/es\/wp-json\/wp\/v2\/media\/142206"}],"wp:attachment":[{"href":"https:\/\/www.medellin.gov.co\/es\/wp-json\/wp\/v2\/media?parent=310310"}],"wp:term":[{"taxonomy":"category","embeddable":true,"href":"https:\/\/www.medellin.gov.co\/es\/wp-json\/wp\/v2\/categories?post=310310"},{"taxonomy":"post_tag","embeddable":true,"href":"https:\/\/www.medellin.gov.co\/es\/wp-json\/wp\/v2\/tags?post=310310"},{"taxonomy":"formato_nota","embeddable":true,"href":"https:\/\/www.medellin.gov.co\/es\/wp-json\/wp\/v2\/formato_nota?post=310310"},{"taxonomy":"programas_tax","embeddable":true,"href":"https:\/\/www.medellin.gov.co\/es\/wp-json\/wp\/v2\/programas_tax?post=310310"}],"curies":[{"name":"wp","href":"https:\/\/api.w.org\/{rel}","templated":true}]}}