{"id":310319,"date":"2024-05-03T19:38:38","date_gmt":"2024-05-04T00:38:38","guid":{"rendered":"https:\/\/www.medellin.gov.co\/es\/?p=310319"},"modified":"2024-05-03T19:38:38","modified_gmt":"2024-05-04T00:38:38","slug":"el-distrito-radico-ante-el-concejo-el-proyecto-de-acuerdo-con-el-que-se-espera-incorporar-recursos-por-876-460-millones","status":"publish","type":"post","link":"https:\/\/www.medellin.gov.co\/es\/sala-de-prensa\/noticias\/el-distrito-radico-ante-el-concejo-el-proyecto-de-acuerdo-con-el-que-se-espera-incorporar-recursos-por-876-460-millones\/","title":{"rendered":"El Distrito radic\u00f3 ante el Concejo el proyecto de acuerdo con el que se espera incorporar recursos por $876.460 millones"},"content":{"rendered":"<ul>\n<li>Estos recursos ingresar\u00edan para la vigencia 2024 desde diferentes fuentes.<\/li>\n<li>En su mayor\u00eda, se destinar\u00e1n a Buen Comienzo, el Programa de Alimentaci\u00f3n Escolar \u2013PAE, obras de infraestructura y el Inder.<\/li>\n<\/ul>\n<p>Para subsanar la desfinanciaci\u00f3n del presupuesto actual que fue aprobado en 2023, la Alcald\u00eda de Medell\u00edn radic\u00f3 ante el Concejo una iniciativa para incorporar recursos de la vigencia anterior por $270.497 millones; adicionalmente, se propone ajustar la proyecci\u00f3n de las rentas con los recursos adicionales al presupuesto por $353.122 millones y acceso a recursos del cr\u00e9dito por un valor de $252.859 millones, para un total de $876.460 millones.<\/p>\n<p>Sumado a esa situaci\u00f3n, la ciudad dejar\u00e1 de percibir $231.000 millones debido a la reducci\u00f3n de las transferencias de EPM, producto de su gesti\u00f3n financiera del \u00faltimo a\u00f1o.<\/p>\n<p>\u201c<em>Es importante el trabajo conjunto con el Concejo para sacar adelante este proyecto de acuerdo que beneficiar\u00e1 los diferentes programas sociales, el desarrollo de infraestructura y garantizar\u00e1 el bienestar de las personas. Continuamos nuestro prop\u00f3sito de poner la casa en orden, apost\u00e1ndole as\u00ed a la recuperaci\u00f3n de nuestra ciudad y a la confianza de la gente<\/em>\u201d, expres\u00f3 el secretario de Hacienda, Orlando Uribe Villa.<\/p>\n<p>La propuesta beneficiar\u00e1 los programas sociales, en los cuales se invertir\u00e1 la suma de $575.621 millones, equivalentes al 66 % de los recursos. Para infraestructura se destinar\u00e1n $260.779 millones, que corresponden a m\u00e1s del 30 %.<\/p>\n<p>En su mayor\u00eda, los dineros adicionales se asignar\u00e1n al programa Buen Comienzo que tendr\u00e1 $83.486 millones para garantizar una cobertura de 84.000 ni\u00f1as y ni\u00f1os de primera infancia; el Programa de Alimentaci\u00f3n Escolar \u2013PAE contar\u00e1 con una inversi\u00f3n de $44.046 millones, beneficiando a 232.000 menores. Para infraestructura ser\u00e1n $71.973 millones para la construcci\u00f3n del corredor vial y de transporte de la avenida 80 y otros $42.192 millones para la rehabilitaci\u00f3n y mantenimiento de la malla vial.<\/p>\n<p>Finalmente, para el Inder se realizar\u00e1 una inversi\u00f3n de $87.350 millones, de los cuales $64.156 millones son para construcci\u00f3n, mantenimiento y adecuaci\u00f3n de escenarios deportivos, recreativos y de actividad f\u00edsica. Para lo relacionado con la oferta de recreaci\u00f3n y aprovechamiento del tiempo libre para los ciudadanos, los recursos ascienden a $23.193 millones.<\/p>\n","protected":false},"excerpt":{"rendered":"<p>Estos recursos ingresar\u00edan para la vigencia 2024 desde diferentes fuentes. En su mayor\u00eda, se destinar\u00e1n a Buen Comienzo, el Programa de Alimentaci\u00f3n Escolar \u2013PAE, obras de infraestructura y el Inder. Para subsanar la desfinanciaci\u00f3n del &#8230;<\/p>\n","protected":false},"author":21,"featured_media":112144,"comment_status":"open","ping_status":"open","sticky":false,"template":"","format":"standard","meta":[],"categories":[9],"tags":[455],"formato_nota":[],"programas_tax":[],"acf":[],"_links":{"self":[{"href":"https:\/\/www.medellin.gov.co\/es\/wp-json\/wp\/v2\/posts\/310319"}],"collection":[{"href":"https:\/\/www.medellin.gov.co\/es\/wp-json\/wp\/v2\/posts"}],"about":[{"href":"https:\/\/www.medellin.gov.co\/es\/wp-json\/wp\/v2\/types\/post"}],"author":[{"embeddable":true,"href":"https:\/\/www.medellin.gov.co\/es\/wp-json\/wp\/v2\/users\/21"}],"replies":[{"embeddable":true,"href":"https:\/\/www.medellin.gov.co\/es\/wp-json\/wp\/v2\/comments?post=310319"}],"version-history":[{"count":1,"href":"https:\/\/www.medellin.gov.co\/es\/wp-json\/wp\/v2\/posts\/310319\/revisions"}],"predecessor-version":[{"id":310322,"href":"https:\/\/www.medellin.gov.co\/es\/wp-json\/wp\/v2\/posts\/310319\/revisions\/310322"}],"wp:featuredmedia":[{"embeddable":true,"href":"https:\/\/www.medellin.gov.co\/es\/wp-json\/wp\/v2\/media\/112144"}],"wp:attachment":[{"href":"https:\/\/www.medellin.gov.co\/es\/wp-json\/wp\/v2\/media?parent=310319"}],"wp:term":[{"taxonomy":"category","embeddable":true,"href":"https:\/\/www.medellin.gov.co\/es\/wp-json\/wp\/v2\/categories?post=310319"},{"taxonomy":"post_tag","embeddable":true,"href":"https:\/\/www.medellin.gov.co\/es\/wp-json\/wp\/v2\/tags?post=310319"},{"taxonomy":"formato_nota","embeddable":true,"href":"https:\/\/www.medellin.gov.co\/es\/wp-json\/wp\/v2\/formato_nota?post=310319"},{"taxonomy":"programas_tax","embeddable":true,"href":"https:\/\/www.medellin.gov.co\/es\/wp-json\/wp\/v2\/programas_tax?post=310319"}],"curies":[{"name":"wp","href":"https:\/\/api.w.org\/{rel}","templated":true}]}}