{"id":310325,"date":"2024-05-03T19:43:04","date_gmt":"2024-05-04T00:43:04","guid":{"rendered":"https:\/\/www.medellin.gov.co\/es\/?p=310325"},"modified":"2024-05-03T19:43:04","modified_gmt":"2024-05-04T00:43:04","slug":"en-la-temporada-de-lluvias-medellin-registra-incremento-en-la-incidentalidad-vial","status":"publish","type":"post","link":"https:\/\/www.medellin.gov.co\/es\/sala-de-prensa\/noticias\/en-la-temporada-de-lluvias-medellin-registra-incremento-en-la-incidentalidad-vial\/","title":{"rendered":"En la temporada de lluvias, Medell\u00edn registra incremento en la incidentalidad vial"},"content":{"rendered":"<ul>\n<li>En lo que va corrido de 2024 van 97 personas fallecidas en incidentes viales.<\/li>\n<li>En m\u00e1s del 50 % de los casos, las v\u00edctimas fueron motociclistas.<\/li>\n<\/ul>\n<!--[if lt IE 9]><script>document.createElement('audio');<\/script><![endif]-->\n\t<div class=\"wp-playlist wp-audio-playlist wp-playlist-light\">\n\t\t\t<div class=\"wp-playlist-current-item\"><\/div>\n\t\t<audio controls=\"controls\" preload=\"none\" width=\"640\"\n\t\t\t><\/audio>\n\t<div class=\"wp-playlist-next\"><\/div>\n\t<div class=\"wp-playlist-prev\"><\/div>\n\t<noscript>\n\t<ol>\n\t\t<li><a href='https:\/\/www.medellin.gov.co\/es\/wp-content\/uploads\/2024\/05\/Incidentalidad-Vial-01.mp3'>Palabras de Mateo Gonz\u00e1lez Ben\u00edtez, secretario de Movilidad<\/a><\/li>\t<\/ol>\n\t<\/noscript>\n\t<script type=\"application\/json\" class=\"wp-playlist-script\">{\"type\":\"audio\",\"tracklist\":true,\"tracknumbers\":true,\"images\":true,\"artists\":true,\"tracks\":[{\"src\":\"https:\\\/\\\/www.medellin.gov.co\\\/es\\\/wp-content\\\/uploads\\\/2024\\\/05\\\/Incidentalidad-Vial-01.mp3\",\"type\":\"audio\\\/mpeg\",\"title\":\"Palabras de Mateo Gonz\\u00e1lez Ben\\u00edtez, secretario de Movilidad\",\"caption\":\"\",\"description\":\"\\u00abIPalabras de Mateo Gonz\\u00e1lez Ben\\u00edtez, secretario de Movilidad\\u00bb. \",\"meta\":{\"year\":\"2024\",\"length_formatted\":\"1:46\"},\"image\":{\"src\":\"https:\\\/\\\/www.medellin.gov.co\\\/es\\\/wp-includes\\\/images\\\/media\\\/audio.png\",\"width\":48,\"height\":64},\"thumb\":{\"src\":\"https:\\\/\\\/www.medellin.gov.co\\\/es\\\/wp-includes\\\/images\\\/media\\\/audio.png\",\"width\":48,\"height\":64}}]}<\/script>\n<\/div>\n\t\n<p>En los \u00faltimos d\u00edas, Medell\u00edn registra un aumento en la incidentalidad vehicular, en parte debido a las condiciones viales que se generan durante las fuertes lluvias y que se agravan por comportamientos imprudentes al volante. Ayer, 2 de mayo, hubo cuatro v\u00edctimas en diferentes casos.<\/p>\n<p>En lo que va del a\u00f1o, se reportan 97 vidas perdidas en incidentes viales, de ellas 52 fueron de motociclistas que colisionaron contra objetos fijos, se pasaron una se\u00f1al de pare o cruzaron el sem\u00e1foro en rojo.<\/p>\n<p>Desde el primero de enero de este a\u00f1o, en la ciudad se han atendido 10.494 casos, de los cuales 9.852 tuvieron v\u00edctimas leves y graves.<\/p>\n<p>\u201c<em>Todas las muertes nos generan una profunda tristeza, a cada caso le damos prioridad. Sobre todo en aquellos casos en donde hay una fuga y ya venimos dando resultados importantes en la materia<\/em>\u201d, coment\u00f3 el Secretario de Movilidad, Mateo Gonz\u00e1lez Ben\u00edtez.<\/p>\n<div id=\"attachment_310326\" style=\"width: 1610px\" class=\"wp-caption alignnone\"><a href=\"https:\/\/www.medellin.gov.co\/es\/wp-content\/uploads\/2024\/05\/Incidentalidad-Vial-2.jpeg\" target=\"_blank\" rel=\"noopener\"><img aria-describedby=\"caption-attachment-310326\" loading=\"lazy\" class=\"wp-image-310326 size-full\" title=\"En la temporada de lluvias, Medell\u00edn registra incremento en la incidentalidad vial\" src=\"https:\/\/www.medellin.gov.co\/es\/wp-content\/uploads\/2024\/05\/Incidentalidad-Vial-2.jpeg\" alt=\"En la temporada de lluvias, Medell\u00edn registra incremento en la incidentalidad vial\" width=\"1600\" height=\"900\" srcset=\"https:\/\/www.medellin.gov.co\/es\/wp-content\/uploads\/2024\/05\/Incidentalidad-Vial-2.jpeg 1600w, https:\/\/www.medellin.gov.co\/es\/wp-content\/uploads\/2024\/05\/Incidentalidad-Vial-2-300x169.jpeg 300w, https:\/\/www.medellin.gov.co\/es\/wp-content\/uploads\/2024\/05\/Incidentalidad-Vial-2-1024x576.jpeg 1024w, https:\/\/www.medellin.gov.co\/es\/wp-content\/uploads\/2024\/05\/Incidentalidad-Vial-2-150x84.jpeg 150w, https:\/\/www.medellin.gov.co\/es\/wp-content\/uploads\/2024\/05\/Incidentalidad-Vial-2-768x432.jpeg 768w, https:\/\/www.medellin.gov.co\/es\/wp-content\/uploads\/2024\/05\/Incidentalidad-Vial-2-1536x864.jpeg 1536w\" sizes=\"(max-width: 1600px) 100vw, 1600px\" \/><\/a><p id=\"caption-attachment-310326\" class=\"wp-caption-text\">En la temporada de lluvias, Medell\u00edn registra incremento en la incidentalidad vial &#8211; Foto Alcald\u00eda de Medell\u00edn<\/p><\/div>\n<p>Ante esta situaci\u00f3n, la Alcald\u00eda de Medell\u00edn hace un llamado a los ciudadanos para que extremen las medidas de precauci\u00f3n y adopten conductas responsables al desplazarse por las calles.<\/p>\n<p>A los motociclistas se les recomienda reducir la velocidad; usar siempre casco en \u00f3ptimas condiciones y abrochado todo el tiempo; y portar alguna prenda reflectiva en los horarios establecidos o cuando la visibilidad lo amerite.<\/p>\n<p>Los conductores de carros deben asegurarse del estado de los neum\u00e1ticos y cerciorarse de que cuenten con la profundidad adecuada para evacuar el agua que les ingrese; cuando est\u00e9 lloviendo deben encender las luces del veh\u00edculo, incluso durante el d\u00eda, para mejorar la visibilidad tanto propia como de los dem\u00e1s; tener precauci\u00f3n en maniobras de adelantamiento o de cambio de carril; consultar los reportes de tr\u00e1fico y de condiciones clim\u00e1ticas; planear la ruta con anticipaci\u00f3n; y cumplir con las normas de tr\u00e1nsito.<\/p>\n","protected":false},"excerpt":{"rendered":"<p>En lo que va corrido de 2024 van 97 personas fallecidas en incidentes viales. En m\u00e1s del 50 % de los casos, las v\u00edctimas fueron motociclistas. En los \u00faltimos d\u00edas, Medell\u00edn registra un aumento en &#8230;<\/p>\n","protected":false},"author":21,"featured_media":310328,"comment_status":"open","ping_status":"open","sticky":false,"template":"","format":"standard","meta":[],"categories":[14],"tags":[447],"formato_nota":[],"programas_tax":[],"acf":[],"_links":{"self":[{"href":"https:\/\/www.medellin.gov.co\/es\/wp-json\/wp\/v2\/posts\/310325"}],"collection":[{"href":"https:\/\/www.medellin.gov.co\/es\/wp-json\/wp\/v2\/posts"}],"about":[{"href":"https:\/\/www.medellin.gov.co\/es\/wp-json\/wp\/v2\/types\/post"}],"author":[{"embeddable":true,"href":"https:\/\/www.medellin.gov.co\/es\/wp-json\/wp\/v2\/users\/21"}],"replies":[{"embeddable":true,"href":"https:\/\/www.medellin.gov.co\/es\/wp-json\/wp\/v2\/comments?post=310325"}],"version-history":[{"count":1,"href":"https:\/\/www.medellin.gov.co\/es\/wp-json\/wp\/v2\/posts\/310325\/revisions"}],"predecessor-version":[{"id":310329,"href":"https:\/\/www.medellin.gov.co\/es\/wp-json\/wp\/v2\/posts\/310325\/revisions\/310329"}],"wp:featuredmedia":[{"embeddable":true,"href":"https:\/\/www.medellin.gov.co\/es\/wp-json\/wp\/v2\/media\/310328"}],"wp:attachment":[{"href":"https:\/\/www.medellin.gov.co\/es\/wp-json\/wp\/v2\/media?parent=310325"}],"wp:term":[{"taxonomy":"category","embeddable":true,"href":"https:\/\/www.medellin.gov.co\/es\/wp-json\/wp\/v2\/categories?post=310325"},{"taxonomy":"post_tag","embeddable":true,"href":"https:\/\/www.medellin.gov.co\/es\/wp-json\/wp\/v2\/tags?post=310325"},{"taxonomy":"formato_nota","embeddable":true,"href":"https:\/\/www.medellin.gov.co\/es\/wp-json\/wp\/v2\/formato_nota?post=310325"},{"taxonomy":"programas_tax","embeddable":true,"href":"https:\/\/www.medellin.gov.co\/es\/wp-json\/wp\/v2\/programas_tax?post=310325"}],"curies":[{"name":"wp","href":"https:\/\/api.w.org\/{rel}","templated":true}]}}