{"id":316656,"date":"2024-06-08T00:19:31","date_gmt":"2024-06-08T05:19:31","guid":{"rendered":"https:\/\/www.medellin.gov.co\/es\/?p=316656"},"modified":"2024-06-09T10:38:02","modified_gmt":"2024-06-09T15:38:02","slug":"el-hospital-san-vicente-fundacion-medellin-111-anos-fiel-a-su-mision-de-cuidar-la-vida","status":"publish","type":"post","link":"https:\/\/www.medellin.gov.co\/es\/sala-de-prensa\/noticias\/el-hospital-san-vicente-fundacion-medellin-111-anos-fiel-a-su-mision-de-cuidar-la-vida\/","title":{"rendered":"El Hospital San Vicente Fundaci\u00f3n Medell\u00edn: 111 a\u00f1os fiel a su misi\u00f3n de cuidar la vida"},"content":{"rendered":"<blockquote>\n<p style=\"text-align: left;\"><em>El <a href=\"https:\/\/www.sanvicentefundacion.com\/nuestras-entidades\/hospital-medellin\" target=\"_blank\" rel=\"noopener\">Hospital San Vicente Fundaci\u00f3n<\/a> es el m\u00e1s importante de Antioquia \u00a0y uno de los m\u00e1s reconocidos a nivel nacional y latinoamericano. En sus 111 a\u00f1os de vida se ha destacado por la atenci\u00f3n a pacientes de alta complejidad, por sus avances m\u00e9dicos y por la formaci\u00f3n de su talento humano.<\/em><\/p>\n<\/blockquote>\n<p>La historia del <a href=\"https:\/\/www.sanvicentefundacion.com\/nuestras-entidades\/hospital-medellin\" target=\"_blank\" rel=\"noopener\">Hospital San Vicente Fundaci\u00f3n Medell\u00edn<\/a>, se remonta al a\u00f1o 1913, cuando<a href=\"https:\/\/es.wikipedia.org\/wiki\/Alejandro_Echavarr%C3%ADa\" target=\"_blank\" rel=\"noopener\"> Alejandro Echavarr\u00eda Isaza<\/a>, despu\u00e9s de ver a su esposa enferma durante un largo tiempo, le dijo a sus hijos: <em>\u201cHe visto tanto sufrir a su madre que me he puesto a pensar, que si ella, que teniendo todos los recursos de la ciencia m\u00e9dica, ha padecido tanto, cu\u00e1les ser\u00e1n los sufrimientos de los pobres en sus enfermedades sin quien les proporcione alivio, sin recursos para pagar los m\u00e9dicos\u201d.<\/em><\/p>\n<div id=\"attachment_316700\" style=\"width: 1034px\" class=\"wp-caption alignnone\"><a href=\"https:\/\/www.medellin.gov.co\/es\/wp-content\/uploads\/2024\/06\/Alejandro_Echavarria_Isaza_HUSVP_1.jpg\"><img aria-describedby=\"caption-attachment-316700\" loading=\"lazy\" class=\"size-large wp-image-316700\" src=\"https:\/\/www.medellin.gov.co\/es\/wp-content\/uploads\/2024\/06\/Alejandro_Echavarria_Isaza_HUSVP_1-1024x680.jpg\" alt=\"\" width=\"1024\" height=\"680\" srcset=\"https:\/\/www.medellin.gov.co\/es\/wp-content\/uploads\/2024\/06\/Alejandro_Echavarria_Isaza_HUSVP_1-1024x680.jpg 1024w, https:\/\/www.medellin.gov.co\/es\/wp-content\/uploads\/2024\/06\/Alejandro_Echavarria_Isaza_HUSVP_1-300x199.jpg 300w, https:\/\/www.medellin.gov.co\/es\/wp-content\/uploads\/2024\/06\/Alejandro_Echavarria_Isaza_HUSVP_1-150x100.jpg 150w, https:\/\/www.medellin.gov.co\/es\/wp-content\/uploads\/2024\/06\/Alejandro_Echavarria_Isaza_HUSVP_1-768x510.jpg 768w, https:\/\/www.medellin.gov.co\/es\/wp-content\/uploads\/2024\/06\/Alejandro_Echavarria_Isaza_HUSVP_1.jpg 1280w\" sizes=\"(max-width: 1024px) 100vw, 1024px\" \/><\/a><p id=\"caption-attachment-316700\" class=\"wp-caption-text\">Alejandro Echavarr\u00eda Isaza<\/p><\/div>\n<p>Para ese entonces, la ciudad contaba desde <a href=\"https:\/\/bibliotecadigital.udea.edu.co\/bitstream\/10495\/21736\/1\/AlvarezTiberio_1988_HospitalHistoriaMedica.pdf\" target=\"_blank\" rel=\"noopener\">1797 con el Hospital San Juan de Dios<\/a>, un lugar que se podr\u00eda describir como una casa de caridad y asilo para personas de escasos recursos enfermas donde se les brindaba cuidados paliativos.<\/p>\n<div id=\"attachment_316710\" style=\"width: 1034px\" class=\"wp-caption alignnone\"><a href=\"https:\/\/www.medellin.gov.co\/es\/wp-content\/uploads\/2024\/06\/Augusto_Gavet_HUSVP_1.jpg\"><img aria-describedby=\"caption-attachment-316710\" loading=\"lazy\" class=\"size-large wp-image-316710\" src=\"https:\/\/www.medellin.gov.co\/es\/wp-content\/uploads\/2024\/06\/Augusto_Gavet_HUSVP_1-1024x680.jpg\" alt=\"\" width=\"1024\" height=\"680\" srcset=\"https:\/\/www.medellin.gov.co\/es\/wp-content\/uploads\/2024\/06\/Augusto_Gavet_HUSVP_1-1024x680.jpg 1024w, https:\/\/www.medellin.gov.co\/es\/wp-content\/uploads\/2024\/06\/Augusto_Gavet_HUSVP_1-300x199.jpg 300w, https:\/\/www.medellin.gov.co\/es\/wp-content\/uploads\/2024\/06\/Augusto_Gavet_HUSVP_1-150x100.jpg 150w, https:\/\/www.medellin.gov.co\/es\/wp-content\/uploads\/2024\/06\/Augusto_Gavet_HUSVP_1-768x510.jpg 768w, https:\/\/www.medellin.gov.co\/es\/wp-content\/uploads\/2024\/06\/Augusto_Gavet_HUSVP_1.jpg 1280w\" sizes=\"(max-width: 1024px) 100vw, 1024px\" \/><\/a><p id=\"caption-attachment-316710\" class=\"wp-caption-text\">Arquitecto franc\u00e9s Augusto Gavet e inicio de la construcci\u00f3n del Hospital San Vicente de Pa\u00fal. Foto: HSVP<\/p><\/div>\n<p><strong>La cronolog\u00eda de la obra<\/strong><\/p>\n<p>A ra\u00edz de la inquietud expresada por don Alejandro, un grupo de fil\u00e1ntropos antioque\u00f1os, viendo el deprimente estado en que se encontraba el <a href=\"https:\/\/bibliotecadigital.udea.edu.co\/bitstream\/10495\/21736\/1\/AlvarezTiberio_1988_HospitalHistoriaMedica.pdf\" target=\"_blank\" rel=\"noopener\">Hospital San Juan Dios -el \u00fanico de Medell\u00edn en esos tiempos-<\/a> decidieron materializar el sue\u00f1o, con el liderazgo de don <a href=\"https:\/\/es.wikipedia.org\/wiki\/Alejandro_Echavarr%C3%ADa\" target=\"_blank\" rel=\"noopener\">Alejandro Echavarr\u00eda Isaza<\/a>, quien afirm\u00f3 \u00ab<em>&#8230;he resuelto fundar un hospital, pero un hospital grande, muy grande, que tenga siempre la capacidad suficiente para albergar a todo hijo de <\/em><em>Antioquia y del resto del pa\u00eds que necesite de sus servicios\u201d.<\/em><em>\u00a0<\/em><\/p>\n<p>Y fue as\u00ed como el 16 de mayo de 1913 naci\u00f3 el hoy <a href=\"https:\/\/www.sanvicentefundacion.com\/nuestras-entidades\/hospital-medellin\" target=\"_blank\" rel=\"noopener\">Hospital San Vicente Fundaci\u00f3n<\/a>, una instituci\u00f3n privada,\u00a0<a href=\"https:\/\/es.wikipedia.org\/wiki\/Sin_%C3%A1nimo_de_lucro\" target=\"_blank\" rel=\"noopener\">sin \u00e1nimo de lucro<\/a>, que presta servicios de salud con \u00e9nfasis en la atenci\u00f3n del paciente de alta complejidad.<\/p>\n\n\t\t<style type=\"text\/css\">\n\t\t\t#gallery-1 {\n\t\t\t\tmargin: auto;\n\t\t\t}\n\t\t\t#gallery-1 .gallery-item {\n\t\t\t\tfloat: left;\n\t\t\t\tmargin-top: 10px;\n\t\t\t\ttext-align: center;\n\t\t\t\twidth: 50%;\n\t\t\t}\n\t\t\t#gallery-1 img {\n\t\t\t\tborder: 2px solid #cfcfcf;\n\t\t\t}\n\t\t\t#gallery-1 .gallery-caption {\n\t\t\t\tmargin-left: 0;\n\t\t\t}\n\t\t\t\/* see gallery_shortcode() in wp-includes\/media.php *\/\n\t\t<\/style>\n\t\t<div id='gallery-1' class='gallery galleryid-316656 gallery-columns-2 gallery-size-large'><dl class='gallery-item'>\n\t\t\t<dt class='gallery-icon landscape'>\n\t\t\t\t<a href='https:\/\/www.medellin.gov.co\/es\/sala-de-prensa\/noticias\/el-hospital-san-vicente-fundacion-medellin-111-anos-fiel-a-su-mision-de-cuidar-la-vida\/husvp_7\/'><img width=\"1024\" height=\"680\" src=\"https:\/\/www.medellin.gov.co\/es\/wp-content\/uploads\/2024\/06\/HUSVP_7-1024x680.jpg\" class=\"attachment-large size-large\" alt=\"Construcci\u00f3n Hospital San Vicente de Pa\u00fal. Foto: HSVP\" loading=\"lazy\" aria-describedby=\"gallery-1-316709\" srcset=\"https:\/\/www.medellin.gov.co\/es\/wp-content\/uploads\/2024\/06\/HUSVP_7-1024x680.jpg 1024w, https:\/\/www.medellin.gov.co\/es\/wp-content\/uploads\/2024\/06\/HUSVP_7-300x199.jpg 300w, https:\/\/www.medellin.gov.co\/es\/wp-content\/uploads\/2024\/06\/HUSVP_7-150x100.jpg 150w, https:\/\/www.medellin.gov.co\/es\/wp-content\/uploads\/2024\/06\/HUSVP_7-768x510.jpg 768w, https:\/\/www.medellin.gov.co\/es\/wp-content\/uploads\/2024\/06\/HUSVP_7.jpg 1280w\" sizes=\"(max-width: 1024px) 100vw, 1024px\" \/><\/a>\n\t\t\t<\/dt>\n\t\t\t\t<dd class='wp-caption-text gallery-caption' id='gallery-1-316709'>\n\t\t\t\tConstrucci\u00f3n Hospital San Vicente de Pa\u00fal. Foto: HSVP\n\t\t\t\t<\/dd><\/dl><dl class='gallery-item'>\n\t\t\t<dt class='gallery-icon landscape'>\n\t\t\t\t<a href='https:\/\/www.medellin.gov.co\/es\/sala-de-prensa\/noticias\/el-hospital-san-vicente-fundacion-medellin-111-anos-fiel-a-su-mision-de-cuidar-la-vida\/husvp_12\/'><img width=\"1024\" height=\"680\" src=\"https:\/\/www.medellin.gov.co\/es\/wp-content\/uploads\/2024\/06\/HUSVP_12-1024x680.jpg\" class=\"attachment-large size-large\" alt=\"Inicio de la construcci\u00f3n del Hospital San Vicente de Pa\u00fal. Foto: HSVP\" loading=\"lazy\" aria-describedby=\"gallery-1-316754\" srcset=\"https:\/\/www.medellin.gov.co\/es\/wp-content\/uploads\/2024\/06\/HUSVP_12-1024x680.jpg 1024w, https:\/\/www.medellin.gov.co\/es\/wp-content\/uploads\/2024\/06\/HUSVP_12-300x199.jpg 300w, https:\/\/www.medellin.gov.co\/es\/wp-content\/uploads\/2024\/06\/HUSVP_12-150x100.jpg 150w, https:\/\/www.medellin.gov.co\/es\/wp-content\/uploads\/2024\/06\/HUSVP_12-768x510.jpg 768w, https:\/\/www.medellin.gov.co\/es\/wp-content\/uploads\/2024\/06\/HUSVP_12.jpg 1280w\" sizes=\"(max-width: 1024px) 100vw, 1024px\" \/><\/a>\n\t\t\t<\/dt>\n\t\t\t\t<dd class='wp-caption-text gallery-caption' id='gallery-1-316754'>\n\t\t\t\tConstrucci\u00f3n Hospital San Vicente de Pa\u00fal. Foto: HSVP\n\t\t\t\t<\/dd><\/dl><br style=\"clear: both\" \/>\n\t\t<\/div>\n\n<p><strong>A\u00f1o 1913: m\u00faltiples benefactores<\/strong><\/p>\n<p>La iniciativa cont\u00f3 con el apoyo de la Iglesia, de 36 representantes de la industria, de la intelectualidad de la \u00e9poca y de la <a href=\"https:\/\/www.udea.edu.co\/wps\/portal\/udea\/web\/inicio\/unidades-academicas\/medicina\" target=\"_blank\" rel=\"noopener\">Escuela de Medicina de la Universidad de Antioquia<\/a>. La visi\u00f3n fue realmente hist\u00f3rica. La obra contemplaba la creaci\u00f3n de 13 pabellones. Sab\u00edan que la ciudad estaba en ascenso poblacional e industrial, por ello propon\u00edan un hospital de esa magnitud.<\/p>\n<p>Se cre\u00f3 la junta directiva y fue aprobado en ese entonces el nombre de <a href=\"https:\/\/www.sanvicentefundacion.com\/nuestras-entidades\/hospital-medellin\" target=\"_blank\" rel=\"noopener\">Hospital San Vicente de Pa\u00fal<\/a>, a moci\u00f3n de don <a href=\"https:\/\/es.wikipedia.org\/wiki\/Alejandro_Echavarr%C3%ADa\" target=\"_blank\" rel=\"noopener\">Alejandro Echavarr\u00eda Isaza<\/a>, presidente de la Junta. Ese mismo a\u00f1o se adquiri\u00f3 el terreno y se inici\u00f3 con la construcci\u00f3n del proyectado edificio.<\/p>\n\n\t\t<style type=\"text\/css\">\n\t\t\t#gallery-2 {\n\t\t\t\tmargin: auto;\n\t\t\t}\n\t\t\t#gallery-2 .gallery-item {\n\t\t\t\tfloat: left;\n\t\t\t\tmargin-top: 10px;\n\t\t\t\ttext-align: center;\n\t\t\t\twidth: 50%;\n\t\t\t}\n\t\t\t#gallery-2 img {\n\t\t\t\tborder: 2px solid #cfcfcf;\n\t\t\t}\n\t\t\t#gallery-2 .gallery-caption {\n\t\t\t\tmargin-left: 0;\n\t\t\t}\n\t\t\t\/* see gallery_shortcode() in wp-includes\/media.php *\/\n\t\t<\/style>\n\t\t<div id='gallery-2' class='gallery galleryid-316656 gallery-columns-2 gallery-size-large'><dl class='gallery-item'>\n\t\t\t<dt class='gallery-icon landscape'>\n\t\t\t\t<a href='https:\/\/www.medellin.gov.co\/es\/sala-de-prensa\/noticias\/el-hospital-san-vicente-fundacion-medellin-111-anos-fiel-a-su-mision-de-cuidar-la-vida\/husvp_8\/'><img width=\"1024\" height=\"680\" src=\"https:\/\/www.medellin.gov.co\/es\/wp-content\/uploads\/2024\/06\/HUSVP_8-1024x680.jpg\" class=\"attachment-large size-large\" alt=\"Inicio de la construcci\u00f3n del Hospital San Vicente de Pa\u00fal. Foto: HSVP\" loading=\"lazy\" aria-describedby=\"gallery-2-316748\" srcset=\"https:\/\/www.medellin.gov.co\/es\/wp-content\/uploads\/2024\/06\/HUSVP_8-1024x680.jpg 1024w, https:\/\/www.medellin.gov.co\/es\/wp-content\/uploads\/2024\/06\/HUSVP_8-300x199.jpg 300w, https:\/\/www.medellin.gov.co\/es\/wp-content\/uploads\/2024\/06\/HUSVP_8-150x100.jpg 150w, https:\/\/www.medellin.gov.co\/es\/wp-content\/uploads\/2024\/06\/HUSVP_8-768x510.jpg 768w, https:\/\/www.medellin.gov.co\/es\/wp-content\/uploads\/2024\/06\/HUSVP_8.jpg 1280w\" sizes=\"(max-width: 1024px) 100vw, 1024px\" \/><\/a>\n\t\t\t<\/dt>\n\t\t\t\t<dd class='wp-caption-text gallery-caption' id='gallery-2-316748'>\n\t\t\t\tConstrucci\u00f3n Hospital San Vicente de Pa\u00fal. Foto: HSVP\n\t\t\t\t<\/dd><\/dl><dl class='gallery-item'>\n\t\t\t<dt class='gallery-icon landscape'>\n\t\t\t\t<a href='https:\/\/www.medellin.gov.co\/es\/sala-de-prensa\/noticias\/el-hospital-san-vicente-fundacion-medellin-111-anos-fiel-a-su-mision-de-cuidar-la-vida\/husvp_11\/'><img width=\"1024\" height=\"680\" src=\"https:\/\/www.medellin.gov.co\/es\/wp-content\/uploads\/2024\/06\/HUSVP_11-1024x680.jpg\" class=\"attachment-large size-large\" alt=\"Inicio de la construcci\u00f3n del Hospital San Vicente de Pa\u00fal. Foto: HSVP\" loading=\"lazy\" aria-describedby=\"gallery-2-316751\" srcset=\"https:\/\/www.medellin.gov.co\/es\/wp-content\/uploads\/2024\/06\/HUSVP_11-1024x680.jpg 1024w, https:\/\/www.medellin.gov.co\/es\/wp-content\/uploads\/2024\/06\/HUSVP_11-300x199.jpg 300w, https:\/\/www.medellin.gov.co\/es\/wp-content\/uploads\/2024\/06\/HUSVP_11-150x100.jpg 150w, https:\/\/www.medellin.gov.co\/es\/wp-content\/uploads\/2024\/06\/HUSVP_11-768x510.jpg 768w, https:\/\/www.medellin.gov.co\/es\/wp-content\/uploads\/2024\/06\/HUSVP_11.jpg 1280w\" sizes=\"(max-width: 1024px) 100vw, 1024px\" \/><\/a>\n\t\t\t<\/dt>\n\t\t\t\t<dd class='wp-caption-text gallery-caption' id='gallery-2-316751'>\n\t\t\t\tInicio de la construcci\u00f3n del Hospital San Vicente de Pa\u00fal. Foto: HSVP\n\t\t\t\t<\/dd><\/dl><br style=\"clear: both\" \/>\n\t\t<\/div>\n\n<p>Donaciones de los miembros de la sociedad; auxilios del <a href=\"https:\/\/www.medellin.gov.co\/\" target=\"_blank\" rel=\"noopener\">Municipio de Medell\u00edn<\/a>, del <a href=\"https:\/\/antioquia.gov.co\/\" target=\"_blank\" rel=\"noopener\">Departamento de Antioquia<\/a> y de la Naci\u00f3n; donaciones del Ferrocarril; de casas comerciales y bancarias; de la <a href=\"https:\/\/smp-medellin.org\/\" target=\"_blank\" rel=\"noopener\">Sociedad de Mejoras P\u00fablicas<\/a>; de la junta de se\u00f1oras y de la Organizaci\u00f3n del Centavo de Navidad fueron algunos de los aportes que recibi\u00f3 el proyecto para convertirse en el <a href=\"https:\/\/www.sanvicentefundacion.com\/nuestras-entidades\/hospital-medellin\" target=\"_blank\" rel=\"noopener\">Hospital San Vicente de Pa\u00fal<\/a>.<\/p>\n<p><strong>A\u00f1o 1914: dise\u00f1o a distancia <\/strong><\/p>\n<p>El 31 de enero de 1914 se protocoliz\u00f3 la escritura de constituci\u00f3n de la <a href=\"https:\/\/ssvpaulmedellin.org\/\" target=\"_blank\" rel=\"noopener\">Sociedad San Vicente de Pa\u00fal<\/a> y el dise\u00f1o de los planos del Hospital se encomend\u00f3 al <a href=\"https:\/\/www.sanvicentefundacion.com\/infraestructura-fisica\" target=\"_blank\" rel=\"noopener\">arquitecto franc\u00e9s Augusto Gavet<\/a>, quien en aquel entonces se desempe\u00f1aba como Director General de Construcciones Hospitalarias de la Rep\u00fablica Francesa.<\/p>\n\n\t\t<style type=\"text\/css\">\n\t\t\t#gallery-3 {\n\t\t\t\tmargin: auto;\n\t\t\t}\n\t\t\t#gallery-3 .gallery-item {\n\t\t\t\tfloat: left;\n\t\t\t\tmargin-top: 10px;\n\t\t\t\ttext-align: center;\n\t\t\t\twidth: 50%;\n\t\t\t}\n\t\t\t#gallery-3 img {\n\t\t\t\tborder: 2px solid #cfcfcf;\n\t\t\t}\n\t\t\t#gallery-3 .gallery-caption {\n\t\t\t\tmargin-left: 0;\n\t\t\t}\n\t\t\t\/* see gallery_shortcode() in wp-includes\/media.php *\/\n\t\t<\/style>\n\t\t<div id='gallery-3' class='gallery galleryid-316656 gallery-columns-2 gallery-size-large'><dl class='gallery-item'>\n\t\t\t<dt class='gallery-icon landscape'>\n\t\t\t\t<a href='https:\/\/www.medellin.gov.co\/es\/sala-de-prensa\/noticias\/el-hospital-san-vicente-fundacion-medellin-111-anos-fiel-a-su-mision-de-cuidar-la-vida\/husvp_13\/'><img width=\"1024\" height=\"680\" src=\"https:\/\/www.medellin.gov.co\/es\/wp-content\/uploads\/2024\/06\/HUSVP_13-1024x680.jpg\" class=\"attachment-large size-large\" alt=\"Inicio de la construcci\u00f3n del Hospital San Vicente de Pa\u00fal. Foto: HSVP\" loading=\"lazy\" aria-describedby=\"gallery-3-316757\" srcset=\"https:\/\/www.medellin.gov.co\/es\/wp-content\/uploads\/2024\/06\/HUSVP_13-1024x680.jpg 1024w, https:\/\/www.medellin.gov.co\/es\/wp-content\/uploads\/2024\/06\/HUSVP_13-300x199.jpg 300w, https:\/\/www.medellin.gov.co\/es\/wp-content\/uploads\/2024\/06\/HUSVP_13-150x100.jpg 150w, https:\/\/www.medellin.gov.co\/es\/wp-content\/uploads\/2024\/06\/HUSVP_13-768x510.jpg 768w, https:\/\/www.medellin.gov.co\/es\/wp-content\/uploads\/2024\/06\/HUSVP_13.jpg 1280w\" sizes=\"(max-width: 1024px) 100vw, 1024px\" \/><\/a>\n\t\t\t<\/dt>\n\t\t\t\t<dd class='wp-caption-text gallery-caption' id='gallery-3-316757'>\n\t\t\t\tConstrucci\u00f3n Hospital San Vicente de Pa\u00fal. Foto: HSVP\n\t\t\t\t<\/dd><\/dl><dl class='gallery-item'>\n\t\t\t<dt class='gallery-icon landscape'>\n\t\t\t\t<a href='https:\/\/www.medellin.gov.co\/es\/sala-de-prensa\/noticias\/el-hospital-san-vicente-fundacion-medellin-111-anos-fiel-a-su-mision-de-cuidar-la-vida\/husvp_14\/'><img width=\"1024\" height=\"680\" src=\"https:\/\/www.medellin.gov.co\/es\/wp-content\/uploads\/2024\/06\/HUSVP_14-1024x680.jpg\" class=\"attachment-large size-large\" alt=\"Inicio de la construcci\u00f3n del Hospital San Vicente de Pa\u00fal. Foto: HSVP\" loading=\"lazy\" aria-describedby=\"gallery-3-316758\" srcset=\"https:\/\/www.medellin.gov.co\/es\/wp-content\/uploads\/2024\/06\/HUSVP_14-1024x680.jpg 1024w, https:\/\/www.medellin.gov.co\/es\/wp-content\/uploads\/2024\/06\/HUSVP_14-300x199.jpg 300w, https:\/\/www.medellin.gov.co\/es\/wp-content\/uploads\/2024\/06\/HUSVP_14-150x100.jpg 150w, https:\/\/www.medellin.gov.co\/es\/wp-content\/uploads\/2024\/06\/HUSVP_14-768x510.jpg 768w, https:\/\/www.medellin.gov.co\/es\/wp-content\/uploads\/2024\/06\/HUSVP_14.jpg 1280w\" sizes=\"(max-width: 1024px) 100vw, 1024px\" \/><\/a>\n\t\t\t<\/dt>\n\t\t\t\t<dd class='wp-caption-text gallery-caption' id='gallery-3-316758'>\n\t\t\t\tConstrucci\u00f3n Hospital San Vicente de Pa\u00fal. Foto: HSVP\n\t\t\t\t<\/dd><\/dl><br style=\"clear: both\" \/>\n\t\t<\/div>\n\n<p>En 1916 se hace la colecta \u201cCentavo de Navidad\u201d para la construcci\u00f3n del Hospital y ese mismo a\u00f1o, el 4 de agosto, se inician los trabajos de construcci\u00f3n, que duraron unos 20 a\u00f1os,\u00a0 bajo la direcci\u00f3n del <a href=\"https:\/\/www.eltiempo.com\/archivo\/documento\/MAM-251103\" target=\"_blank\" rel=\"noopener\">arquitecto Enrique Olarte<\/a>, hasta su fallecimiento en 1923, luego de lo cual el proyecto fue asumido por los ingenieros de obras departamentales. Se construyeron en principio cinco pabellones: cirug\u00eda, cl\u00ednica, enfermedades contagiosas y medicina.<\/p>\n\n\t\t<style type=\"text\/css\">\n\t\t\t#gallery-4 {\n\t\t\t\tmargin: auto;\n\t\t\t}\n\t\t\t#gallery-4 .gallery-item {\n\t\t\t\tfloat: left;\n\t\t\t\tmargin-top: 10px;\n\t\t\t\ttext-align: center;\n\t\t\t\twidth: 33%;\n\t\t\t}\n\t\t\t#gallery-4 img {\n\t\t\t\tborder: 2px solid #cfcfcf;\n\t\t\t}\n\t\t\t#gallery-4 .gallery-caption {\n\t\t\t\tmargin-left: 0;\n\t\t\t}\n\t\t\t\/* see gallery_shortcode() in wp-includes\/media.php *\/\n\t\t<\/style>\n\t\t<div id='gallery-4' class='gallery galleryid-316656 gallery-columns-3 gallery-size-large'><dl class='gallery-item'>\n\t\t\t<dt class='gallery-icon landscape'>\n\t\t\t\t<a href='https:\/\/www.medellin.gov.co\/es\/sala-de-prensa\/noticias\/el-hospital-san-vicente-fundacion-medellin-111-anos-fiel-a-su-mision-de-cuidar-la-vida\/husvp_5\/'><img width=\"1024\" height=\"680\" src=\"https:\/\/www.medellin.gov.co\/es\/wp-content\/uploads\/2024\/06\/HUSVP_5-1024x680.jpg\" class=\"attachment-large size-large\" alt=\"\" loading=\"lazy\" srcset=\"https:\/\/www.medellin.gov.co\/es\/wp-content\/uploads\/2024\/06\/HUSVP_5-1024x680.jpg 1024w, https:\/\/www.medellin.gov.co\/es\/wp-content\/uploads\/2024\/06\/HUSVP_5-300x199.jpg 300w, https:\/\/www.medellin.gov.co\/es\/wp-content\/uploads\/2024\/06\/HUSVP_5-150x100.jpg 150w, https:\/\/www.medellin.gov.co\/es\/wp-content\/uploads\/2024\/06\/HUSVP_5-768x510.jpg 768w, https:\/\/www.medellin.gov.co\/es\/wp-content\/uploads\/2024\/06\/HUSVP_5.jpg 1280w\" sizes=\"(max-width: 1024px) 100vw, 1024px\" \/><\/a>\n\t\t\t<\/dt><\/dl><dl class='gallery-item'>\n\t\t\t<dt class='gallery-icon landscape'>\n\t\t\t\t<a href='https:\/\/www.medellin.gov.co\/es\/sala-de-prensa\/noticias\/el-hospital-san-vicente-fundacion-medellin-111-anos-fiel-a-su-mision-de-cuidar-la-vida\/husvp_6a\/'><img width=\"1024\" height=\"680\" src=\"https:\/\/www.medellin.gov.co\/es\/wp-content\/uploads\/2024\/06\/HUSVP_6a-1024x680.jpg\" class=\"attachment-large size-large\" alt=\"Construcci\u00f3n pabell\u00f3n de cirug\u00eda 1917-1918. Foto: HSVP\" loading=\"lazy\" srcset=\"https:\/\/www.medellin.gov.co\/es\/wp-content\/uploads\/2024\/06\/HUSVP_6a-1024x680.jpg 1024w, https:\/\/www.medellin.gov.co\/es\/wp-content\/uploads\/2024\/06\/HUSVP_6a-300x199.jpg 300w, https:\/\/www.medellin.gov.co\/es\/wp-content\/uploads\/2024\/06\/HUSVP_6a-150x100.jpg 150w, https:\/\/www.medellin.gov.co\/es\/wp-content\/uploads\/2024\/06\/HUSVP_6a-768x510.jpg 768w, https:\/\/www.medellin.gov.co\/es\/wp-content\/uploads\/2024\/06\/HUSVP_6a.jpg 1280w\" sizes=\"(max-width: 1024px) 100vw, 1024px\" \/><\/a>\n\t\t\t<\/dt><\/dl><dl class='gallery-item'>\n\t\t\t<dt class='gallery-icon landscape'>\n\t\t\t\t<a href='https:\/\/www.medellin.gov.co\/es\/sala-de-prensa\/noticias\/el-hospital-san-vicente-fundacion-medellin-111-anos-fiel-a-su-mision-de-cuidar-la-vida\/husvp_6-2\/'><img width=\"1024\" height=\"680\" src=\"https:\/\/www.medellin.gov.co\/es\/wp-content\/uploads\/2024\/06\/HUSVP_6-1-1024x680.jpg\" class=\"attachment-large size-large\" alt=\"Construcci\u00f3n pabell\u00f3n de cirug\u00eda 1917-1918. Foto: HSVP\" loading=\"lazy\" srcset=\"https:\/\/www.medellin.gov.co\/es\/wp-content\/uploads\/2024\/06\/HUSVP_6-1-1024x680.jpg 1024w, https:\/\/www.medellin.gov.co\/es\/wp-content\/uploads\/2024\/06\/HUSVP_6-1-300x199.jpg 300w, https:\/\/www.medellin.gov.co\/es\/wp-content\/uploads\/2024\/06\/HUSVP_6-1-150x100.jpg 150w, https:\/\/www.medellin.gov.co\/es\/wp-content\/uploads\/2024\/06\/HUSVP_6-1-768x510.jpg 768w, https:\/\/www.medellin.gov.co\/es\/wp-content\/uploads\/2024\/06\/HUSVP_6-1.jpg 1280w\" sizes=\"(max-width: 1024px) 100vw, 1024px\" \/><\/a>\n\t\t\t<\/dt><\/dl><br style=\"clear: both\" \/>\n\t\t<\/div>\n\n<h6>Construcci\u00f3n pabell\u00f3n de cirug\u00eda 1917-1918. Foto: HSVP<\/h6>\n<p>Para 1917 se puso en circulaci\u00f3n la estampilla para el Hospital, otra fuente de recursos para construirlo y en 1923, la ciudad de Medell\u00edn le don\u00f3 a la obra la pileta de bronce que estaba ubicada en el <a href=\"https:\/\/es.wikipedia.org\/wiki\/Parque_de_Bol%C3%ADvar_(Medell%C3%ADn)\" target=\"_blank\" rel=\"noopener\">Parque de Bol\u00edvar<\/a>.\u00a0 Para ese entonces, los pabellones en construcci\u00f3n del Hospital empezaron a tener utilidad social: all\u00ed se realiz\u00f3 la Exposici\u00f3n Industrial.<\/p>\n<p><a href=\"https:\/\/www.medellin.gov.co\/es\/wp-content\/uploads\/2024\/06\/20.jpg\" target=\"_blank\" rel=\"noopener\"><img loading=\"lazy\" class=\"alignnone wp-image-316830 size-full\" src=\"https:\/\/www.medellin.gov.co\/es\/wp-content\/uploads\/2024\/06\/20.jpg\" alt=\"\" width=\"1280\" height=\"343\" srcset=\"https:\/\/www.medellin.gov.co\/es\/wp-content\/uploads\/2024\/06\/20.jpg 1280w, https:\/\/www.medellin.gov.co\/es\/wp-content\/uploads\/2024\/06\/20-300x80.jpg 300w, https:\/\/www.medellin.gov.co\/es\/wp-content\/uploads\/2024\/06\/20-1024x274.jpg 1024w, https:\/\/www.medellin.gov.co\/es\/wp-content\/uploads\/2024\/06\/20-150x40.jpg 150w, https:\/\/www.medellin.gov.co\/es\/wp-content\/uploads\/2024\/06\/20-768x206.jpg 768w\" sizes=\"(max-width: 1280px) 100vw, 1280px\" \/><\/a><\/p>\n<p><strong>1926: la inauguraci\u00f3n real <\/strong><\/p>\n<p>Ese a\u00f1o, el 1 de enero, es considerada la fecha real en el que el hospital fue inaugurado, ya que ese d\u00eda ingresaron los primeros enfermos hospitalizados, quienes eran trabajadores del <a href=\"https:\/\/www.ferrocarrildeantioquia.gov.co\/\" target=\"_blank\" rel=\"noopener\">Ferrocarril de Antioquia<\/a>.<\/p>\n<p>Para 1932, la <a href=\"https:\/\/smp-medellin.org\/\" target=\"_blank\" rel=\"noopener\">Sociedad de Mejoras P\u00fablicas<\/a> don\u00f3 al Hospital un busto del fundador, don <a href=\"https:\/\/es.wikipedia.org\/wiki\/Alejandro_Echavarr%C3%ADa\" target=\"_blank\" rel=\"noopener\">Alejandro Echavarr\u00eda Isaza<\/a>.<\/p>\n\n\t\t<style type=\"text\/css\">\n\t\t\t#gallery-5 {\n\t\t\t\tmargin: auto;\n\t\t\t}\n\t\t\t#gallery-5 .gallery-item {\n\t\t\t\tfloat: left;\n\t\t\t\tmargin-top: 10px;\n\t\t\t\ttext-align: center;\n\t\t\t\twidth: 33%;\n\t\t\t}\n\t\t\t#gallery-5 img {\n\t\t\t\tborder: 2px solid #cfcfcf;\n\t\t\t}\n\t\t\t#gallery-5 .gallery-caption {\n\t\t\t\tmargin-left: 0;\n\t\t\t}\n\t\t\t\/* see gallery_shortcode() in wp-includes\/media.php *\/\n\t\t<\/style>\n\t\t<div id='gallery-5' class='gallery galleryid-316656 gallery-columns-3 gallery-size-large'><dl class='gallery-item'>\n\t\t\t<dt class='gallery-icon landscape'>\n\t\t\t\t<a href='https:\/\/www.medellin.gov.co\/es\/sala-de-prensa\/noticias\/el-hospital-san-vicente-fundacion-medellin-111-anos-fiel-a-su-mision-de-cuidar-la-vida\/husvp_16\/'><img width=\"1024\" height=\"680\" src=\"https:\/\/www.medellin.gov.co\/es\/wp-content\/uploads\/2024\/06\/HUSVP_16-1024x680.jpg\" class=\"attachment-large size-large\" alt=\"\" loading=\"lazy\" srcset=\"https:\/\/www.medellin.gov.co\/es\/wp-content\/uploads\/2024\/06\/HUSVP_16-1024x680.jpg 1024w, https:\/\/www.medellin.gov.co\/es\/wp-content\/uploads\/2024\/06\/HUSVP_16-300x199.jpg 300w, https:\/\/www.medellin.gov.co\/es\/wp-content\/uploads\/2024\/06\/HUSVP_16-150x100.jpg 150w, https:\/\/www.medellin.gov.co\/es\/wp-content\/uploads\/2024\/06\/HUSVP_16-768x510.jpg 768w, https:\/\/www.medellin.gov.co\/es\/wp-content\/uploads\/2024\/06\/HUSVP_16.jpg 1280w\" sizes=\"(max-width: 1024px) 100vw, 1024px\" \/><\/a>\n\t\t\t<\/dt><\/dl><dl class='gallery-item'>\n\t\t\t<dt class='gallery-icon landscape'>\n\t\t\t\t<a href='https:\/\/www.medellin.gov.co\/es\/sala-de-prensa\/noticias\/el-hospital-san-vicente-fundacion-medellin-111-anos-fiel-a-su-mision-de-cuidar-la-vida\/husvp_123\/'><img width=\"1024\" height=\"680\" src=\"https:\/\/www.medellin.gov.co\/es\/wp-content\/uploads\/2024\/06\/HUSVP_123-1024x680.jpg\" class=\"attachment-large size-large\" alt=\"\" loading=\"lazy\" srcset=\"https:\/\/www.medellin.gov.co\/es\/wp-content\/uploads\/2024\/06\/HUSVP_123-1024x680.jpg 1024w, https:\/\/www.medellin.gov.co\/es\/wp-content\/uploads\/2024\/06\/HUSVP_123-300x199.jpg 300w, https:\/\/www.medellin.gov.co\/es\/wp-content\/uploads\/2024\/06\/HUSVP_123-150x100.jpg 150w, https:\/\/www.medellin.gov.co\/es\/wp-content\/uploads\/2024\/06\/HUSVP_123-768x510.jpg 768w, https:\/\/www.medellin.gov.co\/es\/wp-content\/uploads\/2024\/06\/HUSVP_123.jpg 1280w\" sizes=\"(max-width: 1024px) 100vw, 1024px\" \/><\/a>\n\t\t\t<\/dt><\/dl><dl class='gallery-item'>\n\t\t\t<dt class='gallery-icon landscape'>\n\t\t\t\t<a href='https:\/\/www.medellin.gov.co\/es\/sala-de-prensa\/noticias\/el-hospital-san-vicente-fundacion-medellin-111-anos-fiel-a-su-mision-de-cuidar-la-vida\/husvp_19\/'><img width=\"1024\" height=\"680\" src=\"https:\/\/www.medellin.gov.co\/es\/wp-content\/uploads\/2024\/06\/HUSVP_19-1024x680.jpg\" class=\"attachment-large size-large\" alt=\"\" loading=\"lazy\" srcset=\"https:\/\/www.medellin.gov.co\/es\/wp-content\/uploads\/2024\/06\/HUSVP_19-1024x680.jpg 1024w, https:\/\/www.medellin.gov.co\/es\/wp-content\/uploads\/2024\/06\/HUSVP_19-300x199.jpg 300w, https:\/\/www.medellin.gov.co\/es\/wp-content\/uploads\/2024\/06\/HUSVP_19-150x100.jpg 150w, https:\/\/www.medellin.gov.co\/es\/wp-content\/uploads\/2024\/06\/HUSVP_19-768x510.jpg 768w, https:\/\/www.medellin.gov.co\/es\/wp-content\/uploads\/2024\/06\/HUSVP_19.jpg 1280w\" sizes=\"(max-width: 1024px) 100vw, 1024px\" \/><\/a>\n\t\t\t<\/dt><\/dl><br style=\"clear: both\" \/>\n\t\t<\/div>\n\n<p><strong>1934: la apertura al p\u00fablico<\/strong><\/p>\n<p>El 10 de mayo de 1934 el Hospital abri\u00f3 sus servicios al p\u00fablico recibiendo a 140 pacientes del viejo <a href=\"https:\/\/bibliotecadigital.udea.edu.co\/bitstream\/10495\/21736\/1\/AlvarezTiberio_1988_HospitalHistoriaMedica.pdf\" target=\"_blank\" rel=\"noopener\">San Juan de Dios<\/a>, ya que este se encontraba en condiciones precarias. En esa fecha se entregaron nueve de los 13 pabellones proyectados.<\/p>\n\n\t\t<style type=\"text\/css\">\n\t\t\t#gallery-6 {\n\t\t\t\tmargin: auto;\n\t\t\t}\n\t\t\t#gallery-6 .gallery-item {\n\t\t\t\tfloat: left;\n\t\t\t\tmargin-top: 10px;\n\t\t\t\ttext-align: center;\n\t\t\t\twidth: 33%;\n\t\t\t}\n\t\t\t#gallery-6 img {\n\t\t\t\tborder: 2px solid #cfcfcf;\n\t\t\t}\n\t\t\t#gallery-6 .gallery-caption {\n\t\t\t\tmargin-left: 0;\n\t\t\t}\n\t\t\t\/* see gallery_shortcode() in wp-includes\/media.php *\/\n\t\t<\/style>\n\t\t<div id='gallery-6' class='gallery galleryid-316656 gallery-columns-3 gallery-size-large'><dl class='gallery-item'>\n\t\t\t<dt class='gallery-icon landscape'>\n\t\t\t\t<a href='https:\/\/www.medellin.gov.co\/es\/sala-de-prensa\/noticias\/el-hospital-san-vicente-fundacion-medellin-111-anos-fiel-a-su-mision-de-cuidar-la-vida\/husvp_22\/'><img width=\"1024\" height=\"680\" src=\"https:\/\/www.medellin.gov.co\/es\/wp-content\/uploads\/2024\/06\/HUSVP_22-1024x680.jpg\" class=\"attachment-large size-large\" alt=\"\" loading=\"lazy\" srcset=\"https:\/\/www.medellin.gov.co\/es\/wp-content\/uploads\/2024\/06\/HUSVP_22-1024x680.jpg 1024w, https:\/\/www.medellin.gov.co\/es\/wp-content\/uploads\/2024\/06\/HUSVP_22-300x199.jpg 300w, https:\/\/www.medellin.gov.co\/es\/wp-content\/uploads\/2024\/06\/HUSVP_22-150x100.jpg 150w, https:\/\/www.medellin.gov.co\/es\/wp-content\/uploads\/2024\/06\/HUSVP_22-768x510.jpg 768w, https:\/\/www.medellin.gov.co\/es\/wp-content\/uploads\/2024\/06\/HUSVP_22.jpg 1280w\" sizes=\"(max-width: 1024px) 100vw, 1024px\" \/><\/a>\n\t\t\t<\/dt><\/dl><dl class='gallery-item'>\n\t\t\t<dt class='gallery-icon landscape'>\n\t\t\t\t<a href='https:\/\/www.medellin.gov.co\/es\/sala-de-prensa\/noticias\/el-hospital-san-vicente-fundacion-medellin-111-anos-fiel-a-su-mision-de-cuidar-la-vida\/husvp_17\/'><img width=\"1024\" height=\"680\" src=\"https:\/\/www.medellin.gov.co\/es\/wp-content\/uploads\/2024\/06\/HUSVP_17-1024x680.jpg\" class=\"attachment-large size-large\" alt=\"\" loading=\"lazy\" srcset=\"https:\/\/www.medellin.gov.co\/es\/wp-content\/uploads\/2024\/06\/HUSVP_17-1024x680.jpg 1024w, https:\/\/www.medellin.gov.co\/es\/wp-content\/uploads\/2024\/06\/HUSVP_17-300x199.jpg 300w, https:\/\/www.medellin.gov.co\/es\/wp-content\/uploads\/2024\/06\/HUSVP_17-150x100.jpg 150w, https:\/\/www.medellin.gov.co\/es\/wp-content\/uploads\/2024\/06\/HUSVP_17-768x510.jpg 768w, https:\/\/www.medellin.gov.co\/es\/wp-content\/uploads\/2024\/06\/HUSVP_17.jpg 1280w\" sizes=\"(max-width: 1024px) 100vw, 1024px\" \/><\/a>\n\t\t\t<\/dt><\/dl><dl class='gallery-item'>\n\t\t\t<dt class='gallery-icon landscape'>\n\t\t\t\t<a href='https:\/\/www.medellin.gov.co\/es\/sala-de-prensa\/noticias\/el-hospital-san-vicente-fundacion-medellin-111-anos-fiel-a-su-mision-de-cuidar-la-vida\/husvp_18\/'><img width=\"1024\" height=\"680\" src=\"https:\/\/www.medellin.gov.co\/es\/wp-content\/uploads\/2024\/06\/HUSVP_18-1024x680.jpg\" class=\"attachment-large size-large\" alt=\"\" loading=\"lazy\" srcset=\"https:\/\/www.medellin.gov.co\/es\/wp-content\/uploads\/2024\/06\/HUSVP_18-1024x680.jpg 1024w, https:\/\/www.medellin.gov.co\/es\/wp-content\/uploads\/2024\/06\/HUSVP_18-300x199.jpg 300w, https:\/\/www.medellin.gov.co\/es\/wp-content\/uploads\/2024\/06\/HUSVP_18-150x100.jpg 150w, https:\/\/www.medellin.gov.co\/es\/wp-content\/uploads\/2024\/06\/HUSVP_18-768x510.jpg 768w, https:\/\/www.medellin.gov.co\/es\/wp-content\/uploads\/2024\/06\/HUSVP_18.jpg 1280w\" sizes=\"(max-width: 1024px) 100vw, 1024px\" \/><\/a>\n\t\t\t<\/dt><\/dl><br style=\"clear: both\" \/>\n\t\t<\/div>\n\n<p>El acompa\u00f1amiento prestado por las <a href=\"http:\/\/lapresentacion.org\/\" target=\"_blank\" rel=\"noopener\">Hermanas de la Comunidad de La Presentaci\u00f3n<\/a> -quienes brindaron su servicio hasta el a\u00f1o 1975- tuvo gran importancia, pues fueron ellas quienes, en su momento, estuvieron a cargo de los pacientes.<\/p>\n\n\t\t<style type=\"text\/css\">\n\t\t\t#gallery-7 {\n\t\t\t\tmargin: auto;\n\t\t\t}\n\t\t\t#gallery-7 .gallery-item {\n\t\t\t\tfloat: left;\n\t\t\t\tmargin-top: 10px;\n\t\t\t\ttext-align: center;\n\t\t\t\twidth: 50%;\n\t\t\t}\n\t\t\t#gallery-7 img {\n\t\t\t\tborder: 2px solid #cfcfcf;\n\t\t\t}\n\t\t\t#gallery-7 .gallery-caption {\n\t\t\t\tmargin-left: 0;\n\t\t\t}\n\t\t\t\/* see gallery_shortcode() in wp-includes\/media.php *\/\n\t\t<\/style>\n\t\t<div id='gallery-7' class='gallery galleryid-316656 gallery-columns-2 gallery-size-large'><dl class='gallery-item'>\n\t\t\t<dt class='gallery-icon landscape'>\n\t\t\t\t<a href='https:\/\/www.medellin.gov.co\/es\/sala-de-prensa\/noticias\/el-hospital-san-vicente-fundacion-medellin-111-anos-fiel-a-su-mision-de-cuidar-la-vida\/husvp_29\/'><img width=\"1024\" height=\"680\" src=\"https:\/\/www.medellin.gov.co\/es\/wp-content\/uploads\/2024\/06\/HUSVP_29-1024x680.jpg\" class=\"attachment-large size-large\" alt=\"\" loading=\"lazy\" srcset=\"https:\/\/www.medellin.gov.co\/es\/wp-content\/uploads\/2024\/06\/HUSVP_29-1024x680.jpg 1024w, https:\/\/www.medellin.gov.co\/es\/wp-content\/uploads\/2024\/06\/HUSVP_29-300x199.jpg 300w, https:\/\/www.medellin.gov.co\/es\/wp-content\/uploads\/2024\/06\/HUSVP_29-150x100.jpg 150w, https:\/\/www.medellin.gov.co\/es\/wp-content\/uploads\/2024\/06\/HUSVP_29-768x510.jpg 768w, https:\/\/www.medellin.gov.co\/es\/wp-content\/uploads\/2024\/06\/HUSVP_29.jpg 1280w\" sizes=\"(max-width: 1024px) 100vw, 1024px\" \/><\/a>\n\t\t\t<\/dt><\/dl><dl class='gallery-item'>\n\t\t\t<dt class='gallery-icon landscape'>\n\t\t\t\t<a href='https:\/\/www.medellin.gov.co\/es\/sala-de-prensa\/noticias\/el-hospital-san-vicente-fundacion-medellin-111-anos-fiel-a-su-mision-de-cuidar-la-vida\/husvp_26\/'><img width=\"1024\" height=\"680\" src=\"https:\/\/www.medellin.gov.co\/es\/wp-content\/uploads\/2024\/06\/HUSVP_26-1024x680.jpg\" class=\"attachment-large size-large\" alt=\"\" loading=\"lazy\" srcset=\"https:\/\/www.medellin.gov.co\/es\/wp-content\/uploads\/2024\/06\/HUSVP_26-1024x680.jpg 1024w, https:\/\/www.medellin.gov.co\/es\/wp-content\/uploads\/2024\/06\/HUSVP_26-300x199.jpg 300w, https:\/\/www.medellin.gov.co\/es\/wp-content\/uploads\/2024\/06\/HUSVP_26-150x100.jpg 150w, https:\/\/www.medellin.gov.co\/es\/wp-content\/uploads\/2024\/06\/HUSVP_26-768x510.jpg 768w, https:\/\/www.medellin.gov.co\/es\/wp-content\/uploads\/2024\/06\/HUSVP_26.jpg 1280w\" sizes=\"(max-width: 1024px) 100vw, 1024px\" \/><\/a>\n\t\t\t<\/dt><\/dl><br style=\"clear: both\" \/>\n\t\t<\/div>\n\n<p>En 1936 se comienza a prestar el servicio de urgencias, adem\u00e1s de un trato m\u00e1s integral al paciente ya que re\u00fane atenci\u00f3n inicial, cirug\u00eda y la unidad de cuidados intensivos en una misma \u00e1rea.<\/p>\n<p>En 1937 se comenz\u00f3 a construir el edificio especial para la capilla, con planos del <a href=\"https:\/\/bibliotecadigital.udea.edu.co\/bitstream\/10495\/333\/1\/AgustinGoovaerts%20.pdf\" target=\"_blank\" rel=\"noopener\">belga Agust\u00edn Goovaerts<\/a>; en 1944 se cre\u00f3 el consultorio de ginecolog\u00eda y ese mismo a\u00f1o se hizo la primera cirug\u00eda cardiaca en el Hospital, al suturar un coraz\u00f3n herido.<\/p>\n\n\t\t<style type=\"text\/css\">\n\t\t\t#gallery-8 {\n\t\t\t\tmargin: auto;\n\t\t\t}\n\t\t\t#gallery-8 .gallery-item {\n\t\t\t\tfloat: left;\n\t\t\t\tmargin-top: 10px;\n\t\t\t\ttext-align: center;\n\t\t\t\twidth: 50%;\n\t\t\t}\n\t\t\t#gallery-8 img {\n\t\t\t\tborder: 2px solid #cfcfcf;\n\t\t\t}\n\t\t\t#gallery-8 .gallery-caption {\n\t\t\t\tmargin-left: 0;\n\t\t\t}\n\t\t\t\/* see gallery_shortcode() in wp-includes\/media.php *\/\n\t\t<\/style>\n\t\t<div id='gallery-8' class='gallery galleryid-316656 gallery-columns-2 gallery-size-large'><dl class='gallery-item'>\n\t\t\t<dt class='gallery-icon landscape'>\n\t\t\t\t<a href='https:\/\/www.medellin.gov.co\/es\/sala-de-prensa\/noticias\/el-hospital-san-vicente-fundacion-medellin-111-anos-fiel-a-su-mision-de-cuidar-la-vida\/husvp_31\/'><img width=\"1024\" height=\"680\" src=\"https:\/\/www.medellin.gov.co\/es\/wp-content\/uploads\/2024\/06\/HUSVP_31-1024x680.jpg\" class=\"attachment-large size-large\" alt=\"\" loading=\"lazy\" srcset=\"https:\/\/www.medellin.gov.co\/es\/wp-content\/uploads\/2024\/06\/HUSVP_31-1024x680.jpg 1024w, https:\/\/www.medellin.gov.co\/es\/wp-content\/uploads\/2024\/06\/HUSVP_31-300x199.jpg 300w, https:\/\/www.medellin.gov.co\/es\/wp-content\/uploads\/2024\/06\/HUSVP_31-150x100.jpg 150w, https:\/\/www.medellin.gov.co\/es\/wp-content\/uploads\/2024\/06\/HUSVP_31-768x510.jpg 768w, https:\/\/www.medellin.gov.co\/es\/wp-content\/uploads\/2024\/06\/HUSVP_31.jpg 1280w\" sizes=\"(max-width: 1024px) 100vw, 1024px\" \/><\/a>\n\t\t\t<\/dt><\/dl><dl class='gallery-item'>\n\t\t\t<dt class='gallery-icon landscape'>\n\t\t\t\t<a href='https:\/\/www.medellin.gov.co\/es\/sala-de-prensa\/noticias\/el-hospital-san-vicente-fundacion-medellin-111-anos-fiel-a-su-mision-de-cuidar-la-vida\/husvp_30\/'><img width=\"1024\" height=\"680\" src=\"https:\/\/www.medellin.gov.co\/es\/wp-content\/uploads\/2024\/06\/HUSVP_30-1024x680.jpg\" class=\"attachment-large size-large\" alt=\"\" loading=\"lazy\" srcset=\"https:\/\/www.medellin.gov.co\/es\/wp-content\/uploads\/2024\/06\/HUSVP_30-1024x680.jpg 1024w, https:\/\/www.medellin.gov.co\/es\/wp-content\/uploads\/2024\/06\/HUSVP_30-300x199.jpg 300w, https:\/\/www.medellin.gov.co\/es\/wp-content\/uploads\/2024\/06\/HUSVP_30-150x100.jpg 150w, https:\/\/www.medellin.gov.co\/es\/wp-content\/uploads\/2024\/06\/HUSVP_30-768x510.jpg 768w, https:\/\/www.medellin.gov.co\/es\/wp-content\/uploads\/2024\/06\/HUSVP_30.jpg 1280w\" sizes=\"(max-width: 1024px) 100vw, 1024px\" \/><\/a>\n\t\t\t<\/dt><\/dl><br style=\"clear: both\" \/>\n\t\t<\/div>\n\n<p><strong>1948: g<\/strong><strong>esti\u00f3n del conocimiento<\/strong><\/p>\n<p>Para este a\u00f1o el <a href=\"https:\/\/www.sanvicentefundacion.com\/nuestras-entidades\/hospital-medellin\" target=\"_blank\" rel=\"noopener\">Hospital Universitario de San Vicente Fundaci\u00f3n<\/a> es considerado el primer centro asistencial y docente del <a href=\"https:\/\/antioquia.gov.co\/\" target=\"_blank\" rel=\"noopener\">Departamento de Antioquia<\/a>, de acuerdo con el convenio docente-asistencial que se estableci\u00f3 desde el 8 de abril de esa anualidad con la <a href=\"https:\/\/www.udea.edu.co\/\" target=\"_blank\" rel=\"noopener\">Universidad de Antioquia<\/a>, el cual sigue vigente. Como logro significativo, se hace la primera autotransfusi\u00f3n de sangre en Colombia, en las instalaciones de la <a href=\"https:\/\/www.sanvicentefundacion.com\/\" target=\"_blank\" rel=\"noopener\">Policl\u00ednica<\/a>.<\/p>\n<p><strong>1949: <\/strong>En este a\u00f1o se funda el Banco de Sangre, que empez\u00f3 operaciones al interior del Hospital de Medell\u00edn, en el s\u00f3tano del bloque 6, cerca de urgencias: Uno de sus fundadores fue el m\u00e9dico V\u00edctor Manuel Botero. En 2019, este Banco \u00a0celebr\u00f3 los 70 a\u00f1os de su fundaci\u00f3n.<\/p>\n\n\t\t<style type=\"text\/css\">\n\t\t\t#gallery-9 {\n\t\t\t\tmargin: auto;\n\t\t\t}\n\t\t\t#gallery-9 .gallery-item {\n\t\t\t\tfloat: left;\n\t\t\t\tmargin-top: 10px;\n\t\t\t\ttext-align: center;\n\t\t\t\twidth: 50%;\n\t\t\t}\n\t\t\t#gallery-9 img {\n\t\t\t\tborder: 2px solid #cfcfcf;\n\t\t\t}\n\t\t\t#gallery-9 .gallery-caption {\n\t\t\t\tmargin-left: 0;\n\t\t\t}\n\t\t\t\/* see gallery_shortcode() in wp-includes\/media.php *\/\n\t\t<\/style>\n\t\t<div id='gallery-9' class='gallery galleryid-316656 gallery-columns-2 gallery-size-large'><dl class='gallery-item'>\n\t\t\t<dt class='gallery-icon landscape'>\n\t\t\t\t<a href='https:\/\/www.medellin.gov.co\/es\/sala-de-prensa\/noticias\/el-hospital-san-vicente-fundacion-medellin-111-anos-fiel-a-su-mision-de-cuidar-la-vida\/husvp_33\/'><img width=\"1024\" height=\"680\" src=\"https:\/\/www.medellin.gov.co\/es\/wp-content\/uploads\/2024\/06\/HUSVP_33-1024x680.jpg\" class=\"attachment-large size-large\" alt=\"\" loading=\"lazy\" srcset=\"https:\/\/www.medellin.gov.co\/es\/wp-content\/uploads\/2024\/06\/HUSVP_33-1024x680.jpg 1024w, https:\/\/www.medellin.gov.co\/es\/wp-content\/uploads\/2024\/06\/HUSVP_33-300x199.jpg 300w, https:\/\/www.medellin.gov.co\/es\/wp-content\/uploads\/2024\/06\/HUSVP_33-150x100.jpg 150w, https:\/\/www.medellin.gov.co\/es\/wp-content\/uploads\/2024\/06\/HUSVP_33-768x510.jpg 768w, https:\/\/www.medellin.gov.co\/es\/wp-content\/uploads\/2024\/06\/HUSVP_33.jpg 1280w\" sizes=\"(max-width: 1024px) 100vw, 1024px\" \/><\/a>\n\t\t\t<\/dt><\/dl><dl class='gallery-item'>\n\t\t\t<dt class='gallery-icon landscape'>\n\t\t\t\t<a href='https:\/\/www.medellin.gov.co\/es\/sala-de-prensa\/noticias\/el-hospital-san-vicente-fundacion-medellin-111-anos-fiel-a-su-mision-de-cuidar-la-vida\/husvp_32-2\/'><img width=\"1024\" height=\"680\" src=\"https:\/\/www.medellin.gov.co\/es\/wp-content\/uploads\/2024\/06\/HUSVP_32-1-1024x680.jpg\" class=\"attachment-large size-large\" alt=\"\" loading=\"lazy\" srcset=\"https:\/\/www.medellin.gov.co\/es\/wp-content\/uploads\/2024\/06\/HUSVP_32-1-1024x680.jpg 1024w, https:\/\/www.medellin.gov.co\/es\/wp-content\/uploads\/2024\/06\/HUSVP_32-1-300x199.jpg 300w, https:\/\/www.medellin.gov.co\/es\/wp-content\/uploads\/2024\/06\/HUSVP_32-1-150x100.jpg 150w, https:\/\/www.medellin.gov.co\/es\/wp-content\/uploads\/2024\/06\/HUSVP_32-1-768x510.jpg 768w, https:\/\/www.medellin.gov.co\/es\/wp-content\/uploads\/2024\/06\/HUSVP_32-1.jpg 1280w\" sizes=\"(max-width: 1024px) 100vw, 1024px\" \/><\/a>\n\t\t\t<\/dt><\/dl><br style=\"clear: both\" \/>\n\t\t<\/div>\n\n<p><strong>1950 y a\u00f1os siguientes<\/strong><\/p>\n<p>Se abre al p\u00fablico el servicio de consulta externa y se funda el <a href=\"https:\/\/www.sanvicentefundacion.com\/especialidades-y-servicios\/neurocirugia\/neurocirugia-funcional\" target=\"_blank\" rel=\"noopener\">Departamento de Neurocirug\u00eda.<\/a> Para 1951, Se acuerda una profunda reforma administrativa y se crea el cargo de director general adem\u00e1s de estrenarse la <a href=\"https:\/\/www.udea.edu.co\/wps\/portal\/udea\/web\/inicio\/unidades-academicas\/enfermeria\" target=\"_blank\" rel=\"noopener\">Facultad de Enfermer\u00eda de la Universidad de Antioquia<\/a>. Tambi\u00e9n se abre el servicio de infecto-contagiosos de caridad y el servicio social, hoy convertido en el departamento de Trabajo Social. Igualmente, comienza a funcionar el servicio de neurolog\u00eda.<\/p>\n<p>En 1954 el <a href=\"https:\/\/www.sanvicentefundacion.com\/especialidades-y-servicios\/servicios-de-apoyo\/banco-de-sangre\" target=\"_blank\" rel=\"noopener\">Banco de Sangre<\/a> se traslada para el bloque 17, se establece el <a href=\"https:\/\/www.sanvicentefundacion.com\/nuestras-entidades\/hospital-medellin\" target=\"_blank\" rel=\"noopener\">Departamento de Anestesiolog\u00eda como parte del Departamento de Cirug\u00eda y comienza a funcionar el servicio de fisioterapia<\/a>.<\/p>\n\n\t\t<style type=\"text\/css\">\n\t\t\t#gallery-10 {\n\t\t\t\tmargin: auto;\n\t\t\t}\n\t\t\t#gallery-10 .gallery-item {\n\t\t\t\tfloat: left;\n\t\t\t\tmargin-top: 10px;\n\t\t\t\ttext-align: center;\n\t\t\t\twidth: 50%;\n\t\t\t}\n\t\t\t#gallery-10 img {\n\t\t\t\tborder: 2px solid #cfcfcf;\n\t\t\t}\n\t\t\t#gallery-10 .gallery-caption {\n\t\t\t\tmargin-left: 0;\n\t\t\t}\n\t\t\t\/* see gallery_shortcode() in wp-includes\/media.php *\/\n\t\t<\/style>\n\t\t<div id='gallery-10' class='gallery galleryid-316656 gallery-columns-2 gallery-size-large'><dl class='gallery-item'>\n\t\t\t<dt class='gallery-icon landscape'>\n\t\t\t\t<a href='https:\/\/www.medellin.gov.co\/es\/sala-de-prensa\/noticias\/el-hospital-san-vicente-fundacion-medellin-111-anos-fiel-a-su-mision-de-cuidar-la-vida\/husvp_76\/'><img width=\"1024\" height=\"680\" src=\"https:\/\/www.medellin.gov.co\/es\/wp-content\/uploads\/2024\/06\/HUSVP_76-1024x680.jpg\" class=\"attachment-large size-large\" alt=\"\" loading=\"lazy\" srcset=\"https:\/\/www.medellin.gov.co\/es\/wp-content\/uploads\/2024\/06\/HUSVP_76-1024x680.jpg 1024w, https:\/\/www.medellin.gov.co\/es\/wp-content\/uploads\/2024\/06\/HUSVP_76-300x199.jpg 300w, https:\/\/www.medellin.gov.co\/es\/wp-content\/uploads\/2024\/06\/HUSVP_76-150x100.jpg 150w, https:\/\/www.medellin.gov.co\/es\/wp-content\/uploads\/2024\/06\/HUSVP_76-768x510.jpg 768w, https:\/\/www.medellin.gov.co\/es\/wp-content\/uploads\/2024\/06\/HUSVP_76.jpg 1280w\" sizes=\"(max-width: 1024px) 100vw, 1024px\" \/><\/a>\n\t\t\t<\/dt><\/dl><dl class='gallery-item'>\n\t\t\t<dt class='gallery-icon landscape'>\n\t\t\t\t<a href='https:\/\/www.medellin.gov.co\/es\/sala-de-prensa\/noticias\/el-hospital-san-vicente-fundacion-medellin-111-anos-fiel-a-su-mision-de-cuidar-la-vida\/husvp_77\/'><img width=\"1024\" height=\"680\" src=\"https:\/\/www.medellin.gov.co\/es\/wp-content\/uploads\/2024\/06\/HUSVP_77-1024x680.jpg\" class=\"attachment-large size-large\" alt=\"\" loading=\"lazy\" srcset=\"https:\/\/www.medellin.gov.co\/es\/wp-content\/uploads\/2024\/06\/HUSVP_77-1024x680.jpg 1024w, https:\/\/www.medellin.gov.co\/es\/wp-content\/uploads\/2024\/06\/HUSVP_77-300x199.jpg 300w, https:\/\/www.medellin.gov.co\/es\/wp-content\/uploads\/2024\/06\/HUSVP_77-150x100.jpg 150w, https:\/\/www.medellin.gov.co\/es\/wp-content\/uploads\/2024\/06\/HUSVP_77-768x510.jpg 768w, https:\/\/www.medellin.gov.co\/es\/wp-content\/uploads\/2024\/06\/HUSVP_77.jpg 1280w\" sizes=\"(max-width: 1024px) 100vw, 1024px\" \/><\/a>\n\t\t\t<\/dt><\/dl><br style=\"clear: both\" \/>\n\t\t<\/div>\n\n<p>En 1958 se inaugura el edificio de la <a href=\"https:\/\/www.sanvicentefundacion.com\/nuestras-entidades\/hospital-medellin\" target=\"_blank\" rel=\"noopener\">Policl\u00ednica del Hospital<\/a> para atender las urgencias y se hace la primera cirug\u00eda estereot\u00e1xica en Colombia, para tratar la enfermedad de <a href=\"https:\/\/www.who.int\/es\/news-room\/fact-sheets\/detail\/parkinson-disease#:~:text=Panorama%20general,medicamentos%20pueden%20reducir%20los%20s%C3%ADntomas.\" target=\"_blank\" rel=\"noopener\">Parkinson<\/a>.<\/p>\n<p>Para 1959 se crea el <a href=\"https:\/\/www.udea.edu.co\/wps\/portal\/udea\/web\/inicio\/unidades-academicas\/medicina\/acerca-facultad\/departamentos\/departamento-medicina-fisica-rehabilitacion\" target=\"_blank\" rel=\"noopener\">Departamento de Medicina F\u00edsica y Rehabilitaci\u00f3n<\/a>, con el objeto de trabajar decididamente por la rehabilitaci\u00f3n integral de las personas con limitaciones f\u00edsicas.<\/p>\n<p>Al celebrar sus 25 a\u00f1os de labores como \u00a0instituci\u00f3n hospitalaria, se reconoce su car\u00e1cter universitario nombr\u00e1ndolo <a href=\"https:\/\/www.sanvicentefundacion.com\/nuestras-entidades\/hospital-medellin\" target=\"_blank\" rel=\"noopener\">Hospital Universitario San Vicente de Pa\u00fal<\/a>.<\/p>\n\n\t\t<style type=\"text\/css\">\n\t\t\t#gallery-11 {\n\t\t\t\tmargin: auto;\n\t\t\t}\n\t\t\t#gallery-11 .gallery-item {\n\t\t\t\tfloat: left;\n\t\t\t\tmargin-top: 10px;\n\t\t\t\ttext-align: center;\n\t\t\t\twidth: 33%;\n\t\t\t}\n\t\t\t#gallery-11 img {\n\t\t\t\tborder: 2px solid #cfcfcf;\n\t\t\t}\n\t\t\t#gallery-11 .gallery-caption {\n\t\t\t\tmargin-left: 0;\n\t\t\t}\n\t\t\t\/* see gallery_shortcode() in wp-includes\/media.php *\/\n\t\t<\/style>\n\t\t<div id='gallery-11' class='gallery galleryid-316656 gallery-columns-3 gallery-size-large'><dl class='gallery-item'>\n\t\t\t<dt class='gallery-icon landscape'>\n\t\t\t\t<a href='https:\/\/www.medellin.gov.co\/es\/sala-de-prensa\/noticias\/el-hospital-san-vicente-fundacion-medellin-111-anos-fiel-a-su-mision-de-cuidar-la-vida\/husvp_36\/'><img width=\"1024\" height=\"680\" src=\"https:\/\/www.medellin.gov.co\/es\/wp-content\/uploads\/2024\/06\/HUSVP_36-1024x680.jpg\" class=\"attachment-large size-large\" alt=\"\" loading=\"lazy\" srcset=\"https:\/\/www.medellin.gov.co\/es\/wp-content\/uploads\/2024\/06\/HUSVP_36-1024x680.jpg 1024w, https:\/\/www.medellin.gov.co\/es\/wp-content\/uploads\/2024\/06\/HUSVP_36-300x199.jpg 300w, https:\/\/www.medellin.gov.co\/es\/wp-content\/uploads\/2024\/06\/HUSVP_36-150x100.jpg 150w, https:\/\/www.medellin.gov.co\/es\/wp-content\/uploads\/2024\/06\/HUSVP_36-768x510.jpg 768w, https:\/\/www.medellin.gov.co\/es\/wp-content\/uploads\/2024\/06\/HUSVP_36.jpg 1280w\" sizes=\"(max-width: 1024px) 100vw, 1024px\" \/><\/a>\n\t\t\t<\/dt><\/dl><dl class='gallery-item'>\n\t\t\t<dt class='gallery-icon landscape'>\n\t\t\t\t<a href='https:\/\/www.medellin.gov.co\/es\/sala-de-prensa\/noticias\/el-hospital-san-vicente-fundacion-medellin-111-anos-fiel-a-su-mision-de-cuidar-la-vida\/husvp_35\/'><img width=\"1024\" height=\"680\" src=\"https:\/\/www.medellin.gov.co\/es\/wp-content\/uploads\/2024\/06\/HUSVP_35-1024x680.jpg\" class=\"attachment-large size-large\" alt=\"\" loading=\"lazy\" srcset=\"https:\/\/www.medellin.gov.co\/es\/wp-content\/uploads\/2024\/06\/HUSVP_35-1024x680.jpg 1024w, https:\/\/www.medellin.gov.co\/es\/wp-content\/uploads\/2024\/06\/HUSVP_35-300x199.jpg 300w, https:\/\/www.medellin.gov.co\/es\/wp-content\/uploads\/2024\/06\/HUSVP_35-150x100.jpg 150w, https:\/\/www.medellin.gov.co\/es\/wp-content\/uploads\/2024\/06\/HUSVP_35-768x510.jpg 768w, https:\/\/www.medellin.gov.co\/es\/wp-content\/uploads\/2024\/06\/HUSVP_35.jpg 1280w\" sizes=\"(max-width: 1024px) 100vw, 1024px\" \/><\/a>\n\t\t\t<\/dt><\/dl><dl class='gallery-item'>\n\t\t\t<dt class='gallery-icon landscape'>\n\t\t\t\t<a href='https:\/\/www.medellin.gov.co\/es\/sala-de-prensa\/noticias\/el-hospital-san-vicente-fundacion-medellin-111-anos-fiel-a-su-mision-de-cuidar-la-vida\/husvp_34\/'><img width=\"1024\" height=\"680\" src=\"https:\/\/www.medellin.gov.co\/es\/wp-content\/uploads\/2024\/06\/HUSVP_34-1024x680.jpg\" class=\"attachment-large size-large\" alt=\"\" loading=\"lazy\" srcset=\"https:\/\/www.medellin.gov.co\/es\/wp-content\/uploads\/2024\/06\/HUSVP_34-1024x680.jpg 1024w, https:\/\/www.medellin.gov.co\/es\/wp-content\/uploads\/2024\/06\/HUSVP_34-300x199.jpg 300w, https:\/\/www.medellin.gov.co\/es\/wp-content\/uploads\/2024\/06\/HUSVP_34-150x100.jpg 150w, https:\/\/www.medellin.gov.co\/es\/wp-content\/uploads\/2024\/06\/HUSVP_34-768x510.jpg 768w, https:\/\/www.medellin.gov.co\/es\/wp-content\/uploads\/2024\/06\/HUSVP_34.jpg 1280w\" sizes=\"(max-width: 1024px) 100vw, 1024px\" \/><\/a>\n\t\t\t<\/dt><\/dl><br style=\"clear: both\" \/>\n\t\t<\/div>\n\n<p><strong>D\u00e9cada 1960-1970<\/strong><\/p>\n<p>En 1960 se organiza el servicio de cirug\u00eda pedi\u00e1trica, se crea el primer servicio de urolog\u00eda pedi\u00e1trica -el primero en Colombia-, adem\u00e1s del servicio psicosom\u00e1tico denominado en 1969 como <a href=\"https:\/\/www.sanvicentefundacion.com\/especialidades-y-servicios\/psiquiatria\/psiquiatria-de-enlace\" target=\"_blank\" rel=\"noopener\">Unidad de Psiquiatr\u00eda<\/a> y en 1981 como <a href=\"https:\/\/www.sanvicentefundacion.com\/especialidades-y-servicios\/psiquiatria\/psiquiatria-de-enlace\" target=\"_blank\" rel=\"noopener\">Unidad de Salud Mental<\/a>.<\/p>\n<p>En 1961, el 11 de marzo, se inaugura el <a href=\"https:\/\/www.sanvicentefundacion.com\/nuestras-entidades\/hospital-medellin\" target=\"_blank\" rel=\"noopener\">pabell\u00f3n infantil arzobispo Caycedo<\/a>, que luego ser\u00eda llamado Hospital Infantil y se crea el Departamento de Enfermer\u00eda, en 1963 se funda en el Hospital el primer laboratorio de nefrolog\u00eda en Colombia y se celebran sus primeros 50 a\u00f1os de servicio.<\/p>\n\n\t\t<style type=\"text\/css\">\n\t\t\t#gallery-12 {\n\t\t\t\tmargin: auto;\n\t\t\t}\n\t\t\t#gallery-12 .gallery-item {\n\t\t\t\tfloat: left;\n\t\t\t\tmargin-top: 10px;\n\t\t\t\ttext-align: center;\n\t\t\t\twidth: 33%;\n\t\t\t}\n\t\t\t#gallery-12 img {\n\t\t\t\tborder: 2px solid #cfcfcf;\n\t\t\t}\n\t\t\t#gallery-12 .gallery-caption {\n\t\t\t\tmargin-left: 0;\n\t\t\t}\n\t\t\t\/* see gallery_shortcode() in wp-includes\/media.php *\/\n\t\t<\/style>\n\t\t<div id='gallery-12' class='gallery galleryid-316656 gallery-columns-3 gallery-size-large'><dl class='gallery-item'>\n\t\t\t<dt class='gallery-icon landscape'>\n\t\t\t\t<a href='https:\/\/www.medellin.gov.co\/es\/sala-de-prensa\/noticias\/el-hospital-san-vicente-fundacion-medellin-111-anos-fiel-a-su-mision-de-cuidar-la-vida\/husvp_37\/'><img width=\"1024\" height=\"680\" src=\"https:\/\/www.medellin.gov.co\/es\/wp-content\/uploads\/2024\/06\/HUSVP_37-1024x680.jpg\" class=\"attachment-large size-large\" alt=\"\" loading=\"lazy\" srcset=\"https:\/\/www.medellin.gov.co\/es\/wp-content\/uploads\/2024\/06\/HUSVP_37-1024x680.jpg 1024w, https:\/\/www.medellin.gov.co\/es\/wp-content\/uploads\/2024\/06\/HUSVP_37-300x199.jpg 300w, https:\/\/www.medellin.gov.co\/es\/wp-content\/uploads\/2024\/06\/HUSVP_37-150x100.jpg 150w, https:\/\/www.medellin.gov.co\/es\/wp-content\/uploads\/2024\/06\/HUSVP_37-768x510.jpg 768w, https:\/\/www.medellin.gov.co\/es\/wp-content\/uploads\/2024\/06\/HUSVP_37.jpg 1280w\" sizes=\"(max-width: 1024px) 100vw, 1024px\" \/><\/a>\n\t\t\t<\/dt><\/dl><dl class='gallery-item'>\n\t\t\t<dt class='gallery-icon landscape'>\n\t\t\t\t<a href='https:\/\/www.medellin.gov.co\/es\/sala-de-prensa\/noticias\/el-hospital-san-vicente-fundacion-medellin-111-anos-fiel-a-su-mision-de-cuidar-la-vida\/husvp_39\/'><img width=\"1024\" height=\"680\" src=\"https:\/\/www.medellin.gov.co\/es\/wp-content\/uploads\/2024\/06\/HUSVP_39-1024x680.jpg\" class=\"attachment-large size-large\" alt=\"\" loading=\"lazy\" srcset=\"https:\/\/www.medellin.gov.co\/es\/wp-content\/uploads\/2024\/06\/HUSVP_39-1024x680.jpg 1024w, https:\/\/www.medellin.gov.co\/es\/wp-content\/uploads\/2024\/06\/HUSVP_39-300x199.jpg 300w, https:\/\/www.medellin.gov.co\/es\/wp-content\/uploads\/2024\/06\/HUSVP_39-150x100.jpg 150w, https:\/\/www.medellin.gov.co\/es\/wp-content\/uploads\/2024\/06\/HUSVP_39-768x510.jpg 768w, https:\/\/www.medellin.gov.co\/es\/wp-content\/uploads\/2024\/06\/HUSVP_39.jpg 1280w\" sizes=\"(max-width: 1024px) 100vw, 1024px\" \/><\/a>\n\t\t\t<\/dt><\/dl><dl class='gallery-item'>\n\t\t\t<dt class='gallery-icon landscape'>\n\t\t\t\t<a href='https:\/\/www.medellin.gov.co\/es\/sala-de-prensa\/noticias\/el-hospital-san-vicente-fundacion-medellin-111-anos-fiel-a-su-mision-de-cuidar-la-vida\/husvp_38\/'><img width=\"1024\" height=\"680\" src=\"https:\/\/www.medellin.gov.co\/es\/wp-content\/uploads\/2024\/06\/HUSVP_38-1024x680.jpg\" class=\"attachment-large size-large\" alt=\"\" loading=\"lazy\" srcset=\"https:\/\/www.medellin.gov.co\/es\/wp-content\/uploads\/2024\/06\/HUSVP_38-1024x680.jpg 1024w, https:\/\/www.medellin.gov.co\/es\/wp-content\/uploads\/2024\/06\/HUSVP_38-300x199.jpg 300w, https:\/\/www.medellin.gov.co\/es\/wp-content\/uploads\/2024\/06\/HUSVP_38-150x100.jpg 150w, https:\/\/www.medellin.gov.co\/es\/wp-content\/uploads\/2024\/06\/HUSVP_38-768x510.jpg 768w, https:\/\/www.medellin.gov.co\/es\/wp-content\/uploads\/2024\/06\/HUSVP_38.jpg 1280w\" sizes=\"(max-width: 1024px) 100vw, 1024px\" \/><\/a>\n\t\t\t<\/dt><\/dl><br style=\"clear: both\" \/>\n\t\t<\/div>\n\n<p>Como resultado de la investigaci\u00f3n permanente, en la b\u00fasqueda de soluciones creativas para alivio de sus pacientes, se iniciaron en el Hospital, en 1964, los tratamientos de hemodi\u00e1lisis con ri\u00f1ones artificiales.<\/p>\n<p>En 1965 los <a href=\"https:\/\/es.wikipedia.org\/wiki\/Camilo_de_Lelis\" target=\"_blank\" rel=\"noopener\">padres Camilos<\/a> llegan al Hospital y desde entonces regentan la capilla del lugar, acompa\u00f1ando a los enfermos, tal como lo orden\u00f3 el fundador de la <a href=\"https:\/\/es.wikipedia.org\/wiki\/Camilo_de_Lelis\" target=\"_blank\" rel=\"noopener\">Congregaci\u00f3n Camilo de Lelis<\/a>, cuatro siglos atr\u00e1s. Ese mismo a\u00f1o se construye el edificio actual donde se encuentra el Banco de Sangre y se realiza el primer reimplante de mano en Latinoam\u00e9rica.<\/p>\n\n\t\t<style type=\"text\/css\">\n\t\t\t#gallery-13 {\n\t\t\t\tmargin: auto;\n\t\t\t}\n\t\t\t#gallery-13 .gallery-item {\n\t\t\t\tfloat: left;\n\t\t\t\tmargin-top: 10px;\n\t\t\t\ttext-align: center;\n\t\t\t\twidth: 50%;\n\t\t\t}\n\t\t\t#gallery-13 img {\n\t\t\t\tborder: 2px solid #cfcfcf;\n\t\t\t}\n\t\t\t#gallery-13 .gallery-caption {\n\t\t\t\tmargin-left: 0;\n\t\t\t}\n\t\t\t\/* see gallery_shortcode() in wp-includes\/media.php *\/\n\t\t<\/style>\n\t\t<div id='gallery-13' class='gallery galleryid-316656 gallery-columns-2 gallery-size-large'><dl class='gallery-item'>\n\t\t\t<dt class='gallery-icon landscape'>\n\t\t\t\t<a href='https:\/\/www.medellin.gov.co\/es\/sala-de-prensa\/noticias\/el-hospital-san-vicente-fundacion-medellin-111-anos-fiel-a-su-mision-de-cuidar-la-vida\/husvp_40\/'><img width=\"1024\" height=\"680\" src=\"https:\/\/www.medellin.gov.co\/es\/wp-content\/uploads\/2024\/06\/HUSVP_40-1024x680.jpg\" class=\"attachment-large size-large\" alt=\"\" loading=\"lazy\" srcset=\"https:\/\/www.medellin.gov.co\/es\/wp-content\/uploads\/2024\/06\/HUSVP_40-1024x680.jpg 1024w, https:\/\/www.medellin.gov.co\/es\/wp-content\/uploads\/2024\/06\/HUSVP_40-300x199.jpg 300w, https:\/\/www.medellin.gov.co\/es\/wp-content\/uploads\/2024\/06\/HUSVP_40-150x100.jpg 150w, https:\/\/www.medellin.gov.co\/es\/wp-content\/uploads\/2024\/06\/HUSVP_40-768x510.jpg 768w, https:\/\/www.medellin.gov.co\/es\/wp-content\/uploads\/2024\/06\/HUSVP_40.jpg 1280w\" sizes=\"(max-width: 1024px) 100vw, 1024px\" \/><\/a>\n\t\t\t<\/dt><\/dl><dl class='gallery-item'>\n\t\t\t<dt class='gallery-icon landscape'>\n\t\t\t\t<a href='https:\/\/www.medellin.gov.co\/es\/sala-de-prensa\/noticias\/el-hospital-san-vicente-fundacion-medellin-111-anos-fiel-a-su-mision-de-cuidar-la-vida\/husvp_43\/'><img width=\"1024\" height=\"680\" src=\"https:\/\/www.medellin.gov.co\/es\/wp-content\/uploads\/2024\/06\/HUSVP_43-1024x680.jpg\" class=\"attachment-large size-large\" alt=\"\" loading=\"lazy\" srcset=\"https:\/\/www.medellin.gov.co\/es\/wp-content\/uploads\/2024\/06\/HUSVP_43-1024x680.jpg 1024w, https:\/\/www.medellin.gov.co\/es\/wp-content\/uploads\/2024\/06\/HUSVP_43-300x199.jpg 300w, https:\/\/www.medellin.gov.co\/es\/wp-content\/uploads\/2024\/06\/HUSVP_43-150x100.jpg 150w, https:\/\/www.medellin.gov.co\/es\/wp-content\/uploads\/2024\/06\/HUSVP_43-768x510.jpg 768w, https:\/\/www.medellin.gov.co\/es\/wp-content\/uploads\/2024\/06\/HUSVP_43.jpg 1280w\" sizes=\"(max-width: 1024px) 100vw, 1024px\" \/><\/a>\n\t\t\t<\/dt><\/dl><br style=\"clear: both\" \/>\n\t\t<\/div>\n\n<p>En 1966 crean la <a href=\"https:\/\/www.sanvicentefundacion.com\/especialidades-y-servicios\/trasplantes\/nefrologia\" target=\"_blank\" rel=\"noopener\">Unidad Renal<\/a>, siendo la primera en Colombia y el 25 de octubre de 1967 se realiza con \u00e9xito la primera hemodi\u00e1lisis con el primer ri\u00f1\u00f3n artificial colombiano: el ri\u00f1\u00f3n Gracec.<\/p>\n<p><strong>Los trasplantes que le han dado alto prestigio y otros logros<\/strong><\/p>\n<p>La \u00e9poca de los trasplantes comienza en 1968 con la creaci\u00f3n del Grupo de Trasplantes, que se convertir\u00eda en un hito del Hospital desde el punto de vista cient\u00edfico y empresarial. Ese a\u00f1o se funda el <a href=\"https:\/\/www.udea.edu.co\/wps\/portal\/udea\/web\/inicio\/unidades-academicas\/medicina\/acerca-facultad\/departamentos\/departamento-medicina-fisica-rehabilitacion\" target=\"_blank\" rel=\"noopener\">Departamento de Medicina F\u00edsica y Rehabilitaci\u00f3n<\/a>.<\/p>\n\n\t\t<style type=\"text\/css\">\n\t\t\t#gallery-14 {\n\t\t\t\tmargin: auto;\n\t\t\t}\n\t\t\t#gallery-14 .gallery-item {\n\t\t\t\tfloat: left;\n\t\t\t\tmargin-top: 10px;\n\t\t\t\ttext-align: center;\n\t\t\t\twidth: 50%;\n\t\t\t}\n\t\t\t#gallery-14 img {\n\t\t\t\tborder: 2px solid #cfcfcf;\n\t\t\t}\n\t\t\t#gallery-14 .gallery-caption {\n\t\t\t\tmargin-left: 0;\n\t\t\t}\n\t\t\t\/* see gallery_shortcode() in wp-includes\/media.php *\/\n\t\t<\/style>\n\t\t<div id='gallery-14' class='gallery galleryid-316656 gallery-columns-2 gallery-size-large'><dl class='gallery-item'>\n\t\t\t<dt class='gallery-icon landscape'>\n\t\t\t\t<a href='https:\/\/www.medellin.gov.co\/es\/sala-de-prensa\/noticias\/el-hospital-san-vicente-fundacion-medellin-111-anos-fiel-a-su-mision-de-cuidar-la-vida\/husvp_42\/'><img width=\"1024\" height=\"680\" src=\"https:\/\/www.medellin.gov.co\/es\/wp-content\/uploads\/2024\/06\/HUSVP_42-1024x680.jpg\" class=\"attachment-large size-large\" alt=\"\" loading=\"lazy\" srcset=\"https:\/\/www.medellin.gov.co\/es\/wp-content\/uploads\/2024\/06\/HUSVP_42-1024x680.jpg 1024w, https:\/\/www.medellin.gov.co\/es\/wp-content\/uploads\/2024\/06\/HUSVP_42-300x199.jpg 300w, https:\/\/www.medellin.gov.co\/es\/wp-content\/uploads\/2024\/06\/HUSVP_42-150x100.jpg 150w, https:\/\/www.medellin.gov.co\/es\/wp-content\/uploads\/2024\/06\/HUSVP_42-768x510.jpg 768w, https:\/\/www.medellin.gov.co\/es\/wp-content\/uploads\/2024\/06\/HUSVP_42.jpg 1280w\" sizes=\"(max-width: 1024px) 100vw, 1024px\" \/><\/a>\n\t\t\t<\/dt><\/dl><dl class='gallery-item'>\n\t\t\t<dt class='gallery-icon landscape'>\n\t\t\t\t<a href='https:\/\/www.medellin.gov.co\/es\/sala-de-prensa\/noticias\/el-hospital-san-vicente-fundacion-medellin-111-anos-fiel-a-su-mision-de-cuidar-la-vida\/husvp_41\/'><img width=\"1024\" height=\"680\" src=\"https:\/\/www.medellin.gov.co\/es\/wp-content\/uploads\/2024\/06\/HUSVP_41-1024x680.jpg\" class=\"attachment-large size-large\" alt=\"\" loading=\"lazy\" srcset=\"https:\/\/www.medellin.gov.co\/es\/wp-content\/uploads\/2024\/06\/HUSVP_41-1024x680.jpg 1024w, https:\/\/www.medellin.gov.co\/es\/wp-content\/uploads\/2024\/06\/HUSVP_41-300x199.jpg 300w, https:\/\/www.medellin.gov.co\/es\/wp-content\/uploads\/2024\/06\/HUSVP_41-150x100.jpg 150w, https:\/\/www.medellin.gov.co\/es\/wp-content\/uploads\/2024\/06\/HUSVP_41-768x510.jpg 768w, https:\/\/www.medellin.gov.co\/es\/wp-content\/uploads\/2024\/06\/HUSVP_41.jpg 1280w\" sizes=\"(max-width: 1024px) 100vw, 1024px\" \/><\/a>\n\t\t\t<\/dt><\/dl><br style=\"clear: both\" \/>\n\t\t<\/div>\n\n<p>Se crea el Departamento de Nutrici\u00f3n y Diet\u00e9tica en 1969, al igual que la secci\u00f3n de medicina nuclear.<\/p>\n<p><strong>De 1970 a 1980: tecnolog\u00eda con sentido social<\/strong><\/p>\n<p>En el a\u00f1o 1971 se inaugur\u00f3 el edificio de radioterapia y rayos X central, aunque \u00a0desde 1934 el Hospital ofrec\u00eda los servicios para el tratamiento de <a href=\"https:\/\/www.cancer.gov\/espanol\/cancer\/naturaleza\/que-es\" target=\"_blank\" rel=\"noopener\">c\u00e1ncer<\/a> y la junta directiva del Hospital cre\u00f3 el <a href=\"https:\/\/www.sanvicentefundacion.com\/especialidades-y-servicios\/servicios-de-apoyo\/medicina-fisica-y-rehabilitacion\" target=\"_blank\" rel=\"noopener\">Fondo de Rehabilitaci\u00f3n<\/a>.<\/p>\n<p>El 29 de agosto de 1973 marca otro hito en la historia del Hospital, al realizarse el primer trasplante renal con donante vivo en Colombia.<\/p>\n<p><a href=\"https:\/\/www.medellin.gov.co\/es\/wp-content\/uploads\/2024\/06\/HUSVP_44.jpg\"><img loading=\"lazy\" class=\"alignnone size-large wp-image-316904\" src=\"https:\/\/www.medellin.gov.co\/es\/wp-content\/uploads\/2024\/06\/HUSVP_44-1024x680.jpg\" alt=\"\" width=\"1024\" height=\"680\" srcset=\"https:\/\/www.medellin.gov.co\/es\/wp-content\/uploads\/2024\/06\/HUSVP_44-1024x680.jpg 1024w, https:\/\/www.medellin.gov.co\/es\/wp-content\/uploads\/2024\/06\/HUSVP_44-300x199.jpg 300w, https:\/\/www.medellin.gov.co\/es\/wp-content\/uploads\/2024\/06\/HUSVP_44-150x100.jpg 150w, https:\/\/www.medellin.gov.co\/es\/wp-content\/uploads\/2024\/06\/HUSVP_44-768x510.jpg 768w, https:\/\/www.medellin.gov.co\/es\/wp-content\/uploads\/2024\/06\/HUSVP_44.jpg 1280w\" sizes=\"(max-width: 1024px) 100vw, 1024px\" \/><\/a><\/p>\n<p>Ese mismo a\u00f1o nace <a href=\"https:\/\/corpaul-farmacuetica.webnode.com.co\/\" target=\"_blank\" rel=\"noopener\">CORPA\u00daL (Corporaci\u00f3n de Fomento Asistencial del Hospital San Vicente de Pa\u00fal)<\/a>, una entidad sin \u00e1nimo de lucro encargada de actividades industriales, comerciales y de servicio apoyando con su labor y prestaci\u00f3n el fomento de la salud.<\/p>\n<p><a href=\"https:\/\/www.medellin.gov.co\/es\/wp-content\/uploads\/2024\/06\/21-scaled.jpg\"><img loading=\"lazy\" class=\"alignnone size-large wp-image-316923\" src=\"https:\/\/www.medellin.gov.co\/es\/wp-content\/uploads\/2024\/06\/21-1024x337.jpg\" alt=\"\" width=\"1024\" height=\"337\" srcset=\"https:\/\/www.medellin.gov.co\/es\/wp-content\/uploads\/2024\/06\/21-1024x337.jpg 1024w, https:\/\/www.medellin.gov.co\/es\/wp-content\/uploads\/2024\/06\/21-300x99.jpg 300w, https:\/\/www.medellin.gov.co\/es\/wp-content\/uploads\/2024\/06\/21-150x49.jpg 150w, https:\/\/www.medellin.gov.co\/es\/wp-content\/uploads\/2024\/06\/21-768x253.jpg 768w, https:\/\/www.medellin.gov.co\/es\/wp-content\/uploads\/2024\/06\/21-1536x506.jpg 1536w, https:\/\/www.medellin.gov.co\/es\/wp-content\/uploads\/2024\/06\/21-2048x675.jpg 2048w\" sizes=\"(max-width: 1024px) 100vw, 1024px\" \/><\/a><\/p>\n<p>En 1976 se obtiene otro logro que eleva su prestigio nacional e internacional: se realiza el primer trasplante de m\u00e9dula \u00f3sea en el Hospital, siendo el primero tambi\u00e9n en Latinoam\u00e9rica. A fines de este a\u00f1o se crea el <a href=\"https:\/\/www.sanvicentefundacion.com\/especialidades-y-servicios\/toxicologia\/toxicologia-clinica\" target=\"_blank\" rel=\"noopener\">Departamento de Toxicolog\u00eda<\/a>.<\/p>\n<p><strong>Otros hitos para contar<\/strong><\/p>\n<p>En 1977, se realiza el primer trasplante exitoso de pulm\u00f3n en conjunto con la <a href=\"https:\/\/cardiovid.org.co\/\" target=\"_blank\" rel=\"noopener\">Cl\u00ednica Cardiovascular Santa Mar\u00eda<\/a>, la <a href=\"https:\/\/www.udea.edu.co\/\" target=\"_blank\" rel=\"noopener\">Universidad de Antioquia<\/a> y la Corporaci\u00f3n Colombiana para el Fomento de los Trasplantes y en 1979 se hace el primer trasplante hep\u00e1tico en Colombia.<\/p>\n\n\t\t<style type=\"text\/css\">\n\t\t\t#gallery-15 {\n\t\t\t\tmargin: auto;\n\t\t\t}\n\t\t\t#gallery-15 .gallery-item {\n\t\t\t\tfloat: left;\n\t\t\t\tmargin-top: 10px;\n\t\t\t\ttext-align: center;\n\t\t\t\twidth: 50%;\n\t\t\t}\n\t\t\t#gallery-15 img {\n\t\t\t\tborder: 2px solid #cfcfcf;\n\t\t\t}\n\t\t\t#gallery-15 .gallery-caption {\n\t\t\t\tmargin-left: 0;\n\t\t\t}\n\t\t\t\/* see gallery_shortcode() in wp-includes\/media.php *\/\n\t\t<\/style>\n\t\t<div id='gallery-15' class='gallery galleryid-316656 gallery-columns-2 gallery-size-large'><dl class='gallery-item'>\n\t\t\t<dt class='gallery-icon landscape'>\n\t\t\t\t<a href='https:\/\/www.medellin.gov.co\/es\/sala-de-prensa\/noticias\/el-hospital-san-vicente-fundacion-medellin-111-anos-fiel-a-su-mision-de-cuidar-la-vida\/husvp_45\/'><img width=\"1024\" height=\"680\" src=\"https:\/\/www.medellin.gov.co\/es\/wp-content\/uploads\/2024\/06\/HUSVP_45-1024x680.jpg\" class=\"attachment-large size-large\" alt=\"\" loading=\"lazy\" srcset=\"https:\/\/www.medellin.gov.co\/es\/wp-content\/uploads\/2024\/06\/HUSVP_45-1024x680.jpg 1024w, https:\/\/www.medellin.gov.co\/es\/wp-content\/uploads\/2024\/06\/HUSVP_45-300x199.jpg 300w, https:\/\/www.medellin.gov.co\/es\/wp-content\/uploads\/2024\/06\/HUSVP_45-150x100.jpg 150w, https:\/\/www.medellin.gov.co\/es\/wp-content\/uploads\/2024\/06\/HUSVP_45-768x510.jpg 768w, https:\/\/www.medellin.gov.co\/es\/wp-content\/uploads\/2024\/06\/HUSVP_45.jpg 1280w\" sizes=\"(max-width: 1024px) 100vw, 1024px\" \/><\/a>\n\t\t\t<\/dt><\/dl><dl class='gallery-item'>\n\t\t\t<dt class='gallery-icon landscape'>\n\t\t\t\t<a href='https:\/\/www.medellin.gov.co\/es\/sala-de-prensa\/noticias\/el-hospital-san-vicente-fundacion-medellin-111-anos-fiel-a-su-mision-de-cuidar-la-vida\/husvp_46\/'><img width=\"1024\" height=\"680\" src=\"https:\/\/www.medellin.gov.co\/es\/wp-content\/uploads\/2024\/06\/HUSVP_46-1024x680.jpg\" class=\"attachment-large size-large\" alt=\"\" loading=\"lazy\" srcset=\"https:\/\/www.medellin.gov.co\/es\/wp-content\/uploads\/2024\/06\/HUSVP_46-1024x680.jpg 1024w, https:\/\/www.medellin.gov.co\/es\/wp-content\/uploads\/2024\/06\/HUSVP_46-300x199.jpg 300w, https:\/\/www.medellin.gov.co\/es\/wp-content\/uploads\/2024\/06\/HUSVP_46-150x100.jpg 150w, https:\/\/www.medellin.gov.co\/es\/wp-content\/uploads\/2024\/06\/HUSVP_46-768x510.jpg 768w, https:\/\/www.medellin.gov.co\/es\/wp-content\/uploads\/2024\/06\/HUSVP_46.jpg 1280w\" sizes=\"(max-width: 1024px) 100vw, 1024px\" \/><\/a>\n\t\t\t<\/dt><\/dl><br style=\"clear: both\" \/>\n\t\t<\/div>\n\n<p><strong>De 1980 a 1990<\/strong><\/p>\n<p>La Cl\u00ednica de Alivio del Dolor y Cuidados Paliativos que se impuso como misi\u00f3n aliviar el dolor agudo y cr\u00f3nico y el sufrimiento de los pacientes, nace en el a\u00f1o 1981 y en 1983 tambi\u00e9n inicia operaciones el servicio maxilofacial y de estomatolog\u00eda, como fruto de un convenio interinstitucional docente asistencial entre el <a href=\"https:\/\/www.sanvicentefundacion.com\/nuestras-entidades\/hospital-medellin\" target=\"_blank\" rel=\"noopener\">Hospital Universitario San Vicente de Pa\u00fal<\/a> y la <a href=\"https:\/\/www.udea.edu.co\/wps\/portal\/udea\/web\/inicio\/unidades-academicas\/odontologia\" target=\"_blank\" rel=\"noopener\">Facultad de Odontolog\u00eda de la Universidad de Antioquia<\/a>.<\/p>\n<p>Llega el a\u00f1o 1985 y con \u00e9l, otros logros importantes: se crea la <a href=\"https:\/\/www.sanvicentefundacion.com\/especialidades-y-servicios\/pediatria\/unidad-de-quemados-del-hospital-infantil\" target=\"_blank\" rel=\"noopener\">Unidad de Quemados<\/a> y se brinda apoyo a la <a href=\"https:\/\/cardiovid.org.co\/\" target=\"_blank\" rel=\"noopener\">Cl\u00ednica Cardiovascular Santa Mar\u00eda<\/a> para realizar el <a href=\"https:\/\/cardiovid.org.co\/35-anos-trasplante-corazon-colombia\/\" target=\"_blank\" rel=\"noopener\">primer trasplante de coraz\u00f3n en Colombia<\/a>.<\/p>\n<p><a href=\"https:\/\/www.medellin.gov.co\/es\/wp-content\/uploads\/2024\/06\/HUSVP_47.jpg\"><img loading=\"lazy\" class=\"alignnone size-large wp-image-316929\" src=\"https:\/\/www.medellin.gov.co\/es\/wp-content\/uploads\/2024\/06\/HUSVP_47-1024x680.jpg\" alt=\"\" width=\"1024\" height=\"680\" srcset=\"https:\/\/www.medellin.gov.co\/es\/wp-content\/uploads\/2024\/06\/HUSVP_47-1024x680.jpg 1024w, https:\/\/www.medellin.gov.co\/es\/wp-content\/uploads\/2024\/06\/HUSVP_47-300x199.jpg 300w, https:\/\/www.medellin.gov.co\/es\/wp-content\/uploads\/2024\/06\/HUSVP_47-150x100.jpg 150w, https:\/\/www.medellin.gov.co\/es\/wp-content\/uploads\/2024\/06\/HUSVP_47-768x510.jpg 768w, https:\/\/www.medellin.gov.co\/es\/wp-content\/uploads\/2024\/06\/HUSVP_47.jpg 1280w\" sizes=\"(max-width: 1024px) 100vw, 1024px\" \/><\/a><\/p>\n<p>Para 1987 entra en operaci\u00f3n el Policl\u00ednico Infantil dedicado exclusivamente a la atenci\u00f3n de urgencias infantiles. Se pens\u00f3 anexar el pabell\u00f3n infantil al Hospital ya que la demanda de los servicios de urgencias, consulta externa y hospitalizaci\u00f3n superaban la capacidad del servicio, lo que hizo pensar en construir una obra independiente para mejorar la atenci\u00f3n al ni\u00f1o enfermo.<\/p>\n<p>En 1988 comienza a funcionar la <a href=\"https:\/\/www.sanvicentefundacion.com\/direccion-de-investigaciones\" target=\"_blank\" rel=\"noopener\">Central de Investigaci\u00f3n Farmac\u00e9utica<\/a> y como otro hito m\u00e9dico en la medicina del pa\u00eds, se realiza el primer trasplante simult\u00e1neo de ri\u00f1\u00f3n y p\u00e1ncreas en Colombia.<\/p>\n<p><strong>1990-2000<\/strong><\/p>\n<p>En respuesta a la ley 100 de 1990, la cual involucra al sector de la salud, fue necesario la elaboraci\u00f3n del plan de direccionamiento estrat\u00e9gico para redefinir objetivos y estrategias institucionales y poder proyectar al Hospital como una entidad autosuficiente en el nuevo siglo.<\/p>\n\n\t\t<style type=\"text\/css\">\n\t\t\t#gallery-16 {\n\t\t\t\tmargin: auto;\n\t\t\t}\n\t\t\t#gallery-16 .gallery-item {\n\t\t\t\tfloat: left;\n\t\t\t\tmargin-top: 10px;\n\t\t\t\ttext-align: center;\n\t\t\t\twidth: 50%;\n\t\t\t}\n\t\t\t#gallery-16 img {\n\t\t\t\tborder: 2px solid #cfcfcf;\n\t\t\t}\n\t\t\t#gallery-16 .gallery-caption {\n\t\t\t\tmargin-left: 0;\n\t\t\t}\n\t\t\t\/* see gallery_shortcode() in wp-includes\/media.php *\/\n\t\t<\/style>\n\t\t<div id='gallery-16' class='gallery galleryid-316656 gallery-columns-2 gallery-size-large'><dl class='gallery-item'>\n\t\t\t<dt class='gallery-icon landscape'>\n\t\t\t\t<a href='https:\/\/www.medellin.gov.co\/es\/sala-de-prensa\/noticias\/el-hospital-san-vicente-fundacion-medellin-111-anos-fiel-a-su-mision-de-cuidar-la-vida\/husvp_48\/'><img width=\"1024\" height=\"680\" src=\"https:\/\/www.medellin.gov.co\/es\/wp-content\/uploads\/2024\/06\/HUSVP_48-1024x680.jpg\" class=\"attachment-large size-large\" alt=\"\" loading=\"lazy\" srcset=\"https:\/\/www.medellin.gov.co\/es\/wp-content\/uploads\/2024\/06\/HUSVP_48-1024x680.jpg 1024w, https:\/\/www.medellin.gov.co\/es\/wp-content\/uploads\/2024\/06\/HUSVP_48-300x199.jpg 300w, https:\/\/www.medellin.gov.co\/es\/wp-content\/uploads\/2024\/06\/HUSVP_48-150x100.jpg 150w, https:\/\/www.medellin.gov.co\/es\/wp-content\/uploads\/2024\/06\/HUSVP_48-768x510.jpg 768w, https:\/\/www.medellin.gov.co\/es\/wp-content\/uploads\/2024\/06\/HUSVP_48.jpg 1280w\" sizes=\"(max-width: 1024px) 100vw, 1024px\" \/><\/a>\n\t\t\t<\/dt><\/dl><dl class='gallery-item'>\n\t\t\t<dt class='gallery-icon landscape'>\n\t\t\t\t<a href='https:\/\/www.medellin.gov.co\/es\/sala-de-prensa\/noticias\/el-hospital-san-vicente-fundacion-medellin-111-anos-fiel-a-su-mision-de-cuidar-la-vida\/husvp_49\/'><img width=\"1024\" height=\"680\" src=\"https:\/\/www.medellin.gov.co\/es\/wp-content\/uploads\/2024\/06\/HUSVP_49-1024x680.jpg\" class=\"attachment-large size-large\" alt=\"\" loading=\"lazy\" srcset=\"https:\/\/www.medellin.gov.co\/es\/wp-content\/uploads\/2024\/06\/HUSVP_49-1024x680.jpg 1024w, https:\/\/www.medellin.gov.co\/es\/wp-content\/uploads\/2024\/06\/HUSVP_49-300x199.jpg 300w, https:\/\/www.medellin.gov.co\/es\/wp-content\/uploads\/2024\/06\/HUSVP_49-150x100.jpg 150w, https:\/\/www.medellin.gov.co\/es\/wp-content\/uploads\/2024\/06\/HUSVP_49-768x510.jpg 768w, https:\/\/www.medellin.gov.co\/es\/wp-content\/uploads\/2024\/06\/HUSVP_49.jpg 1280w\" sizes=\"(max-width: 1024px) 100vw, 1024px\" \/><\/a>\n\t\t\t<\/dt><\/dl><br style=\"clear: both\" \/><dl class='gallery-item'>\n\t\t\t<dt class='gallery-icon landscape'>\n\t\t\t\t<a href='https:\/\/www.medellin.gov.co\/es\/sala-de-prensa\/noticias\/el-hospital-san-vicente-fundacion-medellin-111-anos-fiel-a-su-mision-de-cuidar-la-vida\/husvp_50\/'><img width=\"1024\" height=\"680\" src=\"https:\/\/www.medellin.gov.co\/es\/wp-content\/uploads\/2024\/06\/HUSVP_50-1024x680.jpg\" class=\"attachment-large size-large\" alt=\"\" loading=\"lazy\" srcset=\"https:\/\/www.medellin.gov.co\/es\/wp-content\/uploads\/2024\/06\/HUSVP_50-1024x680.jpg 1024w, https:\/\/www.medellin.gov.co\/es\/wp-content\/uploads\/2024\/06\/HUSVP_50-300x199.jpg 300w, https:\/\/www.medellin.gov.co\/es\/wp-content\/uploads\/2024\/06\/HUSVP_50-150x100.jpg 150w, https:\/\/www.medellin.gov.co\/es\/wp-content\/uploads\/2024\/06\/HUSVP_50-768x510.jpg 768w, https:\/\/www.medellin.gov.co\/es\/wp-content\/uploads\/2024\/06\/HUSVP_50.jpg 1280w\" sizes=\"(max-width: 1024px) 100vw, 1024px\" \/><\/a>\n\t\t\t<\/dt><\/dl><dl class='gallery-item'>\n\t\t\t<dt class='gallery-icon landscape'>\n\t\t\t\t<a href='https:\/\/www.medellin.gov.co\/es\/sala-de-prensa\/noticias\/el-hospital-san-vicente-fundacion-medellin-111-anos-fiel-a-su-mision-de-cuidar-la-vida\/husvp_51a\/'><img width=\"1024\" height=\"680\" src=\"https:\/\/www.medellin.gov.co\/es\/wp-content\/uploads\/2024\/06\/HUSVP_51a-1024x680.jpg\" class=\"attachment-large size-large\" alt=\"\" loading=\"lazy\" srcset=\"https:\/\/www.medellin.gov.co\/es\/wp-content\/uploads\/2024\/06\/HUSVP_51a-1024x680.jpg 1024w, https:\/\/www.medellin.gov.co\/es\/wp-content\/uploads\/2024\/06\/HUSVP_51a-300x199.jpg 300w, https:\/\/www.medellin.gov.co\/es\/wp-content\/uploads\/2024\/06\/HUSVP_51a-150x100.jpg 150w, https:\/\/www.medellin.gov.co\/es\/wp-content\/uploads\/2024\/06\/HUSVP_51a-768x510.jpg 768w, https:\/\/www.medellin.gov.co\/es\/wp-content\/uploads\/2024\/06\/HUSVP_51a.jpg 1280w\" sizes=\"(max-width: 1024px) 100vw, 1024px\" \/><\/a>\n\t\t\t<\/dt><\/dl><br style=\"clear: both\" \/>\n\t\t<\/div>\n\n<p>Se crea el Instituto de Alta Tecnolog\u00eda M\u00e9dica -IATM- para la investigaci\u00f3n, diagn\u00f3stico y tratamiento de enfermedades con tecnolog\u00eda de punta en resonancia magn\u00e9tica.<\/p>\n<p>Y en 1993, otro hecho lo pone en la primera plana de la medicina del pa\u00eds: se lleva a cabo el <a href=\"https:\/\/www.revistacirugia.org\/index.php\/cirugia\/article\/download\/1757\/1381\/9467#:~:text=El%20primer%20trasplante%20de%20m%C3%A9dula,m%C3%A9dula%20de%20una%20melliza%20id%C3%A9ntica.\" target=\"_blank\" rel=\"noopener\">primer trasplante de m\u00e9dula \u00f3sea en Colombia<\/a>.<\/p>\n<p><strong>Patrimonio natural y arquitect\u00f3nico<\/strong><\/p>\n\n\t\t<style type=\"text\/css\">\n\t\t\t#gallery-17 {\n\t\t\t\tmargin: auto;\n\t\t\t}\n\t\t\t#gallery-17 .gallery-item {\n\t\t\t\tfloat: left;\n\t\t\t\tmargin-top: 10px;\n\t\t\t\ttext-align: center;\n\t\t\t\twidth: 50%;\n\t\t\t}\n\t\t\t#gallery-17 img {\n\t\t\t\tborder: 2px solid #cfcfcf;\n\t\t\t}\n\t\t\t#gallery-17 .gallery-caption {\n\t\t\t\tmargin-left: 0;\n\t\t\t}\n\t\t\t\/* see gallery_shortcode() in wp-includes\/media.php *\/\n\t\t<\/style>\n\t\t<div id='gallery-17' class='gallery galleryid-316656 gallery-columns-2 gallery-size-large'><dl class='gallery-item'>\n\t\t\t<dt class='gallery-icon landscape'>\n\t\t\t\t<a href='https:\/\/www.medellin.gov.co\/es\/sala-de-prensa\/noticias\/el-hospital-san-vicente-fundacion-medellin-111-anos-fiel-a-su-mision-de-cuidar-la-vida\/husvp_52\/'><img width=\"1024\" height=\"680\" src=\"https:\/\/www.medellin.gov.co\/es\/wp-content\/uploads\/2024\/06\/HUSVP_52-1024x680.jpg\" class=\"attachment-large size-large\" alt=\"\" loading=\"lazy\" srcset=\"https:\/\/www.medellin.gov.co\/es\/wp-content\/uploads\/2024\/06\/HUSVP_52-1024x680.jpg 1024w, https:\/\/www.medellin.gov.co\/es\/wp-content\/uploads\/2024\/06\/HUSVP_52-300x199.jpg 300w, https:\/\/www.medellin.gov.co\/es\/wp-content\/uploads\/2024\/06\/HUSVP_52-150x100.jpg 150w, https:\/\/www.medellin.gov.co\/es\/wp-content\/uploads\/2024\/06\/HUSVP_52-768x510.jpg 768w, https:\/\/www.medellin.gov.co\/es\/wp-content\/uploads\/2024\/06\/HUSVP_52.jpg 1280w\" sizes=\"(max-width: 1024px) 100vw, 1024px\" \/><\/a>\n\t\t\t<\/dt><\/dl><dl class='gallery-item'>\n\t\t\t<dt class='gallery-icon landscape'>\n\t\t\t\t<a href='https:\/\/www.medellin.gov.co\/es\/sala-de-prensa\/noticias\/el-hospital-san-vicente-fundacion-medellin-111-anos-fiel-a-su-mision-de-cuidar-la-vida\/husvp_53\/'><img width=\"1024\" height=\"680\" src=\"https:\/\/www.medellin.gov.co\/es\/wp-content\/uploads\/2024\/06\/HUSVP_53-1024x680.jpg\" class=\"attachment-large size-large\" alt=\"\" loading=\"lazy\" srcset=\"https:\/\/www.medellin.gov.co\/es\/wp-content\/uploads\/2024\/06\/HUSVP_53-1024x680.jpg 1024w, https:\/\/www.medellin.gov.co\/es\/wp-content\/uploads\/2024\/06\/HUSVP_53-300x199.jpg 300w, https:\/\/www.medellin.gov.co\/es\/wp-content\/uploads\/2024\/06\/HUSVP_53-150x100.jpg 150w, https:\/\/www.medellin.gov.co\/es\/wp-content\/uploads\/2024\/06\/HUSVP_53-768x510.jpg 768w, https:\/\/www.medellin.gov.co\/es\/wp-content\/uploads\/2024\/06\/HUSVP_53.jpg 1280w\" sizes=\"(max-width: 1024px) 100vw, 1024px\" \/><\/a>\n\t\t\t<\/dt><\/dl><br style=\"clear: both\" \/>\n\t\t<\/div>\n\n<p>Aparte de sus logros m\u00e9dicos y cient\u00edficos, el Hospital tambi\u00e9n alcanza otros reconocimientos, como es el hecho de que en 1996 fue declarado <a href=\"https:\/\/es.wikipedia.org\/wiki\/Hospital_Universitario_de_San_Vicente_Fundaci%C3%B3n\" target=\"_blank\" rel=\"noopener\">Monumento Nacional<\/a>, considerando el valor arquitect\u00f3nico de sus edificaciones, el conjunto formado por ellas y las espl\u00e9ndidas \u00e1reas verdes que las circundan.<\/p>\n<p>Transcurre el a\u00f1o 1998 y se construye el Centro Internacional de Di\u00e1lisis, el m\u00e1s moderno edificio de Am\u00e9rica Latina, dotado de alta tecnolog\u00eda para la atenci\u00f3n del paciente renal sometido a tratamiento de di\u00e1lisis y trasplante.<\/p>\n<p><a href=\"https:\/\/www.medellin.gov.co\/es\/wp-content\/uploads\/2024\/06\/HUSVP_78.jpg\"><img loading=\"lazy\" class=\"alignnone size-large wp-image-316987\" src=\"https:\/\/www.medellin.gov.co\/es\/wp-content\/uploads\/2024\/06\/HUSVP_78-1024x680.jpg\" alt=\"\" width=\"1024\" height=\"680\" srcset=\"https:\/\/www.medellin.gov.co\/es\/wp-content\/uploads\/2024\/06\/HUSVP_78-1024x680.jpg 1024w, https:\/\/www.medellin.gov.co\/es\/wp-content\/uploads\/2024\/06\/HUSVP_78-300x199.jpg 300w, https:\/\/www.medellin.gov.co\/es\/wp-content\/uploads\/2024\/06\/HUSVP_78-150x100.jpg 150w, https:\/\/www.medellin.gov.co\/es\/wp-content\/uploads\/2024\/06\/HUSVP_78-768x510.jpg 768w, https:\/\/www.medellin.gov.co\/es\/wp-content\/uploads\/2024\/06\/HUSVP_78.jpg 1280w\" sizes=\"(max-width: 1024px) 100vw, 1024px\" \/><\/a><\/p>\n<p><strong>M\u00e1s trasplantes <\/strong><\/p>\n<p>El paso de los a\u00f1os llega con m\u00e1s logros hist\u00f3ricos para el Hospital, que acrecientan su prestigio en el mundo m\u00e9dico.\u00a0 En el a\u00f1o 2000 se hace el <a href=\"https:\/\/es.wikipedia.org\/wiki\/Hospital_Universitario_de_San_Vicente_Fundaci%C3%B3n\" target=\"_blank\" rel=\"noopener\">primer trasplante de h\u00edgado &#8211; ri\u00f1\u00f3n en Colombia<\/a>, en 2001 el primero de c\u00e9lulas de cord\u00f3n umbilical en el pa\u00eds y en el 2002 el primero de laringe en el pa\u00eds y el segundo en el mundo, adem\u00e1s del primer trasplante de tr\u00e1quea del mundo.<\/p>\n<p>En 2003 se hace el primer trasplante de laringe y tr\u00e1quea en el mundo. En 2004\u00a0 el primero aut\u00f3logo de c\u00e9lulas progenitoras de m\u00e9dula \u00f3sea por v\u00eda intra- coronar\u00eda, para pacientes con enfermedad card\u00edaca isqu\u00e9mica, adem\u00e1s del primer trasplante de intestino delgado en Colombia.<\/p>\n\n\t\t<style type=\"text\/css\">\n\t\t\t#gallery-18 {\n\t\t\t\tmargin: auto;\n\t\t\t}\n\t\t\t#gallery-18 .gallery-item {\n\t\t\t\tfloat: left;\n\t\t\t\tmargin-top: 10px;\n\t\t\t\ttext-align: center;\n\t\t\t\twidth: 50%;\n\t\t\t}\n\t\t\t#gallery-18 img {\n\t\t\t\tborder: 2px solid #cfcfcf;\n\t\t\t}\n\t\t\t#gallery-18 .gallery-caption {\n\t\t\t\tmargin-left: 0;\n\t\t\t}\n\t\t\t\/* see gallery_shortcode() in wp-includes\/media.php *\/\n\t\t<\/style>\n\t\t<div id='gallery-18' class='gallery galleryid-316656 gallery-columns-2 gallery-size-large'><dl class='gallery-item'>\n\t\t\t<dt class='gallery-icon landscape'>\n\t\t\t\t<a href='https:\/\/www.medellin.gov.co\/es\/sala-de-prensa\/noticias\/el-hospital-san-vicente-fundacion-medellin-111-anos-fiel-a-su-mision-de-cuidar-la-vida\/husvp_54\/'><img width=\"1024\" height=\"680\" src=\"https:\/\/www.medellin.gov.co\/es\/wp-content\/uploads\/2024\/06\/HUSVP_54-1024x680.jpg\" class=\"attachment-large size-large\" alt=\"\" loading=\"lazy\" srcset=\"https:\/\/www.medellin.gov.co\/es\/wp-content\/uploads\/2024\/06\/HUSVP_54-1024x680.jpg 1024w, https:\/\/www.medellin.gov.co\/es\/wp-content\/uploads\/2024\/06\/HUSVP_54-300x199.jpg 300w, https:\/\/www.medellin.gov.co\/es\/wp-content\/uploads\/2024\/06\/HUSVP_54-150x100.jpg 150w, https:\/\/www.medellin.gov.co\/es\/wp-content\/uploads\/2024\/06\/HUSVP_54-768x510.jpg 768w, https:\/\/www.medellin.gov.co\/es\/wp-content\/uploads\/2024\/06\/HUSVP_54.jpg 1280w\" sizes=\"(max-width: 1024px) 100vw, 1024px\" \/><\/a>\n\t\t\t<\/dt><\/dl><dl class='gallery-item'>\n\t\t\t<dt class='gallery-icon landscape'>\n\t\t\t\t<a href='https:\/\/www.medellin.gov.co\/es\/sala-de-prensa\/noticias\/el-hospital-san-vicente-fundacion-medellin-111-anos-fiel-a-su-mision-de-cuidar-la-vida\/husvp_55\/'><img width=\"1024\" height=\"680\" src=\"https:\/\/www.medellin.gov.co\/es\/wp-content\/uploads\/2024\/06\/HUSVP_55-1024x680.jpg\" class=\"attachment-large size-large\" alt=\"\" loading=\"lazy\" srcset=\"https:\/\/www.medellin.gov.co\/es\/wp-content\/uploads\/2024\/06\/HUSVP_55-1024x680.jpg 1024w, https:\/\/www.medellin.gov.co\/es\/wp-content\/uploads\/2024\/06\/HUSVP_55-300x199.jpg 300w, https:\/\/www.medellin.gov.co\/es\/wp-content\/uploads\/2024\/06\/HUSVP_55-150x100.jpg 150w, https:\/\/www.medellin.gov.co\/es\/wp-content\/uploads\/2024\/06\/HUSVP_55-768x510.jpg 768w, https:\/\/www.medellin.gov.co\/es\/wp-content\/uploads\/2024\/06\/HUSVP_55.jpg 1280w\" sizes=\"(max-width: 1024px) 100vw, 1024px\" \/><\/a>\n\t\t\t<\/dt><\/dl><br style=\"clear: both\" \/>\n\t\t<\/div>\n\n<p>Los hitos m\u00e9dicos no cesan: en 2005 se hace el <a href=\"https:\/\/www.udea.edu.co\/wps\/wcm\/connect\/udea\/c08019d9-8c8e-4aa0-b144-8fe99be705ec\/Documento+Maestro+Cirug%C3%ADa+de+Trasplantes.pdf?MOD=AJPERES\" target=\"_blank\" rel=\"noopener\">primer trasplante de es\u00f3fago en Colombia<\/a> y en el mundo y en 2006 se realiza el primero de c\u00e9lulas madre a miembros inferiores en \u00a0el pa\u00eds.<\/p>\n<p><strong>El <\/strong><a href=\"https:\/\/www.sanvicentefundacion.com\/nuestras-entidades\/hospital-rionegro\" target=\"_blank\" rel=\"noopener\"><strong>Hospital San Vicente Fundaci\u00f3n de Rionegro<\/strong><\/a><\/p>\n<p>Entendiendo la importancia de afrontar los retos propuestos por la globalizaci\u00f3n de los mercados, la instituci\u00f3n abri\u00f3 en el a\u00f1o 2011 un nuevo Hospital en el municipio de Rionegro, una de las zonas con mayor potencial de exportaci\u00f3n de la Regi\u00f3n Andina.<\/p>\n<div id=\"attachment_316948\" style=\"width: 1034px\" class=\"wp-caption alignnone\"><a href=\"https:\/\/www.medellin.gov.co\/es\/wp-content\/uploads\/2024\/06\/HUSVP_56_Rionegro.jpg\"><img aria-describedby=\"caption-attachment-316948\" loading=\"lazy\" class=\"size-large wp-image-316948\" src=\"https:\/\/www.medellin.gov.co\/es\/wp-content\/uploads\/2024\/06\/HUSVP_56_Rionegro-1024x373.jpg\" alt=\"Hospital San Vicente de Pa\u00fal - Sede Rionegro. Foto: HSVP\" width=\"1024\" height=\"373\" srcset=\"https:\/\/www.medellin.gov.co\/es\/wp-content\/uploads\/2024\/06\/HUSVP_56_Rionegro-1024x373.jpg 1024w, https:\/\/www.medellin.gov.co\/es\/wp-content\/uploads\/2024\/06\/HUSVP_56_Rionegro-300x109.jpg 300w, https:\/\/www.medellin.gov.co\/es\/wp-content\/uploads\/2024\/06\/HUSVP_56_Rionegro-150x55.jpg 150w, https:\/\/www.medellin.gov.co\/es\/wp-content\/uploads\/2024\/06\/HUSVP_56_Rionegro-768x280.jpg 768w, https:\/\/www.medellin.gov.co\/es\/wp-content\/uploads\/2024\/06\/HUSVP_56_Rionegro.jpg 1280w\" sizes=\"(max-width: 1024px) 100vw, 1024px\" \/><\/a><p id=\"caption-attachment-316948\" class=\"wp-caption-text\">Hospital San Vicente de Pa\u00fal &#8211; Sede Rionegro. Foto: HSVP<\/p><\/div>\n<p>A la par, se realiza el primer procedimiento de quimioterapia intraocular oft\u00e1lmica en Colombia para salvar los ojos de beb\u00e9s con retinoblastoma (c\u00e1ncer ocular).<\/p>\n<p><strong>111 a\u00f1os dando vida y esperanza a las personas<\/strong><\/p>\n<p>Son 111 a\u00f1os de historia guiados por la protecci\u00f3n y el cuidado de la vida de sus pacientes, consagrados por la calidez humana de su personal y por la investigaci\u00f3n de alto nivel.<\/p>\n\n\t\t<style type=\"text\/css\">\n\t\t\t#gallery-19 {\n\t\t\t\tmargin: auto;\n\t\t\t}\n\t\t\t#gallery-19 .gallery-item {\n\t\t\t\tfloat: left;\n\t\t\t\tmargin-top: 10px;\n\t\t\t\ttext-align: center;\n\t\t\t\twidth: 33%;\n\t\t\t}\n\t\t\t#gallery-19 img {\n\t\t\t\tborder: 2px solid #cfcfcf;\n\t\t\t}\n\t\t\t#gallery-19 .gallery-caption {\n\t\t\t\tmargin-left: 0;\n\t\t\t}\n\t\t\t\/* see gallery_shortcode() in wp-includes\/media.php *\/\n\t\t<\/style>\n\t\t<div id='gallery-19' class='gallery galleryid-316656 gallery-columns-3 gallery-size-large'><dl class='gallery-item'>\n\t\t\t<dt class='gallery-icon landscape'>\n\t\t\t\t<a href='https:\/\/www.medellin.gov.co\/es\/sala-de-prensa\/noticias\/el-hospital-san-vicente-fundacion-medellin-111-anos-fiel-a-su-mision-de-cuidar-la-vida\/husvp_73\/'><img width=\"1024\" height=\"680\" src=\"https:\/\/www.medellin.gov.co\/es\/wp-content\/uploads\/2024\/06\/HUSVP_73-1024x680.jpg\" class=\"attachment-large size-large\" alt=\"\" loading=\"lazy\" srcset=\"https:\/\/www.medellin.gov.co\/es\/wp-content\/uploads\/2024\/06\/HUSVP_73-1024x680.jpg 1024w, https:\/\/www.medellin.gov.co\/es\/wp-content\/uploads\/2024\/06\/HUSVP_73-300x199.jpg 300w, https:\/\/www.medellin.gov.co\/es\/wp-content\/uploads\/2024\/06\/HUSVP_73-150x100.jpg 150w, https:\/\/www.medellin.gov.co\/es\/wp-content\/uploads\/2024\/06\/HUSVP_73-768x510.jpg 768w, https:\/\/www.medellin.gov.co\/es\/wp-content\/uploads\/2024\/06\/HUSVP_73.jpg 1280w\" sizes=\"(max-width: 1024px) 100vw, 1024px\" \/><\/a>\n\t\t\t<\/dt><\/dl><dl class='gallery-item'>\n\t\t\t<dt class='gallery-icon landscape'>\n\t\t\t\t<a href='https:\/\/www.medellin.gov.co\/es\/sala-de-prensa\/noticias\/el-hospital-san-vicente-fundacion-medellin-111-anos-fiel-a-su-mision-de-cuidar-la-vida\/husvp_61\/'><img width=\"1024\" height=\"680\" src=\"https:\/\/www.medellin.gov.co\/es\/wp-content\/uploads\/2024\/06\/HUSVP_61-1024x680.jpg\" class=\"attachment-large size-large\" alt=\"\" loading=\"lazy\" srcset=\"https:\/\/www.medellin.gov.co\/es\/wp-content\/uploads\/2024\/06\/HUSVP_61-1024x680.jpg 1024w, https:\/\/www.medellin.gov.co\/es\/wp-content\/uploads\/2024\/06\/HUSVP_61-300x199.jpg 300w, https:\/\/www.medellin.gov.co\/es\/wp-content\/uploads\/2024\/06\/HUSVP_61-150x100.jpg 150w, https:\/\/www.medellin.gov.co\/es\/wp-content\/uploads\/2024\/06\/HUSVP_61-768x510.jpg 768w, https:\/\/www.medellin.gov.co\/es\/wp-content\/uploads\/2024\/06\/HUSVP_61.jpg 1280w\" sizes=\"(max-width: 1024px) 100vw, 1024px\" \/><\/a>\n\t\t\t<\/dt><\/dl><dl class='gallery-item'>\n\t\t\t<dt class='gallery-icon landscape'>\n\t\t\t\t<a href='https:\/\/www.medellin.gov.co\/es\/sala-de-prensa\/noticias\/el-hospital-san-vicente-fundacion-medellin-111-anos-fiel-a-su-mision-de-cuidar-la-vida\/husvp_71\/'><img width=\"1024\" height=\"680\" src=\"https:\/\/www.medellin.gov.co\/es\/wp-content\/uploads\/2024\/06\/HUSVP_71-1024x680.jpg\" class=\"attachment-large size-large\" alt=\"\" loading=\"lazy\" srcset=\"https:\/\/www.medellin.gov.co\/es\/wp-content\/uploads\/2024\/06\/HUSVP_71-1024x680.jpg 1024w, https:\/\/www.medellin.gov.co\/es\/wp-content\/uploads\/2024\/06\/HUSVP_71-300x199.jpg 300w, https:\/\/www.medellin.gov.co\/es\/wp-content\/uploads\/2024\/06\/HUSVP_71-150x100.jpg 150w, https:\/\/www.medellin.gov.co\/es\/wp-content\/uploads\/2024\/06\/HUSVP_71-768x510.jpg 768w, https:\/\/www.medellin.gov.co\/es\/wp-content\/uploads\/2024\/06\/HUSVP_71.jpg 1280w\" sizes=\"(max-width: 1024px) 100vw, 1024px\" \/><\/a>\n\t\t\t<\/dt><\/dl><br style=\"clear: both\" \/><dl class='gallery-item'>\n\t\t\t<dt class='gallery-icon landscape'>\n\t\t\t\t<a href='https:\/\/www.medellin.gov.co\/es\/sala-de-prensa\/noticias\/el-hospital-san-vicente-fundacion-medellin-111-anos-fiel-a-su-mision-de-cuidar-la-vida\/husvp_72\/'><img width=\"1024\" height=\"680\" src=\"https:\/\/www.medellin.gov.co\/es\/wp-content\/uploads\/2024\/06\/HUSVP_72-1024x680.jpg\" class=\"attachment-large size-large\" alt=\"\" loading=\"lazy\" srcset=\"https:\/\/www.medellin.gov.co\/es\/wp-content\/uploads\/2024\/06\/HUSVP_72-1024x680.jpg 1024w, https:\/\/www.medellin.gov.co\/es\/wp-content\/uploads\/2024\/06\/HUSVP_72-300x199.jpg 300w, https:\/\/www.medellin.gov.co\/es\/wp-content\/uploads\/2024\/06\/HUSVP_72-150x100.jpg 150w, https:\/\/www.medellin.gov.co\/es\/wp-content\/uploads\/2024\/06\/HUSVP_72-768x510.jpg 768w, https:\/\/www.medellin.gov.co\/es\/wp-content\/uploads\/2024\/06\/HUSVP_72.jpg 1280w\" sizes=\"(max-width: 1024px) 100vw, 1024px\" \/><\/a>\n\t\t\t<\/dt><\/dl><dl class='gallery-item'>\n\t\t\t<dt class='gallery-icon landscape'>\n\t\t\t\t<a href='https:\/\/www.medellin.gov.co\/es\/sala-de-prensa\/noticias\/el-hospital-san-vicente-fundacion-medellin-111-anos-fiel-a-su-mision-de-cuidar-la-vida\/husvp_75\/'><img width=\"1024\" height=\"680\" src=\"https:\/\/www.medellin.gov.co\/es\/wp-content\/uploads\/2024\/06\/HUSVP_75-1024x680.jpg\" class=\"attachment-large size-large\" alt=\"\" loading=\"lazy\" srcset=\"https:\/\/www.medellin.gov.co\/es\/wp-content\/uploads\/2024\/06\/HUSVP_75-1024x680.jpg 1024w, https:\/\/www.medellin.gov.co\/es\/wp-content\/uploads\/2024\/06\/HUSVP_75-300x199.jpg 300w, https:\/\/www.medellin.gov.co\/es\/wp-content\/uploads\/2024\/06\/HUSVP_75-150x100.jpg 150w, https:\/\/www.medellin.gov.co\/es\/wp-content\/uploads\/2024\/06\/HUSVP_75-768x510.jpg 768w, https:\/\/www.medellin.gov.co\/es\/wp-content\/uploads\/2024\/06\/HUSVP_75.jpg 1280w\" sizes=\"(max-width: 1024px) 100vw, 1024px\" \/><\/a>\n\t\t\t<\/dt><\/dl><dl class='gallery-item'>\n\t\t\t<dt class='gallery-icon landscape'>\n\t\t\t\t<a href='https:\/\/www.medellin.gov.co\/es\/sala-de-prensa\/noticias\/el-hospital-san-vicente-fundacion-medellin-111-anos-fiel-a-su-mision-de-cuidar-la-vida\/husvp_56_rionegro_2\/'><img width=\"1024\" height=\"680\" src=\"https:\/\/www.medellin.gov.co\/es\/wp-content\/uploads\/2024\/06\/HUSVP_56_Rionegro_2-1024x680.jpg\" class=\"attachment-large size-large\" alt=\"Hospital San Vicente de Pa\u00fal - Sede Rionegro. Foto: HSVP\" loading=\"lazy\" srcset=\"https:\/\/www.medellin.gov.co\/es\/wp-content\/uploads\/2024\/06\/HUSVP_56_Rionegro_2-1024x680.jpg 1024w, https:\/\/www.medellin.gov.co\/es\/wp-content\/uploads\/2024\/06\/HUSVP_56_Rionegro_2-300x199.jpg 300w, https:\/\/www.medellin.gov.co\/es\/wp-content\/uploads\/2024\/06\/HUSVP_56_Rionegro_2-150x100.jpg 150w, https:\/\/www.medellin.gov.co\/es\/wp-content\/uploads\/2024\/06\/HUSVP_56_Rionegro_2-768x510.jpg 768w, https:\/\/www.medellin.gov.co\/es\/wp-content\/uploads\/2024\/06\/HUSVP_56_Rionegro_2.jpg 1280w\" sizes=\"(max-width: 1024px) 100vw, 1024px\" \/><\/a>\n\t\t\t<\/dt><\/dl><br style=\"clear: both\" \/><dl class='gallery-item'>\n\t\t\t<dt class='gallery-icon landscape'>\n\t\t\t\t<a href='https:\/\/www.medellin.gov.co\/es\/sala-de-prensa\/noticias\/el-hospital-san-vicente-fundacion-medellin-111-anos-fiel-a-su-mision-de-cuidar-la-vida\/husvp_62\/'><img width=\"1024\" height=\"680\" src=\"https:\/\/www.medellin.gov.co\/es\/wp-content\/uploads\/2024\/06\/HUSVP_62-1024x680.jpg\" class=\"attachment-large size-large\" alt=\"\" loading=\"lazy\" srcset=\"https:\/\/www.medellin.gov.co\/es\/wp-content\/uploads\/2024\/06\/HUSVP_62-1024x680.jpg 1024w, https:\/\/www.medellin.gov.co\/es\/wp-content\/uploads\/2024\/06\/HUSVP_62-300x199.jpg 300w, https:\/\/www.medellin.gov.co\/es\/wp-content\/uploads\/2024\/06\/HUSVP_62-150x100.jpg 150w, https:\/\/www.medellin.gov.co\/es\/wp-content\/uploads\/2024\/06\/HUSVP_62-768x510.jpg 768w, https:\/\/www.medellin.gov.co\/es\/wp-content\/uploads\/2024\/06\/HUSVP_62.jpg 1280w\" sizes=\"(max-width: 1024px) 100vw, 1024px\" \/><\/a>\n\t\t\t<\/dt><\/dl><dl class='gallery-item'>\n\t\t\t<dt class='gallery-icon landscape'>\n\t\t\t\t<a href='https:\/\/www.medellin.gov.co\/es\/sala-de-prensa\/noticias\/el-hospital-san-vicente-fundacion-medellin-111-anos-fiel-a-su-mision-de-cuidar-la-vida\/husvp_63\/'><img width=\"1024\" height=\"680\" src=\"https:\/\/www.medellin.gov.co\/es\/wp-content\/uploads\/2024\/06\/HUSVP_63-1024x680.jpg\" class=\"attachment-large size-large\" alt=\"\" loading=\"lazy\" srcset=\"https:\/\/www.medellin.gov.co\/es\/wp-content\/uploads\/2024\/06\/HUSVP_63-1024x680.jpg 1024w, https:\/\/www.medellin.gov.co\/es\/wp-content\/uploads\/2024\/06\/HUSVP_63-300x199.jpg 300w, https:\/\/www.medellin.gov.co\/es\/wp-content\/uploads\/2024\/06\/HUSVP_63-150x100.jpg 150w, https:\/\/www.medellin.gov.co\/es\/wp-content\/uploads\/2024\/06\/HUSVP_63-768x510.jpg 768w, https:\/\/www.medellin.gov.co\/es\/wp-content\/uploads\/2024\/06\/HUSVP_63.jpg 1280w\" sizes=\"(max-width: 1024px) 100vw, 1024px\" \/><\/a>\n\t\t\t<\/dt><\/dl><dl class='gallery-item'>\n\t\t\t<dt class='gallery-icon landscape'>\n\t\t\t\t<a href='https:\/\/www.medellin.gov.co\/es\/sala-de-prensa\/noticias\/el-hospital-san-vicente-fundacion-medellin-111-anos-fiel-a-su-mision-de-cuidar-la-vida\/husvp_74\/'><img width=\"1024\" height=\"680\" src=\"https:\/\/www.medellin.gov.co\/es\/wp-content\/uploads\/2024\/06\/HUSVP_74-1024x680.jpg\" class=\"attachment-large size-large\" alt=\"\" loading=\"lazy\" srcset=\"https:\/\/www.medellin.gov.co\/es\/wp-content\/uploads\/2024\/06\/HUSVP_74-1024x680.jpg 1024w, https:\/\/www.medellin.gov.co\/es\/wp-content\/uploads\/2024\/06\/HUSVP_74-300x199.jpg 300w, https:\/\/www.medellin.gov.co\/es\/wp-content\/uploads\/2024\/06\/HUSVP_74-150x100.jpg 150w, https:\/\/www.medellin.gov.co\/es\/wp-content\/uploads\/2024\/06\/HUSVP_74-768x510.jpg 768w, https:\/\/www.medellin.gov.co\/es\/wp-content\/uploads\/2024\/06\/HUSVP_74.jpg 1280w\" sizes=\"(max-width: 1024px) 100vw, 1024px\" \/><\/a>\n\t\t\t<\/dt><\/dl><br style=\"clear: both\" \/>\n\t\t<\/div>\n\n<p>Son 111 a\u00f1os respaldados en las m\u00e1s de 19 000 cirug\u00edas, muchas de las cuales fueron y son hitos de la medicina en Colombia y en el mundo, todo con el apoyo de sus cerca de 2350 colaboradores y con la atenci\u00f3n de unas 120 000 consultas por a\u00f1o, a trav\u00e9s de una amplia gama de especialidades y subespecialidades m\u00e9dicas propias de un centro m\u00e9dico de alto nivel de complejidad.<\/p>\n\n\t\t<style type=\"text\/css\">\n\t\t\t#gallery-20 {\n\t\t\t\tmargin: auto;\n\t\t\t}\n\t\t\t#gallery-20 .gallery-item {\n\t\t\t\tfloat: left;\n\t\t\t\tmargin-top: 10px;\n\t\t\t\ttext-align: center;\n\t\t\t\twidth: 33%;\n\t\t\t}\n\t\t\t#gallery-20 img {\n\t\t\t\tborder: 2px solid #cfcfcf;\n\t\t\t}\n\t\t\t#gallery-20 .gallery-caption {\n\t\t\t\tmargin-left: 0;\n\t\t\t}\n\t\t\t\/* see gallery_shortcode() in wp-includes\/media.php *\/\n\t\t<\/style>\n\t\t<div id='gallery-20' class='gallery galleryid-316656 gallery-columns-3 gallery-size-large'><dl class='gallery-item'>\n\t\t\t<dt class='gallery-icon landscape'>\n\t\t\t\t<a href='https:\/\/www.medellin.gov.co\/es\/sala-de-prensa\/noticias\/el-hospital-san-vicente-fundacion-medellin-111-anos-fiel-a-su-mision-de-cuidar-la-vida\/husvp_69\/'><img width=\"1024\" height=\"680\" src=\"https:\/\/www.medellin.gov.co\/es\/wp-content\/uploads\/2024\/06\/HUSVP_69-1024x680.jpg\" class=\"attachment-large size-large\" alt=\"\" loading=\"lazy\" srcset=\"https:\/\/www.medellin.gov.co\/es\/wp-content\/uploads\/2024\/06\/HUSVP_69-1024x680.jpg 1024w, https:\/\/www.medellin.gov.co\/es\/wp-content\/uploads\/2024\/06\/HUSVP_69-300x199.jpg 300w, https:\/\/www.medellin.gov.co\/es\/wp-content\/uploads\/2024\/06\/HUSVP_69-150x100.jpg 150w, https:\/\/www.medellin.gov.co\/es\/wp-content\/uploads\/2024\/06\/HUSVP_69-768x510.jpg 768w, https:\/\/www.medellin.gov.co\/es\/wp-content\/uploads\/2024\/06\/HUSVP_69.jpg 1280w\" sizes=\"(max-width: 1024px) 100vw, 1024px\" \/><\/a>\n\t\t\t<\/dt><\/dl><dl class='gallery-item'>\n\t\t\t<dt class='gallery-icon landscape'>\n\t\t\t\t<a href='https:\/\/www.medellin.gov.co\/es\/sala-de-prensa\/noticias\/el-hospital-san-vicente-fundacion-medellin-111-anos-fiel-a-su-mision-de-cuidar-la-vida\/husvp_70\/'><img width=\"1024\" height=\"680\" src=\"https:\/\/www.medellin.gov.co\/es\/wp-content\/uploads\/2024\/06\/HUSVP_70-1024x680.jpg\" class=\"attachment-large size-large\" alt=\"\" loading=\"lazy\" srcset=\"https:\/\/www.medellin.gov.co\/es\/wp-content\/uploads\/2024\/06\/HUSVP_70-1024x680.jpg 1024w, https:\/\/www.medellin.gov.co\/es\/wp-content\/uploads\/2024\/06\/HUSVP_70-300x199.jpg 300w, https:\/\/www.medellin.gov.co\/es\/wp-content\/uploads\/2024\/06\/HUSVP_70-150x100.jpg 150w, https:\/\/www.medellin.gov.co\/es\/wp-content\/uploads\/2024\/06\/HUSVP_70-768x510.jpg 768w, https:\/\/www.medellin.gov.co\/es\/wp-content\/uploads\/2024\/06\/HUSVP_70.jpg 1280w\" sizes=\"(max-width: 1024px) 100vw, 1024px\" \/><\/a>\n\t\t\t<\/dt><\/dl><dl class='gallery-item'>\n\t\t\t<dt class='gallery-icon landscape'>\n\t\t\t\t<a href='https:\/\/www.medellin.gov.co\/es\/sala-de-prensa\/noticias\/el-hospital-san-vicente-fundacion-medellin-111-anos-fiel-a-su-mision-de-cuidar-la-vida\/husvp_68\/'><img width=\"1024\" height=\"680\" src=\"https:\/\/www.medellin.gov.co\/es\/wp-content\/uploads\/2024\/06\/HUSVP_68-1024x680.jpg\" class=\"attachment-large size-large\" alt=\"\" loading=\"lazy\" srcset=\"https:\/\/www.medellin.gov.co\/es\/wp-content\/uploads\/2024\/06\/HUSVP_68-1024x680.jpg 1024w, https:\/\/www.medellin.gov.co\/es\/wp-content\/uploads\/2024\/06\/HUSVP_68-300x199.jpg 300w, https:\/\/www.medellin.gov.co\/es\/wp-content\/uploads\/2024\/06\/HUSVP_68-150x100.jpg 150w, https:\/\/www.medellin.gov.co\/es\/wp-content\/uploads\/2024\/06\/HUSVP_68-768x510.jpg 768w, https:\/\/www.medellin.gov.co\/es\/wp-content\/uploads\/2024\/06\/HUSVP_68.jpg 1280w\" sizes=\"(max-width: 1024px) 100vw, 1024px\" \/><\/a>\n\t\t\t<\/dt><\/dl><br style=\"clear: both\" \/><dl class='gallery-item'>\n\t\t\t<dt class='gallery-icon landscape'>\n\t\t\t\t<a href='https:\/\/www.medellin.gov.co\/es\/sala-de-prensa\/noticias\/el-hospital-san-vicente-fundacion-medellin-111-anos-fiel-a-su-mision-de-cuidar-la-vida\/husvp_57\/'><img width=\"1024\" height=\"680\" src=\"https:\/\/www.medellin.gov.co\/es\/wp-content\/uploads\/2024\/06\/HUSVP_57-1024x680.jpg\" class=\"attachment-large size-large\" alt=\"\" loading=\"lazy\" srcset=\"https:\/\/www.medellin.gov.co\/es\/wp-content\/uploads\/2024\/06\/HUSVP_57-1024x680.jpg 1024w, https:\/\/www.medellin.gov.co\/es\/wp-content\/uploads\/2024\/06\/HUSVP_57-300x199.jpg 300w, https:\/\/www.medellin.gov.co\/es\/wp-content\/uploads\/2024\/06\/HUSVP_57-150x100.jpg 150w, https:\/\/www.medellin.gov.co\/es\/wp-content\/uploads\/2024\/06\/HUSVP_57-768x510.jpg 768w, https:\/\/www.medellin.gov.co\/es\/wp-content\/uploads\/2024\/06\/HUSVP_57.jpg 1280w\" sizes=\"(max-width: 1024px) 100vw, 1024px\" \/><\/a>\n\t\t\t<\/dt><\/dl><dl class='gallery-item'>\n\t\t\t<dt class='gallery-icon landscape'>\n\t\t\t\t<a href='https:\/\/www.medellin.gov.co\/es\/sala-de-prensa\/noticias\/el-hospital-san-vicente-fundacion-medellin-111-anos-fiel-a-su-mision-de-cuidar-la-vida\/husvp_67\/'><img width=\"1024\" height=\"680\" src=\"https:\/\/www.medellin.gov.co\/es\/wp-content\/uploads\/2024\/06\/HUSVP_67-1024x680.jpg\" class=\"attachment-large size-large\" alt=\"\" loading=\"lazy\" srcset=\"https:\/\/www.medellin.gov.co\/es\/wp-content\/uploads\/2024\/06\/HUSVP_67-1024x680.jpg 1024w, https:\/\/www.medellin.gov.co\/es\/wp-content\/uploads\/2024\/06\/HUSVP_67-300x199.jpg 300w, https:\/\/www.medellin.gov.co\/es\/wp-content\/uploads\/2024\/06\/HUSVP_67-150x100.jpg 150w, https:\/\/www.medellin.gov.co\/es\/wp-content\/uploads\/2024\/06\/HUSVP_67-768x510.jpg 768w, https:\/\/www.medellin.gov.co\/es\/wp-content\/uploads\/2024\/06\/HUSVP_67.jpg 1280w\" sizes=\"(max-width: 1024px) 100vw, 1024px\" \/><\/a>\n\t\t\t<\/dt><\/dl><dl class='gallery-item'>\n\t\t\t<dt class='gallery-icon landscape'>\n\t\t\t\t<a href='https:\/\/www.medellin.gov.co\/es\/sala-de-prensa\/noticias\/el-hospital-san-vicente-fundacion-medellin-111-anos-fiel-a-su-mision-de-cuidar-la-vida\/husvp_66\/'><img width=\"1024\" height=\"680\" src=\"https:\/\/www.medellin.gov.co\/es\/wp-content\/uploads\/2024\/06\/HUSVP_66-1024x680.jpg\" class=\"attachment-large size-large\" alt=\"\" loading=\"lazy\" srcset=\"https:\/\/www.medellin.gov.co\/es\/wp-content\/uploads\/2024\/06\/HUSVP_66-1024x680.jpg 1024w, https:\/\/www.medellin.gov.co\/es\/wp-content\/uploads\/2024\/06\/HUSVP_66-300x199.jpg 300w, https:\/\/www.medellin.gov.co\/es\/wp-content\/uploads\/2024\/06\/HUSVP_66-150x100.jpg 150w, https:\/\/www.medellin.gov.co\/es\/wp-content\/uploads\/2024\/06\/HUSVP_66-768x510.jpg 768w, https:\/\/www.medellin.gov.co\/es\/wp-content\/uploads\/2024\/06\/HUSVP_66.jpg 1280w\" sizes=\"(max-width: 1024px) 100vw, 1024px\" \/><\/a>\n\t\t\t<\/dt><\/dl><br style=\"clear: both\" \/><dl class='gallery-item'>\n\t\t\t<dt class='gallery-icon landscape'>\n\t\t\t\t<a href='https:\/\/www.medellin.gov.co\/es\/sala-de-prensa\/noticias\/el-hospital-san-vicente-fundacion-medellin-111-anos-fiel-a-su-mision-de-cuidar-la-vida\/husvp_60\/'><img width=\"1024\" height=\"680\" src=\"https:\/\/www.medellin.gov.co\/es\/wp-content\/uploads\/2024\/06\/HUSVP_60-1024x680.jpg\" class=\"attachment-large size-large\" alt=\"\" loading=\"lazy\" srcset=\"https:\/\/www.medellin.gov.co\/es\/wp-content\/uploads\/2024\/06\/HUSVP_60-1024x680.jpg 1024w, https:\/\/www.medellin.gov.co\/es\/wp-content\/uploads\/2024\/06\/HUSVP_60-300x199.jpg 300w, https:\/\/www.medellin.gov.co\/es\/wp-content\/uploads\/2024\/06\/HUSVP_60-150x100.jpg 150w, https:\/\/www.medellin.gov.co\/es\/wp-content\/uploads\/2024\/06\/HUSVP_60-768x510.jpg 768w, https:\/\/www.medellin.gov.co\/es\/wp-content\/uploads\/2024\/06\/HUSVP_60.jpg 1280w\" sizes=\"(max-width: 1024px) 100vw, 1024px\" \/><\/a>\n\t\t\t<\/dt><\/dl><dl class='gallery-item'>\n\t\t\t<dt class='gallery-icon landscape'>\n\t\t\t\t<a href='https:\/\/www.medellin.gov.co\/es\/sala-de-prensa\/noticias\/el-hospital-san-vicente-fundacion-medellin-111-anos-fiel-a-su-mision-de-cuidar-la-vida\/husvp_65\/'><img width=\"1024\" height=\"680\" src=\"https:\/\/www.medellin.gov.co\/es\/wp-content\/uploads\/2024\/06\/HUSVP_65-1024x680.jpg\" class=\"attachment-large size-large\" alt=\"\" loading=\"lazy\" srcset=\"https:\/\/www.medellin.gov.co\/es\/wp-content\/uploads\/2024\/06\/HUSVP_65-1024x680.jpg 1024w, https:\/\/www.medellin.gov.co\/es\/wp-content\/uploads\/2024\/06\/HUSVP_65-300x199.jpg 300w, https:\/\/www.medellin.gov.co\/es\/wp-content\/uploads\/2024\/06\/HUSVP_65-150x100.jpg 150w, https:\/\/www.medellin.gov.co\/es\/wp-content\/uploads\/2024\/06\/HUSVP_65-768x510.jpg 768w, https:\/\/www.medellin.gov.co\/es\/wp-content\/uploads\/2024\/06\/HUSVP_65.jpg 1280w\" sizes=\"(max-width: 1024px) 100vw, 1024px\" \/><\/a>\n\t\t\t<\/dt><\/dl><dl class='gallery-item'>\n\t\t\t<dt class='gallery-icon landscape'>\n\t\t\t\t<a href='https:\/\/www.medellin.gov.co\/es\/sala-de-prensa\/noticias\/el-hospital-san-vicente-fundacion-medellin-111-anos-fiel-a-su-mision-de-cuidar-la-vida\/husvp_64\/'><img width=\"1024\" height=\"680\" src=\"https:\/\/www.medellin.gov.co\/es\/wp-content\/uploads\/2024\/06\/HUSVP_64-1024x680.jpg\" class=\"attachment-large size-large\" alt=\"\" loading=\"lazy\" srcset=\"https:\/\/www.medellin.gov.co\/es\/wp-content\/uploads\/2024\/06\/HUSVP_64-1024x680.jpg 1024w, https:\/\/www.medellin.gov.co\/es\/wp-content\/uploads\/2024\/06\/HUSVP_64-300x199.jpg 300w, https:\/\/www.medellin.gov.co\/es\/wp-content\/uploads\/2024\/06\/HUSVP_64-150x100.jpg 150w, https:\/\/www.medellin.gov.co\/es\/wp-content\/uploads\/2024\/06\/HUSVP_64-768x510.jpg 768w, https:\/\/www.medellin.gov.co\/es\/wp-content\/uploads\/2024\/06\/HUSVP_64.jpg 1280w\" sizes=\"(max-width: 1024px) 100vw, 1024px\" \/><\/a>\n\t\t\t<\/dt><\/dl><br style=\"clear: both\" \/><dl class='gallery-item'>\n\t\t\t<dt class='gallery-icon landscape'>\n\t\t\t\t<a href='https:\/\/www.medellin.gov.co\/es\/sala-de-prensa\/noticias\/el-hospital-san-vicente-fundacion-medellin-111-anos-fiel-a-su-mision-de-cuidar-la-vida\/husvp_59\/'><img width=\"1024\" height=\"680\" src=\"https:\/\/www.medellin.gov.co\/es\/wp-content\/uploads\/2024\/06\/HUSVP_59-1024x680.jpg\" class=\"attachment-large size-large\" alt=\"\" loading=\"lazy\" srcset=\"https:\/\/www.medellin.gov.co\/es\/wp-content\/uploads\/2024\/06\/HUSVP_59-1024x680.jpg 1024w, https:\/\/www.medellin.gov.co\/es\/wp-content\/uploads\/2024\/06\/HUSVP_59-300x199.jpg 300w, https:\/\/www.medellin.gov.co\/es\/wp-content\/uploads\/2024\/06\/HUSVP_59-150x100.jpg 150w, https:\/\/www.medellin.gov.co\/es\/wp-content\/uploads\/2024\/06\/HUSVP_59-768x510.jpg 768w, https:\/\/www.medellin.gov.co\/es\/wp-content\/uploads\/2024\/06\/HUSVP_59.jpg 1280w\" sizes=\"(max-width: 1024px) 100vw, 1024px\" \/><\/a>\n\t\t\t<\/dt><\/dl><dl class='gallery-item'>\n\t\t\t<dt class='gallery-icon landscape'>\n\t\t\t\t<a href='https:\/\/www.medellin.gov.co\/es\/sala-de-prensa\/noticias\/el-hospital-san-vicente-fundacion-medellin-111-anos-fiel-a-su-mision-de-cuidar-la-vida\/husvp_55\/'><img width=\"1024\" height=\"680\" src=\"https:\/\/www.medellin.gov.co\/es\/wp-content\/uploads\/2024\/06\/HUSVP_55-1024x680.jpg\" class=\"attachment-large size-large\" alt=\"\" loading=\"lazy\" srcset=\"https:\/\/www.medellin.gov.co\/es\/wp-content\/uploads\/2024\/06\/HUSVP_55-1024x680.jpg 1024w, https:\/\/www.medellin.gov.co\/es\/wp-content\/uploads\/2024\/06\/HUSVP_55-300x199.jpg 300w, https:\/\/www.medellin.gov.co\/es\/wp-content\/uploads\/2024\/06\/HUSVP_55-150x100.jpg 150w, https:\/\/www.medellin.gov.co\/es\/wp-content\/uploads\/2024\/06\/HUSVP_55-768x510.jpg 768w, https:\/\/www.medellin.gov.co\/es\/wp-content\/uploads\/2024\/06\/HUSVP_55.jpg 1280w\" sizes=\"(max-width: 1024px) 100vw, 1024px\" \/><\/a>\n\t\t\t<\/dt><\/dl><dl class='gallery-item'>\n\t\t\t<dt class='gallery-icon landscape'>\n\t\t\t\t<a href='https:\/\/www.medellin.gov.co\/es\/sala-de-prensa\/noticias\/el-hospital-san-vicente-fundacion-medellin-111-anos-fiel-a-su-mision-de-cuidar-la-vida\/husvp_58\/'><img width=\"1024\" height=\"680\" src=\"https:\/\/www.medellin.gov.co\/es\/wp-content\/uploads\/2024\/06\/HUSVP_58-1024x680.jpg\" class=\"attachment-large size-large\" alt=\"\" loading=\"lazy\" srcset=\"https:\/\/www.medellin.gov.co\/es\/wp-content\/uploads\/2024\/06\/HUSVP_58-1024x680.jpg 1024w, https:\/\/www.medellin.gov.co\/es\/wp-content\/uploads\/2024\/06\/HUSVP_58-300x199.jpg 300w, https:\/\/www.medellin.gov.co\/es\/wp-content\/uploads\/2024\/06\/HUSVP_58-150x100.jpg 150w, https:\/\/www.medellin.gov.co\/es\/wp-content\/uploads\/2024\/06\/HUSVP_58-768x510.jpg 768w, https:\/\/www.medellin.gov.co\/es\/wp-content\/uploads\/2024\/06\/HUSVP_58.jpg 1280w\" sizes=\"(max-width: 1024px) 100vw, 1024px\" \/><\/a>\n\t\t\t<\/dt><\/dl><br style=\"clear: both\" \/>\n\t\t<\/div>\n\n<p>Hoy, 111 a\u00f1os despu\u00e9s, el <a href=\"https:\/\/www.sanvicentefundacion.com\/nuestras-entidades\/hospital-medellin\" target=\"_blank\" rel=\"noopener\">Hospital San Vicente Fundaci\u00f3n de la ciudad de Medell\u00edn<\/a> contin\u00faa m\u00e1s vigente que nunca, fiel a su noble misi\u00f3n y al sue\u00f1o solidario de su fundador don <a href=\"https:\/\/es.wikipedia.org\/wiki\/Alejandro_Echavarr%C3%ADa\" target=\"_blank\" rel=\"noopener\">Alejandro Echavarr\u00eda Isaza<\/a>: <em>\u201ccuidar de la vida de los antioque\u00f1os y de los pacientes del resto del pa\u00eds\u201d<\/em>.<\/p>\n<p>Contamos esta historia para resaltar la grandeza de quienes han forjado proyectos pensados en favorecer a las personas, proyectos que hacen que nuestra ciudad sea pionera en muchos campos y que en este en especial, en el servicio de salud unido al sentido social, la Alcald\u00eda de Medell\u00edn siempre ha estado a la vanguardia, pensando en beneficiar a las poblaciones m\u00e1s vulnerables de la ciudad, de la mano de personas e instituciones que nos han ayudado a construir la Medell\u00edn de hoy, la Medell\u00edn que te quiere.<\/p>\n","protected":false},"excerpt":{"rendered":"<p>El Hospital San Vicente Fundaci\u00f3n es el m\u00e1s importante de Antioquia \u00a0y uno de los m\u00e1s reconocidos a nivel nacional y latinoamericano. En sus 111 a\u00f1os de vida se ha destacado por la atenci\u00f3n a &#8230;<\/p>\n","protected":false},"author":17,"featured_media":316706,"comment_status":"open","ping_status":"open","sticky":false,"template":"","format":"standard","meta":[],"categories":[531,18],"tags":[452],"formato_nota":[],"programas_tax":[],"acf":[],"_links":{"self":[{"href":"https:\/\/www.medellin.gov.co\/es\/wp-json\/wp\/v2\/posts\/316656"}],"collection":[{"href":"https:\/\/www.medellin.gov.co\/es\/wp-json\/wp\/v2\/posts"}],"about":[{"href":"https:\/\/www.medellin.gov.co\/es\/wp-json\/wp\/v2\/types\/post"}],"author":[{"embeddable":true,"href":"https:\/\/www.medellin.gov.co\/es\/wp-json\/wp\/v2\/users\/17"}],"replies":[{"embeddable":true,"href":"https:\/\/www.medellin.gov.co\/es\/wp-json\/wp\/v2\/comments?post=316656"}],"version-history":[{"count":10,"href":"https:\/\/www.medellin.gov.co\/es\/wp-json\/wp\/v2\/posts\/316656\/revisions"}],"predecessor-version":[{"id":317068,"href":"https:\/\/www.medellin.gov.co\/es\/wp-json\/wp\/v2\/posts\/316656\/revisions\/317068"}],"wp:featuredmedia":[{"embeddable":true,"href":"https:\/\/www.medellin.gov.co\/es\/wp-json\/wp\/v2\/media\/316706"}],"wp:attachment":[{"href":"https:\/\/www.medellin.gov.co\/es\/wp-json\/wp\/v2\/media?parent=316656"}],"wp:term":[{"taxonomy":"category","embeddable":true,"href":"https:\/\/www.medellin.gov.co\/es\/wp-json\/wp\/v2\/categories?post=316656"},{"taxonomy":"post_tag","embeddable":true,"href":"https:\/\/www.medellin.gov.co\/es\/wp-json\/wp\/v2\/tags?post=316656"},{"taxonomy":"formato_nota","embeddable":true,"href":"https:\/\/www.medellin.gov.co\/es\/wp-json\/wp\/v2\/formato_nota?post=316656"},{"taxonomy":"programas_tax","embeddable":true,"href":"https:\/\/www.medellin.gov.co\/es\/wp-json\/wp\/v2\/programas_tax?post=316656"}],"curies":[{"name":"wp","href":"https:\/\/api.w.org\/{rel}","templated":true}]}}