{"id":316843,"date":"2024-06-07T18:59:30","date_gmt":"2024-06-07T23:59:30","guid":{"rendered":"https:\/\/www.medellin.gov.co\/es\/?p=316843"},"modified":"2024-06-07T18:59:30","modified_gmt":"2024-06-07T23:59:30","slug":"medellin-registro-una-reduccion-de-homicidios-del-20-en-los-primeros-cinco-meses-de-2024-la-mas-baja-de-los-ultimos-40-anos","status":"publish","type":"post","link":"https:\/\/www.medellin.gov.co\/es\/sala-de-prensa\/noticias\/medellin-registro-una-reduccion-de-homicidios-del-20-en-los-primeros-cinco-meses-de-2024-la-mas-baja-de-los-ultimos-40-anos\/","title":{"rendered":"Medell\u00edn registr\u00f3 una reducci\u00f3n de homicidios del 20 % en los primeros cinco meses de 2024, la m\u00e1s baja de los \u00faltimos 40 a\u00f1os"},"content":{"rendered":"<ul>\n<li>Abril y mayo tuvieron los menores reportes de asesinatos en la ciudad en las \u00faltimas cuatro d\u00e9cadas, con ca\u00eddas de hasta 38 % en el n\u00famero de casos.<\/li>\n<li>El hurto a personas cay\u00f3 un 22 %, el atraco con arma de fuego baj\u00f3 un 33 % y el hurto a establecimientos comerciales present\u00f3 una reducci\u00f3n del 53 %.<\/li>\n<li>La incautaci\u00f3n de armas de fuego muestra un crecimiento del 79 % en comparaci\u00f3n con 2023.<\/li>\n<\/ul>\n<!--[if lt IE 9]><script>document.createElement('audio');<\/script><![endif]-->\n\t<div class=\"wp-playlist wp-audio-playlist wp-playlist-light\">\n\t\t\t<div class=\"wp-playlist-current-item\"><\/div>\n\t\t<audio controls=\"controls\" preload=\"none\" width=\"640\"\n\t\t\t><\/audio>\n\t<div class=\"wp-playlist-next\"><\/div>\n\t<div class=\"wp-playlist-prev\"><\/div>\n\t<noscript>\n\t<ol>\n\t\t<li><a href='https:\/\/www.medellin.gov.co\/es\/wp-content\/uploads\/2024\/06\/Alcalde-Reduccion-Homicidios-01.mp3'>Medell\u00edn registr\u00f3 una reducci\u00f3n de homicidios del 20 % en los primeros cinco meses de 2024, la m\u00e1s baja de los \u00faltimos 40 a\u00f1os<\/a><\/li>\t<\/ol>\n\t<\/noscript>\n\t<script type=\"application\/json\" class=\"wp-playlist-script\">{\"type\":\"audio\",\"tracklist\":true,\"tracknumbers\":true,\"images\":true,\"artists\":true,\"tracks\":[{\"src\":\"https:\\\/\\\/www.medellin.gov.co\\\/es\\\/wp-content\\\/uploads\\\/2024\\\/06\\\/Alcalde-Reduccion-Homicidios-01.mp3\",\"type\":\"audio\\\/mpeg\",\"title\":\"Medell\\u00edn registr\\u00f3 una reducci\\u00f3n de homicidios del 20 % en los primeros cinco meses de 2024, la m\\u00e1s baja de los \\u00faltimos 40 a\\u00f1os\",\"caption\":\"\",\"description\":\"\\u00abMedell\\u00edn registr\\u00f3 una reducci\\u00f3n de homicidios del 20 % en los primeros cinco meses de 2024, la m\\u00e1s baja de los \\u00faltimos 40 a\\u00f1os\\u00bb.\",\"meta\":{\"length_formatted\":\"9:45\"},\"image\":{\"src\":\"https:\\\/\\\/www.medellin.gov.co\\\/es\\\/wp-includes\\\/images\\\/media\\\/audio.png\",\"width\":48,\"height\":64},\"thumb\":{\"src\":\"https:\\\/\\\/www.medellin.gov.co\\\/es\\\/wp-includes\\\/images\\\/media\\\/audio.png\",\"width\":48,\"height\":64}}]}<\/script>\n<\/div>\n\t\n<p>El alcalde Federico Guti\u00e9rrez Zuluaga present\u00f3 los resultados de las acciones en contra de delitos de alto impacto en Medell\u00edn en los primeros cinco meses de 2024, entre los que se destaca un descenso del 20 % en el n\u00famero de casos de asesinato. En comparaci\u00f3n con el mismo periodo de 2023, en el presente a\u00f1o se han reportado 30 hechos menos, de acuerdo con datos de la Polic\u00eda.<\/p>\n<p>\u201c<em>Esta es una muy buena noticia porque nos pone en la tasa proyectada de homicidios por cada 100.000 habitantes como la m\u00e1s baja desde los \u00faltimos 40 a\u00f1os, cuando se miden los \u00edndices en Medell\u00edn. Esto quiere decir que vamos avanzando como sociedad, que cada vez se cuida m\u00e1s la vida, pero tambi\u00e9n quiere decir que hay retos, porque la \u00fanica tasa aceptable en homicidios es cero, porque se trata de la vida de las personas<\/em>\u201d, expres\u00f3 el alcalde de Medell\u00edn.<\/p>\n<p>Los registros del Sistema de Informaci\u00f3n para la Seguridad y Convivencia \u2013SISC se\u00f1alan que otros delitos de alto impacto tambi\u00e9n arrojan reducciones: el hurto a personas cay\u00f3 un 22 %, con 2.972 casos menos comparado con el mismo per\u00edodo de 2023; el atraco con arma de fuego baj\u00f3 un 33 %, con 921 casos menos; el hurto de motocicletas presenta una ca\u00edda del 11 %, con 313 casos menos este a\u00f1o; tambi\u00e9n, el hurto a residencias disminuy\u00f3 16 %. En este delito fueron 124 hechos menos reportados; y el hurto a establecimientos comerciales present\u00f3 una reducci\u00f3n del 53 %. Fueron 867 casos menos.<\/p>\n<div id=\"attachment_242893\" style=\"width: 1290px\" class=\"wp-caption alignnone\"><a href=\"https:\/\/www.medellin.gov.co\/es\/wp-content\/uploads\/2023\/08\/Plan-Choque-360-2.jpg\"><img aria-describedby=\"caption-attachment-242893\" loading=\"lazy\" class=\"size-full wp-image-242893\" src=\"https:\/\/www.medellin.gov.co\/es\/wp-content\/uploads\/2023\/08\/Plan-Choque-360-2.jpg\" alt=\"Manrique lleva dos semanas sin homicidios y 50 capturas en el \u201cPlan Choque 360\u00b0\u201d articulado con la Polic\u00eda Metropolitana\" width=\"1280\" height=\"728\" srcset=\"https:\/\/www.medellin.gov.co\/es\/wp-content\/uploads\/2023\/08\/Plan-Choque-360-2.jpg 1280w, https:\/\/www.medellin.gov.co\/es\/wp-content\/uploads\/2023\/08\/Plan-Choque-360-2-300x171.jpg 300w, https:\/\/www.medellin.gov.co\/es\/wp-content\/uploads\/2023\/08\/Plan-Choque-360-2-1024x582.jpg 1024w, https:\/\/www.medellin.gov.co\/es\/wp-content\/uploads\/2023\/08\/Plan-Choque-360-2-150x85.jpg 150w, https:\/\/www.medellin.gov.co\/es\/wp-content\/uploads\/2023\/08\/Plan-Choque-360-2-768x437.jpg 768w\" sizes=\"(max-width: 1280px) 100vw, 1280px\" \/><\/a><p id=\"caption-attachment-242893\" class=\"wp-caption-text\">Foto Alcald\u00eda de Medell\u00edn<\/p><\/div>\n<p>En comparaci\u00f3n con el a\u00f1o pasado, la acci\u00f3n de las autoridades arroja hasta el momento resultados como el incremento de 12 % en capturas, de 79 % en incautaci\u00f3n de armas de fuego, de 16 % en capturas por delitos sexuales y de 27 % en capturas por homicidio.<\/p>\n<p>En cuanto a operatividad, entre el primero de enero y el 6 de junio se hicieron 14.203 operativos, los cuales comprendieron actividades de sensibilizaci\u00f3n, apoyo a incautaciones, acciones de ornato y aseo, desmonte de estructuras, acompa\u00f1amiento en temas log\u00edsticos en eventos de ciudad y operativos de control. Tambi\u00e9n, fueron compactadas 873 toneladas de basura y se adelantaron 48 megaoperativos que incluyeron el plan de contenci\u00f3n de homicidios, puestos de control e intervenciones especiales, entre otras estrategias en contra de actividades delictivas.<\/p>\n<p>Igualmente, se destacan 311 intervenciones especiales en diferentes comunas en articulaci\u00f3n con las secretar\u00edas de Salud, Inclusi\u00f3n Social y Familia, Movilidad, Gesti\u00f3n y Control Territorial, as\u00ed como la Gerencia del Centro y Territorios Estrat\u00e9gicos, Dagrd, Emvarias, Ej\u00e9rcito y Polic\u00eda, entre otros. Adicionalmente, se contabilizaron 98 puestos de control, 16 intervenciones como parte del plan moteles, hoteles y hostales y 8 controles a piques ilegales.<\/p>\n","protected":false},"excerpt":{"rendered":"<p>Abril y mayo tuvieron los menores reportes de asesinatos en la ciudad en las \u00faltimas cuatro d\u00e9cadas, con ca\u00eddas de hasta 38 % en el n\u00famero de casos. El hurto a personas cay\u00f3 un 22 &#8230;<\/p>\n","protected":false},"author":21,"featured_media":191036,"comment_status":"open","ping_status":"open","sticky":false,"template":"","format":"standard","meta":[],"categories":[21],"tags":[],"formato_nota":[],"programas_tax":[],"acf":[],"_links":{"self":[{"href":"https:\/\/www.medellin.gov.co\/es\/wp-json\/wp\/v2\/posts\/316843"}],"collection":[{"href":"https:\/\/www.medellin.gov.co\/es\/wp-json\/wp\/v2\/posts"}],"about":[{"href":"https:\/\/www.medellin.gov.co\/es\/wp-json\/wp\/v2\/types\/post"}],"author":[{"embeddable":true,"href":"https:\/\/www.medellin.gov.co\/es\/wp-json\/wp\/v2\/users\/21"}],"replies":[{"embeddable":true,"href":"https:\/\/www.medellin.gov.co\/es\/wp-json\/wp\/v2\/comments?post=316843"}],"version-history":[{"count":2,"href":"https:\/\/www.medellin.gov.co\/es\/wp-json\/wp\/v2\/posts\/316843\/revisions"}],"predecessor-version":[{"id":316909,"href":"https:\/\/www.medellin.gov.co\/es\/wp-json\/wp\/v2\/posts\/316843\/revisions\/316909"}],"wp:featuredmedia":[{"embeddable":true,"href":"https:\/\/www.medellin.gov.co\/es\/wp-json\/wp\/v2\/media\/191036"}],"wp:attachment":[{"href":"https:\/\/www.medellin.gov.co\/es\/wp-json\/wp\/v2\/media?parent=316843"}],"wp:term":[{"taxonomy":"category","embeddable":true,"href":"https:\/\/www.medellin.gov.co\/es\/wp-json\/wp\/v2\/categories?post=316843"},{"taxonomy":"post_tag","embeddable":true,"href":"https:\/\/www.medellin.gov.co\/es\/wp-json\/wp\/v2\/tags?post=316843"},{"taxonomy":"formato_nota","embeddable":true,"href":"https:\/\/www.medellin.gov.co\/es\/wp-json\/wp\/v2\/formato_nota?post=316843"},{"taxonomy":"programas_tax","embeddable":true,"href":"https:\/\/www.medellin.gov.co\/es\/wp-json\/wp\/v2\/programas_tax?post=316843"}],"curies":[{"name":"wp","href":"https:\/\/api.w.org\/{rel}","templated":true}]}}