{"id":317008,"date":"2024-06-08T09:15:49","date_gmt":"2024-06-08T14:15:49","guid":{"rendered":"https:\/\/www.medellin.gov.co\/es\/?p=317008"},"modified":"2024-06-11T13:09:52","modified_gmt":"2024-06-11T18:09:52","slug":"este-fin-de-semana-se-vivira-una-nueva-jornada-de-medellin-despierta","status":"publish","type":"post","link":"https:\/\/www.medellin.gov.co\/es\/sala-de-prensa\/noticias\/este-fin-de-semana-se-vivira-una-nueva-jornada-de-medellin-despierta\/","title":{"rendered":"Este fin de semana se vivir\u00e1 una nueva jornada de Medell\u00edn Despierta"},"content":{"rendered":"<ul>\n<li>Ser\u00e1 este s\u00e1bado 8 de junio, entre las 4:00 p. m. y la 2:00 a. m., con enfoque en el Parque Lleras.<\/li>\n<li>Los asistentes disfrutar\u00e1n de una oferta cultural, gastron\u00f3mica y recreativa.<\/li>\n<\/ul>\n<!--[if lt IE 9]><script>document.createElement('audio');<\/script><![endif]-->\n\t<div class=\"wp-playlist wp-audio-playlist wp-playlist-light\">\n\t\t\t<div class=\"wp-playlist-current-item\"><\/div>\n\t\t<audio controls=\"controls\" preload=\"none\" width=\"640\"\n\t\t\t><\/audio>\n\t<div class=\"wp-playlist-next\"><\/div>\n\t<div class=\"wp-playlist-prev\"><\/div>\n\t<noscript>\n\t<ol>\n\t\t<li><a href='https:\/\/www.medellin.gov.co\/es\/wp-content\/uploads\/2024\/06\/Medellin_despierta.mp3'>Medellin_despierta<\/a><\/li>\t<\/ol>\n\t<\/noscript>\n\t<script type=\"application\/json\" class=\"wp-playlist-script\">{\"type\":\"audio\",\"tracklist\":true,\"tracknumbers\":true,\"images\":true,\"artists\":true,\"tracks\":[{\"src\":\"https:\\\/\\\/www.medellin.gov.co\\\/es\\\/wp-content\\\/uploads\\\/2024\\\/06\\\/Medellin_despierta.mp3\",\"type\":\"audio\\\/mpeg\",\"title\":\"Medellin_despierta\",\"caption\":\"Declaraciones del secretario de Seguridad y Convivencia, Manuel Villa Mej\\u00eda.\",\"description\":\"\\u00abMedellin_despierta\\u00bb. G\\u00e9nero: Blues.\",\"meta\":{\"genre\":\"Blues\",\"length_formatted\":\"0:36\"},\"image\":{\"src\":\"https:\\\/\\\/www.medellin.gov.co\\\/es\\\/wp-includes\\\/images\\\/media\\\/audio.png\",\"width\":48,\"height\":64},\"thumb\":{\"src\":\"https:\\\/\\\/www.medellin.gov.co\\\/es\\\/wp-includes\\\/images\\\/media\\\/audio.png\",\"width\":48,\"height\":64}}]}<\/script>\n<\/div>\n\t\n<p>En la b\u00fasqueda de una ciudad m\u00e1s segura, inclusiva y participativa, los habitantes de la capital antioque\u00f1a disfrutar\u00e1n este s\u00e1bado de una nueva edici\u00f3n de Medell\u00edn Despierta, evento que promueve la convivencia a trav\u00e9s de actividades culturales y recreativas.<\/p>\n<p>La jornada ser\u00e1 desde las 4:00 p. m. hasta la 2:00 a. m., con enfoque en el Parque Lleras y la comuna 14-El Poblado, y la participaci\u00f3n de las secretar\u00edas de Seguridad y Convivencia, Cultura Ciudadana, Juventud y el Inder.<\/p>\n<div id=\"attachment_317010\" style=\"width: 1034px\" class=\"wp-caption alignnone\"><a href=\"https:\/\/www.medellin.gov.co\/es\/wp-content\/uploads\/2024\/06\/Medellin_Despierta_2.jpg\"><img aria-describedby=\"caption-attachment-317010\" loading=\"lazy\" class=\"size-large wp-image-317010\" src=\"https:\/\/www.medellin.gov.co\/es\/wp-content\/uploads\/2024\/06\/Medellin_Despierta_2-1024x576.jpg\" alt=\"\" width=\"1024\" height=\"576\" srcset=\"https:\/\/www.medellin.gov.co\/es\/wp-content\/uploads\/2024\/06\/Medellin_Despierta_2-1024x576.jpg 1024w, https:\/\/www.medellin.gov.co\/es\/wp-content\/uploads\/2024\/06\/Medellin_Despierta_2-300x169.jpg 300w, https:\/\/www.medellin.gov.co\/es\/wp-content\/uploads\/2024\/06\/Medellin_Despierta_2-150x84.jpg 150w, https:\/\/www.medellin.gov.co\/es\/wp-content\/uploads\/2024\/06\/Medellin_Despierta_2-768x432.jpg 768w, https:\/\/www.medellin.gov.co\/es\/wp-content\/uploads\/2024\/06\/Medellin_Despierta_2.jpg 1280w\" sizes=\"(max-width: 1024px) 100vw, 1024px\" \/><\/a><p id=\"caption-attachment-317010\" class=\"wp-caption-text\">Jornada de Medell\u00edn Despierta<\/p><\/div>\n<p>\u00abEl Parque Lleras y el Poblado, en general, conforman una zona donde podemos disfrutar de manera sana, tanto de d\u00eda como de noche, con nuestros hijos, parejas y amigos. Es importante promover el uso responsable del espacio p\u00fablico y fomentar una cultura ciudadana basada en el respeto y la convivencia\u00bb, dijo el secretario de Seguridad y Convivencia, Manuel Villa Mej\u00eda.<\/p>\n<p>Los asistentes contar\u00e1n con oferta cultural, gastron\u00f3mica y recreativa, que incluir\u00e1 m\u00fasica en vivo, presentaciones art\u00edsticas y actividades deportivas. \u201cMedell\u00edn Despierta es una invitaci\u00f3n a que todos nos unamos y participemos en la construcci\u00f3n de una ciudad m\u00e1s inclusiva, segura y vibrante, que arrebatemos el espacio p\u00fablico a los delincuentes\u201d, concluy\u00f3 Villa Mej\u00eda.<\/p>\n<div id=\"attachment_317012\" style=\"width: 1034px\" class=\"wp-caption alignnone\"><a href=\"https:\/\/www.medellin.gov.co\/es\/wp-content\/uploads\/2024\/06\/Programacion_Jornada-de-Medellin-Despierta.jpeg\" target=\"_blank\" rel=\"noopener\"><img aria-describedby=\"caption-attachment-317012\" loading=\"lazy\" class=\"wp-image-317012 size-large\" src=\"https:\/\/www.medellin.gov.co\/es\/wp-content\/uploads\/2024\/06\/Programacion_Jornada-de-Medellin-Despierta-1024x1024.jpeg\" alt=\"\" width=\"1024\" height=\"1024\" srcset=\"https:\/\/www.medellin.gov.co\/es\/wp-content\/uploads\/2024\/06\/Programacion_Jornada-de-Medellin-Despierta-1024x1024.jpeg 1024w, https:\/\/www.medellin.gov.co\/es\/wp-content\/uploads\/2024\/06\/Programacion_Jornada-de-Medellin-Despierta-300x300.jpeg 300w, https:\/\/www.medellin.gov.co\/es\/wp-content\/uploads\/2024\/06\/Programacion_Jornada-de-Medellin-Despierta-150x150.jpeg 150w, https:\/\/www.medellin.gov.co\/es\/wp-content\/uploads\/2024\/06\/Programacion_Jornada-de-Medellin-Despierta-768x768.jpeg 768w, https:\/\/www.medellin.gov.co\/es\/wp-content\/uploads\/2024\/06\/Programacion_Jornada-de-Medellin-Despierta.jpeg 1080w\" sizes=\"(max-width: 1024px) 100vw, 1024px\" \/><\/a><p id=\"caption-attachment-317012\" class=\"wp-caption-text\">Programaci\u00f3n Jornada de Medell\u00edn Despierta<\/p><\/div>\n","protected":false},"excerpt":{"rendered":"<p>Ser\u00e1 este s\u00e1bado 8 de junio, entre las 4:00 p. m. y la 2:00 a. m., con enfoque en el Parque Lleras. Los asistentes disfrutar\u00e1n de una oferta cultural, gastron\u00f3mica y recreativa. En la b\u00fasqueda &#8230;<\/p>\n","protected":false},"author":17,"featured_media":317011,"comment_status":"open","ping_status":"open","sticky":false,"template":"","format":"standard","meta":[],"categories":[21],"tags":[],"formato_nota":[],"programas_tax":[],"acf":[],"_links":{"self":[{"href":"https:\/\/www.medellin.gov.co\/es\/wp-json\/wp\/v2\/posts\/317008"}],"collection":[{"href":"https:\/\/www.medellin.gov.co\/es\/wp-json\/wp\/v2\/posts"}],"about":[{"href":"https:\/\/www.medellin.gov.co\/es\/wp-json\/wp\/v2\/types\/post"}],"author":[{"embeddable":true,"href":"https:\/\/www.medellin.gov.co\/es\/wp-json\/wp\/v2\/users\/17"}],"replies":[{"embeddable":true,"href":"https:\/\/www.medellin.gov.co\/es\/wp-json\/wp\/v2\/comments?post=317008"}],"version-history":[{"count":2,"href":"https:\/\/www.medellin.gov.co\/es\/wp-json\/wp\/v2\/posts\/317008\/revisions"}],"predecessor-version":[{"id":317107,"href":"https:\/\/www.medellin.gov.co\/es\/wp-json\/wp\/v2\/posts\/317008\/revisions\/317107"}],"wp:featuredmedia":[{"embeddable":true,"href":"https:\/\/www.medellin.gov.co\/es\/wp-json\/wp\/v2\/media\/317011"}],"wp:attachment":[{"href":"https:\/\/www.medellin.gov.co\/es\/wp-json\/wp\/v2\/media?parent=317008"}],"wp:term":[{"taxonomy":"category","embeddable":true,"href":"https:\/\/www.medellin.gov.co\/es\/wp-json\/wp\/v2\/categories?post=317008"},{"taxonomy":"post_tag","embeddable":true,"href":"https:\/\/www.medellin.gov.co\/es\/wp-json\/wp\/v2\/tags?post=317008"},{"taxonomy":"formato_nota","embeddable":true,"href":"https:\/\/www.medellin.gov.co\/es\/wp-json\/wp\/v2\/formato_nota?post=317008"},{"taxonomy":"programas_tax","embeddable":true,"href":"https:\/\/www.medellin.gov.co\/es\/wp-json\/wp\/v2\/programas_tax?post=317008"}],"curies":[{"name":"wp","href":"https:\/\/api.w.org\/{rel}","templated":true}]}}