{"id":319715,"date":"2024-06-25T14:20:29","date_gmt":"2024-06-25T19:20:29","guid":{"rendered":"https:\/\/www.medellin.gov.co\/es\/?p=319715"},"modified":"2024-06-25T14:20:29","modified_gmt":"2024-06-25T19:20:29","slug":"centro-de-salud-el-raizal-cerrara-por-el-mantenimiento-en-sus-instalaciones","status":"publish","type":"post","link":"https:\/\/www.medellin.gov.co\/es\/sala-de-prensa\/noticias\/centro-de-salud-el-raizal-cerrara-por-el-mantenimiento-en-sus-instalaciones\/","title":{"rendered":"Centro de salud El Raizal cerrar\u00e1 por el mantenimiento en sus instalaciones"},"content":{"rendered":"<ul>\n<li>Las sedes alternas para la prestaci\u00f3n del servicio son la Unidad Hospitalaria Manrique y el Centro de Salud de La Cruz.<\/li>\n<li>Con estas obras se beneficiar\u00e1n m\u00e1s de 6.800 usuarios.<\/li>\n<li>La inversi\u00f3n distrital supera los $315 millones.<\/li>\n<\/ul>\n<!--[if lt IE 9]><script>document.createElement('audio');<\/script><![endif]-->\n\t<div class=\"wp-playlist wp-audio-playlist wp-playlist-light\">\n\t\t\t<div class=\"wp-playlist-current-item\"><\/div>\n\t\t<audio controls=\"controls\" preload=\"none\" width=\"640\"\n\t\t\t><\/audio>\n\t<div class=\"wp-playlist-next\"><\/div>\n\t<div class=\"wp-playlist-prev\"><\/div>\n\t<noscript>\n\t<ol>\n\t\t<li><a href='https:\/\/www.medellin.gov.co\/es\/wp-content\/uploads\/2024\/06\/Cierre-Centro-Salud-El-Raizal-01.mp3'>Palabras de Javier Guti\u00e9rrez Rodas, subgerente de la Red de Servicios de Metrosalud<\/a><\/li><li><a href='https:\/\/www.medellin.gov.co\/es\/wp-content\/uploads\/2024\/06\/Cierre-Centro-Salud-El-Raizal-02.mp3'>Palabras de Consuelo Mu\u00f1oz, beneficiaria<\/a><\/li>\t<\/ol>\n\t<\/noscript>\n\t<script type=\"application\/json\" class=\"wp-playlist-script\">{\"type\":\"audio\",\"tracklist\":true,\"tracknumbers\":true,\"images\":true,\"artists\":true,\"tracks\":[{\"src\":\"https:\\\/\\\/www.medellin.gov.co\\\/es\\\/wp-content\\\/uploads\\\/2024\\\/06\\\/Cierre-Centro-Salud-El-Raizal-01.mp3\",\"type\":\"audio\\\/mpeg\",\"title\":\"Palabras de Javier Guti\\u00e9rrez Rodas, subgerente de la Red de Servicios de Metrosalud\",\"caption\":\"\",\"description\":\"\\u00abPalabras de Javier Guti\\u00e9rrez Rodas, subgerente de la Red de Servicios de Metrosalud\\u00bb.\",\"meta\":{\"year\":\"2024\",\"length_formatted\":\"0:52\"},\"image\":{\"src\":\"https:\\\/\\\/www.medellin.gov.co\\\/es\\\/wp-includes\\\/images\\\/media\\\/audio.png\",\"width\":48,\"height\":64},\"thumb\":{\"src\":\"https:\\\/\\\/www.medellin.gov.co\\\/es\\\/wp-includes\\\/images\\\/media\\\/audio.png\",\"width\":48,\"height\":64}},{\"src\":\"https:\\\/\\\/www.medellin.gov.co\\\/es\\\/wp-content\\\/uploads\\\/2024\\\/06\\\/Cierre-Centro-Salud-El-Raizal-02.mp3\",\"type\":\"audio\\\/mpeg\",\"title\":\"Palabras de Consuelo Mu\\u00f1oz, beneficiaria\",\"caption\":\"\",\"description\":\"\\u00abPalabras de Consuelo Mu\\u00f1oz, beneficiaria\\u00bb.\",\"meta\":{\"length_formatted\":\"1:13\"},\"image\":{\"src\":\"https:\\\/\\\/www.medellin.gov.co\\\/es\\\/wp-includes\\\/images\\\/media\\\/audio.png\",\"width\":48,\"height\":64},\"thumb\":{\"src\":\"https:\\\/\\\/www.medellin.gov.co\\\/es\\\/wp-includes\\\/images\\\/media\\\/audio.png\",\"width\":48,\"height\":64}}]}<\/script>\n<\/div>\n\t\n<p>Como parte del plan de mejoramiento a la infraestructura de la red hospitalaria de Metrosalud, la Alcald\u00eda de Medell\u00edn inici\u00f3 el mantenimiento del Centro de Salud El Raizal, ubicado en la comuna 3-Manrique. Por esta raz\u00f3n, estar\u00e1 cerrada para la atenci\u00f3n al p\u00fablico, sin embargo, los habitantes de esta zona podr\u00e1n consultar en las sedes de La Cruz y la Unidad Hospitalaria Manrique.<\/p>\n<p>En el centro de salud se adelanta una intervenci\u00f3n general que comprende el mantenimiento de pisos, cubierta, techos, puertas, paredes, lavado de fachada, acabados entre la pared y el suelo que permiten una limpieza adecuada. Adem\u00e1s, de la aplicaci\u00f3n de pintura antis\u00e9ptica y cambio de luminarias.<\/p>\n<p>Para llevar a cabo estos mejoramientos, Metrosalud suspendi\u00f3 la prestaci\u00f3n del servicio por el tiempo que dure la ejecuci\u00f3n.<\/p>\n<div id=\"attachment_319707\" style=\"width: 1290px\" class=\"wp-caption alignnone\"><a href=\"https:\/\/www.medellin.gov.co\/es\/wp-content\/uploads\/2024\/06\/Cierre-Centro-Salud-El-Raizal-2.jpg\"><img aria-describedby=\"caption-attachment-319707\" loading=\"lazy\" class=\"size-full wp-image-319707\" src=\"https:\/\/www.medellin.gov.co\/es\/wp-content\/uploads\/2024\/06\/Cierre-Centro-Salud-El-Raizal-2.jpg\" alt=\"Centro de salud El Raizal cerrar\u00e1 por el mantenimiento en sus instalaciones\" width=\"1280\" height=\"852\" srcset=\"https:\/\/www.medellin.gov.co\/es\/wp-content\/uploads\/2024\/06\/Cierre-Centro-Salud-El-Raizal-2.jpg 1280w, https:\/\/www.medellin.gov.co\/es\/wp-content\/uploads\/2024\/06\/Cierre-Centro-Salud-El-Raizal-2-300x200.jpg 300w, https:\/\/www.medellin.gov.co\/es\/wp-content\/uploads\/2024\/06\/Cierre-Centro-Salud-El-Raizal-2-1024x682.jpg 1024w, https:\/\/www.medellin.gov.co\/es\/wp-content\/uploads\/2024\/06\/Cierre-Centro-Salud-El-Raizal-2-150x100.jpg 150w, https:\/\/www.medellin.gov.co\/es\/wp-content\/uploads\/2024\/06\/Cierre-Centro-Salud-El-Raizal-2-768x511.jpg 768w\" sizes=\"(max-width: 1280px) 100vw, 1280px\" \/><\/a><p id=\"caption-attachment-319707\" class=\"wp-caption-text\">Centro de salud El Raizal cerrar\u00e1 por el mantenimiento en sus instalaciones &#8211; Foto Alcald\u00eda de Medell\u00edn<\/p><\/div>\n<p>\u201c<em>Queremos informar el cierre de este centro, temporalmente, por un periodo entre tres o cuatro meses para hacer estas obras, las cuales esperamos que redunden en el mejoramiento de la calidad en la prestaci\u00f3n del servicio<\/em>\u201d, dijo el subgerente de la Red de Servicios de Metrosalud, Javier Guti\u00e9rrez Rodas.<\/p>\n<p>La inversi\u00f3n del Distrito en este centro asistencial supera los $315 millones, recursos con lo que se mitigan los riesgos de cierres de los servicios por el deterioro de la infraestructura.<\/p>\n<p>\u201c<em>Muy bueno que mejoren la calidad de las estructuras, yo soy usuaria de Metrosalud y me toca venir mucho a las citas. Me siento muy contenta porque la gente se va a sentir bien por la buena atenci\u00f3n y porque quedan muy bonitos los centros de salud<\/em>\u201d, asegur\u00f3 Consuelo Mu\u00f1oz, beneficiaria.<\/p>\n<p>Actualmente, la Empresa de Desarrollo Urbano, entidad a cargo de las obras en la red hospitalaria de Metrosalud, adelanta intervenciones en otras 16 sedes.<\/p>\n<p>Unos 6.800 usuarios son los que se beneficiar\u00e1n con el mejoramiento de la infraestructura de esta sede.<\/p>\n","protected":false},"excerpt":{"rendered":"<p>Las sedes alternas para la prestaci\u00f3n del servicio son la Unidad Hospitalaria Manrique y el Centro de Salud de La Cruz. Con estas obras se beneficiar\u00e1n m\u00e1s de 6.800 usuarios. La inversi\u00f3n distrital supera los &#8230;<\/p>\n","protected":false},"author":21,"featured_media":319710,"comment_status":"open","ping_status":"open","sticky":false,"template":"","format":"standard","meta":[],"categories":[11,18,17],"tags":[634,442,452],"formato_nota":[],"programas_tax":[],"acf":[],"_links":{"self":[{"href":"https:\/\/www.medellin.gov.co\/es\/wp-json\/wp\/v2\/posts\/319715"}],"collection":[{"href":"https:\/\/www.medellin.gov.co\/es\/wp-json\/wp\/v2\/posts"}],"about":[{"href":"https:\/\/www.medellin.gov.co\/es\/wp-json\/wp\/v2\/types\/post"}],"author":[{"embeddable":true,"href":"https:\/\/www.medellin.gov.co\/es\/wp-json\/wp\/v2\/users\/21"}],"replies":[{"embeddable":true,"href":"https:\/\/www.medellin.gov.co\/es\/wp-json\/wp\/v2\/comments?post=319715"}],"version-history":[{"count":1,"href":"https:\/\/www.medellin.gov.co\/es\/wp-json\/wp\/v2\/posts\/319715\/revisions"}],"predecessor-version":[{"id":319725,"href":"https:\/\/www.medellin.gov.co\/es\/wp-json\/wp\/v2\/posts\/319715\/revisions\/319725"}],"wp:featuredmedia":[{"embeddable":true,"href":"https:\/\/www.medellin.gov.co\/es\/wp-json\/wp\/v2\/media\/319710"}],"wp:attachment":[{"href":"https:\/\/www.medellin.gov.co\/es\/wp-json\/wp\/v2\/media?parent=319715"}],"wp:term":[{"taxonomy":"category","embeddable":true,"href":"https:\/\/www.medellin.gov.co\/es\/wp-json\/wp\/v2\/categories?post=319715"},{"taxonomy":"post_tag","embeddable":true,"href":"https:\/\/www.medellin.gov.co\/es\/wp-json\/wp\/v2\/tags?post=319715"},{"taxonomy":"formato_nota","embeddable":true,"href":"https:\/\/www.medellin.gov.co\/es\/wp-json\/wp\/v2\/formato_nota?post=319715"},{"taxonomy":"programas_tax","embeddable":true,"href":"https:\/\/www.medellin.gov.co\/es\/wp-json\/wp\/v2\/programas_tax?post=319715"}],"curies":[{"name":"wp","href":"https:\/\/api.w.org\/{rel}","templated":true}]}}