{"id":320292,"date":"2024-06-27T20:42:10","date_gmt":"2024-06-28T01:42:10","guid":{"rendered":"https:\/\/www.medellin.gov.co\/es\/?p=320292"},"modified":"2024-06-27T20:42:10","modified_gmt":"2024-06-28T01:42:10","slug":"con-acciones-de-control-el-distrito-contiene-la-propagacion-de-la-hepatitis-a","status":"publish","type":"post","link":"https:\/\/www.medellin.gov.co\/es\/sala-de-prensa\/noticias\/con-acciones-de-control-el-distrito-contiene-la-propagacion-de-la-hepatitis-a\/","title":{"rendered":"Con acciones de control, el Distrito contiene la propagaci\u00f3n de la hepatitis A"},"content":{"rendered":"<ul>\n<li>Los casos pasaron de 30 a 13 por semana.<\/li>\n<li>La higiene personal y el manejo seguro de alimentos son fundamentales para prevenir la enfermedad.<\/li>\n<\/ul>\n<!--[if lt IE 9]><script>document.createElement('audio');<\/script><![endif]-->\n\t<div class=\"wp-playlist wp-audio-playlist wp-playlist-light\">\n\t\t\t<div class=\"wp-playlist-current-item\"><\/div>\n\t\t<audio controls=\"controls\" preload=\"none\" width=\"640\"\n\t\t\t><\/audio>\n\t<div class=\"wp-playlist-next\"><\/div>\n\t<div class=\"wp-playlist-prev\"><\/div>\n\t<noscript>\n\t<ol>\n\t\t<li><a href='https:\/\/www.medellin.gov.co\/es\/wp-content\/uploads\/2024\/06\/Salud-Propagacion-Hepatitis-01.mp3'>Palabras de Rita Almanza Payares, l\u00edder de epidemiolog\u00eda de la Secretar\u00eda de Salud<\/a><\/li>\t<\/ol>\n\t<\/noscript>\n\t<script type=\"application\/json\" class=\"wp-playlist-script\">{\"type\":\"audio\",\"tracklist\":true,\"tracknumbers\":true,\"images\":true,\"artists\":true,\"tracks\":[{\"src\":\"https:\\\/\\\/www.medellin.gov.co\\\/es\\\/wp-content\\\/uploads\\\/2024\\\/06\\\/Salud-Propagacion-Hepatitis-01.mp3\",\"type\":\"audio\\\/mpeg\",\"title\":\"Palabras de Rita Almanza Payares, l\\u00edder de epidemiolog\\u00eda de la Secretar\\u00eda de Salud\",\"caption\":\"\",\"description\":\"\\u00abPalabras de Rita Almanza Payares, l\\u00edder de epidemiolog\\u00eda de la Secretar\\u00eda de Salud\\u00bb. \",\"meta\":{\"year\":\"2024\",\"length_formatted\":\"1:12\"},\"image\":{\"src\":\"https:\\\/\\\/www.medellin.gov.co\\\/es\\\/wp-includes\\\/images\\\/media\\\/audio.png\",\"width\":48,\"height\":64},\"thumb\":{\"src\":\"https:\\\/\\\/www.medellin.gov.co\\\/es\\\/wp-includes\\\/images\\\/media\\\/audio.png\",\"width\":48,\"height\":64}}]}<\/script>\n<\/div>\n\t\n<p>El Distrito reporta un descenso en el n\u00famero de casos de hepatitis A. En promedio, se ven\u00edan presentando 30 por semana y la cifra baj\u00f3 a 13, lo que representa una reducci\u00f3n de 56 %. Esto obedece a las acciones de control adelantadas por la Administraci\u00f3n Distrital que son cruciales para mitigar la propagaci\u00f3n de la enfermedad.<\/p>\n<p>Dentro de las actividades est\u00e1n las visitas epidemiol\u00f3gicas de campo a los casos ya reportados y la toma de muestras para analizar si las personas que son clasificadas como contacto estrecho est\u00e1n contagiadas, adem\u00e1s de las acciones de inspecci\u00f3n, vigilancia y control a los establecimientos de expendio de alimentos.<\/p>\n<p>La l\u00edder de epidemiolog\u00eda de la Secretar\u00eda de Salud, Rita Almanza Payares, explic\u00f3: \u201c<em>La Secretar\u00eda de Salud empieza a hablar de contenci\u00f3n, dado que bajamos de 30 casos semanales a 13. Esto lo hemos hecho tambi\u00e9n reforzando las visitas a las casas de los pacientes, garantizando los aislamientos, tomando las muestras de laboratorio para diagn\u00f3stico de nuevas personas contagiadas y visitando los restaurantes del Distrito para garantizar que ofrezcan alimentos en condiciones seguras<\/em>\u201d.<\/p>\n<div id=\"attachment_320310\" style=\"width: 1290px\" class=\"wp-caption alignnone\"><a href=\"https:\/\/www.medellin.gov.co\/es\/wp-content\/uploads\/2024\/06\/Salud-Propagacion-Hepatitis-2.jpg\" target=\"_blank\" rel=\"noopener\"><img aria-describedby=\"caption-attachment-320310\" loading=\"lazy\" class=\"wp-image-320310 size-full\" title=\"Con acciones de control, el Distrito contiene la propagaci\u00f3n de la hepatitis A\" src=\"https:\/\/www.medellin.gov.co\/es\/wp-content\/uploads\/2024\/06\/Salud-Propagacion-Hepatitis-2.jpg\" alt=\"Con acciones de control, el Distrito contiene la propagaci\u00f3n de la hepatitis A\" width=\"1280\" height=\"853\" srcset=\"https:\/\/www.medellin.gov.co\/es\/wp-content\/uploads\/2024\/06\/Salud-Propagacion-Hepatitis-2.jpg 1280w, https:\/\/www.medellin.gov.co\/es\/wp-content\/uploads\/2024\/06\/Salud-Propagacion-Hepatitis-2-300x200.jpg 300w, https:\/\/www.medellin.gov.co\/es\/wp-content\/uploads\/2024\/06\/Salud-Propagacion-Hepatitis-2-1024x682.jpg 1024w, https:\/\/www.medellin.gov.co\/es\/wp-content\/uploads\/2024\/06\/Salud-Propagacion-Hepatitis-2-150x100.jpg 150w, https:\/\/www.medellin.gov.co\/es\/wp-content\/uploads\/2024\/06\/Salud-Propagacion-Hepatitis-2-768x512.jpg 768w\" sizes=\"(max-width: 1280px) 100vw, 1280px\" \/><\/a><p id=\"caption-attachment-320310\" class=\"wp-caption-text\">Con acciones de control, el Distrito contiene la propagaci\u00f3n de la hepatitis A &#8211; Foto Alcald\u00eda de Medell\u00edn<\/p><\/div>\n<p>Este virus se transmite principalmente por consumo de vegetales o alimentos crudos contaminados con materia fecal de personas infectadas. Por eso, es necesario la higiene de manos, lavar muy bien los alimentos antes de prepararlos y escoger muy bien los sitios para comer.<\/p>\n<p>\u201c<em>Hace seis meses hicimos una alerta por el aumento inusual de casos de hepatitis A. Recordemos que este virus ocasiona una enfermedad que ataca principalmente el h\u00edgado. A la fecha, m\u00e1s de 700 personas se han infectado y el 27 % han requerido hospitalizaci\u00f3n<\/em>\u201d, agreg\u00f3 la l\u00edder.<\/p>\n<p>Esta situaci\u00f3n, que empez\u00f3 en la zona nororiental y se expandi\u00f3 r\u00e1pidamente por el \u00e1rea urbana, implica un cuidado detallado con alimentos crudos, mariscos, ensaladas de frutas, jugos y en general las comidas r\u00e1pidas que no tengan garant\u00eda de buenas pr\u00e1cticas de desinfecci\u00f3n.<\/p>\n","protected":false},"excerpt":{"rendered":"<p>Los casos pasaron de 30 a 13 por semana. La higiene personal y el manejo seguro de alimentos son fundamentales para prevenir la enfermedad. El Distrito reporta un descenso en el n\u00famero de casos de &#8230;<\/p>\n","protected":false},"author":21,"featured_media":320309,"comment_status":"open","ping_status":"open","sticky":false,"template":"","format":"standard","meta":[],"categories":[18],"tags":[452],"formato_nota":[],"programas_tax":[],"acf":[],"_links":{"self":[{"href":"https:\/\/www.medellin.gov.co\/es\/wp-json\/wp\/v2\/posts\/320292"}],"collection":[{"href":"https:\/\/www.medellin.gov.co\/es\/wp-json\/wp\/v2\/posts"}],"about":[{"href":"https:\/\/www.medellin.gov.co\/es\/wp-json\/wp\/v2\/types\/post"}],"author":[{"embeddable":true,"href":"https:\/\/www.medellin.gov.co\/es\/wp-json\/wp\/v2\/users\/21"}],"replies":[{"embeddable":true,"href":"https:\/\/www.medellin.gov.co\/es\/wp-json\/wp\/v2\/comments?post=320292"}],"version-history":[{"count":1,"href":"https:\/\/www.medellin.gov.co\/es\/wp-json\/wp\/v2\/posts\/320292\/revisions"}],"predecessor-version":[{"id":320322,"href":"https:\/\/www.medellin.gov.co\/es\/wp-json\/wp\/v2\/posts\/320292\/revisions\/320322"}],"wp:featuredmedia":[{"embeddable":true,"href":"https:\/\/www.medellin.gov.co\/es\/wp-json\/wp\/v2\/media\/320309"}],"wp:attachment":[{"href":"https:\/\/www.medellin.gov.co\/es\/wp-json\/wp\/v2\/media?parent=320292"}],"wp:term":[{"taxonomy":"category","embeddable":true,"href":"https:\/\/www.medellin.gov.co\/es\/wp-json\/wp\/v2\/categories?post=320292"},{"taxonomy":"post_tag","embeddable":true,"href":"https:\/\/www.medellin.gov.co\/es\/wp-json\/wp\/v2\/tags?post=320292"},{"taxonomy":"formato_nota","embeddable":true,"href":"https:\/\/www.medellin.gov.co\/es\/wp-json\/wp\/v2\/formato_nota?post=320292"},{"taxonomy":"programas_tax","embeddable":true,"href":"https:\/\/www.medellin.gov.co\/es\/wp-json\/wp\/v2\/programas_tax?post=320292"}],"curies":[{"name":"wp","href":"https:\/\/api.w.org\/{rel}","templated":true}]}}