{"id":320964,"date":"2024-07-03T10:19:30","date_gmt":"2024-07-03T15:19:30","guid":{"rendered":"https:\/\/www.medellin.gov.co\/es\/?p=320964"},"modified":"2024-07-03T10:19:30","modified_gmt":"2024-07-03T15:19:30","slug":"guias-de-las-cuadras-recreativas-seran-seleccionados-con-recursos-de-planeacion-local-y-presupuesto-participativo","status":"publish","type":"post","link":"https:\/\/www.medellin.gov.co\/es\/sala-de-prensa\/noticias\/guias-de-las-cuadras-recreativas-seran-seleccionados-con-recursos-de-planeacion-local-y-presupuesto-participativo\/","title":{"rendered":"Gu\u00edas de las Cuadras Recreativas ser\u00e1n seleccionados con recursos de Planeaci\u00f3n Local y Presupuesto Participativo"},"content":{"rendered":"<ul>\n<li>Con esta convocatoria, a partir de julio, el Inder activar\u00e1 la ejecuci\u00f3n de estos recursos para 2024.<\/li>\n<li>Entre julio y diciembre, el instituto tiene previsto terminar 530 actividades pendientes de 2022 y 2023.<\/li>\n<\/ul>\n<!--[if lt IE 9]><script>document.createElement('audio');<\/script><![endif]-->\n\t<div class=\"wp-playlist wp-audio-playlist wp-playlist-light\">\n\t\t\t<div class=\"wp-playlist-current-item\"><\/div>\n\t\t<audio controls=\"controls\" preload=\"none\" width=\"640\"\n\t\t\t><\/audio>\n\t<div class=\"wp-playlist-next\"><\/div>\n\t<div class=\"wp-playlist-prev\"><\/div>\n\t<noscript>\n\t<ol>\n\t\t<li><a href='https:\/\/www.medellin.gov.co\/es\/wp-content\/uploads\/2024\/07\/Cuadras-Recreativas-01.mp3'>Palabras de Eduardo Silva Meluk, director del Inder<\/a><\/li>\t<\/ol>\n\t<\/noscript>\n\t<script type=\"application\/json\" class=\"wp-playlist-script\">{\"type\":\"audio\",\"tracklist\":true,\"tracknumbers\":true,\"images\":true,\"artists\":true,\"tracks\":[{\"src\":\"https:\\\/\\\/www.medellin.gov.co\\\/es\\\/wp-content\\\/uploads\\\/2024\\\/07\\\/Cuadras-Recreativas-01.mp3\",\"type\":\"audio\\\/mpeg\",\"title\":\"Palabras de Eduardo Silva Meluk, director del Inder\",\"caption\":\"\",\"description\":\"\\u00abPalabras de Eduardo Silva Meluk, director del Inder\\u00bb.\",\"meta\":{\"length_formatted\":\"1:05\"},\"image\":{\"src\":\"https:\\\/\\\/www.medellin.gov.co\\\/es\\\/wp-includes\\\/images\\\/media\\\/audio.png\",\"width\":48,\"height\":64},\"thumb\":{\"src\":\"https:\\\/\\\/www.medellin.gov.co\\\/es\\\/wp-includes\\\/images\\\/media\\\/audio.png\",\"width\":48,\"height\":64}}]}<\/script>\n<\/div>\n\t\n<p>Con la selecci\u00f3n de 88 gu\u00edas del programa Cuadras Recreativas, el Inder comienza la ejecuci\u00f3n de Planeaci\u00f3n del Desarrollo Local y Presupuesto Participativo para 2024. El proceso se adelantar\u00e1 mediante convocatoria abierta en las comunas que priorizaron la iniciativa: Popular, Santa Cruz, Manrique, Robledo, Buenos Aires, San Javier, El Poblado, Guayabal, Bel\u00e9n, San Crist\u00f3bal y Altavista.<\/p>\n<p>\u201c<em>Estamos iniciando la ejecuci\u00f3n de Presupuesto Participativo de 2024, implementando nuevas metodolog\u00edas bien estructuradas y con un control riguroso para asegurar su \u00f3ptimo funcionamiento. Adem\u00e1s, comenzamos la ejecuci\u00f3n de los presupuestos atrasados de 2022 y 2023, cuyos contratos fueron establecidos por la administraci\u00f3n anterior. Aunque est\u00e1n legalmente vigentes y no pueden ser anulados, vamos a aplicarles control y auditor\u00eda, garantizando la total transparencia en el proceso<\/em>\u201d, expres\u00f3 el director del Inder, Eduardo Silva Meluk.<\/p>\n<div id=\"attachment_320977\" style=\"width: 1290px\" class=\"wp-caption alignnone\"><a href=\"https:\/\/www.medellin.gov.co\/es\/wp-content\/uploads\/2024\/07\/Inder-Cuadras-Recreativas-2.jpg\" target=\"_blank\" rel=\"noopener\"><img aria-describedby=\"caption-attachment-320977\" loading=\"lazy\" class=\"wp-image-320977 size-full\" title=\"Gu\u00edas de las Cuadras Recreativas ser\u00e1n seleccionados con recursos de Planeaci\u00f3n Local y Presupuesto Participativo\" src=\"https:\/\/www.medellin.gov.co\/es\/wp-content\/uploads\/2024\/07\/Inder-Cuadras-Recreativas-2.jpg\" alt=\"Gu\u00edas de las Cuadras Recreativas ser\u00e1n seleccionados con recursos de Planeaci\u00f3n Local y Presupuesto Participativo\" width=\"1280\" height=\"917\" srcset=\"https:\/\/www.medellin.gov.co\/es\/wp-content\/uploads\/2024\/07\/Inder-Cuadras-Recreativas-2.jpg 1280w, https:\/\/www.medellin.gov.co\/es\/wp-content\/uploads\/2024\/07\/Inder-Cuadras-Recreativas-2-300x215.jpg 300w, https:\/\/www.medellin.gov.co\/es\/wp-content\/uploads\/2024\/07\/Inder-Cuadras-Recreativas-2-1024x734.jpg 1024w, https:\/\/www.medellin.gov.co\/es\/wp-content\/uploads\/2024\/07\/Inder-Cuadras-Recreativas-2-150x107.jpg 150w, https:\/\/www.medellin.gov.co\/es\/wp-content\/uploads\/2024\/07\/Inder-Cuadras-Recreativas-2-768x550.jpg 768w\" sizes=\"(max-width: 1280px) 100vw, 1280px\" \/><\/a><p id=\"caption-attachment-320977\" class=\"wp-caption-text\">Gu\u00edas de las Cuadras Recreativas ser\u00e1n seleccionados con recursos de Planeaci\u00f3n Local y Presupuesto Participativo &#8211; Foto Alcald\u00eda de Medell\u00edn<\/p><\/div>\n<p>Las Cuadras Recreativas son puntos barriales con actividades para el sano esparcimiento, la diversi\u00f3n y la convivencia de ni\u00f1as y ni\u00f1os de la ciudad. Se activar\u00e1n los fines de semana, dos horas en la ma\u00f1ana y dos en la tarde. Los gu\u00edas contratados acompa\u00f1ar\u00e1n estos espacios, por lo cual se buscar\u00e1n personas con pasi\u00f3n por el servicio e inclinaci\u00f3n por los juegos l\u00fadicos y recreativos.<\/p>\n<p>La Secretar\u00eda de Desarrollo Econ\u00f3mico es la \u00fanica autorizada para recibir las hojas de vida para el proceso de selecci\u00f3n de Cuadras Recreativas, pues es la entidad competente para escoger a los aspirantes por medio de la Oficina P\u00fablica de Empleo y, de este modo, asegurar la transparencia en la contrataci\u00f3n.<\/p>\n\n\t\t<style type=\"text\/css\">\n\t\t\t#gallery-1 {\n\t\t\t\tmargin: auto;\n\t\t\t}\n\t\t\t#gallery-1 .gallery-item {\n\t\t\t\tfloat: left;\n\t\t\t\tmargin-top: 10px;\n\t\t\t\ttext-align: center;\n\t\t\t\twidth: 50%;\n\t\t\t}\n\t\t\t#gallery-1 img {\n\t\t\t\tborder: 2px solid #cfcfcf;\n\t\t\t}\n\t\t\t#gallery-1 .gallery-caption {\n\t\t\t\tmargin-left: 0;\n\t\t\t}\n\t\t\t\/* see gallery_shortcode() in wp-includes\/media.php *\/\n\t\t<\/style>\n\t\t<div id='gallery-1' class='gallery galleryid-320964 gallery-columns-2 gallery-size-full'><dl class='gallery-item'>\n\t\t\t<dt class='gallery-icon landscape'>\n\t\t\t\t<a href='https:\/\/www.medellin.gov.co\/es\/sala-de-prensa\/noticias\/guias-de-las-cuadras-recreativas-seran-seleccionados-con-recursos-de-planeacion-local-y-presupuesto-participativo\/inder-cuadras-recreativas-3\/'><img width=\"1280\" height=\"921\" src=\"https:\/\/www.medellin.gov.co\/es\/wp-content\/uploads\/2024\/07\/Inder-Cuadras-Recreativas-3.jpg\" class=\"attachment-full size-full\" alt=\"Gu\u00edas de las Cuadras Recreativas ser\u00e1n seleccionados con recursos de Planeaci\u00f3n Local y Presupuesto Participativo\" loading=\"lazy\" aria-describedby=\"gallery-1-320978\" srcset=\"https:\/\/www.medellin.gov.co\/es\/wp-content\/uploads\/2024\/07\/Inder-Cuadras-Recreativas-3.jpg 1280w, https:\/\/www.medellin.gov.co\/es\/wp-content\/uploads\/2024\/07\/Inder-Cuadras-Recreativas-3-300x216.jpg 300w, https:\/\/www.medellin.gov.co\/es\/wp-content\/uploads\/2024\/07\/Inder-Cuadras-Recreativas-3-1024x737.jpg 1024w, https:\/\/www.medellin.gov.co\/es\/wp-content\/uploads\/2024\/07\/Inder-Cuadras-Recreativas-3-150x108.jpg 150w, https:\/\/www.medellin.gov.co\/es\/wp-content\/uploads\/2024\/07\/Inder-Cuadras-Recreativas-3-768x553.jpg 768w\" sizes=\"(max-width: 1280px) 100vw, 1280px\" \/><\/a>\n\t\t\t<\/dt>\n\t\t\t\t<dd class='wp-caption-text gallery-caption' id='gallery-1-320978'>\n\t\t\t\tGu\u00edas de las Cuadras Recreativas ser\u00e1n seleccionados con recursos de Planeaci\u00f3n Local y Presupuesto Participativo &#8211; Foto Alcald\u00eda de Medell\u00edn\n\t\t\t\t<\/dd><\/dl><dl class='gallery-item'>\n\t\t\t<dt class='gallery-icon landscape'>\n\t\t\t\t<a href='https:\/\/www.medellin.gov.co\/es\/sala-de-prensa\/noticias\/guias-de-las-cuadras-recreativas-seran-seleccionados-con-recursos-de-planeacion-local-y-presupuesto-participativo\/inder-cuadras-recreativas-4\/'><img width=\"1280\" height=\"952\" src=\"https:\/\/www.medellin.gov.co\/es\/wp-content\/uploads\/2024\/07\/Inder-Cuadras-Recreativas-4.jpg\" class=\"attachment-full size-full\" alt=\"Gu\u00edas de las Cuadras Recreativas ser\u00e1n seleccionados con recursos de Planeaci\u00f3n Local y Presupuesto Participativo\" loading=\"lazy\" aria-describedby=\"gallery-1-320981\" srcset=\"https:\/\/www.medellin.gov.co\/es\/wp-content\/uploads\/2024\/07\/Inder-Cuadras-Recreativas-4.jpg 1280w, https:\/\/www.medellin.gov.co\/es\/wp-content\/uploads\/2024\/07\/Inder-Cuadras-Recreativas-4-300x223.jpg 300w, https:\/\/www.medellin.gov.co\/es\/wp-content\/uploads\/2024\/07\/Inder-Cuadras-Recreativas-4-1024x762.jpg 1024w, https:\/\/www.medellin.gov.co\/es\/wp-content\/uploads\/2024\/07\/Inder-Cuadras-Recreativas-4-150x112.jpg 150w, https:\/\/www.medellin.gov.co\/es\/wp-content\/uploads\/2024\/07\/Inder-Cuadras-Recreativas-4-768x571.jpg 768w\" sizes=\"(max-width: 1280px) 100vw, 1280px\" \/><\/a>\n\t\t\t<\/dt>\n\t\t\t\t<dd class='wp-caption-text gallery-caption' id='gallery-1-320981'>\n\t\t\t\tGu\u00edas de las Cuadras Recreativas ser\u00e1n seleccionados con recursos de Planeaci\u00f3n Local y Presupuesto Participativo &#8211; Foto Alcald\u00eda de Medell\u00edn\n\t\t\t\t<\/dd><\/dl><br style=\"clear: both\" \/>\n\t\t<\/div>\n\n<p>Entre julio y diciembre de este a\u00f1o, el instituto tiene previsto terminar 530 actividades pendientes de 2022 y 2023, lo que incluye justas y festivales deportivos, recreativos y de actividad f\u00edsica. Estos eventos, financiados con recursos priorizados en vigencias anteriores, ser\u00e1n supervisados con todos los actores comunitarios en pro de una ejecuci\u00f3n transparente y responsable.<\/p>\n<p>Los recursos de Planeaci\u00f3n Local y Presupuesto Participativo correspondientes a los dos a\u00f1os anteriores quedaron contratados y comprometidos por la administraci\u00f3n pasada en diferentes modalidades contractuales. En 2022 por m\u00e1s de $22.780 millones y en 2023 por un valor superior a $ 26.655 millones.<\/p>\n","protected":false},"excerpt":{"rendered":"<p>Con esta convocatoria, a partir de julio, el Inder activar\u00e1 la ejecuci\u00f3n de estos recursos para 2024. Entre julio y diciembre, el instituto tiene previsto terminar 530 actividades pendientes de 2022 y 2023. Con la &#8230;<\/p>\n","protected":false},"author":21,"featured_media":320974,"comment_status":"open","ping_status":"open","sticky":false,"template":"","format":"standard","meta":[],"categories":[16,17],"tags":[451,634,450,427],"formato_nota":[],"programas_tax":[],"acf":[],"_links":{"self":[{"href":"https:\/\/www.medellin.gov.co\/es\/wp-json\/wp\/v2\/posts\/320964"}],"collection":[{"href":"https:\/\/www.medellin.gov.co\/es\/wp-json\/wp\/v2\/posts"}],"about":[{"href":"https:\/\/www.medellin.gov.co\/es\/wp-json\/wp\/v2\/types\/post"}],"author":[{"embeddable":true,"href":"https:\/\/www.medellin.gov.co\/es\/wp-json\/wp\/v2\/users\/21"}],"replies":[{"embeddable":true,"href":"https:\/\/www.medellin.gov.co\/es\/wp-json\/wp\/v2\/comments?post=320964"}],"version-history":[{"count":1,"href":"https:\/\/www.medellin.gov.co\/es\/wp-json\/wp\/v2\/posts\/320964\/revisions"}],"predecessor-version":[{"id":320984,"href":"https:\/\/www.medellin.gov.co\/es\/wp-json\/wp\/v2\/posts\/320964\/revisions\/320984"}],"wp:featuredmedia":[{"embeddable":true,"href":"https:\/\/www.medellin.gov.co\/es\/wp-json\/wp\/v2\/media\/320974"}],"wp:attachment":[{"href":"https:\/\/www.medellin.gov.co\/es\/wp-json\/wp\/v2\/media?parent=320964"}],"wp:term":[{"taxonomy":"category","embeddable":true,"href":"https:\/\/www.medellin.gov.co\/es\/wp-json\/wp\/v2\/categories?post=320964"},{"taxonomy":"post_tag","embeddable":true,"href":"https:\/\/www.medellin.gov.co\/es\/wp-json\/wp\/v2\/tags?post=320964"},{"taxonomy":"formato_nota","embeddable":true,"href":"https:\/\/www.medellin.gov.co\/es\/wp-json\/wp\/v2\/formato_nota?post=320964"},{"taxonomy":"programas_tax","embeddable":true,"href":"https:\/\/www.medellin.gov.co\/es\/wp-json\/wp\/v2\/programas_tax?post=320964"}],"curies":[{"name":"wp","href":"https:\/\/api.w.org\/{rel}","templated":true}]}}