{"id":321831,"date":"2024-07-09T16:19:11","date_gmt":"2024-07-09T21:19:11","guid":{"rendered":"https:\/\/www.medellin.gov.co\/es\/?p=321831"},"modified":"2024-07-09T16:19:11","modified_gmt":"2024-07-09T21:19:11","slug":"la-transmision-del-partido-de-colombia-contra-uruguay-se-vera-en-pantallas-gigantes","status":"publish","type":"post","link":"https:\/\/www.medellin.gov.co\/es\/sala-de-prensa\/noticias\/la-transmision-del-partido-de-colombia-contra-uruguay-se-vera-en-pantallas-gigantes\/","title":{"rendered":"La transmisi\u00f3n del partido de Colombia contra Uruguay se ver\u00e1 en pantallas gigantes"},"content":{"rendered":"<!--[if lt IE 9]><script>document.createElement('audio');<\/script><![endif]-->\n\t<div class=\"wp-playlist wp-audio-playlist wp-playlist-light\">\n\t\t\t<div class=\"wp-playlist-current-item\"><\/div>\n\t\t<audio controls=\"controls\" preload=\"none\" width=\"640\"\n\t\t\t><\/audio>\n\t<div class=\"wp-playlist-next\"><\/div>\n\t<div class=\"wp-playlist-prev\"><\/div>\n\t<noscript>\n\t<ol>\n\t\t<li><a href='https:\/\/www.medellin.gov.co\/es\/wp-content\/uploads\/2024\/07\/Pantallas-Gigantes-Seleccion-Colombia-01.mp3'>Palabras de Eduardo Silva Meluk, director Inder<\/a><\/li>\t<\/ol>\n\t<\/noscript>\n\t<script type=\"application\/json\" class=\"wp-playlist-script\">{\"type\":\"audio\",\"tracklist\":true,\"tracknumbers\":true,\"images\":true,\"artists\":true,\"tracks\":[{\"src\":\"https:\\\/\\\/www.medellin.gov.co\\\/es\\\/wp-content\\\/uploads\\\/2024\\\/07\\\/Pantallas-Gigantes-Seleccion-Colombia-01.mp3\",\"type\":\"audio\\\/mpeg\",\"title\":\"Palabras de Eduardo Silva Meluk, director Inder\",\"caption\":\"\",\"description\":\"\\u00abPalabras de Eduardo Silva Meluk, director Inder\\u00bb.\",\"meta\":{\"length_formatted\":\"0:46\"},\"image\":{\"src\":\"https:\\\/\\\/www.medellin.gov.co\\\/es\\\/wp-includes\\\/images\\\/media\\\/audio.png\",\"width\":48,\"height\":64},\"thumb\":{\"src\":\"https:\\\/\\\/www.medellin.gov.co\\\/es\\\/wp-includes\\\/images\\\/media\\\/audio.png\",\"width\":48,\"height\":64}}]}<\/script>\n<\/div>\n\t\n<p>Este mi\u00e9rcoles 10 de julio, a las 7:00 de la noche, se jugar\u00e1 la semifinal de la Copa Am\u00e9rica, con el encuentro entre la Selecci\u00f3n Colombia y la Selecci\u00f3n Uruguay, el cual se ver\u00e1 en Medell\u00edn en cinco pantallas gigantes.<\/p>\n<p>El Inder las instalar\u00e1 en Andaluc\u00eda La Francia (comuna 2-Santa Cruz), Parque Gait\u00e1n (comuna 3-Manrique), Los Mangos (comuna 6-Doce de Octubre), El Vergel Los Cerros (comuna 9-Buenos Aires) y la Unidad Deportiva de Bel\u00e9n Rinc\u00f3n (comuna 16-Bel\u00e9n).<\/p>\n<div id=\"attachment_321803\" style=\"width: 1031px\" class=\"wp-caption alignnone\"><a href=\"https:\/\/www.medellin.gov.co\/es\/wp-content\/uploads\/2024\/07\/Pantallas-Gigantes-Seleccion-Colombia-2.jpg\" target=\"_blank\" rel=\"noopener\"><img aria-describedby=\"caption-attachment-321803\" loading=\"lazy\" class=\"wp-image-321803 size-full\" title=\"La transmisi\u00f3n del partido de Colombia contra Uruguay se ver\u00e1 en pantallas gigantes\" src=\"https:\/\/www.medellin.gov.co\/es\/wp-content\/uploads\/2024\/07\/Pantallas-Gigantes-Seleccion-Colombia-2.jpg\" alt=\"La transmisi\u00f3n del partido de Colombia contra Uruguay se ver\u00e1 en pantallas gigantes\" width=\"1021\" height=\"680\" srcset=\"https:\/\/www.medellin.gov.co\/es\/wp-content\/uploads\/2024\/07\/Pantallas-Gigantes-Seleccion-Colombia-2.jpg 1021w, https:\/\/www.medellin.gov.co\/es\/wp-content\/uploads\/2024\/07\/Pantallas-Gigantes-Seleccion-Colombia-2-300x200.jpg 300w, https:\/\/www.medellin.gov.co\/es\/wp-content\/uploads\/2024\/07\/Pantallas-Gigantes-Seleccion-Colombia-2-150x100.jpg 150w, https:\/\/www.medellin.gov.co\/es\/wp-content\/uploads\/2024\/07\/Pantallas-Gigantes-Seleccion-Colombia-2-768x511.jpg 768w\" sizes=\"(max-width: 1021px) 100vw, 1021px\" \/><\/a><p id=\"caption-attachment-321803\" class=\"wp-caption-text\">La transmisi\u00f3n del partido de Colombia contra Uruguay se ver\u00e1 en pantallas gigantes &#8211; Foto Alcald\u00eda de Medell\u00edn<\/p><\/div>\n<p>\u201c<em>Hemos impactado a casi 9.000 personas. Es puro f\u00fatbol en paz viendo los partidos de la Selecci\u00f3n Colombia. Ma\u00f1ana vamos a estar en cinco lugares para que nos acompa\u00f1en. All\u00ed va a estar la gente del Inder haciendo recreaci\u00f3n antes y durante el partido<\/em>\u201d, dijo el director del instituto, Eduardo Silva Meluk.<\/p>\n<p>El pasado s\u00e1bado, unas 3.450 personas disfrutaran del encuentro entre Colombia y Panam\u00e1 en siete pantallas gigantes ubicadas en placas polideportivas administradas por el Inder y en el coliseo de combate Guillermo Gaviria Correa. Las tres jornadas de la fase de grupos congregaron a m\u00e1s de 5.250 ciudadanos.<\/p>\n","protected":false},"excerpt":{"rendered":"<p>Este mi\u00e9rcoles 10 de julio, a las 7:00 de la noche, se jugar\u00e1 la semifinal de la Copa Am\u00e9rica, con el encuentro entre la Selecci\u00f3n Colombia y la Selecci\u00f3n Uruguay, el cual se ver\u00e1 en &#8230;<\/p>\n","protected":false},"author":21,"featured_media":321800,"comment_status":"open","ping_status":"open","sticky":false,"template":"","format":"standard","meta":[],"categories":[17],"tags":[634,455],"formato_nota":[],"programas_tax":[],"acf":[],"_links":{"self":[{"href":"https:\/\/www.medellin.gov.co\/es\/wp-json\/wp\/v2\/posts\/321831"}],"collection":[{"href":"https:\/\/www.medellin.gov.co\/es\/wp-json\/wp\/v2\/posts"}],"about":[{"href":"https:\/\/www.medellin.gov.co\/es\/wp-json\/wp\/v2\/types\/post"}],"author":[{"embeddable":true,"href":"https:\/\/www.medellin.gov.co\/es\/wp-json\/wp\/v2\/users\/21"}],"replies":[{"embeddable":true,"href":"https:\/\/www.medellin.gov.co\/es\/wp-json\/wp\/v2\/comments?post=321831"}],"version-history":[{"count":1,"href":"https:\/\/www.medellin.gov.co\/es\/wp-json\/wp\/v2\/posts\/321831\/revisions"}],"predecessor-version":[{"id":321833,"href":"https:\/\/www.medellin.gov.co\/es\/wp-json\/wp\/v2\/posts\/321831\/revisions\/321833"}],"wp:featuredmedia":[{"embeddable":true,"href":"https:\/\/www.medellin.gov.co\/es\/wp-json\/wp\/v2\/media\/321800"}],"wp:attachment":[{"href":"https:\/\/www.medellin.gov.co\/es\/wp-json\/wp\/v2\/media?parent=321831"}],"wp:term":[{"taxonomy":"category","embeddable":true,"href":"https:\/\/www.medellin.gov.co\/es\/wp-json\/wp\/v2\/categories?post=321831"},{"taxonomy":"post_tag","embeddable":true,"href":"https:\/\/www.medellin.gov.co\/es\/wp-json\/wp\/v2\/tags?post=321831"},{"taxonomy":"formato_nota","embeddable":true,"href":"https:\/\/www.medellin.gov.co\/es\/wp-json\/wp\/v2\/formato_nota?post=321831"},{"taxonomy":"programas_tax","embeddable":true,"href":"https:\/\/www.medellin.gov.co\/es\/wp-json\/wp\/v2\/programas_tax?post=321831"}],"curies":[{"name":"wp","href":"https:\/\/api.w.org\/{rel}","templated":true}]}}