{"id":322213,"date":"2024-07-10T15:49:09","date_gmt":"2024-07-10T20:49:09","guid":{"rendered":"https:\/\/www.medellin.gov.co\/es\/?p=322213"},"modified":"2024-07-10T15:49:09","modified_gmt":"2024-07-10T20:49:09","slug":"el-alcalde-federico-gutierrez-zuluaga-anuncia-la-creacion-del-centro-especializado-de-acompanamiento-a-proyectos-urbanisticos-cea","status":"publish","type":"post","link":"https:\/\/www.medellin.gov.co\/es\/sala-de-prensa\/noticias\/el-alcalde-federico-gutierrez-zuluaga-anuncia-la-creacion-del-centro-especializado-de-acompanamiento-a-proyectos-urbanisticos-cea\/","title":{"rendered":"El alcalde Federico Guti\u00e9rrez Zuluaga anuncia la creaci\u00f3n del Centro Especializado de Acompa\u00f1amiento a Proyectos Urban\u00edsticos (CEA)"},"content":{"rendered":"<ul>\n<li>Se trata de una apuesta por la renovaci\u00f3n urbana, la reactivaci\u00f3n econ\u00f3mica y la transformaci\u00f3n territorial.<\/li>\n<li>En su primera etapa acompa\u00f1ar\u00e1 37 propuestas urban\u00edsticas que generar\u00e1n 60.000 nuevos empleos.<\/li>\n<li>Su sede est\u00e1 en el Edificio Inteligente de EPM y respaldar\u00e1 iniciativas p\u00fablicas y privadas.<\/li>\n<\/ul>\n<p>Dentro de la estrategia de desarrollo econ\u00f3mico para los pr\u00f3ximos cuatro a\u00f1os, Medell\u00edn contar\u00e1 con el Centro Especializado de Acompa\u00f1amiento a Proyectos Urban\u00edsticos (CEA), una iniciativa para apoyar las etapas de estructuraci\u00f3n, licenciamiento, aprobaci\u00f3n y seguimiento en la ejecuci\u00f3n, cierre y entrega de obras.<\/p>\n<p>\u201c<em>Nos importa que los proyectos de la ciudad salgan bien y tengan acompa\u00f1amiento de todas las dependencias de la Alcald\u00eda, adem\u00e1s de EPM y el \u00c1rea Metropolitana del Valle de Aburr\u00e1. Este centro ser\u00e1 para los proyectos p\u00fablicos y privados, necesitamos dinamizar la infraestructura<\/em>\u201d, dijo el alcalde Federico Guti\u00e9rrez Zuluaga, en un foro organizado por Camacol Antioquia.<\/p>\n<p>El CEA, que funcionar\u00e1 en el s\u00f3tano 2 del Edificio Inteligente de EPM, trabajar\u00e1 en una primera fase con 37 iniciativas que impulsan la vivienda, el espacio p\u00fablico y la generaci\u00f3n de empleo, entre los que se cuentan el Distrito Creativo, Florida Parque Empresarial, Naranjal, Prado, Coltabaco y Parque R\u00edo Norte. Se estima que todas estas obras generen 616.823 metros cuadrados.<\/p>\n\n\t\t<style type=\"text\/css\">\n\t\t\t#gallery-1 {\n\t\t\t\tmargin: auto;\n\t\t\t}\n\t\t\t#gallery-1 .gallery-item {\n\t\t\t\tfloat: left;\n\t\t\t\tmargin-top: 10px;\n\t\t\t\ttext-align: center;\n\t\t\t\twidth: 50%;\n\t\t\t}\n\t\t\t#gallery-1 img {\n\t\t\t\tborder: 2px solid #cfcfcf;\n\t\t\t}\n\t\t\t#gallery-1 .gallery-caption {\n\t\t\t\tmargin-left: 0;\n\t\t\t}\n\t\t\t\/* see gallery_shortcode() in wp-includes\/media.php *\/\n\t\t<\/style>\n\t\t<div id='gallery-1' class='gallery galleryid-322213 gallery-columns-2 gallery-size-full'><dl class='gallery-item'>\n\t\t\t<dt class='gallery-icon landscape'>\n\t\t\t\t<a href='https:\/\/www.medellin.gov.co\/es\/sala-de-prensa\/noticias\/el-distrito-socializa-la-actualizacion-catastral-en-el-corregimiento-de-santa-elena\/centro-especializado-acompanamiento-proyectos-urbanisticos-2\/'><img width=\"1095\" height=\"680\" src=\"https:\/\/www.medellin.gov.co\/es\/wp-content\/uploads\/2024\/07\/Centro-Especializado-Acompanamiento-Proyectos-Urbanisticos-2.jpg\" class=\"attachment-full size-full\" alt=\"El alcalde Federico Guti\u00e9rrez Zuluaga anuncia la creaci\u00f3n del Centro Especializado de Acompa\u00f1amiento a Proyectos Urban\u00edsticos (CEA)\" loading=\"lazy\" aria-describedby=\"gallery-1-322209\" srcset=\"https:\/\/www.medellin.gov.co\/es\/wp-content\/uploads\/2024\/07\/Centro-Especializado-Acompanamiento-Proyectos-Urbanisticos-2.jpg 1095w, https:\/\/www.medellin.gov.co\/es\/wp-content\/uploads\/2024\/07\/Centro-Especializado-Acompanamiento-Proyectos-Urbanisticos-2-300x186.jpg 300w, https:\/\/www.medellin.gov.co\/es\/wp-content\/uploads\/2024\/07\/Centro-Especializado-Acompanamiento-Proyectos-Urbanisticos-2-1024x636.jpg 1024w, https:\/\/www.medellin.gov.co\/es\/wp-content\/uploads\/2024\/07\/Centro-Especializado-Acompanamiento-Proyectos-Urbanisticos-2-150x93.jpg 150w, https:\/\/www.medellin.gov.co\/es\/wp-content\/uploads\/2024\/07\/Centro-Especializado-Acompanamiento-Proyectos-Urbanisticos-2-768x477.jpg 768w\" sizes=\"(max-width: 1095px) 100vw, 1095px\" \/><\/a>\n\t\t\t<\/dt>\n\t\t\t\t<dd class='wp-caption-text gallery-caption' id='gallery-1-322209'>\n\t\t\t\tEl alcalde Federico Guti\u00e9rrez Zuluaga anuncia la creaci\u00f3n del Centro Especializado de Acompa\u00f1amiento a Proyectos Urban\u00edsticos (CEA) &#8211; Foto Alcald\u00eda de Medell\u00edn\n\t\t\t\t<\/dd><\/dl><dl class='gallery-item'>\n\t\t\t<dt class='gallery-icon landscape'>\n\t\t\t\t<a href='https:\/\/www.medellin.gov.co\/es\/sala-de-prensa\/noticias\/el-distrito-socializa-la-actualizacion-catastral-en-el-corregimiento-de-santa-elena\/centro-especializado-acompanamiento-proyectos-urbanisticos-3\/'><img width=\"1021\" height=\"680\" src=\"https:\/\/www.medellin.gov.co\/es\/wp-content\/uploads\/2024\/07\/Centro-Especializado-Acompanamiento-Proyectos-Urbanisticos-3.jpg\" class=\"attachment-full size-full\" alt=\"El alcalde Federico Guti\u00e9rrez Zuluaga anuncia la creaci\u00f3n del Centro Especializado de Acompa\u00f1amiento a Proyectos Urban\u00edsticos (CEA)\" loading=\"lazy\" aria-describedby=\"gallery-1-322210\" srcset=\"https:\/\/www.medellin.gov.co\/es\/wp-content\/uploads\/2024\/07\/Centro-Especializado-Acompanamiento-Proyectos-Urbanisticos-3.jpg 1021w, https:\/\/www.medellin.gov.co\/es\/wp-content\/uploads\/2024\/07\/Centro-Especializado-Acompanamiento-Proyectos-Urbanisticos-3-300x200.jpg 300w, https:\/\/www.medellin.gov.co\/es\/wp-content\/uploads\/2024\/07\/Centro-Especializado-Acompanamiento-Proyectos-Urbanisticos-3-150x100.jpg 150w, https:\/\/www.medellin.gov.co\/es\/wp-content\/uploads\/2024\/07\/Centro-Especializado-Acompanamiento-Proyectos-Urbanisticos-3-768x511.jpg 768w\" sizes=\"(max-width: 1021px) 100vw, 1021px\" \/><\/a>\n\t\t\t<\/dt>\n\t\t\t\t<dd class='wp-caption-text gallery-caption' id='gallery-1-322210'>\n\t\t\t\tEl alcalde Federico Guti\u00e9rrez Zuluaga anuncia la creaci\u00f3n del Centro Especializado de Acompa\u00f1amiento a Proyectos Urban\u00edsticos (CEA) &#8211; Foto Alcald\u00eda de Medell\u00edn\n\t\t\t\t<\/dd><\/dl><br style=\"clear: both\" \/>\n\t\t<\/div>\n\n<p>\u201c<em>Sabemos que el retraso en la gesti\u00f3n de un proyecto urban\u00edstico representa para el desarrollador un aumento diario de aproximadamente 0,02 %, en el costo general de construcci\u00f3n. No queremos que suceda, estamos trabajando articuladamente para reducir en un 50 % los tiempos de gesti\u00f3n y tr\u00e1mite de un proyecto<\/em>\u201d, agreg\u00f3 el mandatario.<\/p>\n<p>Esta nueva estrategia beneficiar\u00e1 a desarrolladores, gestores y operadores en la implementaci\u00f3n de proyectos urban\u00edsticos y estrat\u00e9gicos de infraestructura f\u00edsica, que se enmarcan en el Plan de Desarrollo \u201cMedell\u00edn Te Quiere 2024-2027\u201d.<\/p>\n<p>Para esta administraci\u00f3n, las grandes apuestas en infraestructura se centran en los sectores educativo, deportivo, cultural, urbano, corredores verdes, intercambios viales, vivienda y Metro de la 80.<\/p>\n","protected":false},"excerpt":{"rendered":"<p>Se trata de una apuesta por la renovaci\u00f3n urbana, la reactivaci\u00f3n econ\u00f3mica y la transformaci\u00f3n territorial. En su primera etapa acompa\u00f1ar\u00e1 37 propuestas urban\u00edsticas que generar\u00e1n 60.000 nuevos empleos. Su sede est\u00e1 en el Edificio &#8230;<\/p>\n","protected":false},"author":21,"featured_media":322207,"comment_status":"open","ping_status":"open","sticky":false,"template":"","format":"standard","meta":[],"categories":[7,11],"tags":[455,442],"formato_nota":[],"programas_tax":[],"acf":[],"_links":{"self":[{"href":"https:\/\/www.medellin.gov.co\/es\/wp-json\/wp\/v2\/posts\/322213"}],"collection":[{"href":"https:\/\/www.medellin.gov.co\/es\/wp-json\/wp\/v2\/posts"}],"about":[{"href":"https:\/\/www.medellin.gov.co\/es\/wp-json\/wp\/v2\/types\/post"}],"author":[{"embeddable":true,"href":"https:\/\/www.medellin.gov.co\/es\/wp-json\/wp\/v2\/users\/21"}],"replies":[{"embeddable":true,"href":"https:\/\/www.medellin.gov.co\/es\/wp-json\/wp\/v2\/comments?post=322213"}],"version-history":[{"count":1,"href":"https:\/\/www.medellin.gov.co\/es\/wp-json\/wp\/v2\/posts\/322213\/revisions"}],"predecessor-version":[{"id":322215,"href":"https:\/\/www.medellin.gov.co\/es\/wp-json\/wp\/v2\/posts\/322213\/revisions\/322215"}],"wp:featuredmedia":[{"embeddable":true,"href":"https:\/\/www.medellin.gov.co\/es\/wp-json\/wp\/v2\/media\/322207"}],"wp:attachment":[{"href":"https:\/\/www.medellin.gov.co\/es\/wp-json\/wp\/v2\/media?parent=322213"}],"wp:term":[{"taxonomy":"category","embeddable":true,"href":"https:\/\/www.medellin.gov.co\/es\/wp-json\/wp\/v2\/categories?post=322213"},{"taxonomy":"post_tag","embeddable":true,"href":"https:\/\/www.medellin.gov.co\/es\/wp-json\/wp\/v2\/tags?post=322213"},{"taxonomy":"formato_nota","embeddable":true,"href":"https:\/\/www.medellin.gov.co\/es\/wp-json\/wp\/v2\/formato_nota?post=322213"},{"taxonomy":"programas_tax","embeddable":true,"href":"https:\/\/www.medellin.gov.co\/es\/wp-json\/wp\/v2\/programas_tax?post=322213"}],"curies":[{"name":"wp","href":"https:\/\/api.w.org\/{rel}","templated":true}]}}