{"id":322216,"date":"2024-07-10T15:51:48","date_gmt":"2024-07-10T20:51:48","guid":{"rendered":"https:\/\/www.medellin.gov.co\/es\/?p=322216"},"modified":"2024-07-12T11:22:25","modified_gmt":"2024-07-12T16:22:25","slug":"vamos-a-ponernos-la-10-por-la-10-una-jornada-ciudadana-por-el-cuidado-del-espacio-publico-en-el-poblado","status":"publish","type":"post","link":"https:\/\/www.medellin.gov.co\/es\/sala-de-prensa\/noticias\/vamos-a-ponernos-la-10-por-la-10-una-jornada-ciudadana-por-el-cuidado-del-espacio-publico-en-el-poblado\/","title":{"rendered":"\u00a1Vamos a ponernos la 10 por la 10!: una jornada ciudadana por el cuidado del espacio p\u00fablico en El Poblado"},"content":{"rendered":"<ul>\n<li>Las actividades se realizaron en el corredor de las calles 10 y 10A.<\/li>\n<\/ul>\n<!--[if lt IE 9]><script>document.createElement('audio');<\/script><![endif]-->\n\t<div class=\"wp-playlist wp-audio-playlist wp-playlist-light\">\n\t\t\t<div class=\"wp-playlist-current-item\"><\/div>\n\t\t<audio controls=\"controls\" preload=\"none\" width=\"640\"\n\t\t\t><\/audio>\n\t<div class=\"wp-playlist-next\"><\/div>\n\t<div class=\"wp-playlist-prev\"><\/div>\n\t<noscript>\n\t<ol>\n\t\t<li><a href='https:\/\/www.medellin.gov.co\/es\/wp-content\/uploads\/2024\/07\/Espacio-Publico-El-Poblado-01.mp3'>Palabras de Juliana Coral Posada, gerente del Centro y Territorios Estrat\u00e9gicos<\/a><\/li><li><a href='https:\/\/www.medellin.gov.co\/es\/wp-content\/uploads\/2024\/07\/Espacio-Publico-El-Poblado-02.mp3'>Palabras de Juan Pablo Valenzuela, presidente Asobares cap\u00edtulo Antioquia<\/a><\/li>\t<\/ol>\n\t<\/noscript>\n\t<script type=\"application\/json\" class=\"wp-playlist-script\">{\"type\":\"audio\",\"tracklist\":true,\"tracknumbers\":true,\"images\":true,\"artists\":true,\"tracks\":[{\"src\":\"https:\\\/\\\/www.medellin.gov.co\\\/es\\\/wp-content\\\/uploads\\\/2024\\\/07\\\/Espacio-Publico-El-Poblado-01.mp3\",\"type\":\"audio\\\/mpeg\",\"title\":\"Palabras de Juliana Coral Posada, gerente del Centro y Territorios Estrat\\u00e9gicos\",\"caption\":\"\",\"description\":\"\\u00abPalabras de Juliana Coral Posada, gerente del Centro y Territorios Estrat\\u00e9gicos\\u00bb.\",\"meta\":{\"length_formatted\":\"1:19\"},\"image\":{\"src\":\"https:\\\/\\\/www.medellin.gov.co\\\/es\\\/wp-includes\\\/images\\\/media\\\/audio.png\",\"width\":48,\"height\":64},\"thumb\":{\"src\":\"https:\\\/\\\/www.medellin.gov.co\\\/es\\\/wp-includes\\\/images\\\/media\\\/audio.png\",\"width\":48,\"height\":64}},{\"src\":\"https:\\\/\\\/www.medellin.gov.co\\\/es\\\/wp-content\\\/uploads\\\/2024\\\/07\\\/Espacio-Publico-El-Poblado-02.mp3\",\"type\":\"audio\\\/mpeg\",\"title\":\"Palabras de Juan Pablo Valenzuela, presidente Asobares cap\\u00edtulo Antioquia\",\"caption\":\"\",\"description\":\"\\u00abPalabras de Juan Pablo Valenzuela, presidente Asobares cap\\u00edtulo Antioquia\\u00bb.\",\"meta\":{\"length_formatted\":\"0:47\"},\"image\":{\"src\":\"https:\\\/\\\/www.medellin.gov.co\\\/es\\\/wp-includes\\\/images\\\/media\\\/audio.png\",\"width\":48,\"height\":64},\"thumb\":{\"src\":\"https:\\\/\\\/www.medellin.gov.co\\\/es\\\/wp-includes\\\/images\\\/media\\\/audio.png\",\"width\":48,\"height\":64}}]}<\/script>\n<\/div>\n\t\n<p>La Alcald\u00eda de Medell\u00edn en articulaci\u00f3n con las corporaciones Provenza y Asobares y vecinos adelantaron una jornada de cuidado y apropiaci\u00f3n del espacio p\u00fablico en el corredor tur\u00edstico y comercial de las calles 10 y 10A, en El Poblado, que se desarroll\u00f3 este mi\u00e9rcoles 10 de julio. \u00a1Vamos a ponernos la 10 por la 10! reafirm\u00f3 el compromiso de la comunidad a trav\u00e9s de actividades de limpieza, mantenimiento de jardineras y sensibilizaci\u00f3n en derechos para ni\u00f1as, ni\u00f1os y adolescentes. Adem\u00e1s, hubo deporte y recreaci\u00f3n, como previo al partido de la Selecci\u00f3n Colombia.<\/p>\n<p>\u201c<em>Esta fue una jornada de ornato y aseo, embellecimiento, sensibilizaci\u00f3n, di\u00e1logo con la comunidad y para poner lindas a la 10 y la 10A. Estas dos v\u00edas son muy importantes para El Poblado, son corredores tur\u00edsticos en los cuales debemos poner todo nuestro amor y empe\u00f1o<\/em>\u201d, dijo la gerente del Centro y Territorios Estrat\u00e9gicos, Juliana Coral Posada.<\/p>\n<div id=\"attachment_322189\" style=\"width: 1031px\" class=\"wp-caption alignnone\"><a href=\"https:\/\/www.medellin.gov.co\/es\/wp-content\/uploads\/2024\/07\/Espacio-Publico-El-Poblado-2.jpg\" target=\"_blank\" rel=\"noopener\"><img aria-describedby=\"caption-attachment-322189\" loading=\"lazy\" class=\"wp-image-322189 size-full\" title=\"\u00a1Vamos a ponernos la 10 por la 10!: una jornada ciudadana por el cuidado del espacio p\u00fablico en El Poblado\" src=\"https:\/\/www.medellin.gov.co\/es\/wp-content\/uploads\/2024\/07\/Espacio-Publico-El-Poblado-2.jpg\" alt=\"\u00a1Vamos a ponernos la 10 por la 10!: una jornada ciudadana por el cuidado del espacio p\u00fablico en El Poblado\" width=\"1021\" height=\"680\" srcset=\"https:\/\/www.medellin.gov.co\/es\/wp-content\/uploads\/2024\/07\/Espacio-Publico-El-Poblado-2.jpg 1021w, https:\/\/www.medellin.gov.co\/es\/wp-content\/uploads\/2024\/07\/Espacio-Publico-El-Poblado-2-300x200.jpg 300w, https:\/\/www.medellin.gov.co\/es\/wp-content\/uploads\/2024\/07\/Espacio-Publico-El-Poblado-2-150x100.jpg 150w, https:\/\/www.medellin.gov.co\/es\/wp-content\/uploads\/2024\/07\/Espacio-Publico-El-Poblado-2-768x511.jpg 768w\" sizes=\"(max-width: 1021px) 100vw, 1021px\" \/><\/a><p id=\"caption-attachment-322189\" class=\"wp-caption-text\">\u00a1Vamos a ponernos la 10 por la 10!: una jornada ciudadana por el cuidado del espacio p\u00fablico en El Poblado &#8211; Foto Alcald\u00eda de Medell\u00edn<\/p><\/div>\n<p>En esta iniciativa participaron la Gerencia del Centro y Territorios Estrat\u00e9gicos, las secretar\u00edas de Medio Ambiente, Inclusi\u00f3n Social y Familia, Seguridad y Convivencia, la Subsecretar\u00eda de Espacio P\u00fablico, el Inder, EPM, Emvarias, el Jard\u00edn Bot\u00e1nico, la Corporaci\u00f3n Provenza y Asobares, entre otros.<\/p>\n<p>\u201c<em>La idea es limpiarla, ponerla bonita. Vamos a trabajar intensamente y para ello los necesitamos a ustedes, a los comerciantes de la 10, para que se unan en este gran proyecto. Recuerden que solo uni\u00e9ndonos vamos a lograr que el espacio p\u00fablico tenga m\u00e1s valor y puedan disfrutarlo, ustedes que est\u00e1n en la 10 y todos los que nos visiten en Medell\u00edn<\/em>\u201d, se\u00f1al\u00f3 la directora de la Corporaci\u00f3n Provenza, Juanita Cobollo.<\/p>\n","protected":false},"excerpt":{"rendered":"<p>Las actividades se realizaron en el corredor de las calles 10 y 10A. La Alcald\u00eda de Medell\u00edn en articulaci\u00f3n con las corporaciones Provenza y Asobares y vecinos adelantaron una jornada de cuidado y apropiaci\u00f3n del &#8230;<\/p>\n","protected":false},"author":21,"featured_media":322188,"comment_status":"open","ping_status":"open","sticky":false,"template":"","format":"standard","meta":[],"categories":[23,21],"tags":[440,619],"formato_nota":[],"programas_tax":[],"acf":[],"_links":{"self":[{"href":"https:\/\/www.medellin.gov.co\/es\/wp-json\/wp\/v2\/posts\/322216"}],"collection":[{"href":"https:\/\/www.medellin.gov.co\/es\/wp-json\/wp\/v2\/posts"}],"about":[{"href":"https:\/\/www.medellin.gov.co\/es\/wp-json\/wp\/v2\/types\/post"}],"author":[{"embeddable":true,"href":"https:\/\/www.medellin.gov.co\/es\/wp-json\/wp\/v2\/users\/21"}],"replies":[{"embeddable":true,"href":"https:\/\/www.medellin.gov.co\/es\/wp-json\/wp\/v2\/comments?post=322216"}],"version-history":[{"count":1,"href":"https:\/\/www.medellin.gov.co\/es\/wp-json\/wp\/v2\/posts\/322216\/revisions"}],"predecessor-version":[{"id":322220,"href":"https:\/\/www.medellin.gov.co\/es\/wp-json\/wp\/v2\/posts\/322216\/revisions\/322220"}],"wp:featuredmedia":[{"embeddable":true,"href":"https:\/\/www.medellin.gov.co\/es\/wp-json\/wp\/v2\/media\/322188"}],"wp:attachment":[{"href":"https:\/\/www.medellin.gov.co\/es\/wp-json\/wp\/v2\/media?parent=322216"}],"wp:term":[{"taxonomy":"category","embeddable":true,"href":"https:\/\/www.medellin.gov.co\/es\/wp-json\/wp\/v2\/categories?post=322216"},{"taxonomy":"post_tag","embeddable":true,"href":"https:\/\/www.medellin.gov.co\/es\/wp-json\/wp\/v2\/tags?post=322216"},{"taxonomy":"formato_nota","embeddable":true,"href":"https:\/\/www.medellin.gov.co\/es\/wp-json\/wp\/v2\/formato_nota?post=322216"},{"taxonomy":"programas_tax","embeddable":true,"href":"https:\/\/www.medellin.gov.co\/es\/wp-json\/wp\/v2\/programas_tax?post=322216"}],"curies":[{"name":"wp","href":"https:\/\/api.w.org\/{rel}","templated":true}]}}