{"id":322221,"date":"2024-07-10T15:54:00","date_gmt":"2024-07-10T20:54:00","guid":{"rendered":"https:\/\/www.medellin.gov.co\/es\/?p=322221"},"modified":"2024-07-10T15:54:00","modified_gmt":"2024-07-10T20:54:00","slug":"inicia-busqueda-de-los-50-referentes-juveniles-que-transformaran-a-colombia","status":"publish","type":"post","link":"https:\/\/www.medellin.gov.co\/es\/sala-de-prensa\/noticias\/inicia-busqueda-de-los-50-referentes-juveniles-que-transformaran-a-colombia\/","title":{"rendered":"Inicia b\u00fasqueda de los 50 referentes juveniles que transformar\u00e1n a Colombia"},"content":{"rendered":"<ul>\n<li>La Alcald\u00eda de Medell\u00edn capacitar\u00e1 a j\u00f3venes para que proyecten sus liderazgos a nivel nacional.<\/li>\n<li>\u201cReferentes\u201d es la plataforma de liderazgo p\u00fablico con la que los j\u00f3venes acceder\u00e1n a formaci\u00f3n certificada y se hacen m\u00e1s visibles en la ciudad.<\/li>\n<li>Uno de los incentivos ser\u00e1 un diplomado en una reconocida universidad del pa\u00eds.<\/li>\n<\/ul>\n<!--[if lt IE 9]><script>document.createElement('audio');<\/script><![endif]-->\n\t<div class=\"wp-playlist wp-audio-playlist wp-playlist-light\">\n\t\t\t<div class=\"wp-playlist-current-item\"><\/div>\n\t\t<audio controls=\"controls\" preload=\"none\" width=\"640\"\n\t\t\t><\/audio>\n\t<div class=\"wp-playlist-next\"><\/div>\n\t<div class=\"wp-playlist-prev\"><\/div>\n\t<noscript>\n\t<ol>\n\t\t<li><a href='https:\/\/www.medellin.gov.co\/es\/wp-content\/uploads\/2024\/07\/Alcalde-Referentes-Juveniles-01.mp3'>Palabras de Federico Guti\u00e9rrez Zuluaga, alcalde de Medell\u00edn<\/a><\/li>\t<\/ol>\n\t<\/noscript>\n\t<script type=\"application\/json\" class=\"wp-playlist-script\">{\"type\":\"audio\",\"tracklist\":true,\"tracknumbers\":true,\"images\":true,\"artists\":true,\"tracks\":[{\"src\":\"https:\\\/\\\/www.medellin.gov.co\\\/es\\\/wp-content\\\/uploads\\\/2024\\\/07\\\/Alcalde-Referentes-Juveniles-01.mp3\",\"type\":\"audio\\\/mpeg\",\"title\":\"Palabras de Federico Guti\\u00e9rrez Zuluaga, alcalde de Medell\\u00edn\",\"caption\":\"\",\"description\":\"\\u00abPalabras de Federico Guti\\u00e9rrez Zuluaga, alcalde de Medell\\u00edn\\u00bb.\",\"meta\":{\"length_formatted\":\"1:05\"},\"image\":{\"src\":\"https:\\\/\\\/www.medellin.gov.co\\\/es\\\/wp-includes\\\/images\\\/media\\\/audio.png\",\"width\":48,\"height\":64},\"thumb\":{\"src\":\"https:\\\/\\\/www.medellin.gov.co\\\/es\\\/wp-includes\\\/images\\\/media\\\/audio.png\",\"width\":48,\"height\":64}}]}<\/script>\n<\/div>\n\t\n<p>Hasta el 20 de julio estar\u00e1 abierta la convocatoria de b\u00fasqueda de 50 l\u00edderes juveniles para transformar las agendas p\u00fablicas del pa\u00eds. Se pueden postular personas entre los 14 y 28 a\u00f1os, a trav\u00e9s de referentes.medellinjoven.com, presentar su hoja de vida, y un documento y un video que evidencien sus motivaciones como l\u00edderes.<\/p>\n<p>Los seleccionados cursar\u00e1n un diplomado en una reconocida universidad. A partir de esto, se propiciar\u00e1n conversaciones con diversos referentes, recorridos e intercambios con otros j\u00f3venes que quieren transformar el pa\u00eds.<\/p>\n<p>\u201c<em>Vamos a formar a los l\u00edderes que transformar\u00e1n a Colombia. Si eres joven, te apasiona el liderazgo p\u00fablico y te consideras un l\u00edder referente, te invitamos a ser parte de los 50 j\u00f3venes que ser\u00e1n protagonistas de las agendas p\u00fablicas del pa\u00eds. Recorreremos juntos a Medell\u00edn e intercambiar\u00e1s experiencias con personas que, como t\u00fa, sue\u00f1an con trabajar por Colombia<\/em>\u201d, dijo el alcalde Federico Guti\u00e9rrez Zuluaga.<\/p>\n<div id=\"attachment_322195\" style=\"width: 1031px\" class=\"wp-caption alignnone\"><a href=\"https:\/\/www.medellin.gov.co\/es\/wp-content\/uploads\/2024\/07\/Referentes-Juveniles-2.jpg\" target=\"_blank\" rel=\"noopener\"><img aria-describedby=\"caption-attachment-322195\" loading=\"lazy\" class=\"wp-image-322195 size-full\" title=\"Inicia b\u00fasqueda de los 50 referentes juveniles que transformar\u00e1n a Colombia\" src=\"https:\/\/www.medellin.gov.co\/es\/wp-content\/uploads\/2024\/07\/Referentes-Juveniles-2.jpg\" alt=\"Inicia b\u00fasqueda de los 50 referentes juveniles que transformar\u00e1n a Colombia\" width=\"1021\" height=\"680\" srcset=\"https:\/\/www.medellin.gov.co\/es\/wp-content\/uploads\/2024\/07\/Referentes-Juveniles-2.jpg 1021w, https:\/\/www.medellin.gov.co\/es\/wp-content\/uploads\/2024\/07\/Referentes-Juveniles-2-300x200.jpg 300w, https:\/\/www.medellin.gov.co\/es\/wp-content\/uploads\/2024\/07\/Referentes-Juveniles-2-150x100.jpg 150w, https:\/\/www.medellin.gov.co\/es\/wp-content\/uploads\/2024\/07\/Referentes-Juveniles-2-768x511.jpg 768w\" sizes=\"(max-width: 1021px) 100vw, 1021px\" \/><\/a><p id=\"caption-attachment-322195\" class=\"wp-caption-text\">Inicia b\u00fasqueda de los 50 referentes juveniles que transformar\u00e1n a Colombia &#8211; Foto Alcald\u00eda de Medell\u00edn<\/p><\/div>\n<p>La formaci\u00f3n tendr\u00e1 cuatro recorridos y 15 m\u00f3dulos sobre los escenarios desafiantes de Colombia y Am\u00e9rica Latina, toma de decisiones en momentos de crisis, \u00e9tica del servicio p\u00fablico, marca personal, herramientas de negociaci\u00f3n y reflexiones sobre el liderazgo como concepto.<\/p>\n<p>Con \u201cReferentes\u201d se exaltar\u00e1n los liderazgos juveniles a trav\u00e9s de un proceso de identificaci\u00f3n, formaci\u00f3n y visibilizaci\u00f3n en habilidades para la formulaci\u00f3n de propuestas que impacten el pa\u00eds.<\/p>\n<p>Este proyecto de las secretar\u00edas de la Juventud y Participaci\u00f3n cumple con los lineamientos del Acuerdo Distrital 044 de 2021 para la formaci\u00f3n y proyecci\u00f3n del liderazgo juvenil de Medell\u00edn.<\/p>\n","protected":false},"excerpt":{"rendered":"<p>La Alcald\u00eda de Medell\u00edn capacitar\u00e1 a j\u00f3venes para que proyecten sus liderazgos a nivel nacional. \u201cReferentes\u201d es la plataforma de liderazgo p\u00fablico con la que los j\u00f3venes acceder\u00e1n a formaci\u00f3n certificada y se hacen m\u00e1s &#8230;<\/p>\n","protected":false},"author":21,"featured_media":322192,"comment_status":"open","ping_status":"open","sticky":false,"template":"","format":"standard","meta":[],"categories":[12],"tags":[451,455],"formato_nota":[],"programas_tax":[],"acf":[],"_links":{"self":[{"href":"https:\/\/www.medellin.gov.co\/es\/wp-json\/wp\/v2\/posts\/322221"}],"collection":[{"href":"https:\/\/www.medellin.gov.co\/es\/wp-json\/wp\/v2\/posts"}],"about":[{"href":"https:\/\/www.medellin.gov.co\/es\/wp-json\/wp\/v2\/types\/post"}],"author":[{"embeddable":true,"href":"https:\/\/www.medellin.gov.co\/es\/wp-json\/wp\/v2\/users\/21"}],"replies":[{"embeddable":true,"href":"https:\/\/www.medellin.gov.co\/es\/wp-json\/wp\/v2\/comments?post=322221"}],"version-history":[{"count":1,"href":"https:\/\/www.medellin.gov.co\/es\/wp-json\/wp\/v2\/posts\/322221\/revisions"}],"predecessor-version":[{"id":322222,"href":"https:\/\/www.medellin.gov.co\/es\/wp-json\/wp\/v2\/posts\/322221\/revisions\/322222"}],"wp:featuredmedia":[{"embeddable":true,"href":"https:\/\/www.medellin.gov.co\/es\/wp-json\/wp\/v2\/media\/322192"}],"wp:attachment":[{"href":"https:\/\/www.medellin.gov.co\/es\/wp-json\/wp\/v2\/media?parent=322221"}],"wp:term":[{"taxonomy":"category","embeddable":true,"href":"https:\/\/www.medellin.gov.co\/es\/wp-json\/wp\/v2\/categories?post=322221"},{"taxonomy":"post_tag","embeddable":true,"href":"https:\/\/www.medellin.gov.co\/es\/wp-json\/wp\/v2\/tags?post=322221"},{"taxonomy":"formato_nota","embeddable":true,"href":"https:\/\/www.medellin.gov.co\/es\/wp-json\/wp\/v2\/formato_nota?post=322221"},{"taxonomy":"programas_tax","embeddable":true,"href":"https:\/\/www.medellin.gov.co\/es\/wp-json\/wp\/v2\/programas_tax?post=322221"}],"curies":[{"name":"wp","href":"https:\/\/api.w.org\/{rel}","templated":true}]}}