{"id":322350,"date":"2024-07-11T14:30:11","date_gmt":"2024-07-11T19:30:11","guid":{"rendered":"https:\/\/www.medellin.gov.co\/es\/?p=322350"},"modified":"2024-07-11T14:30:11","modified_gmt":"2024-07-11T19:30:11","slug":"el-distrito-y-las-organizaciones-basadas-en-la-fe-se-unen-por-el-cuidado-integral-de-la-salud","status":"publish","type":"post","link":"https:\/\/www.medellin.gov.co\/es\/sala-de-prensa\/noticias\/el-distrito-y-las-organizaciones-basadas-en-la-fe-se-unen-por-el-cuidado-integral-de-la-salud\/","title":{"rendered":"El Distrito y las Organizaciones Basadas en la Fe se unen por el cuidado integral de la salud"},"content":{"rendered":"<ul>\n<li>Se han articulado acciones en 12 comunas y un corregimiento.<\/li>\n<li>Se trata de reconocer el trabajo de estas organizaciones y capacitar a los profesionales para que ofrezcan una atenci\u00f3n con enfoque espiritual.<\/li>\n<\/ul>\n<!--[if lt IE 9]><script>document.createElement('audio');<\/script><![endif]-->\n\t<div class=\"wp-playlist wp-audio-playlist wp-playlist-light\">\n\t\t\t<div class=\"wp-playlist-current-item\"><\/div>\n\t\t<audio controls=\"controls\" preload=\"none\" width=\"640\"\n\t\t\t><\/audio>\n\t<div class=\"wp-playlist-next\"><\/div>\n\t<div class=\"wp-playlist-prev\"><\/div>\n\t<noscript>\n\t<ol>\n\t\t<li><a href='https:\/\/www.medellin.gov.co\/es\/wp-content\/uploads\/2024\/07\/Salud-Organizaciones-Basadas-en-Fe-01.mp3'>Palabras de Natalia L\u00f3pez Delgado, secretaria de Salud<\/a><\/li>\t<\/ol>\n\t<\/noscript>\n\t<script type=\"application\/json\" class=\"wp-playlist-script\">{\"type\":\"audio\",\"tracklist\":true,\"tracknumbers\":true,\"images\":true,\"artists\":true,\"tracks\":[{\"src\":\"https:\\\/\\\/www.medellin.gov.co\\\/es\\\/wp-content\\\/uploads\\\/2024\\\/07\\\/Salud-Organizaciones-Basadas-en-Fe-01.mp3\",\"type\":\"audio\\\/mpeg\",\"title\":\"Palabras de Natalia L\\u00f3pez Delgado, secretaria de Salud\",\"caption\":\"\",\"description\":\"\\u00abPalabras de Natalia L\\u00f3pez Delgado, secretaria de Salud\\u00bb.\",\"meta\":{\"year\":\"2024\",\"length_formatted\":\"0:37\"},\"image\":{\"src\":\"https:\\\/\\\/www.medellin.gov.co\\\/es\\\/wp-includes\\\/images\\\/media\\\/audio.png\",\"width\":48,\"height\":64},\"thumb\":{\"src\":\"https:\\\/\\\/www.medellin.gov.co\\\/es\\\/wp-includes\\\/images\\\/media\\\/audio.png\",\"width\":48,\"height\":64}}]}<\/script>\n<\/div>\n\t\n<p>Dentro de su programa \u201cMedell\u00edn Te Quiere Saludable\u201d, la Administraci\u00f3n Distrital adelanta un trabajo conjunto con 80 Organizaciones Basadas en la Fe, con el fin de desarrollar la espiritualidad en la atenci\u00f3n en salud y que la comunidad reconozca que se trata de un proceso integral.<\/p>\n<p>Como parte de esta alianza, dichas organizaciones capacitan a profesionales de la Secretar\u00eda de Salud en religiosidad para que sepan responder a las necesidades de la poblaci\u00f3n desde las creencias de cada persona. Adem\u00e1s de recibir estas herramientas, esta articulaci\u00f3n permite que la Alcald\u00eda reconozca el aporte de estas organizaciones al bienestar de la comunidad.<\/p>\n<div id=\"attachment_322375\" style=\"width: 1290px\" class=\"wp-caption alignnone\"><a href=\"https:\/\/www.medellin.gov.co\/es\/wp-content\/uploads\/2024\/07\/Salud-Organizaciones-Basadas-en-Fe-2.jpg\" target=\"_blank\" rel=\"noopener\"><img aria-describedby=\"caption-attachment-322375\" loading=\"lazy\" class=\"wp-image-322375 size-full\" title=\"El Distrito y las Organizaciones Basadas en la Fe se unen por el cuidado integral de la salud\" src=\"https:\/\/www.medellin.gov.co\/es\/wp-content\/uploads\/2024\/07\/Salud-Organizaciones-Basadas-en-Fe-2.jpg\" alt=\"El Distrito y las Organizaciones Basadas en la Fe se unen por el cuidado integral de la salud\" width=\"1280\" height=\"630\" srcset=\"https:\/\/www.medellin.gov.co\/es\/wp-content\/uploads\/2024\/07\/Salud-Organizaciones-Basadas-en-Fe-2.jpg 1280w, https:\/\/www.medellin.gov.co\/es\/wp-content\/uploads\/2024\/07\/Salud-Organizaciones-Basadas-en-Fe-2-300x148.jpg 300w, https:\/\/www.medellin.gov.co\/es\/wp-content\/uploads\/2024\/07\/Salud-Organizaciones-Basadas-en-Fe-2-1024x504.jpg 1024w, https:\/\/www.medellin.gov.co\/es\/wp-content\/uploads\/2024\/07\/Salud-Organizaciones-Basadas-en-Fe-2-150x74.jpg 150w, https:\/\/www.medellin.gov.co\/es\/wp-content\/uploads\/2024\/07\/Salud-Organizaciones-Basadas-en-Fe-2-768x378.jpg 768w\" sizes=\"(max-width: 1280px) 100vw, 1280px\" \/><\/a><p id=\"caption-attachment-322375\" class=\"wp-caption-text\">El Distrito y las Organizaciones Basadas en la Fe se unen por el cuidado integral de la salud &#8211; Foto Alcald\u00eda de Medell\u00edn<\/p><\/div>\n<p>\u201c<em>Adelantamos un trabajo con las Organizaciones Basadas en la Fe, con el fin de que estas entidades conozcan toda la oferta institucional y el trabajo que desarrolla la Secretar\u00eda de Salud. Tambi\u00e9n pretendemos intercambiar experiencias y que nos ayuden, sobre todo en lo que tiene que ver con la salud mental y el acompa\u00f1amiento a las personas que requieren fortalecer v\u00ednculos con las organizaciones, con el fin de afianzar un proyecto de vida<\/em>\u201d, explic\u00f3 la secretaria de Salud, Natalia L\u00f3pez Delgado.<\/p>\n<p>Actualmente, la labor se adelanta en las comunas Manrique, Aranjuez, Castilla, Robledo, Buenos Aires, La Candelaria, Laureles &#8211; Estadio, La Am\u00e9rica, San Javier, Guayabal, Bel\u00e9n y el corregimiento de Altavista.<\/p>\n","protected":false},"excerpt":{"rendered":"<p>Se han articulado acciones en 12 comunas y un corregimiento. Se trata de reconocer el trabajo de estas organizaciones y capacitar a los profesionales para que ofrezcan una atenci\u00f3n con enfoque espiritual. Dentro de su &#8230;<\/p>\n","protected":false},"author":21,"featured_media":322373,"comment_status":"open","ping_status":"open","sticky":false,"template":"","format":"standard","meta":[],"categories":[18],"tags":[452],"formato_nota":[],"programas_tax":[],"acf":[],"_links":{"self":[{"href":"https:\/\/www.medellin.gov.co\/es\/wp-json\/wp\/v2\/posts\/322350"}],"collection":[{"href":"https:\/\/www.medellin.gov.co\/es\/wp-json\/wp\/v2\/posts"}],"about":[{"href":"https:\/\/www.medellin.gov.co\/es\/wp-json\/wp\/v2\/types\/post"}],"author":[{"embeddable":true,"href":"https:\/\/www.medellin.gov.co\/es\/wp-json\/wp\/v2\/users\/21"}],"replies":[{"embeddable":true,"href":"https:\/\/www.medellin.gov.co\/es\/wp-json\/wp\/v2\/comments?post=322350"}],"version-history":[{"count":1,"href":"https:\/\/www.medellin.gov.co\/es\/wp-json\/wp\/v2\/posts\/322350\/revisions"}],"predecessor-version":[{"id":322387,"href":"https:\/\/www.medellin.gov.co\/es\/wp-json\/wp\/v2\/posts\/322350\/revisions\/322387"}],"wp:featuredmedia":[{"embeddable":true,"href":"https:\/\/www.medellin.gov.co\/es\/wp-json\/wp\/v2\/media\/322373"}],"wp:attachment":[{"href":"https:\/\/www.medellin.gov.co\/es\/wp-json\/wp\/v2\/media?parent=322350"}],"wp:term":[{"taxonomy":"category","embeddable":true,"href":"https:\/\/www.medellin.gov.co\/es\/wp-json\/wp\/v2\/categories?post=322350"},{"taxonomy":"post_tag","embeddable":true,"href":"https:\/\/www.medellin.gov.co\/es\/wp-json\/wp\/v2\/tags?post=322350"},{"taxonomy":"formato_nota","embeddable":true,"href":"https:\/\/www.medellin.gov.co\/es\/wp-json\/wp\/v2\/formato_nota?post=322350"},{"taxonomy":"programas_tax","embeddable":true,"href":"https:\/\/www.medellin.gov.co\/es\/wp-json\/wp\/v2\/programas_tax?post=322350"}],"curies":[{"name":"wp","href":"https:\/\/api.w.org\/{rel}","templated":true}]}}