{"id":322389,"date":"2024-07-11T14:45:25","date_gmt":"2024-07-11T19:45:25","guid":{"rendered":"https:\/\/www.medellin.gov.co\/es\/?p=322389"},"modified":"2024-07-11T14:45:25","modified_gmt":"2024-07-11T19:45:25","slug":"vuelve-medellin-en-la-cabeza-con-mas-de-52-recorridos-para-callejear-por-la-ciudad","status":"publish","type":"post","link":"https:\/\/www.medellin.gov.co\/es\/sala-de-prensa\/noticias\/vuelve-medellin-en-la-cabeza-con-mas-de-52-recorridos-para-callejear-por-la-ciudad\/","title":{"rendered":"Vuelve \u201cMedell\u00edn en la Cabeza\u201d con m\u00e1s de 52 recorridos para callejear por la ciudad"},"content":{"rendered":"<ul>\n<li>M\u00e1s de 1.300 j\u00f3venes ser\u00e1n impactados durante 2024 con este proyecto que busca que callejear sea una escuela a cielo abierto. Este a\u00f1o habr\u00e1 ocho rutas tem\u00e1ticas.<\/li>\n<li>200 j\u00f3venes se formar\u00e1n como gestores ambientales y otros 42 como mediadores de los encuentros en comunas y corregimientos.<\/li>\n<li>Los j\u00f3venes pueden obtener informaci\u00f3n sobre esta iniciativa en @juventudmed<\/li>\n<\/ul>\n<!--[if lt IE 9]><script>document.createElement('audio');<\/script><![endif]-->\n\t<div class=\"wp-playlist wp-audio-playlist wp-playlist-light\">\n\t\t\t<div class=\"wp-playlist-current-item\"><\/div>\n\t\t<audio controls=\"controls\" preload=\"none\" width=\"640\"\n\t\t\t><\/audio>\n\t<div class=\"wp-playlist-next\"><\/div>\n\t<div class=\"wp-playlist-prev\"><\/div>\n\t<noscript>\n\t<ol>\n\t\t<li><a href='https:\/\/www.medellin.gov.co\/es\/wp-content\/uploads\/2024\/07\/Juventud-Medellin-en-la-Cabeza-01.mp3'>Palabras de Ricardo Jaramillo, secretario de la Juventud<\/a><\/li><li><a href='https:\/\/www.medellin.gov.co\/es\/wp-content\/uploads\/2024\/07\/Juventud-Medellin-en-la-Cabeza-02.mp3'>Palabras de Alejandra Olarte Villa, participante del recorrido<\/a><\/li>\t<\/ol>\n\t<\/noscript>\n\t<script type=\"application\/json\" class=\"wp-playlist-script\">{\"type\":\"audio\",\"tracklist\":true,\"tracknumbers\":true,\"images\":true,\"artists\":true,\"tracks\":[{\"src\":\"https:\\\/\\\/www.medellin.gov.co\\\/es\\\/wp-content\\\/uploads\\\/2024\\\/07\\\/Juventud-Medellin-en-la-Cabeza-01.mp3\",\"type\":\"audio\\\/mpeg\",\"title\":\"Palabras de Ricardo Jaramillo, secretario de la Juventud\",\"caption\":\"\",\"description\":\"\\u00abPalabras de Ricardo Jaramillo, secretario de la Juventud\\u00bb.\",\"meta\":{\"length_formatted\":\"1:09\"},\"image\":{\"src\":\"https:\\\/\\\/www.medellin.gov.co\\\/es\\\/wp-includes\\\/images\\\/media\\\/audio.png\",\"width\":48,\"height\":64},\"thumb\":{\"src\":\"https:\\\/\\\/www.medellin.gov.co\\\/es\\\/wp-includes\\\/images\\\/media\\\/audio.png\",\"width\":48,\"height\":64}},{\"src\":\"https:\\\/\\\/www.medellin.gov.co\\\/es\\\/wp-content\\\/uploads\\\/2024\\\/07\\\/Juventud-Medellin-en-la-Cabeza-02.mp3\",\"type\":\"audio\\\/mpeg\",\"title\":\"Palabras de Alejandra Olarte Villa, participante del recorrido\",\"caption\":\"\",\"description\":\"\\u00abPalabras de Alejandra Olarte Villa, participante del recorrido\\u00bb.\",\"meta\":{\"length_formatted\":\"1:01\"},\"image\":{\"src\":\"https:\\\/\\\/www.medellin.gov.co\\\/es\\\/wp-includes\\\/images\\\/media\\\/audio.png\",\"width\":48,\"height\":64},\"thumb\":{\"src\":\"https:\\\/\\\/www.medellin.gov.co\\\/es\\\/wp-includes\\\/images\\\/media\\\/audio.png\",\"width\":48,\"height\":64}}]}<\/script>\n<\/div>\n\t\n<p>\u201c<em>Medell\u00edn en la Cabeza<\/em>\u201d, una escuela a cielo abierto, es la iniciativa de la Secretar\u00eda de la Juventud que invita este a\u00f1o a m\u00e1s de 1.300 j\u00f3venes a habitar la ciudad desde una mirada formativa y educativa.<\/p>\n<p>Ser\u00e1n m\u00e1s de 52 recorridos por barrios, corregimientos y lugares hist\u00f3ricos y culturales, acompa\u00f1ados por un equipo de antrop\u00f3logos, soci\u00f3logos, comunicadores, urbanistas, gu\u00edas y l\u00edderes comunitarios.<\/p>\n<p>El prop\u00f3sito es que los j\u00f3venes conozcan la ciudad, recorran sus calles y se apropien de ella para transformarla. En esta edici\u00f3n, se vincular\u00e1 a diferentes empresarios a los recorridos para generar conexiones y di\u00e1logos.<\/p>\n<div id=\"attachment_322366\" style=\"width: 1290px\" class=\"wp-caption alignnone\"><a href=\"https:\/\/www.medellin.gov.co\/es\/wp-content\/uploads\/2024\/07\/Juventud-Medellin-en-la-Cabeza-3.jpg\" target=\"_blank\" rel=\"noopener\"><img aria-describedby=\"caption-attachment-322366\" loading=\"lazy\" class=\"wp-image-322366 size-full\" title=\"Vuelve \u201cMedell\u00edn en la Cabeza\u201d con m\u00e1s de 52 recorridos para callejear por la ciudad\" src=\"https:\/\/www.medellin.gov.co\/es\/wp-content\/uploads\/2024\/07\/Juventud-Medellin-en-la-Cabeza-3.jpg\" alt=\"Vuelve \u201cMedell\u00edn en la Cabeza\u201d con m\u00e1s de 52 recorridos para callejear por la ciudad\" width=\"1280\" height=\"720\" srcset=\"https:\/\/www.medellin.gov.co\/es\/wp-content\/uploads\/2024\/07\/Juventud-Medellin-en-la-Cabeza-3.jpg 1280w, https:\/\/www.medellin.gov.co\/es\/wp-content\/uploads\/2024\/07\/Juventud-Medellin-en-la-Cabeza-3-300x169.jpg 300w, https:\/\/www.medellin.gov.co\/es\/wp-content\/uploads\/2024\/07\/Juventud-Medellin-en-la-Cabeza-3-1024x576.jpg 1024w, https:\/\/www.medellin.gov.co\/es\/wp-content\/uploads\/2024\/07\/Juventud-Medellin-en-la-Cabeza-3-150x84.jpg 150w, https:\/\/www.medellin.gov.co\/es\/wp-content\/uploads\/2024\/07\/Juventud-Medellin-en-la-Cabeza-3-768x432.jpg 768w\" sizes=\"(max-width: 1280px) 100vw, 1280px\" \/><\/a><p id=\"caption-attachment-322366\" class=\"wp-caption-text\">Vuelve \u201cMedell\u00edn en la Cabeza\u201d con m\u00e1s de 52 recorridos para callejear por la ciudad &#8211; Foto Alcald\u00eda de Medell\u00edn<\/p><\/div>\n<p>\u201c<em>\u2019Callejear Educa\u2019 es nuestra premisa, porque un joven que conoce su territorio est\u00e1 en capacidad de transformarlo. Un joven, en promedio, habita apenas 1.5 kil\u00f3metros a la redonda de su vivienda. Queremos promover el derecho a la ciudad; que los j\u00f3venes sean ciudadanos de Medell\u00edn y no solo habitantes de un barrio o de un territorio<\/em>\u201d, dijo el secretario de la Juventud, Ricardo Jaramillo.<\/p>\n<p>Esta vez, 200 j\u00f3venes tendr\u00e1n la oportunidad de formarse como gestores ambientales y otros 42 como mediadores de los recorridos.<\/p>\n<div id=\"attachment_322363\" style=\"width: 1290px\" class=\"wp-caption alignnone\"><a href=\"https:\/\/www.medellin.gov.co\/es\/wp-content\/uploads\/2024\/07\/Juventud-Medellin-en-la-Cabeza-2.jpg\" target=\"_blank\" rel=\"noopener\"><img aria-describedby=\"caption-attachment-322363\" loading=\"lazy\" class=\"wp-image-322363 size-full\" title=\"Vuelve \u201cMedell\u00edn en la Cabeza\u201d con m\u00e1s de 52 recorridos para callejear por la ciudad\" src=\"https:\/\/www.medellin.gov.co\/es\/wp-content\/uploads\/2024\/07\/Juventud-Medellin-en-la-Cabeza-2.jpg\" alt=\"Vuelve \u201cMedell\u00edn en la Cabeza\u201d con m\u00e1s de 52 recorridos para callejear por la ciudad\" width=\"1280\" height=\"720\" srcset=\"https:\/\/www.medellin.gov.co\/es\/wp-content\/uploads\/2024\/07\/Juventud-Medellin-en-la-Cabeza-2.jpg 1280w, https:\/\/www.medellin.gov.co\/es\/wp-content\/uploads\/2024\/07\/Juventud-Medellin-en-la-Cabeza-2-300x169.jpg 300w, https:\/\/www.medellin.gov.co\/es\/wp-content\/uploads\/2024\/07\/Juventud-Medellin-en-la-Cabeza-2-1024x576.jpg 1024w, https:\/\/www.medellin.gov.co\/es\/wp-content\/uploads\/2024\/07\/Juventud-Medellin-en-la-Cabeza-2-150x84.jpg 150w, https:\/\/www.medellin.gov.co\/es\/wp-content\/uploads\/2024\/07\/Juventud-Medellin-en-la-Cabeza-2-768x432.jpg 768w\" sizes=\"(max-width: 1280px) 100vw, 1280px\" \/><\/a><p id=\"caption-attachment-322363\" class=\"wp-caption-text\">Vuelve \u201cMedell\u00edn en la Cabeza\u201d con m\u00e1s de 52 recorridos para callejear por la ciudad &#8211; Foto Alcald\u00eda de Medell\u00edn<\/p><\/div>\n<p>Alejandra Olarte Villa, participante del recorrido por el corregimiento Palmitas, expres\u00f3: \u201c<em>\u2019Medell\u00edn en la Cabeza\u2019, en su l\u00ednea \u2018Medell\u00edn tiene campesinos\u2019, nos permite reinventarnos a los j\u00f3venes a trav\u00e9s de las din\u00e1micas de la ciudad, porque tenemos en la cabeza lo urbano, pero la ciudad tambi\u00e9n la comprenden los entornos rurales y sus actividades<\/em>\u201d.<\/p>\n<p>Los interesados en los recorridos y las formaciones pueden seguir @juventudmed.<\/p>\n","protected":false},"excerpt":{"rendered":"<p>M\u00e1s de 1.300 j\u00f3venes ser\u00e1n impactados durante 2024 con este proyecto que busca que callejear sea una escuela a cielo abierto. Este a\u00f1o habr\u00e1 ocho rutas tem\u00e1ticas. 200 j\u00f3venes se formar\u00e1n como gestores ambientales y &#8230;<\/p>\n","protected":false},"author":21,"featured_media":322360,"comment_status":"open","ping_status":"open","sticky":false,"template":"","format":"standard","meta":[],"categories":[12],"tags":[451,455],"formato_nota":[],"programas_tax":[],"acf":[],"_links":{"self":[{"href":"https:\/\/www.medellin.gov.co\/es\/wp-json\/wp\/v2\/posts\/322389"}],"collection":[{"href":"https:\/\/www.medellin.gov.co\/es\/wp-json\/wp\/v2\/posts"}],"about":[{"href":"https:\/\/www.medellin.gov.co\/es\/wp-json\/wp\/v2\/types\/post"}],"author":[{"embeddable":true,"href":"https:\/\/www.medellin.gov.co\/es\/wp-json\/wp\/v2\/users\/21"}],"replies":[{"embeddable":true,"href":"https:\/\/www.medellin.gov.co\/es\/wp-json\/wp\/v2\/comments?post=322389"}],"version-history":[{"count":1,"href":"https:\/\/www.medellin.gov.co\/es\/wp-json\/wp\/v2\/posts\/322389\/revisions"}],"predecessor-version":[{"id":322391,"href":"https:\/\/www.medellin.gov.co\/es\/wp-json\/wp\/v2\/posts\/322389\/revisions\/322391"}],"wp:featuredmedia":[{"embeddable":true,"href":"https:\/\/www.medellin.gov.co\/es\/wp-json\/wp\/v2\/media\/322360"}],"wp:attachment":[{"href":"https:\/\/www.medellin.gov.co\/es\/wp-json\/wp\/v2\/media?parent=322389"}],"wp:term":[{"taxonomy":"category","embeddable":true,"href":"https:\/\/www.medellin.gov.co\/es\/wp-json\/wp\/v2\/categories?post=322389"},{"taxonomy":"post_tag","embeddable":true,"href":"https:\/\/www.medellin.gov.co\/es\/wp-json\/wp\/v2\/tags?post=322389"},{"taxonomy":"formato_nota","embeddable":true,"href":"https:\/\/www.medellin.gov.co\/es\/wp-json\/wp\/v2\/formato_nota?post=322389"},{"taxonomy":"programas_tax","embeddable":true,"href":"https:\/\/www.medellin.gov.co\/es\/wp-json\/wp\/v2\/programas_tax?post=322389"}],"curies":[{"name":"wp","href":"https:\/\/api.w.org\/{rel}","templated":true}]}}