{"id":325090,"date":"2024-07-19T09:24:12","date_gmt":"2024-07-19T14:24:12","guid":{"rendered":"https:\/\/www.medellin.gov.co\/es\/?p=325090"},"modified":"2024-07-19T09:24:12","modified_gmt":"2024-07-19T14:24:12","slug":"con-ser-capaz-en-casa-el-distrito-ofrece-atencion-integral-a-mas-de-1-000-personas-con-discapacidad","status":"publish","type":"post","link":"https:\/\/www.medellin.gov.co\/es\/sala-de-prensa\/noticias\/con-ser-capaz-en-casa-el-distrito-ofrece-atencion-integral-a-mas-de-1-000-personas-con-discapacidad\/","title":{"rendered":"Con Ser Capaz en Casa, el Distrito ofrece atenci\u00f3n integral a m\u00e1s de 1.000 personas con discapacidad"},"content":{"rendered":"<div class=\"page\" title=\"Page 1\">\n<div class=\"layoutArea\">\n<div class=\"column\">\n<ul>\n<li><strong>El proyecto, que se ejecuta con recursos de Presupuesto Participativo, busca potenciar la independencia y la autonomi\u0301a de sus beneficiarios.<\/strong><\/li>\n<li><strong>Un equipo interdisciplinario visita cada hogar dos veces al mes.<\/strong><\/li>\n<\/ul>\n<!--[if lt IE 9]><script>document.createElement('audio');<\/script><![endif]-->\n\t<div class=\"wp-playlist wp-audio-playlist wp-playlist-light\">\n\t\t\t<div class=\"wp-playlist-current-item\"><\/div>\n\t\t<audio controls=\"controls\" preload=\"none\" width=\"640\"\n\t\t\t><\/audio>\n\t<div class=\"wp-playlist-next\"><\/div>\n\t<div class=\"wp-playlist-prev\"><\/div>\n\t<noscript>\n\t<ol>\n\t\t<li><a href='https:\/\/www.medellin.gov.co\/es\/wp-content\/uploads\/2024\/07\/Atencion-a-personas-con-discapacidad-01.mp3'>Palabras de Sandra S\u00e1nchez \u00c1lvarez, secretaria de Inclusi\u00f3n Social y Familia<\/a><\/li><li><a href='https:\/\/www.medellin.gov.co\/es\/wp-content\/uploads\/2024\/07\/Atencion-a-personas-con-discapacidad-02.mp3'>Palabras de Lina Garc\u00eda, beneficiaria<\/a><\/li>\t<\/ol>\n\t<\/noscript>\n\t<script type=\"application\/json\" class=\"wp-playlist-script\">{\"type\":\"audio\",\"tracklist\":true,\"tracknumbers\":true,\"images\":true,\"artists\":true,\"tracks\":[{\"src\":\"https:\\\/\\\/www.medellin.gov.co\\\/es\\\/wp-content\\\/uploads\\\/2024\\\/07\\\/Atencion-a-personas-con-discapacidad-01.mp3\",\"type\":\"audio\\\/mpeg\",\"title\":\"Palabras de Sandra S\\u00e1nchez \\u00c1lvarez, secretaria de Inclusi\\u00f3n Social y Familia\",\"caption\":\"\",\"description\":\"\\u00abPalabras de Sandra S\\u00e1nchez \\u00c1lvarez, secretaria de Inclusi\\u00f3n Social y Familia\\u00bb.\",\"meta\":{\"length_formatted\":\"1:06\"},\"image\":{\"src\":\"https:\\\/\\\/www.medellin.gov.co\\\/es\\\/wp-includes\\\/images\\\/media\\\/audio.png\",\"width\":48,\"height\":64},\"thumb\":{\"src\":\"https:\\\/\\\/www.medellin.gov.co\\\/es\\\/wp-includes\\\/images\\\/media\\\/audio.png\",\"width\":48,\"height\":64}},{\"src\":\"https:\\\/\\\/www.medellin.gov.co\\\/es\\\/wp-content\\\/uploads\\\/2024\\\/07\\\/Atencion-a-personas-con-discapacidad-02.mp3\",\"type\":\"audio\\\/mpeg\",\"title\":\"Palabras de Lina Garc\\u00eda, beneficiaria\",\"caption\":\"\",\"description\":\"\\u00abPalabras de Lina Garc\\u00eda, beneficiaria\\u00bb.\",\"meta\":{\"length_formatted\":\"2:26\"},\"image\":{\"src\":\"https:\\\/\\\/www.medellin.gov.co\\\/es\\\/wp-includes\\\/images\\\/media\\\/audio.png\",\"width\":48,\"height\":64},\"thumb\":{\"src\":\"https:\\\/\\\/www.medellin.gov.co\\\/es\\\/wp-includes\\\/images\\\/media\\\/audio.png\",\"width\":48,\"height\":64}}]}<\/script>\n<\/div>\n\t\n<p>Con una inversio\u0301n superior a los $3.450 millones, priorizados por la comunidad mediante Presupuesto Participativo, la Administracio\u0301n Distrital atiende a ma\u0301s de 1.000 personas en condicio\u0301n de discapacidad, a trave\u0301s del proyecto Ser Capaz en Casa. Este acompan\u0303amiento se realiza de manera integral y se extiende a sus familias y cuidadores.<\/p>\n<p>Las visitas a cada hogar se hacen dos veces al mes con un equipo interdisciplinario que incluye especialistas en psicologi\u0301a, trabajo social, fisioterapia, terapia ocupacional, fonoaudiologi\u0301a, nutricio\u0301n, salud bucal, pedagogi\u0301a y enfermeri\u0301a.<\/p>\n<div id=\"attachment_325099\" style=\"width: 1210px\" class=\"wp-caption alignnone\"><img aria-describedby=\"caption-attachment-325099\" loading=\"lazy\" class=\"wp-image-325099 size-full\" title=\"Con Ser Capaz en Casa, el Distrito ofrece atenci\u00f3n integral a m\u00e1s de 1.000 personas con discapacidad\" src=\"https:\/\/www.medellin.gov.co\/es\/wp-content\/uploads\/2024\/07\/Atencion-a-personas-con-discapacidad-3.jpg\" alt=\"Con Ser Capaz en Casa, el Distrito ofrece atenci\u00f3n integral a m\u00e1s de 1.000 personas con discapacidad\" width=\"1200\" height=\"755\" srcset=\"https:\/\/www.medellin.gov.co\/es\/wp-content\/uploads\/2024\/07\/Atencion-a-personas-con-discapacidad-3.jpg 1200w, https:\/\/www.medellin.gov.co\/es\/wp-content\/uploads\/2024\/07\/Atencion-a-personas-con-discapacidad-3-300x189.jpg 300w, https:\/\/www.medellin.gov.co\/es\/wp-content\/uploads\/2024\/07\/Atencion-a-personas-con-discapacidad-3-1024x644.jpg 1024w, https:\/\/www.medellin.gov.co\/es\/wp-content\/uploads\/2024\/07\/Atencion-a-personas-con-discapacidad-3-150x94.jpg 150w, https:\/\/www.medellin.gov.co\/es\/wp-content\/uploads\/2024\/07\/Atencion-a-personas-con-discapacidad-3-768x483.jpg 768w\" sizes=\"(max-width: 1200px) 100vw, 1200px\" \/><p id=\"caption-attachment-325099\" class=\"wp-caption-text\">Con Ser Capaz en Casa, el Distrito ofrece atenci\u00f3n integral a m\u00e1s de 1.000 personas con discapacidad &#8211; Foto alcaldia de Medell\u00edn<\/p><\/div>\n<p>\u201cCon este programa no solo hacemos un proceso de rehabilitacio\u0301n, tambie\u0301n llegamos con opciones de bienestar y acompan\u0303amiento que les permiten a las personas con discapacidad y a su contexto familiar seguir avanzando en sus proyectos de vida. Asi\u0301, se adelanta un proceso ma\u0301s integral para tener mayor impacto en las familias\u201d, sen\u0303alo\u0301 la secretaria de Inclusio\u0301n Social y Familia, Sandra Sa\u0301nchez.<\/p>\n<p>Esta iniciativa tambie\u0301n desarrolla procesos educativos que facilitan la participacio\u0301n social activa, la inclusio\u0301n, la independencia y la autonomi\u0301a de los ciudadanos con discapacidad.<\/p>\n<div id=\"attachment_325091\" style=\"width: 1210px\" class=\"wp-caption alignnone\"><img aria-describedby=\"caption-attachment-325091\" loading=\"lazy\" class=\"wp-image-325091 size-full\" title=\"Con Ser Capaz en Casa, el Distrito ofrece atenci\u00f3n integral a m\u00e1s de 1.000 personas con discapacidad\" src=\"https:\/\/www.medellin.gov.co\/es\/wp-content\/uploads\/2024\/07\/Atencion-a-personas-con-discapacidad-1.jpg\" alt=\"Con Ser Capaz en Casa, el Distrito ofrece atenci\u00f3n integral a m\u00e1s de 1.000 personas con discapacidad\" width=\"1200\" height=\"729\" srcset=\"https:\/\/www.medellin.gov.co\/es\/wp-content\/uploads\/2024\/07\/Atencion-a-personas-con-discapacidad-1.jpg 1200w, https:\/\/www.medellin.gov.co\/es\/wp-content\/uploads\/2024\/07\/Atencion-a-personas-con-discapacidad-1-300x182.jpg 300w, https:\/\/www.medellin.gov.co\/es\/wp-content\/uploads\/2024\/07\/Atencion-a-personas-con-discapacidad-1-1024x622.jpg 1024w, https:\/\/www.medellin.gov.co\/es\/wp-content\/uploads\/2024\/07\/Atencion-a-personas-con-discapacidad-1-150x91.jpg 150w, https:\/\/www.medellin.gov.co\/es\/wp-content\/uploads\/2024\/07\/Atencion-a-personas-con-discapacidad-1-768x467.jpg 768w\" sizes=\"(max-width: 1200px) 100vw, 1200px\" \/><p id=\"caption-attachment-325091\" class=\"wp-caption-text\">Con Ser Capaz en Casa, el Distrito ofrece atenci\u00f3n integral a m\u00e1s de 1.000 personas con discapacidad &#8211; Foto alcaldia de Medell\u00edn<\/p><\/div>\n<p>Lina Mari\u0301a Garci\u0301a, una de las beneficiarias, expreso\u0301: \u201cEl proyecto Ser Capaz en Casa me ha ensen\u0303ado a creer y uno como paciente se siente valorado. Los consejos me\u0301dicos nos ayudan a avanzar. Desde lo emocional, me hacen sentir que puedo salir adelante, que puedo luchar y lo aprecian a uno como persona con discapacidad\u201d.<\/p>\n<div class=\"page\" title=\"Page 2\">\n<div class=\"layoutArea\">\n<div class=\"column\">\n<p>Ser Capaz en Casa hace parte de las estrategias que la Administracio\u0301n Distrital implementa para promover el valor del cuidado y reconocer la labor de quienes se dedican a esa actividad.<\/p>\n<\/div>\n<\/div>\n<\/div>\n<\/div>\n<\/div>\n<\/div>\n","protected":false},"excerpt":{"rendered":"<p>El proyecto, que se ejecuta con recursos de Presupuesto Participativo, busca potenciar la independencia y la autonomi\u0301a de sus beneficiarios. Un equipo interdisciplinario visita cada hogar dos veces al mes. Con una inversio\u0301n superior a &#8230;<\/p>\n","protected":false},"author":84,"featured_media":325096,"comment_status":"open","ping_status":"open","sticky":false,"template":"","format":"standard","meta":[],"categories":[1],"tags":[437,451],"formato_nota":[],"programas_tax":[],"acf":[],"_links":{"self":[{"href":"https:\/\/www.medellin.gov.co\/es\/wp-json\/wp\/v2\/posts\/325090"}],"collection":[{"href":"https:\/\/www.medellin.gov.co\/es\/wp-json\/wp\/v2\/posts"}],"about":[{"href":"https:\/\/www.medellin.gov.co\/es\/wp-json\/wp\/v2\/types\/post"}],"author":[{"embeddable":true,"href":"https:\/\/www.medellin.gov.co\/es\/wp-json\/wp\/v2\/users\/84"}],"replies":[{"embeddable":true,"href":"https:\/\/www.medellin.gov.co\/es\/wp-json\/wp\/v2\/comments?post=325090"}],"version-history":[{"count":2,"href":"https:\/\/www.medellin.gov.co\/es\/wp-json\/wp\/v2\/posts\/325090\/revisions"}],"predecessor-version":[{"id":325109,"href":"https:\/\/www.medellin.gov.co\/es\/wp-json\/wp\/v2\/posts\/325090\/revisions\/325109"}],"wp:featuredmedia":[{"embeddable":true,"href":"https:\/\/www.medellin.gov.co\/es\/wp-json\/wp\/v2\/media\/325096"}],"wp:attachment":[{"href":"https:\/\/www.medellin.gov.co\/es\/wp-json\/wp\/v2\/media?parent=325090"}],"wp:term":[{"taxonomy":"category","embeddable":true,"href":"https:\/\/www.medellin.gov.co\/es\/wp-json\/wp\/v2\/categories?post=325090"},{"taxonomy":"post_tag","embeddable":true,"href":"https:\/\/www.medellin.gov.co\/es\/wp-json\/wp\/v2\/tags?post=325090"},{"taxonomy":"formato_nota","embeddable":true,"href":"https:\/\/www.medellin.gov.co\/es\/wp-json\/wp\/v2\/formato_nota?post=325090"},{"taxonomy":"programas_tax","embeddable":true,"href":"https:\/\/www.medellin.gov.co\/es\/wp-json\/wp\/v2\/programas_tax?post=325090"}],"curies":[{"name":"wp","href":"https:\/\/api.w.org\/{rel}","templated":true}]}}