{"id":325249,"date":"2024-07-19T14:43:33","date_gmt":"2024-07-19T19:43:33","guid":{"rendered":"https:\/\/www.medellin.gov.co\/es\/?p=325249"},"modified":"2024-07-19T17:19:29","modified_gmt":"2024-07-19T22:19:29","slug":"medellin-le-hace-limpiaton-a-sus-quebradas","status":"publish","type":"post","link":"https:\/\/www.medellin.gov.co\/es\/sala-de-prensa\/noticias\/medellin-le-hace-limpiaton-a-sus-quebradas\/","title":{"rendered":"Medell\u00edn le hace \u201climpiat\u00f3n\u201d a sus quebradas"},"content":{"rendered":"<blockquote><p><em>\u00bfSab\u00edas que en nuestra ciudad \u00a0hay 4217 quebradas, de las cuales 56 son afluentes principales del <a href=\"https:\/\/es.wikipedia.org\/wiki\/R%C3%ADo_Medell%C3%ADn\" target=\"_blank\" rel=\"noopener\">r\u00edo Medell\u00edn<\/a> y otros 4161 son afluentes secundarios, localizadas a lo largo de las 16 comunas y los 5 corregimientos del Distrito? En total, suman 1888 kil\u00f3metros de una imponente red hidrogr\u00e1fica que demuestra lo rica que es la capital de Antioquia en materia de agua.<\/em><\/p><\/blockquote>\n<p>Estas cifras nos indican que cada habitante de la ciudad -independiente del barrio donde viva- puede encontrar una quebrada a menos de 500 metros de distancia. Toda esta red llega a un r\u00edo que tiene 100 kil\u00f3metros de extensi\u00f3n, que nace en el <a href=\"https:\/\/caldasantioquia.gov.co\/wp-content\/uploads\/2023\/03\/02-Alto-de-San-Miguel.pdf\" target=\"_blank\" rel=\"noopener\">Alto de San Miguel -en el municipio de Caldas-<\/a> que cruza todo el Valle de Aburr\u00e1 y que hace 84 a\u00f1os -por dict\u00e1menes de los gobernantes de turno- se convirti\u00f3 en el eje que separa al Oriente y al Occidente de Medell\u00edn, a trav\u00e9s de una canalizaci\u00f3n.<\/p>\n<p><strong>Decisiones que alteraron el comportamiento del <a href=\"https:\/\/es.wikipedia.org\/wiki\/R%C3%ADo_Medell%C3%ADn\" target=\"_blank\" rel=\"noopener\">r\u00edo Medell\u00edn<\/a><\/strong><\/p>\n<p>De hecho, hoy la mayor\u00eda de las quebradas en Medell\u00edn est\u00e1n canalizadas, como producto de esa \u00e9poca de decisiones y le quitaron a ese recurso h\u00eddrico el flujo normal y alteraron su recorrido. Hoy, la ciudad convive con el fruto de estas determinaciones que hacen parte del entorno propio de una urbe llena de cauces, que en invierno, se crecen de manera exponencial.<\/p>\n<p>Es decir, las aguas de las quebradas pasaron de correr libres por la monta\u00f1a hace casi 100 a\u00f1os, a estar canalizadas y desviadas porque se necesitaba espacio para edificar casas, planear parques y crear v\u00edas. Medell\u00edn creci\u00f3 y sigue creciendo hacia las laderas, por ello, se necesitaba proteger al ciudadano.<\/p>\n<p><a href=\"https:\/\/www.medellin.gov.co\/es\/wp-content\/uploads\/2024\/07\/Parques-del-Ri\u0301o-carrusel-23.jpg\"><img loading=\"lazy\" class=\"alignnone size-large wp-image-325272\" src=\"https:\/\/www.medellin.gov.co\/es\/wp-content\/uploads\/2024\/07\/Parques-del-Ri\u0301o-carrusel-23-1024x745.jpg\" alt=\"\" width=\"1024\" height=\"745\" srcset=\"https:\/\/www.medellin.gov.co\/es\/wp-content\/uploads\/2024\/07\/Parques-del-Ri\u0301o-carrusel-23-1024x745.jpg 1024w, https:\/\/www.medellin.gov.co\/es\/wp-content\/uploads\/2024\/07\/Parques-del-Ri\u0301o-carrusel-23-300x218.jpg 300w, https:\/\/www.medellin.gov.co\/es\/wp-content\/uploads\/2024\/07\/Parques-del-Ri\u0301o-carrusel-23-150x109.jpg 150w, https:\/\/www.medellin.gov.co\/es\/wp-content\/uploads\/2024\/07\/Parques-del-Ri\u0301o-carrusel-23-768x559.jpg 768w, https:\/\/www.medellin.gov.co\/es\/wp-content\/uploads\/2024\/07\/Parques-del-Ri\u0301o-carrusel-23.jpg 1280w\" sizes=\"(max-width: 1024px) 100vw, 1024px\" \/><\/a><\/p>\n<p>Aunque las autoridades hacen la tarea de limpieza, de capacitaci\u00f3n y de sensibilizaci\u00f3n en la comunidad y obras hidr\u00e1ulicas para evitar que los desbordes de las quebradas afecten a la comunidad, es la misma poblaci\u00f3n la que tiene unos deberes con su entorno, uno de ellos, tan simple: no arrojar basuras a los cauces y respetar los retiros propios de las quebradas.<\/p>\n<p>Un hecho que ha ocasionado m\u00faltiples tragedias y que la memoria de los habitantes debe recordar, para no repetir la historia. Las generaciones actuales deben entender que es responsabilidad de todos cuidar el entorno donde vivimos y convivimos con otras personas, porque debemos protegernos y evitar que sigan ocurriendo desastres que se pudieron prevenir.<\/p>\n<p><strong>La \u201climpiat\u00f3n\u201d<\/strong><strong>\u00a0<\/strong><\/p>\n<p>Es por ello que la <a href=\"https:\/\/www.medellin.gov.co\/\" target=\"_blank\" rel=\"noopener\">Alcald\u00eda de Medell\u00edn<\/a>, por intermedio de la <a href=\"https:\/\/www.medellin.gov.co\/es\/secretaria-medio-ambiente\/\" target=\"_blank\" rel=\"noopener\">Secretar\u00eda de Medio Ambiente<\/a>, hace limpieza y mantenimiento a 27 quebradas en las cuales se remueven materiales que puedan obstruir y represar el flujo del agua, como medida para prevenir desbordamientos.<\/p>\n<p><a href=\"https:\/\/www.medellin.gov.co\/es\/wp-content\/uploads\/2024\/07\/Foto-1.jpg\"><img loading=\"lazy\" class=\"alignnone size-large wp-image-325251\" src=\"https:\/\/www.medellin.gov.co\/es\/wp-content\/uploads\/2024\/07\/Foto-1-1024x576.jpg\" alt=\"\" width=\"1024\" height=\"576\" srcset=\"https:\/\/www.medellin.gov.co\/es\/wp-content\/uploads\/2024\/07\/Foto-1-1024x576.jpg 1024w, https:\/\/www.medellin.gov.co\/es\/wp-content\/uploads\/2024\/07\/Foto-1-300x169.jpg 300w, https:\/\/www.medellin.gov.co\/es\/wp-content\/uploads\/2024\/07\/Foto-1-150x84.jpg 150w, https:\/\/www.medellin.gov.co\/es\/wp-content\/uploads\/2024\/07\/Foto-1-768x432.jpg 768w, https:\/\/www.medellin.gov.co\/es\/wp-content\/uploads\/2024\/07\/Foto-1.jpg 1280w\" sizes=\"(max-width: 1024px) 100vw, 1024px\" \/><\/a><\/p>\n<p>Esta estrategia enfrenta -en muchas ocasiones- problem\u00e1ticas asociadas a una inadecuada disposici\u00f3n de colchones, muebles, telas, llantas y basura en general en las fuentes h\u00eddricas.<\/p>\n<p><em>\u201cQuiero hacer un llamado a la cultura ciudadana. Los da\u00f1os que generan las lluvias no solo se deben a que estas sean m\u00e1s fuertes, sino a que muchas veces las quebradas se vuelven botaderos de basura. Estamos recuperando esta estrategia por toda la ciudad. Tenemos m\u00e1s de 870 personas limpiando 27 quebradas. Este es un llamado a que cuidemos nuestras fuentes h\u00eddricas\u00bb, <\/em>enfatiz\u00f3 el alcalde Federico Guti\u00e9rrez Zuluaga.<\/p>\n\n\t\t<style type=\"text\/css\">\n\t\t\t#gallery-1 {\n\t\t\t\tmargin: auto;\n\t\t\t}\n\t\t\t#gallery-1 .gallery-item {\n\t\t\t\tfloat: left;\n\t\t\t\tmargin-top: 10px;\n\t\t\t\ttext-align: center;\n\t\t\t\twidth: 50%;\n\t\t\t}\n\t\t\t#gallery-1 img {\n\t\t\t\tborder: 2px solid #cfcfcf;\n\t\t\t}\n\t\t\t#gallery-1 .gallery-caption {\n\t\t\t\tmargin-left: 0;\n\t\t\t}\n\t\t\t\/* see gallery_shortcode() in wp-includes\/media.php *\/\n\t\t<\/style>\n\t\t<div id='gallery-1' class='gallery galleryid-325249 gallery-columns-2 gallery-size-thumbnail'><dl class='gallery-item'>\n\t\t\t<dt class='gallery-icon landscape'>\n\t\t\t\t<a href='https:\/\/www.medellin.gov.co\/es\/sala-de-prensa\/noticias\/medellin-le-hace-limpiaton-a-sus-quebradas\/whatsapp-image-2024-07-16-at-12-25-56-pm\/'><img width=\"150\" height=\"100\" src=\"https:\/\/www.medellin.gov.co\/es\/wp-content\/uploads\/2024\/07\/WhatsApp-Image-2024-07-16-at-12.25.56-PM-150x100.jpg\" class=\"attachment-thumbnail size-thumbnail\" alt=\"\" loading=\"lazy\" srcset=\"https:\/\/www.medellin.gov.co\/es\/wp-content\/uploads\/2024\/07\/WhatsApp-Image-2024-07-16-at-12.25.56-PM-150x100.jpg 150w, https:\/\/www.medellin.gov.co\/es\/wp-content\/uploads\/2024\/07\/WhatsApp-Image-2024-07-16-at-12.25.56-PM-300x200.jpg 300w, https:\/\/www.medellin.gov.co\/es\/wp-content\/uploads\/2024\/07\/WhatsApp-Image-2024-07-16-at-12.25.56-PM-1024x682.jpg 1024w, https:\/\/www.medellin.gov.co\/es\/wp-content\/uploads\/2024\/07\/WhatsApp-Image-2024-07-16-at-12.25.56-PM-768x512.jpg 768w, https:\/\/www.medellin.gov.co\/es\/wp-content\/uploads\/2024\/07\/WhatsApp-Image-2024-07-16-at-12.25.56-PM.jpg 1280w\" sizes=\"(max-width: 150px) 100vw, 150px\" \/><\/a>\n\t\t\t<\/dt><\/dl><dl class='gallery-item'>\n\t\t\t<dt class='gallery-icon landscape'>\n\t\t\t\t<a href='https:\/\/www.medellin.gov.co\/es\/sala-de-prensa\/noticias\/medellin-le-hace-limpiaton-a-sus-quebradas\/whatsapp-image-2024-07-16-at-12-25-55-pm\/'><img width=\"150\" height=\"100\" src=\"https:\/\/www.medellin.gov.co\/es\/wp-content\/uploads\/2024\/07\/WhatsApp-Image-2024-07-16-at-12.25.55-PM-150x100.jpg\" class=\"attachment-thumbnail size-thumbnail\" alt=\"\" loading=\"lazy\" srcset=\"https:\/\/www.medellin.gov.co\/es\/wp-content\/uploads\/2024\/07\/WhatsApp-Image-2024-07-16-at-12.25.55-PM-150x100.jpg 150w, https:\/\/www.medellin.gov.co\/es\/wp-content\/uploads\/2024\/07\/WhatsApp-Image-2024-07-16-at-12.25.55-PM-300x200.jpg 300w, https:\/\/www.medellin.gov.co\/es\/wp-content\/uploads\/2024\/07\/WhatsApp-Image-2024-07-16-at-12.25.55-PM-1024x682.jpg 1024w, https:\/\/www.medellin.gov.co\/es\/wp-content\/uploads\/2024\/07\/WhatsApp-Image-2024-07-16-at-12.25.55-PM-768x512.jpg 768w, https:\/\/www.medellin.gov.co\/es\/wp-content\/uploads\/2024\/07\/WhatsApp-Image-2024-07-16-at-12.25.55-PM.jpg 1280w\" sizes=\"(max-width: 150px) 100vw, 150px\" \/><\/a>\n\t\t\t<\/dt><\/dl><br style=\"clear: both\" \/>\n\t\t<\/div>\n\n<p>&nbsp;<\/p>\n<p><strong>Los sitios de intervenci\u00f3n<\/strong><strong>\u00a0<\/strong><\/p>\n<p>Las acciones se emprenden en quebradas como El Zancudo, Ca\u00f1averal o Chorro Oscuro, La Herrera, La Bermejala, La Honda, La Madera, La Quintana, La Malpaso, La Iguan\u00e1, Chorro Hondo, Las Esmeraldas o El Seminario, Santa Elena, La Hueso, Ana D\u00edaz, La Pelahueso, La Presidenta y La Guayabala, entre otras.<\/p>\n<p><a href=\"https:\/\/www.medellin.gov.co\/es\/wp-content\/uploads\/2021\/09\/quebradas-medellin.jpg\" target=\"_blank\" rel=\"noopener\"><img loading=\"lazy\" class=\"alignnone wp-image-15650 size-full\" src=\"https:\/\/www.medellin.gov.co\/es\/wp-content\/uploads\/2021\/09\/quebradas-medellin.jpg\" alt=\"La Clara- Caldas\" width=\"1024\" height=\"570\" srcset=\"https:\/\/www.medellin.gov.co\/es\/wp-content\/uploads\/2021\/09\/quebradas-medellin.jpg 1024w, https:\/\/www.medellin.gov.co\/es\/wp-content\/uploads\/2021\/09\/quebradas-medellin-300x167.jpg 300w, https:\/\/www.medellin.gov.co\/es\/wp-content\/uploads\/2021\/09\/quebradas-medellin-150x83.jpg 150w, https:\/\/www.medellin.gov.co\/es\/wp-content\/uploads\/2021\/09\/quebradas-medellin-768x428.jpg 768w\" sizes=\"(max-width: 1024px) 100vw, 1024px\" \/><\/a><\/p>\n<p>Durante todo el a\u00f1o la <a href=\"https:\/\/www.medellin.gov.co\/es\/secretaria-medio-ambiente\/\" target=\"_blank\" rel=\"noopener\">Secretar\u00eda de Medio Ambiente de Medell\u00edn<\/a> ha realizado mantenimiento preventivo en 66 puntos cr\u00edticos de afluentes, con lo que se han recuperado 3491 metros lineales, se han retirado 5753 metros c\u00fabicos de sedimentos y 1150 metros c\u00fabicos de residuos s\u00f3lidos. Esto equivale a tener unas 150 volquetas llenas de material.<\/p>\n\n\t\t<style type=\"text\/css\">\n\t\t\t#gallery-2 {\n\t\t\t\tmargin: auto;\n\t\t\t}\n\t\t\t#gallery-2 .gallery-item {\n\t\t\t\tfloat: left;\n\t\t\t\tmargin-top: 10px;\n\t\t\t\ttext-align: center;\n\t\t\t\twidth: 50%;\n\t\t\t}\n\t\t\t#gallery-2 img {\n\t\t\t\tborder: 2px solid #cfcfcf;\n\t\t\t}\n\t\t\t#gallery-2 .gallery-caption {\n\t\t\t\tmargin-left: 0;\n\t\t\t}\n\t\t\t\/* see gallery_shortcode() in wp-includes\/media.php *\/\n\t\t<\/style>\n\t\t<div id='gallery-2' class='gallery galleryid-325249 gallery-columns-2 gallery-size-large'><dl class='gallery-item'>\n\t\t\t<dt class='gallery-icon landscape'>\n\t\t\t\t<a href='https:\/\/www.medellin.gov.co\/es\/eventos\/sabes-como-brotan-las-quebradas\/quebradas-medellin\/'><img width=\"1024\" height=\"570\" src=\"https:\/\/www.medellin.gov.co\/es\/wp-content\/uploads\/2021\/09\/quebradas-medellin.jpg\" class=\"attachment-large size-large\" alt=\"La Clara- Caldas\" loading=\"lazy\" srcset=\"https:\/\/www.medellin.gov.co\/es\/wp-content\/uploads\/2021\/09\/quebradas-medellin.jpg 1024w, https:\/\/www.medellin.gov.co\/es\/wp-content\/uploads\/2021\/09\/quebradas-medellin-300x167.jpg 300w, https:\/\/www.medellin.gov.co\/es\/wp-content\/uploads\/2021\/09\/quebradas-medellin-150x83.jpg 150w, https:\/\/www.medellin.gov.co\/es\/wp-content\/uploads\/2021\/09\/quebradas-medellin-768x428.jpg 768w\" sizes=\"(max-width: 1024px) 100vw, 1024px\" \/><\/a>\n\t\t\t<\/dt><\/dl><dl class='gallery-item'>\n\t\t\t<dt class='gallery-icon landscape'>\n\t\t\t\t<a href='https:\/\/www.medellin.gov.co\/es\/quebradas-de-medellin-2\/'><img width=\"1024\" height=\"568\" src=\"https:\/\/www.medellin.gov.co\/es\/wp-content\/uploads\/2021\/09\/quebradas-de-medellin.jpg\" class=\"attachment-large size-large\" alt=\"Quebrada en Medell\u00edn\" loading=\"lazy\" srcset=\"https:\/\/www.medellin.gov.co\/es\/wp-content\/uploads\/2021\/09\/quebradas-de-medellin.jpg 1024w, https:\/\/www.medellin.gov.co\/es\/wp-content\/uploads\/2021\/09\/quebradas-de-medellin-300x166.jpg 300w, https:\/\/www.medellin.gov.co\/es\/wp-content\/uploads\/2021\/09\/quebradas-de-medellin-150x83.jpg 150w, https:\/\/www.medellin.gov.co\/es\/wp-content\/uploads\/2021\/09\/quebradas-de-medellin-768x426.jpg 768w\" sizes=\"(max-width: 1024px) 100vw, 1024px\" \/><\/a>\n\t\t\t<\/dt><\/dl><br style=\"clear: both\" \/>\n\t\t<\/div>\n\n<p><em>\u201cEs fundamental que como comunidad estemos conectados con nuestro entorno y respetemos nuestras quebradas. Recordamos el compromiso y el papel crucial de la comunidad en el manejo adecuado de los residuos, deposit\u00e1ndolos en los sitios establecidos, ya que muchas de las emergencias registradas por crecientes y desbordamientos son originadas por la cantidad de desechos arrojados a las quebradas\u201d,<\/em> afirm\u00f3 la <a href=\"https:\/\/www.medellin.gov.co\/es\/secretaria-medio-ambiente\/\" target=\"_blank\" rel=\"noopener\">secretaria de Medio Ambiente de Medell\u00edn<\/a>, Ana Ligia Mora Mart\u00ednez.<\/p>\n<p><strong>De Envigado se vino a limpiar La Presidenta<\/strong><strong>\u00a0<\/strong><\/p>\n<p><a href=\"https:\/\/www.medellin.gov.co\/es\/wp-content\/uploads\/2024\/07\/Foto-2.jpg\" target=\"_blank\" rel=\"noopener\"><img loading=\"lazy\" class=\"alignnone wp-image-325253 size-large\" src=\"https:\/\/www.medellin.gov.co\/es\/wp-content\/uploads\/2024\/07\/Foto-2-1024x576.jpg\" alt=\"\" width=\"1024\" height=\"576\" srcset=\"https:\/\/www.medellin.gov.co\/es\/wp-content\/uploads\/2024\/07\/Foto-2-1024x576.jpg 1024w, https:\/\/www.medellin.gov.co\/es\/wp-content\/uploads\/2024\/07\/Foto-2-300x169.jpg 300w, https:\/\/www.medellin.gov.co\/es\/wp-content\/uploads\/2024\/07\/Foto-2-150x84.jpg 150w, https:\/\/www.medellin.gov.co\/es\/wp-content\/uploads\/2024\/07\/Foto-2-768x432.jpg 768w, https:\/\/www.medellin.gov.co\/es\/wp-content\/uploads\/2024\/07\/Foto-2.jpg 1280w\" sizes=\"(max-width: 1024px) 100vw, 1024px\" \/><\/a><\/p>\n<p>Luis Javier Rojas es un residente de <a href=\"https:\/\/www.envigado.gov.co\/\" target=\"_blank\" rel=\"noopener\">Envigado<\/a> que acudi\u00f3 al llamado de la <a href=\"https:\/\/www.medellin.gov.co\/es\/secretaria-medio-ambiente\/\" target=\"_blank\" rel=\"noopener\">Alcald\u00eda de Medell\u00edn<\/a> para la jornada de limpiat\u00f3n que se hizo en la ciudad. Con un sentido de pertenencia sin igual, por cuidar la naturaleza y creer que todos debemos aportar, recorri\u00f3 varios kil\u00f3metros de su residencia actual trotando, para estar en la <a href=\"https:\/\/es.wikipedia.org\/wiki\/Quebrada_La_Presidenta\" target=\"_blank\" rel=\"noopener\">quebrada La Presidenta en El Poblado<\/a> y unirse a la causa.<\/p>\n<p><em>\u201cEsto hace parte de todos. Esta quebrada es una belleza y hay que mostrarla limpia. Uno pasa por estos senderos y ve esa basura a lado y lado, uno dice, esto se ve muy feo. Esto es un mal ejemplo que todos damos y por ello digo, es la responsabilidad de todos. Todos tenemos que contribuir para tener limpia la ciudad y recoger esas basuritas que nos encontramos muchas veces en el camino. Aunque el Distrito recoge la basura todos los d\u00edas y es su responsabilidad, la nuestra no es arrojar la basura al piso. El tema es de corresponsabilidad\u201d.<\/em><em>\u00a0<\/em><\/p>\n<p><a href=\"https:\/\/www.medellin.gov.co\/es\/wp-content\/uploads\/2024\/07\/Foto-2A.jpg\" target=\"_blank\" rel=\"noopener\"><img loading=\"lazy\" class=\"alignnone wp-image-325254 size-large\" src=\"https:\/\/www.medellin.gov.co\/es\/wp-content\/uploads\/2024\/07\/Foto-2A-1024x576.jpg\" alt=\"\" width=\"1024\" height=\"576\" srcset=\"https:\/\/www.medellin.gov.co\/es\/wp-content\/uploads\/2024\/07\/Foto-2A-1024x576.jpg 1024w, https:\/\/www.medellin.gov.co\/es\/wp-content\/uploads\/2024\/07\/Foto-2A-300x169.jpg 300w, https:\/\/www.medellin.gov.co\/es\/wp-content\/uploads\/2024\/07\/Foto-2A-150x84.jpg 150w, https:\/\/www.medellin.gov.co\/es\/wp-content\/uploads\/2024\/07\/Foto-2A-768x432.jpg 768w, https:\/\/www.medellin.gov.co\/es\/wp-content\/uploads\/2024\/07\/Foto-2A.jpg 1280w\" sizes=\"(max-width: 1024px) 100vw, 1024px\" \/><\/a><\/p>\n<p><strong>Hasta dinero se encuentra<\/strong><\/p>\n<p>Este a\u00f1o, Johnfer Alexander Bedoya Vera\u00a0 comenz\u00f3 a trabajar con la <a href=\"https:\/\/www.medellin.gov.co\/es\/secretaria-medio-ambiente\/\" target=\"_blank\" rel=\"noopener\">Secretar\u00eda de Medio Ambiente<\/a>, con el fin de devolverle la vida a los parques, como \u00e9l lo dice, es decir, limpieza, pintura, reformas y ponerlos bonitos para el disfrute de la comunidad. En su recorrido por parques, quebradas, riberas y corredores urbanos, \u00e9l ha sido afortunado, porque ha encontrado de todo, no siempre cosas desagradables, sino objetos dejados por las personas.<\/p>\n<p><a href=\"https:\/\/www.medellin.gov.co\/es\/wp-content\/uploads\/2024\/07\/Foto-3.jpg\" target=\"_blank\" rel=\"noopener\"><img loading=\"lazy\" class=\"alignnone wp-image-325256 size-large\" src=\"https:\/\/www.medellin.gov.co\/es\/wp-content\/uploads\/2024\/07\/Foto-3-1024x576.jpg\" alt=\"\" width=\"1024\" height=\"576\" srcset=\"https:\/\/www.medellin.gov.co\/es\/wp-content\/uploads\/2024\/07\/Foto-3-1024x576.jpg 1024w, https:\/\/www.medellin.gov.co\/es\/wp-content\/uploads\/2024\/07\/Foto-3-300x169.jpg 300w, https:\/\/www.medellin.gov.co\/es\/wp-content\/uploads\/2024\/07\/Foto-3-150x84.jpg 150w, https:\/\/www.medellin.gov.co\/es\/wp-content\/uploads\/2024\/07\/Foto-3-768x432.jpg 768w, https:\/\/www.medellin.gov.co\/es\/wp-content\/uploads\/2024\/07\/Foto-3.jpg 1280w\" sizes=\"(max-width: 1024px) 100vw, 1024px\" \/><\/a><\/p>\n<p>Ac\u00e1 en <a href=\"https:\/\/es.wikipedia.org\/wiki\/Quebrada_La_Presidenta\" target=\"_blank\" rel=\"noopener\">La Presidenta<\/a>, encontr\u00f3 $14 000\u00a0 dentro de un vaso enterrado y recuerda que esta es la tercera vez que el dinero llega a sus manos. <em>\u201c<\/em>E<em>n este oficio me encuentro de todo, absolutamente de todo, desde materia fecal hasta plata, ropa, zapatos. Imag\u00ednese que una vez me encontr\u00e9 una caja que conten\u00eda unos tenis completamente nuevos, sin usar. Otra cosa, por barrio Antioquia, empezando a laborar, me encontr\u00e9 $150 000 dentro de un pa\u00f1uelo, en el Popular me encontr\u00e9 $5500 dentro de una bolsa y ya hoy que me encontr\u00e9 $14 000 y ahorita invito a los muchachos a tomar fresquito\u201d.<\/em><em>\u00a0<\/em><\/p>\n<p><a href=\"https:\/\/www.medellin.gov.co\/es\/wp-content\/uploads\/2024\/07\/Foto-4.jpg\" target=\"_blank\" rel=\"noopener\"><img loading=\"lazy\" class=\"alignnone wp-image-325259 size-large\" src=\"https:\/\/www.medellin.gov.co\/es\/wp-content\/uploads\/2024\/07\/Foto-4-1024x576.jpg\" alt=\"\" width=\"1024\" height=\"576\" srcset=\"https:\/\/www.medellin.gov.co\/es\/wp-content\/uploads\/2024\/07\/Foto-4-1024x576.jpg 1024w, https:\/\/www.medellin.gov.co\/es\/wp-content\/uploads\/2024\/07\/Foto-4-300x169.jpg 300w, https:\/\/www.medellin.gov.co\/es\/wp-content\/uploads\/2024\/07\/Foto-4-150x84.jpg 150w, https:\/\/www.medellin.gov.co\/es\/wp-content\/uploads\/2024\/07\/Foto-4-768x432.jpg 768w, https:\/\/www.medellin.gov.co\/es\/wp-content\/uploads\/2024\/07\/Foto-4.jpg 1280w\" sizes=\"(max-width: 1024px) 100vw, 1024px\" \/><\/a><\/p>\n<p><strong>Los aprendizajes<\/strong><\/p>\n<p>Estas intervenciones en estas 27 quebradas de la ciudad dejan grandes mensajes y aprendizajes a la comunidad que estuvo all\u00ed, porque no se puede esperar a que llegue el invierno y los caudales de afluentes aumenten y con ello los desastres e inundaciones.<\/p>\n<p>Uno de esos testimonios es el de Margarita Mar\u00eda Mar\u00edn, que vive en el <a href=\"https:\/\/www.medellin.gov.co\/giscatalogacion\/srv\/api\/records\/fd079437-35e6-4a57-ad0e-d98dedb6d6b5\" target=\"_blank\" rel=\"noopener\">sector de El Vel\u00f3dromo<\/a> por donde cruza la <a href=\"https:\/\/www.metropol.gov.co\/ambiental\/recurso-hidrico\/Paginas\/aguas-superficiales\/quebradas\/quebrada-la-hueso.aspx\" target=\"_blank\" rel=\"noopener\">quebrada La Hueso<\/a>, quien insiste en lo siguiente: <em>\u201cEspero que la gente colabore y no tire las cosas a las quebradas y las dejen en los puntos autorizados para que los carros de <a href=\"https:\/\/www.emvarias.com.co\/emvarias\" target=\"_blank\" rel=\"noopener\">Emvarias<\/a> las recojan. Todos debemos colaborar.\u201d<\/em><em>\u00a0<\/em><\/p>\n<p><a href=\"https:\/\/www.medellin.gov.co\/es\/wp-content\/uploads\/2022\/03\/20210110-Quebradas-3.jpg\" target=\"_blank\" rel=\"noopener\"><img loading=\"lazy\" class=\"alignnone wp-image-59782 size-full\" src=\"https:\/\/www.medellin.gov.co\/es\/wp-content\/uploads\/2022\/03\/20210110-Quebradas-3.jpg\" alt=\"\" width=\"1000\" height=\"450\" srcset=\"https:\/\/www.medellin.gov.co\/es\/wp-content\/uploads\/2022\/03\/20210110-Quebradas-3.jpg 1000w, https:\/\/www.medellin.gov.co\/es\/wp-content\/uploads\/2022\/03\/20210110-Quebradas-3-300x135.jpg 300w, https:\/\/www.medellin.gov.co\/es\/wp-content\/uploads\/2022\/03\/20210110-Quebradas-3-150x68.jpg 150w, https:\/\/www.medellin.gov.co\/es\/wp-content\/uploads\/2022\/03\/20210110-Quebradas-3-768x346.jpg 768w\" sizes=\"(max-width: 1000px) 100vw, 1000px\" \/><\/a><\/p>\n<p>La <a href=\"https:\/\/www.medellin.gov.co\/\" target=\"_blank\" rel=\"noopener\">Administraci\u00f3n Distrital de Medell\u00edn<\/a> hace un llamado a la ciudadan\u00eda para un correcto manejo de los residuos s\u00f3lidos y a que estos no se depositen en los afluentes, para as\u00ed evitar obstrucciones. Estos elementos deben ubicarse en los lugares y horas autorizadas.<\/p>\n<p><strong>Cifras de la \u201climpiat\u00f3n\u201d<\/strong><\/p>\n<ul>\n<li>Cantidad de Residuos de Construcci\u00f3n y Demolici\u00f3n (RCD) recogidos: 74 metros c\u00fabicos.<\/li>\n<li>Cantidad de Residuos Voluminosos (RV) recogidos: 137 metros c\u00fabicos.<\/li>\n<li>Cantidad de Residuos Ordinarios (RO) recogidos: 215,6 metros c\u00fabicos.<\/li>\n<li>Cantidad de Limpieza de Zona Verde (LZV) -margen, zona verde y\/o cauce- 113 520 metros cuadrados intervenidos.<\/li>\n<li>Cantidad \u00c1rea de Mantenimiento en Jardiner\u00eda (AMJ): 15 115 metros cuadrados intervenidos.<\/li>\n<\/ul>\n<p><strong>Para reportar anomal\u00edas<\/strong><strong>\u00a0<\/strong><\/p>\n<p>Cualquier anomal\u00eda o represamiento en las quebradas se puede reportar en la L\u00ednea 123. Adem\u00e1s, se reitera el llamado a la comunidad para que evite ingresar a cauces y zonas de retiro cuando llueva, debido a los riesgos de crecimiento del caudal.<\/p>\n\n\t\t<style type=\"text\/css\">\n\t\t\t#gallery-3 {\n\t\t\t\tmargin: auto;\n\t\t\t}\n\t\t\t#gallery-3 .gallery-item {\n\t\t\t\tfloat: left;\n\t\t\t\tmargin-top: 10px;\n\t\t\t\ttext-align: center;\n\t\t\t\twidth: 50%;\n\t\t\t}\n\t\t\t#gallery-3 img {\n\t\t\t\tborder: 2px solid #cfcfcf;\n\t\t\t}\n\t\t\t#gallery-3 .gallery-caption {\n\t\t\t\tmargin-left: 0;\n\t\t\t}\n\t\t\t\/* see gallery_shortcode() in wp-includes\/media.php *\/\n\t\t<\/style>\n\t\t<div id='gallery-3' class='gallery galleryid-325249 gallery-columns-2 gallery-size-large'><dl class='gallery-item'>\n\t\t\t<dt class='gallery-icon landscape'>\n\t\t\t\t<a href='https:\/\/www.medellin.gov.co\/es\/sala-de-prensa\/noticias\/mas-de-400-metros-cubicos-de-residuos-fueron-recuperados-en-puntos-criticos-de-la-quebrada-la-iguana\/puntos-criticos-3-2\/'><img width=\"1024\" height=\"683\" src=\"https:\/\/www.medellin.gov.co\/es\/wp-content\/uploads\/2022\/07\/puntos-criticos-3.jpg\" class=\"attachment-large size-large\" alt=\"Puntos cr\u00edticos de la quebrada la Iguan\u00e1\" loading=\"lazy\" srcset=\"https:\/\/www.medellin.gov.co\/es\/wp-content\/uploads\/2022\/07\/puntos-criticos-3.jpg 1024w, https:\/\/www.medellin.gov.co\/es\/wp-content\/uploads\/2022\/07\/puntos-criticos-3-300x200.jpg 300w, https:\/\/www.medellin.gov.co\/es\/wp-content\/uploads\/2022\/07\/puntos-criticos-3-150x100.jpg 150w, https:\/\/www.medellin.gov.co\/es\/wp-content\/uploads\/2022\/07\/puntos-criticos-3-768x512.jpg 768w\" sizes=\"(max-width: 1024px) 100vw, 1024px\" \/><\/a>\n\t\t\t<\/dt><\/dl><dl class='gallery-item'>\n\t\t\t<dt class='gallery-icon landscape'>\n\t\t\t\t<a href='https:\/\/www.medellin.gov.co\/es\/sala-de-prensa\/noticias\/mas-de-400-metros-cubicos-de-residuos-fueron-recuperados-en-puntos-criticos-de-la-quebrada-la-iguana\/puntos-criticos-2-2\/'><img width=\"1024\" height=\"683\" src=\"https:\/\/www.medellin.gov.co\/es\/wp-content\/uploads\/2022\/07\/puntos-criticos-2.jpg\" class=\"attachment-large size-large\" alt=\"Puntos cr\u00edticos de la quebrada la Iguan\u00e1\" loading=\"lazy\" srcset=\"https:\/\/www.medellin.gov.co\/es\/wp-content\/uploads\/2022\/07\/puntos-criticos-2.jpg 1024w, https:\/\/www.medellin.gov.co\/es\/wp-content\/uploads\/2022\/07\/puntos-criticos-2-300x200.jpg 300w, https:\/\/www.medellin.gov.co\/es\/wp-content\/uploads\/2022\/07\/puntos-criticos-2-150x100.jpg 150w, https:\/\/www.medellin.gov.co\/es\/wp-content\/uploads\/2022\/07\/puntos-criticos-2-768x512.jpg 768w\" sizes=\"(max-width: 1024px) 100vw, 1024px\" \/><\/a>\n\t\t\t<\/dt><\/dl><br style=\"clear: both\" \/>\n\t\t<\/div>\n\n<p>Quebradas libres de escombros o basuras, residuos s\u00f3lidos manejados adecuadamente, respeto por los retiros de los cauces al no construir cerca de ellos y estar atentos a cualquier situaci\u00f3n, son claves para que Medell\u00edn siga siendo esa Tacita de Plata que tanto queremos y para evitar emergencias que se conviertan en situaciones dolorosas.\u00a0 Esa es la consigna.<\/p>\n","protected":false},"excerpt":{"rendered":"<p>\u00bfSab\u00edas que en nuestra ciudad \u00a0hay 4217 quebradas, de las cuales 56 son afluentes principales del r\u00edo Medell\u00edn y otros 4161 son afluentes secundarios, localizadas a lo largo de las 16 comunas y los 5 &#8230;<\/p>\n","protected":false},"author":17,"featured_media":325264,"comment_status":"open","ping_status":"open","sticky":false,"template":"","format":"standard","meta":[],"categories":[13],"tags":[436,622],"formato_nota":[],"programas_tax":[],"acf":[],"_links":{"self":[{"href":"https:\/\/www.medellin.gov.co\/es\/wp-json\/wp\/v2\/posts\/325249"}],"collection":[{"href":"https:\/\/www.medellin.gov.co\/es\/wp-json\/wp\/v2\/posts"}],"about":[{"href":"https:\/\/www.medellin.gov.co\/es\/wp-json\/wp\/v2\/types\/post"}],"author":[{"embeddable":true,"href":"https:\/\/www.medellin.gov.co\/es\/wp-json\/wp\/v2\/users\/17"}],"replies":[{"embeddable":true,"href":"https:\/\/www.medellin.gov.co\/es\/wp-json\/wp\/v2\/comments?post=325249"}],"version-history":[{"count":5,"href":"https:\/\/www.medellin.gov.co\/es\/wp-json\/wp\/v2\/posts\/325249\/revisions"}],"predecessor-version":[{"id":325288,"href":"https:\/\/www.medellin.gov.co\/es\/wp-json\/wp\/v2\/posts\/325249\/revisions\/325288"}],"wp:featuredmedia":[{"embeddable":true,"href":"https:\/\/www.medellin.gov.co\/es\/wp-json\/wp\/v2\/media\/325264"}],"wp:attachment":[{"href":"https:\/\/www.medellin.gov.co\/es\/wp-json\/wp\/v2\/media?parent=325249"}],"wp:term":[{"taxonomy":"category","embeddable":true,"href":"https:\/\/www.medellin.gov.co\/es\/wp-json\/wp\/v2\/categories?post=325249"},{"taxonomy":"post_tag","embeddable":true,"href":"https:\/\/www.medellin.gov.co\/es\/wp-json\/wp\/v2\/tags?post=325249"},{"taxonomy":"formato_nota","embeddable":true,"href":"https:\/\/www.medellin.gov.co\/es\/wp-json\/wp\/v2\/formato_nota?post=325249"},{"taxonomy":"programas_tax","embeddable":true,"href":"https:\/\/www.medellin.gov.co\/es\/wp-json\/wp\/v2\/programas_tax?post=325249"}],"curies":[{"name":"wp","href":"https:\/\/api.w.org\/{rel}","templated":true}]}}