{"id":325336,"date":"2024-07-21T09:57:23","date_gmt":"2024-07-21T14:57:23","guid":{"rendered":"https:\/\/www.medellin.gov.co\/es\/?p=325336"},"modified":"2024-09-14T13:25:07","modified_gmt":"2024-09-14T18:25:07","slug":"medellin-tiene-la-mayor-inversion-de-su-historia-para-las-victimas-del-conflicto-armado","status":"publish","type":"post","link":"https:\/\/www.medellin.gov.co\/es\/sala-de-prensa\/noticias\/medellin-tiene-la-mayor-inversion-de-su-historia-para-las-victimas-del-conflicto-armado\/","title":{"rendered":"Medell\u00edn tiene la mayor inversi\u00f3n de su historia para las v\u00edctimas del conflicto armado"},"content":{"rendered":"<div class=\"page\" title=\"Page 1\">\n<div class=\"section\">\n<div class=\"layoutArea\">\n<div class=\"column\">\n<ul>\n<li><strong>El Plan de Desarrollo contempla $1.8 billones para una mayor atencio\u0301n y asistencia a las vi\u0301ctimas.<\/strong><\/li>\n<li><strong>Los recursos aumentaron 31 % con respecto a 2023.<\/strong><\/li>\n<\/ul>\n<!--[if lt IE 9]><script>document.createElement('audio');<\/script><![endif]-->\n\t<div class=\"wp-playlist wp-audio-playlist wp-playlist-light\">\n\t\t\t<div class=\"wp-playlist-current-item\"><\/div>\n\t\t<audio controls=\"controls\" preload=\"none\" width=\"640\"\n\t\t\t><\/audio>\n\t<div class=\"wp-playlist-next\"><\/div>\n\t<div class=\"wp-playlist-prev\"><\/div>\n\t<noscript>\n\t<ol>\n\t\t<li><a href='https:\/\/www.medellin.gov.co\/es\/wp-content\/uploads\/2024\/07\/Victimas-conflicto-armado-inversion-01.mp3'>Palabras de Carlos Alberto Arcila, secretario de Paz y Derechos Humanos<\/a><\/li>\t<\/ol>\n\t<\/noscript>\n\t<script type=\"application\/json\" class=\"wp-playlist-script\">{\"type\":\"audio\",\"tracklist\":true,\"tracknumbers\":true,\"images\":true,\"artists\":true,\"tracks\":[{\"src\":\"https:\\\/\\\/www.medellin.gov.co\\\/es\\\/wp-content\\\/uploads\\\/2024\\\/07\\\/Victimas-conflicto-armado-inversion-01.mp3\",\"type\":\"audio\\\/mpeg\",\"title\":\"Palabras de Carlos Alberto Arcila, secretario de Paz y Derechos Humanos\",\"caption\":\"\",\"description\":\"\\u00abPalabras de Carlos Alberto Arcila, secretario de Paz y Derechos Humanos\\u00bb.\",\"meta\":{\"length_formatted\":\"0:44\"},\"image\":{\"src\":\"https:\\\/\\\/www.medellin.gov.co\\\/es\\\/wp-includes\\\/images\\\/media\\\/audio.png\",\"width\":48,\"height\":64},\"thumb\":{\"src\":\"https:\\\/\\\/www.medellin.gov.co\\\/es\\\/wp-includes\\\/images\\\/media\\\/audio.png\",\"width\":48,\"height\":64}}]}<\/script>\n<\/div>\n\t\n<p>Con un presupuesto de $1.8 billones para el cuatrienio, la Administracio\u0301n Distrital prioriza diferentes iniciativas para acompan\u0303ar a las vi\u0301ctimas del conflicto armado y transversalizar su atencio\u0301n y reparacio\u0301n.<\/p>\n<div id=\"attachment_325341\" style=\"width: 1210px\" class=\"wp-caption alignnone\"><img aria-describedby=\"caption-attachment-325341\" loading=\"lazy\" class=\"wp-image-325341 size-full\" title=\"Medell\u00edn tiene la mayor inversi\u00f3n de su historia para las v\u00edctimas del conflicto armado\" src=\"https:\/\/www.medellin.gov.co\/es\/wp-content\/uploads\/2024\/07\/Victimas-conflicto-armado-inversion-2.jpg\" alt=\"Medell\u00edn tiene la mayor inversi\u00f3n de su historia para las v\u00edctimas del conflicto armado\" width=\"1200\" height=\"802\" srcset=\"https:\/\/www.medellin.gov.co\/es\/wp-content\/uploads\/2024\/07\/Victimas-conflicto-armado-inversion-2.jpg 1200w, https:\/\/www.medellin.gov.co\/es\/wp-content\/uploads\/2024\/07\/Victimas-conflicto-armado-inversion-2-300x201.jpg 300w, https:\/\/www.medellin.gov.co\/es\/wp-content\/uploads\/2024\/07\/Victimas-conflicto-armado-inversion-2-1024x684.jpg 1024w, https:\/\/www.medellin.gov.co\/es\/wp-content\/uploads\/2024\/07\/Victimas-conflicto-armado-inversion-2-150x100.jpg 150w, https:\/\/www.medellin.gov.co\/es\/wp-content\/uploads\/2024\/07\/Victimas-conflicto-armado-inversion-2-768x513.jpg 768w\" sizes=\"(max-width: 1200px) 100vw, 1200px\" \/><p id=\"caption-attachment-325341\" class=\"wp-caption-text\">Medell\u00edn tiene la mayor inversi\u00f3n de su historia para las v\u00edctimas del conflicto armado &#8211; Foto alcaldia de Medell\u00edn<\/p><\/div>\n<p>\u201cEsto es histo\u0301rico para el Plan de Desarrollo y tambie\u0301n para el pai\u0301s. Las vi\u0301ctimas del conflicto armado son el centro de la Alcaldi\u0301a de Medelli\u0301n y por eso tenemos un compromiso para garantizar los derechos humanos\u201d, explico\u0301 el secretario de Paz y Derechos Humanos, Carlos Alberto Arcila Valencia.<\/p>\n<p>Entre los proyectos esta\u0301 el componente psicosocial, ruta de educacio\u0301n, emprendimientos, estrategias de prevencio\u0301n temprana por medio del deporte y la recreacio\u0301n, asi\u0301 como acciones de monitoreo de zonas con riesgo para el restablecimiento de derechos en los hogares de paso y a las mujeres que se encuentran en los hogares de acogida.<\/p>\n<p>El Distrito ofrece medidas de reparacio\u0301n integral por medio de los procesos de retorno y reubicacio\u0301n en los barrios o municipios del departamento que esta\u0301n articulados con entidades nacionales y regionales.<\/p>\n<div id=\"attachment_325342\" style=\"width: 1210px\" class=\"wp-caption alignnone\"><img aria-describedby=\"caption-attachment-325342\" loading=\"lazy\" class=\"wp-image-325342 size-full\" title=\"Medell\u00edn tiene la mayor inversi\u00f3n de su historia para las v\u00edctimas del conflicto armado\" src=\"https:\/\/www.medellin.gov.co\/es\/wp-content\/uploads\/2024\/07\/Victimas-conflicto-armado-inversion-3.jpg\" alt=\"Medell\u00edn tiene la mayor inversi\u00f3n de su historia para las v\u00edctimas del conflicto armado\" width=\"1200\" height=\"802\" srcset=\"https:\/\/www.medellin.gov.co\/es\/wp-content\/uploads\/2024\/07\/Victimas-conflicto-armado-inversion-3.jpg 1200w, https:\/\/www.medellin.gov.co\/es\/wp-content\/uploads\/2024\/07\/Victimas-conflicto-armado-inversion-3-300x201.jpg 300w, https:\/\/www.medellin.gov.co\/es\/wp-content\/uploads\/2024\/07\/Victimas-conflicto-armado-inversion-3-1024x684.jpg 1024w, https:\/\/www.medellin.gov.co\/es\/wp-content\/uploads\/2024\/07\/Victimas-conflicto-armado-inversion-3-150x100.jpg 150w, https:\/\/www.medellin.gov.co\/es\/wp-content\/uploads\/2024\/07\/Victimas-conflicto-armado-inversion-3-768x513.jpg 768w\" sizes=\"(max-width: 1200px) 100vw, 1200px\" \/><p id=\"caption-attachment-325342\" class=\"wp-caption-text\">Medell\u00edn tiene la mayor inversi\u00f3n de su historia para las v\u00edctimas del conflicto armado &#8211; Foto alcaldia de Medell\u00edn<\/p><\/div>\n<p>En los proyectos de atencio\u0301n y asistencia se prioriza la orientacio\u0301n humanitaria, psicosocial, vivienda, albergue, apoyo funerario, activacio\u0301n de oferta de derechos, entrega de bono alimentario y acceso a documentos de identificacio\u0301n.<\/p>\n<\/div>\n<\/div>\n<\/div>\n<\/div>\n","protected":false},"excerpt":{"rendered":"<p>El Plan de Desarrollo contempla $1.8 billones para una mayor atencio\u0301n y asistencia a las vi\u0301ctimas. Los recursos aumentaron 31 % con respecto a 2023. Con un presupuesto de $1.8 billones para el cuatrienio, la &#8230;<\/p>\n","protected":false},"author":84,"featured_media":325339,"comment_status":"open","ping_status":"open","sticky":false,"template":"","format":"standard","meta":[],"categories":[701],"tags":[434,455],"formato_nota":[],"programas_tax":[],"acf":[],"_links":{"self":[{"href":"https:\/\/www.medellin.gov.co\/es\/wp-json\/wp\/v2\/posts\/325336"}],"collection":[{"href":"https:\/\/www.medellin.gov.co\/es\/wp-json\/wp\/v2\/posts"}],"about":[{"href":"https:\/\/www.medellin.gov.co\/es\/wp-json\/wp\/v2\/types\/post"}],"author":[{"embeddable":true,"href":"https:\/\/www.medellin.gov.co\/es\/wp-json\/wp\/v2\/users\/84"}],"replies":[{"embeddable":true,"href":"https:\/\/www.medellin.gov.co\/es\/wp-json\/wp\/v2\/comments?post=325336"}],"version-history":[{"count":2,"href":"https:\/\/www.medellin.gov.co\/es\/wp-json\/wp\/v2\/posts\/325336\/revisions"}],"predecessor-version":[{"id":325347,"href":"https:\/\/www.medellin.gov.co\/es\/wp-json\/wp\/v2\/posts\/325336\/revisions\/325347"}],"wp:featuredmedia":[{"embeddable":true,"href":"https:\/\/www.medellin.gov.co\/es\/wp-json\/wp\/v2\/media\/325339"}],"wp:attachment":[{"href":"https:\/\/www.medellin.gov.co\/es\/wp-json\/wp\/v2\/media?parent=325336"}],"wp:term":[{"taxonomy":"category","embeddable":true,"href":"https:\/\/www.medellin.gov.co\/es\/wp-json\/wp\/v2\/categories?post=325336"},{"taxonomy":"post_tag","embeddable":true,"href":"https:\/\/www.medellin.gov.co\/es\/wp-json\/wp\/v2\/tags?post=325336"},{"taxonomy":"formato_nota","embeddable":true,"href":"https:\/\/www.medellin.gov.co\/es\/wp-json\/wp\/v2\/formato_nota?post=325336"},{"taxonomy":"programas_tax","embeddable":true,"href":"https:\/\/www.medellin.gov.co\/es\/wp-json\/wp\/v2\/programas_tax?post=325336"}],"curies":[{"name":"wp","href":"https:\/\/api.w.org\/{rel}","templated":true}]}}