{"id":326953,"date":"2024-07-25T13:43:29","date_gmt":"2024-07-25T18:43:29","guid":{"rendered":"https:\/\/www.medellin.gov.co\/es\/?p=326953"},"modified":"2024-07-25T13:43:29","modified_gmt":"2024-07-25T18:43:29","slug":"por-saturacion-del-125-en-atencion-de-urgencias-el-distrito-activa-plan-de-contingencia","status":"publish","type":"post","link":"https:\/\/www.medellin.gov.co\/es\/sala-de-prensa\/noticias\/por-saturacion-del-125-en-atencion-de-urgencias-el-distrito-activa-plan-de-contingencia\/","title":{"rendered":"Por saturaci\u00f3n del 125 % en atenci\u00f3n de urgencias, el Distrito activa plan de contingencia"},"content":{"rendered":"<ul>\n<li class=\"p1\"><b>La Secretar\u00eda de Salud estableci\u00f3 comunicaci\u00f3n con las EPS y las IPS para <\/b><b>revisar la disponibilidad de citas prioritarias y mejorar el servicio para\u00a0<\/b><b>pacientes de menor complejidad.<\/b><\/li>\n<\/ul>\n<!--[if lt IE 9]><script>document.createElement('audio');<\/script><![endif]-->\n\t<div class=\"wp-playlist wp-audio-playlist wp-playlist-light\">\n\t\t\t<div class=\"wp-playlist-current-item\"><\/div>\n\t\t<audio controls=\"controls\" preload=\"none\" width=\"640\"\n\t\t\t><\/audio>\n\t<div class=\"wp-playlist-next\"><\/div>\n\t<div class=\"wp-playlist-prev\"><\/div>\n\t<noscript>\n\t<ol>\n\t\t<li><a href='https:\/\/www.medellin.gov.co\/es\/wp-content\/uploads\/2024\/07\/Plan-de-contingencia-por-saturacion-en-entencion-urgencias-01.mp3'>Palabras de Natalia L\u00f3pez Delgado, secretaria de salud<\/a><\/li>\t<\/ol>\n\t<\/noscript>\n\t<script type=\"application\/json\" class=\"wp-playlist-script\">{\"type\":\"audio\",\"tracklist\":true,\"tracknumbers\":true,\"images\":true,\"artists\":true,\"tracks\":[{\"src\":\"https:\\\/\\\/www.medellin.gov.co\\\/es\\\/wp-content\\\/uploads\\\/2024\\\/07\\\/Plan-de-contingencia-por-saturacion-en-entencion-urgencias-01.mp3\",\"type\":\"audio\\\/mpeg\",\"title\":\"Palabras de Natalia L\\u00f3pez Delgado, secretaria de salud\",\"caption\":\"\",\"description\":\"\\u00abPalabras de Natalia L\\u00f3pez Delgado, secretaria de salud\\u00bb.\",\"meta\":{\"length_formatted\":\"1:02\"},\"image\":{\"src\":\"https:\\\/\\\/www.medellin.gov.co\\\/es\\\/wp-includes\\\/images\\\/media\\\/audio.png\",\"width\":48,\"height\":64},\"thumb\":{\"src\":\"https:\\\/\\\/www.medellin.gov.co\\\/es\\\/wp-includes\\\/images\\\/media\\\/audio.png\",\"width\":48,\"height\":64}}]}<\/script>\n<\/div>\n\t\n<p class=\"p1\">En la \u00faltima semana, los servicios de urgencias del Distrito han registrado una\u00a0ocupaci\u00f3n del 125 % debido a un notable incremento en la admisi\u00f3n de pacientes\u00a0clasificados como triage 4 y 5. La mayor demanda se relaciona principalmente con\u00a0infecciones respiratorias como influenza por AH1N1, parainfluenza, Virus Sincitial\u00a0Respiratorio y covid-19.<\/p>\n<p class=\"p1\">Para hacer frente a esta situaci\u00f3n, la Secretar\u00eda de Salud fortalece acciones de\u00a0coordinaci\u00f3n con las Entidades Administradoras de Planes de Beneficios y las\u00a0Instituciones Prestadoras de Servicios (IPS) de baja complejidad. El objetivo es\u00a0revisar las agendas y asegurar la disponibilidad de citas prioritarias en la red de\u00a0consulta externa, mejorando as\u00ed la respuesta a las necesidades de los pacientes\u00a0de triage 4 y 5 que han acudido a urgencias y que pueden ser atendidos en cita\u00a0prioritaria o por m\u00e9dico general.<\/p>\n<div id=\"attachment_326957\" style=\"width: 1610px\" class=\"wp-caption alignnone\"><img aria-describedby=\"caption-attachment-326957\" loading=\"lazy\" class=\"wp-image-326957 size-full\" title=\"Por saturaci\u00f3n del 125 % en atenci\u00f3n de urgencias, el Distrito activa plan de contingencia\" src=\"https:\/\/www.medellin.gov.co\/es\/wp-content\/uploads\/2024\/07\/Plan-de-contingencia-por-saturacion-en-entencion-urgencias-2.jpg\" alt=\"Por saturaci\u00f3n del 125 % en atenci\u00f3n de urgencias, el Distrito activa plan de contingencia\" width=\"1600\" height=\"1066\" srcset=\"https:\/\/www.medellin.gov.co\/es\/wp-content\/uploads\/2024\/07\/Plan-de-contingencia-por-saturacion-en-entencion-urgencias-2.jpg 1600w, https:\/\/www.medellin.gov.co\/es\/wp-content\/uploads\/2024\/07\/Plan-de-contingencia-por-saturacion-en-entencion-urgencias-2-300x200.jpg 300w, https:\/\/www.medellin.gov.co\/es\/wp-content\/uploads\/2024\/07\/Plan-de-contingencia-por-saturacion-en-entencion-urgencias-2-1024x682.jpg 1024w, https:\/\/www.medellin.gov.co\/es\/wp-content\/uploads\/2024\/07\/Plan-de-contingencia-por-saturacion-en-entencion-urgencias-2-150x100.jpg 150w, https:\/\/www.medellin.gov.co\/es\/wp-content\/uploads\/2024\/07\/Plan-de-contingencia-por-saturacion-en-entencion-urgencias-2-768x512.jpg 768w, https:\/\/www.medellin.gov.co\/es\/wp-content\/uploads\/2024\/07\/Plan-de-contingencia-por-saturacion-en-entencion-urgencias-2-1536x1023.jpg 1536w\" sizes=\"(max-width: 1600px) 100vw, 1600px\" \/><p id=\"caption-attachment-326957\" class=\"wp-caption-text\">Por saturaci\u00f3n del 125 % en atenci\u00f3n de urgencias, el Distrito activa plan de contingencia &#8211; Foto alcaldia de Medell\u00edn<\/p><\/div>\n<p class=\"p1\">La secretaria de Salud, Natalia L\u00f3pez Delgado, asegur\u00f3 que <i>\u201cMedell\u00edn es un\u00a0<\/i><i>centro de referencia. No solamente atiende a personas que viven en la ciudad,\u00a0<\/i><i>sino a personas de municipios aleda\u00f1os o de otros departamentos. Esta es una\u00a0<\/i><i>situaci\u00f3n que no solo se presenta en Medell\u00edn, sino que se est\u00e1 dando en gran\u00a0<\/i><i>parte de los hospitales de otras ciudades, que tienen una situaci\u00f3n financiera\u00a0<\/i><i>compleja y que responden a aspectos de fondo en el sistema de salud, lo que\u00a0<\/i><i>hace que la gente busque la ruta m\u00e1s \u00e1gil de atenci\u00f3n como son los servicios de\u00a0<\/i><i>urgencias\u201d<\/i><i>.<\/i><\/p>\n<p class=\"p1\">Gracias al Centro Integral de Gesti\u00f3n de Acceso (Ciga), en julio se han reportado\u00a019.339 solicitudes de citas, de las cuales 16.000 han sido gestionadas y 3.339 han sido canceladas por diversas razones, incluyendo la no aceptaci\u00f3n por parte de\u00a0los pacientes y la residencia fuera de Medell\u00edn. Esto representa un aumento del\u00a040 % en la demanda de citas a trav\u00e9s de esta plataforma. Con el Ciga, el Distrito\u00a0puede detectar en hospitales, especialmente de mediana y alta complejidad de la\u00a0ciudad, los pacientes que reportan triage 4 o triage 5.<\/p>\n<p class=\"p1\">Para evitar una situaci\u00f3n de sobresaturaci\u00f3n, la Administraci\u00f3n Distrital\u00a0recomienda a la ciudadan\u00eda hacer uso adecuado de los servicios de salud, acudir\u00a0a los controles m\u00e9dicos o atenci\u00f3n m\u00e9dica programada y prioritaria en la red que\u00a0le corresponda, o ir a los servicios de urgencias en los casos que se detecten\u00a0se\u00f1ales de alarma.<\/p>\n","protected":false},"excerpt":{"rendered":"<p>La Secretar\u00eda de Salud estableci\u00f3 comunicaci\u00f3n con las EPS y las IPS para revisar la disponibilidad de citas prioritarias y mejorar el servicio para\u00a0pacientes de menor complejidad. En la \u00faltima semana, los servicios de urgencias &#8230;<\/p>\n","protected":false},"author":84,"featured_media":326959,"comment_status":"open","ping_status":"open","sticky":false,"template":"","format":"standard","meta":[],"categories":[18],"tags":[451,455,452],"formato_nota":[],"programas_tax":[],"acf":[],"_links":{"self":[{"href":"https:\/\/www.medellin.gov.co\/es\/wp-json\/wp\/v2\/posts\/326953"}],"collection":[{"href":"https:\/\/www.medellin.gov.co\/es\/wp-json\/wp\/v2\/posts"}],"about":[{"href":"https:\/\/www.medellin.gov.co\/es\/wp-json\/wp\/v2\/types\/post"}],"author":[{"embeddable":true,"href":"https:\/\/www.medellin.gov.co\/es\/wp-json\/wp\/v2\/users\/84"}],"replies":[{"embeddable":true,"href":"https:\/\/www.medellin.gov.co\/es\/wp-json\/wp\/v2\/comments?post=326953"}],"version-history":[{"count":2,"href":"https:\/\/www.medellin.gov.co\/es\/wp-json\/wp\/v2\/posts\/326953\/revisions"}],"predecessor-version":[{"id":326967,"href":"https:\/\/www.medellin.gov.co\/es\/wp-json\/wp\/v2\/posts\/326953\/revisions\/326967"}],"wp:featuredmedia":[{"embeddable":true,"href":"https:\/\/www.medellin.gov.co\/es\/wp-json\/wp\/v2\/media\/326959"}],"wp:attachment":[{"href":"https:\/\/www.medellin.gov.co\/es\/wp-json\/wp\/v2\/media?parent=326953"}],"wp:term":[{"taxonomy":"category","embeddable":true,"href":"https:\/\/www.medellin.gov.co\/es\/wp-json\/wp\/v2\/categories?post=326953"},{"taxonomy":"post_tag","embeddable":true,"href":"https:\/\/www.medellin.gov.co\/es\/wp-json\/wp\/v2\/tags?post=326953"},{"taxonomy":"formato_nota","embeddable":true,"href":"https:\/\/www.medellin.gov.co\/es\/wp-json\/wp\/v2\/formato_nota?post=326953"},{"taxonomy":"programas_tax","embeddable":true,"href":"https:\/\/www.medellin.gov.co\/es\/wp-json\/wp\/v2\/programas_tax?post=326953"}],"curies":[{"name":"wp","href":"https:\/\/api.w.org\/{rel}","templated":true}]}}