{"id":327181,"date":"2024-07-26T11:39:31","date_gmt":"2024-07-26T16:39:31","guid":{"rendered":"https:\/\/www.medellin.gov.co\/es\/?p=327181"},"modified":"2024-07-26T12:31:03","modified_gmt":"2024-07-26T17:31:03","slug":"salia-el-chorro-bendito-sea-dios","status":"publish","type":"post","link":"https:\/\/www.medellin.gov.co\/es\/sala-de-prensa\/noticias\/salia-el-chorro-bendito-sea-dios\/","title":{"rendered":"Sal\u00eda el chorro \u00a1Bendito sea Dios!"},"content":{"rendered":"<blockquote><p><em>\u201cNo ten\u00edamos servicios p\u00fablicos. El agua llegaba en mangueras a las 2 o 3 de la ma\u00f1ana y en el ba\u00f1o hab\u00eda que hacer un hueco para poder hacer ah\u00ed las necesidades<\/em>\u201d, relata Karol Francely Arag\u00f3n Suaza, una de las m\u00e1s de 54 mil beneficiarias de los hogares del programa <a href=\"https:\/\/www.medellin.gov.co\/es\/tramites-y-servicios\/inscripcion-y-novedades-para-el-beneficio-de-minimo-vital-de-agua-potable\/\" target=\"_blank\" rel=\"noopener\">M\u00ednimo Vital de Agua Potable<\/a> que ofrece la <a href=\"https:\/\/www.medellin.gov.co\/\" target=\"_blank\" rel=\"noopener\">Alcald\u00eda de Medell\u00edn<\/a> a diferentes comunidades de la ciudad.<\/p><\/blockquote>\n<div id=\"attachment_327316\" style=\"width: 1034px\" class=\"wp-caption alignnone\"><a href=\"https:\/\/www.medellin.gov.co\/es\/wp-content\/uploads\/2024\/07\/Luz-Amparo.jpg\"><img aria-describedby=\"caption-attachment-327316\" loading=\"lazy\" class=\"size-large wp-image-327316\" src=\"https:\/\/www.medellin.gov.co\/es\/wp-content\/uploads\/2024\/07\/Luz-Amparo-1024x768.jpg\" alt=\"\" width=\"1024\" height=\"768\" srcset=\"https:\/\/www.medellin.gov.co\/es\/wp-content\/uploads\/2024\/07\/Luz-Amparo-1024x768.jpg 1024w, https:\/\/www.medellin.gov.co\/es\/wp-content\/uploads\/2024\/07\/Luz-Amparo-300x225.jpg 300w, https:\/\/www.medellin.gov.co\/es\/wp-content\/uploads\/2024\/07\/Luz-Amparo-150x113.jpg 150w, https:\/\/www.medellin.gov.co\/es\/wp-content\/uploads\/2024\/07\/Luz-Amparo-768x576.jpg 768w, https:\/\/www.medellin.gov.co\/es\/wp-content\/uploads\/2024\/07\/Luz-Amparo.jpg 1280w\" sizes=\"(max-width: 1024px) 100vw, 1024px\" \/><\/a><p id=\"caption-attachment-327316\" class=\"wp-caption-text\">Luz Amparo Suaza Parra<\/p><\/div>\n<p><span style=\"font-size: 16px;\">Hasta el a\u00f1o 2009 esa era la realidad de Luz Amparo Suaza Parra, una amorosa y jovial madre de dos hijos: Karol Francely y Juan Camilo Arag\u00f3n Suaza; quienes v\u00edctimas de la violencia se vieron obligados a vivir durante seis a\u00f1os en el sector <\/span><a style=\"font-size: 16px;\" href=\"https:\/\/www.medellin.gov.co\/giscatalogacion\/srv\/api\/records\/bd7b556a-58b5-4701-8f5e-542c8a06690b\" target=\"_blank\" rel=\"noopener\">El Morro del barrio Moravia (comuna 4 \u2013 Aranjuez)<\/a><span style=\"font-size: 16px;\">.<\/span><em>\u201cNosotros viv\u00edamos en el <a href=\"https:\/\/www.medellin.gov.co\/giscatalogacion\/srv\/api\/records\/d32b0b60-e190-49ea-9856-e4f13f16595f\" target=\"_blank\" rel=\"noopener\">barrio Bosques de San Pablo<\/a> pero mataron a mi marido porque era celador en la calle y no dej\u00f3 robar. Yo tuve que comenzar a mirar para d\u00f3nde me iba y en <a href=\"https:\/\/www.medellin.gov.co\/giscatalogacion\/srv\/api\/records\/bd7b556a-58b5-4701-8f5e-542c8a06690b\" target=\"_blank\" rel=\"noopener\">Moravia<\/a> me dijeron: \u2018Amparito por qu\u00e9 no habl\u00e1s para que te metas al morro\u2019 y as\u00ed fue que llegu\u00e9 all\u00e1\u201d,<\/em> relata Luz Amparo.<\/p>\n<p><strong>Su vida en <a href=\"https:\/\/www.medellin.gov.co\/giscatalogacion\/srv\/api\/records\/bd7b556a-58b5-4701-8f5e-542c8a06690b\" target=\"_blank\" rel=\"noopener\">Moravia<\/a><\/strong><\/p>\n<p>Viuda, con una ni\u00f1a de 7 a\u00f1os reci\u00e9n operada de c\u00e1ncer que deb\u00eda pasar por tratamientos de quimioterapia y radioterapia y un ni\u00f1o de dos a\u00f1os, esta sensible, pero tenaz madre cabeza de familia sac\u00f3 fuerzas para enfrentar su nueva realidad.<\/p>\n<p><a href=\"https:\/\/www.medellin.gov.co\/es\/wp-content\/uploads\/2022\/03\/2018.01.04morrodemoravia1.jpg\" target=\"_blank\" rel=\"noopener\"><img loading=\"lazy\" class=\"alignnone wp-image-57538 size-full\" src=\"https:\/\/www.medellin.gov.co\/es\/wp-content\/uploads\/2022\/03\/2018.01.04morrodemoravia1.jpg\" alt=\"\" width=\"1000\" height=\"450\" srcset=\"https:\/\/www.medellin.gov.co\/es\/wp-content\/uploads\/2022\/03\/2018.01.04morrodemoravia1.jpg 1000w, https:\/\/www.medellin.gov.co\/es\/wp-content\/uploads\/2022\/03\/2018.01.04morrodemoravia1-300x135.jpg 300w, https:\/\/www.medellin.gov.co\/es\/wp-content\/uploads\/2022\/03\/2018.01.04morrodemoravia1-150x68.jpg 150w, https:\/\/www.medellin.gov.co\/es\/wp-content\/uploads\/2022\/03\/2018.01.04morrodemoravia1-768x346.jpg 768w\" sizes=\"(max-width: 1000px) 100vw, 1000px\" \/><\/a><\/p>\n<p><em>\u201cEso era rastrojo y hab\u00eda unas ratas gigantes. Los muchachos del barrio pusieron cuatro palos y me ayudaron a organizar la casita. No ten\u00edamos servicios p\u00fablicos y el agua llegaba en mangueras de abajo de El Oasis a las 2 o 3 de la ma\u00f1ana y a esa<\/em> <em>hora<\/em> <em>llen\u00e1bamos todas las canecas que pod\u00edamos\u201d.<\/em><em>\u00a0<\/em><\/p>\n<p><em>\u201cPara cocinar ten\u00edamos que conseguir hornilla para meterle carb\u00f3n o pagarle a alguien para que se conectara de un poste y muchas veces hubo incendios. Todos mir\u00e1bamos y pens\u00e1bamos: se me va a quemar mi alambre, va a llegar hasta mi casa y nos vamos a quemar todos.\u201d<\/em>, cuenta detalladamente Luz Amparo.<\/p>\n<p><strong>Su nueva vida<\/strong><\/p>\n<p>Despu\u00e9s de seis a\u00f1os en esa realidad, la esperanza de una nueva vida con condiciones m\u00e1s dignas lleg\u00f3 para la familia Arag\u00f3n Suaza. Gracias a la reubicaci\u00f3n liderada por el <a href=\"https:\/\/isvimed.gov.co\/\" target=\"_blank\" rel=\"noopener\">Instituto de Vivienda y H\u00e1bitat de Medell\u00edn (Isvimed)<\/a> en proyectos de vivienda de la alcald\u00eda de la ciudad, \u00a0arribaron a la unidad de inter\u00e9s social Los \u00c1lamos, ubicada en la <a href=\"https:\/\/www.medellin.gov.co\/giscatalogacion\/srv\/api\/records\/01090b67-61df-464e-ace7-677ac5b4e282\" target=\"_blank\" rel=\"noopener\">comuna 4, Aranjuez<\/a>.<\/p>\n\n\t\t<style type=\"text\/css\">\n\t\t\t#gallery-1 {\n\t\t\t\tmargin: auto;\n\t\t\t}\n\t\t\t#gallery-1 .gallery-item {\n\t\t\t\tfloat: left;\n\t\t\t\tmargin-top: 10px;\n\t\t\t\ttext-align: center;\n\t\t\t\twidth: 50%;\n\t\t\t}\n\t\t\t#gallery-1 img {\n\t\t\t\tborder: 2px solid #cfcfcf;\n\t\t\t}\n\t\t\t#gallery-1 .gallery-caption {\n\t\t\t\tmargin-left: 0;\n\t\t\t}\n\t\t\t\/* see gallery_shortcode() in wp-includes\/media.php *\/\n\t\t<\/style>\n\t\t<div id='gallery-1' class='gallery galleryid-327181 gallery-columns-2 gallery-size-large'><dl class='gallery-item'>\n\t\t\t<dt class='gallery-icon landscape'>\n\t\t\t\t<a href='https:\/\/www.medellin.gov.co\/es\/sala-de-prensa\/noticias\/salia-el-chorro-bendito-sea-dios\/general\/'><img width=\"1024\" height=\"682\" src=\"https:\/\/www.medellin.gov.co\/es\/wp-content\/uploads\/2024\/07\/General-1024x682.jpg\" class=\"attachment-large size-large\" alt=\"\" loading=\"lazy\" srcset=\"https:\/\/www.medellin.gov.co\/es\/wp-content\/uploads\/2024\/07\/General-1024x682.jpg 1024w, https:\/\/www.medellin.gov.co\/es\/wp-content\/uploads\/2024\/07\/General-300x200.jpg 300w, https:\/\/www.medellin.gov.co\/es\/wp-content\/uploads\/2024\/07\/General-150x100.jpg 150w, https:\/\/www.medellin.gov.co\/es\/wp-content\/uploads\/2024\/07\/General-768x512.jpg 768w, https:\/\/www.medellin.gov.co\/es\/wp-content\/uploads\/2024\/07\/General.jpg 1280w\" sizes=\"(max-width: 1024px) 100vw, 1024px\" \/><\/a>\n\t\t\t<\/dt><\/dl><dl class='gallery-item'>\n\t\t\t<dt class='gallery-icon landscape'>\n\t\t\t\t<a href='https:\/\/www.medellin.gov.co\/es\/sala-de-prensa\/noticias\/salia-el-chorro-bendito-sea-dios\/general1\/'><img width=\"1024\" height=\"682\" src=\"https:\/\/www.medellin.gov.co\/es\/wp-content\/uploads\/2024\/07\/General1-1024x682.jpg\" class=\"attachment-large size-large\" alt=\"\" loading=\"lazy\" srcset=\"https:\/\/www.medellin.gov.co\/es\/wp-content\/uploads\/2024\/07\/General1-1024x682.jpg 1024w, https:\/\/www.medellin.gov.co\/es\/wp-content\/uploads\/2024\/07\/General1-300x200.jpg 300w, https:\/\/www.medellin.gov.co\/es\/wp-content\/uploads\/2024\/07\/General1-150x100.jpg 150w, https:\/\/www.medellin.gov.co\/es\/wp-content\/uploads\/2024\/07\/General1-768x512.jpg 768w, https:\/\/www.medellin.gov.co\/es\/wp-content\/uploads\/2024\/07\/General1.jpg 1280w\" sizes=\"(max-width: 1024px) 100vw, 1024px\" \/><\/a>\n\t\t\t<\/dt><\/dl><br style=\"clear: both\" \/>\n\t\t<\/div>\n\n<h6>Beneficiarias programa M\u00ednimo Vital de agua Potable<\/h6>\n<p>Sin filtros y con la autenticidad que la caracteriza, as\u00ed describe Luz Amparo aquella etapa de su vida:<\/p>\n<p><em>\u201cEse d\u00eda lo primero fue: \u2018do\u00f1a Luz Amparo vea las llaves\u2019 y yo lloraba de la felicidad. \u2018Vea, abra y entre\u2019 y yo \u00a1Ah! Tocaba la pared y dec\u00eda: \u00a1No puede ser! Porque como en El Morro era de tablas entonces lloraba y lloraba. Fui a la cocina, abr\u00ed la llave de la cocina, mir\u00e9 el mes\u00f3n pero no hab\u00eda agua, ni luz\u201d.<\/em><em>\u00a0<\/em><\/p>\n\n\t\t<style type=\"text\/css\">\n\t\t\t#gallery-2 {\n\t\t\t\tmargin: auto;\n\t\t\t}\n\t\t\t#gallery-2 .gallery-item {\n\t\t\t\tfloat: left;\n\t\t\t\tmargin-top: 10px;\n\t\t\t\ttext-align: center;\n\t\t\t\twidth: 50%;\n\t\t\t}\n\t\t\t#gallery-2 img {\n\t\t\t\tborder: 2px solid #cfcfcf;\n\t\t\t}\n\t\t\t#gallery-2 .gallery-caption {\n\t\t\t\tmargin-left: 0;\n\t\t\t}\n\t\t\t\/* see gallery_shortcode() in wp-includes\/media.php *\/\n\t\t<\/style>\n\t\t<div id='gallery-2' class='gallery galleryid-327181 gallery-columns-2 gallery-size-large'><dl class='gallery-item'>\n\t\t\t<dt class='gallery-icon landscape'>\n\t\t\t\t<a href='https:\/\/www.medellin.gov.co\/es\/sala-de-prensa\/noticias\/salia-el-chorro-bendito-sea-dios\/general2\/'><img width=\"1024\" height=\"682\" src=\"https:\/\/www.medellin.gov.co\/es\/wp-content\/uploads\/2024\/07\/General2-1024x682.jpg\" class=\"attachment-large size-large\" alt=\"\" loading=\"lazy\" srcset=\"https:\/\/www.medellin.gov.co\/es\/wp-content\/uploads\/2024\/07\/General2-1024x682.jpg 1024w, https:\/\/www.medellin.gov.co\/es\/wp-content\/uploads\/2024\/07\/General2-300x200.jpg 300w, https:\/\/www.medellin.gov.co\/es\/wp-content\/uploads\/2024\/07\/General2-150x100.jpg 150w, https:\/\/www.medellin.gov.co\/es\/wp-content\/uploads\/2024\/07\/General2-768x512.jpg 768w, https:\/\/www.medellin.gov.co\/es\/wp-content\/uploads\/2024\/07\/General2.jpg 1280w\" sizes=\"(max-width: 1024px) 100vw, 1024px\" \/><\/a>\n\t\t\t<\/dt><\/dl><dl class='gallery-item'>\n\t\t\t<dt class='gallery-icon landscape'>\n\t\t\t\t<a href='https:\/\/www.medellin.gov.co\/es\/sala-de-prensa\/noticias\/salia-el-chorro-bendito-sea-dios\/beneficiaria-programa\/'><img width=\"1024\" height=\"682\" src=\"https:\/\/www.medellin.gov.co\/es\/wp-content\/uploads\/2024\/07\/Beneficiaria-programa-1024x682.jpg\" class=\"attachment-large size-large\" alt=\"\" loading=\"lazy\" srcset=\"https:\/\/www.medellin.gov.co\/es\/wp-content\/uploads\/2024\/07\/Beneficiaria-programa-1024x682.jpg 1024w, https:\/\/www.medellin.gov.co\/es\/wp-content\/uploads\/2024\/07\/Beneficiaria-programa-300x200.jpg 300w, https:\/\/www.medellin.gov.co\/es\/wp-content\/uploads\/2024\/07\/Beneficiaria-programa-150x100.jpg 150w, https:\/\/www.medellin.gov.co\/es\/wp-content\/uploads\/2024\/07\/Beneficiaria-programa-768x512.jpg 768w, https:\/\/www.medellin.gov.co\/es\/wp-content\/uploads\/2024\/07\/Beneficiaria-programa.jpg 1280w\" sizes=\"(max-width: 1024px) 100vw, 1024px\" \/><\/a>\n\t\t\t<\/dt><\/dl><br style=\"clear: both\" \/>\n\t\t<\/div>\n\n<h6>Beneficiarias programa M\u00ednimo Vital de agua Potable<\/h6>\n<p><em>\u201cHab\u00eda que ir a las <a href=\"https:\/\/www.epm.com.co\/\" target=\"_blank\" rel=\"noopener\">Empresas P\u00fablicas de Medell\u00edn<\/a>. Fuimos y nos dijeron que hab\u00eda que pagar. Pregunt\u00e9 cu\u00e1nto ser\u00eda, me dijeron que pod\u00eda ser financiado o si ten\u00eda toda la plata la pagaba, pero yo no ten\u00eda todo eso. Pero bueno, mi Dios es muy lindo, nos ganamos un chance entonces fuimos, pagamos, nos dieron un recibo y yo feliz lloraba de la alegr\u00eda\u201d.<\/em><em>\u00a0<\/em><\/p>\n<p><em>\u201cEse mismo d\u00eda por la tarde cuando llegamos ya ten\u00edamos agua y luz. Le dije: \u00a1Karol abramos la llave del ba\u00f1o! Y eso sal\u00eda el chorro y le dije: \u00a1Bendito sea Dios! Fue muy lindo\u201d.<\/em><\/p>\n<p><a href=\"https:\/\/www.medellin.gov.co\/es\/tramites-y-servicios\/inscripcion-y-novedades-para-el-beneficio-de-minimo-vital-de-agua-potable\/\" target=\"_blank\" rel=\"noopener\"><strong>M\u00ednimo Vital de Agua Potable<\/strong><\/a><strong>, un aporte m\u00e1s en la calidad de vida<\/strong><\/p>\n<p>En el 2009 Luz Amparo y sus hijos llegaron a una nueva vivienda que mejor\u00f3 sustancialmente sus condiciones de vida. Ese mismo a\u00f1o y con igual objetivo se implement\u00f3 por primera vez en Medell\u00edn el programa <a href=\"https:\/\/www.medellin.gov.co\/es\/tramites-y-servicios\/inscripcion-y-novedades-para-el-beneficio-de-minimo-vital-de-agua-potable\/\" target=\"_blank\" rel=\"noopener\">M\u00ednimo Vital de Agua<\/a>, el\u00a0 cual tiene como premisa mejorar la calidad de vida de las familias m\u00e1s vulnerables.<\/p>\n\n\t\t<style type=\"text\/css\">\n\t\t\t#gallery-3 {\n\t\t\t\tmargin: auto;\n\t\t\t}\n\t\t\t#gallery-3 .gallery-item {\n\t\t\t\tfloat: left;\n\t\t\t\tmargin-top: 10px;\n\t\t\t\ttext-align: center;\n\t\t\t\twidth: 50%;\n\t\t\t}\n\t\t\t#gallery-3 img {\n\t\t\t\tborder: 2px solid #cfcfcf;\n\t\t\t}\n\t\t\t#gallery-3 .gallery-caption {\n\t\t\t\tmargin-left: 0;\n\t\t\t}\n\t\t\t\/* see gallery_shortcode() in wp-includes\/media.php *\/\n\t\t<\/style>\n\t\t<div id='gallery-3' class='gallery galleryid-327181 gallery-columns-2 gallery-size-large'><dl class='gallery-item'>\n\t\t\t<dt class='gallery-icon landscape'>\n\t\t\t\t<a href='https:\/\/www.medellin.gov.co\/es\/sala-de-prensa\/noticias\/salia-el-chorro-bendito-sea-dios\/visita-tecnicos\/'><img width=\"1024\" height=\"768\" src=\"https:\/\/www.medellin.gov.co\/es\/wp-content\/uploads\/2024\/07\/Visita-tecnicos-1024x768.jpg\" class=\"attachment-large size-large\" alt=\"\" loading=\"lazy\" srcset=\"https:\/\/www.medellin.gov.co\/es\/wp-content\/uploads\/2024\/07\/Visita-tecnicos-1024x768.jpg 1024w, https:\/\/www.medellin.gov.co\/es\/wp-content\/uploads\/2024\/07\/Visita-tecnicos-300x225.jpg 300w, https:\/\/www.medellin.gov.co\/es\/wp-content\/uploads\/2024\/07\/Visita-tecnicos-150x113.jpg 150w, https:\/\/www.medellin.gov.co\/es\/wp-content\/uploads\/2024\/07\/Visita-tecnicos-768x576.jpg 768w, https:\/\/www.medellin.gov.co\/es\/wp-content\/uploads\/2024\/07\/Visita-tecnicos.jpg 1280w\" sizes=\"(max-width: 1024px) 100vw, 1024px\" \/><\/a>\n\t\t\t<\/dt><\/dl><dl class='gallery-item'>\n\t\t\t<dt class='gallery-icon landscape'>\n\t\t\t\t<a href='https:\/\/www.medellin.gov.co\/es\/sala-de-prensa\/noticias\/salia-el-chorro-bendito-sea-dios\/visita-tecnicos2\/'><img width=\"1024\" height=\"768\" src=\"https:\/\/www.medellin.gov.co\/es\/wp-content\/uploads\/2024\/07\/Visita-tecnicos2-1024x768.jpg\" class=\"attachment-large size-large\" alt=\"\" loading=\"lazy\" srcset=\"https:\/\/www.medellin.gov.co\/es\/wp-content\/uploads\/2024\/07\/Visita-tecnicos2-1024x768.jpg 1024w, https:\/\/www.medellin.gov.co\/es\/wp-content\/uploads\/2024\/07\/Visita-tecnicos2-300x225.jpg 300w, https:\/\/www.medellin.gov.co\/es\/wp-content\/uploads\/2024\/07\/Visita-tecnicos2-150x113.jpg 150w, https:\/\/www.medellin.gov.co\/es\/wp-content\/uploads\/2024\/07\/Visita-tecnicos2-768x576.jpg 768w, https:\/\/www.medellin.gov.co\/es\/wp-content\/uploads\/2024\/07\/Visita-tecnicos2.jpg 1280w\" sizes=\"(max-width: 1024px) 100vw, 1024px\" \/><\/a>\n\t\t\t<\/dt><\/dl><br style=\"clear: both\" \/>\n\t\t<\/div>\n\n<p>Esta es una iniciativa que tuvo su primera aplicaci\u00f3n en 7179 hogares de la ciudad y que recientemente cumpli\u00f3 15 a\u00f1os con 54 513 familias beneficiadas -cifra con corte al pasado 30 de abril- ofrece cada mes una cantidad m\u00ednima, pero suficiente, de \u00a0litros de agua potable por cada integrante del hogar, que les permite satisfacer sus necesidades b\u00e1sicas; estos se descuentan en el valor de la factura de servicios p\u00fablicos, de acueducto y alcantarillado, permitiendo que las familias que hacen uso racional del servicio y consumen solo la cantidad de metros c\u00fabicos que les otorga el programa reciban su factura en cero pesos.<\/p>\n<p><em>\u201cA nosotros nos daban reuniones cada ocho d\u00edas en <a href=\"https:\/\/www.medellin.gov.co\/giscatalogacion\/srv\/api\/records\/bd7b556a-58b5-4701-8f5e-542c8a06690b\" target=\"_blank\" rel=\"noopener\">El Morro<\/a>. Nos dec\u00edan que \u00edbamos para casa nueva y que ten\u00edamos que cuidar mucho el agua. Ya estando ac\u00e1 vinieron a encuestar a todas las familias porque hab\u00eda un programa en el que priorizaban los que ten\u00edan menores de edad\u201d.<\/em><em>\u00a0<\/em><\/p>\n\n\t\t<style type=\"text\/css\">\n\t\t\t#gallery-4 {\n\t\t\t\tmargin: auto;\n\t\t\t}\n\t\t\t#gallery-4 .gallery-item {\n\t\t\t\tfloat: left;\n\t\t\t\tmargin-top: 10px;\n\t\t\t\ttext-align: center;\n\t\t\t\twidth: 50%;\n\t\t\t}\n\t\t\t#gallery-4 img {\n\t\t\t\tborder: 2px solid #cfcfcf;\n\t\t\t}\n\t\t\t#gallery-4 .gallery-caption {\n\t\t\t\tmargin-left: 0;\n\t\t\t}\n\t\t\t\/* see gallery_shortcode() in wp-includes\/media.php *\/\n\t\t<\/style>\n\t\t<div id='gallery-4' class='gallery galleryid-327181 gallery-columns-2 gallery-size-large'><dl class='gallery-item'>\n\t\t\t<dt class='gallery-icon landscape'>\n\t\t\t\t<a href='https:\/\/www.medellin.gov.co\/es\/sala-de-prensa\/noticias\/salia-el-chorro-bendito-sea-dios\/general3\/'><img width=\"1024\" height=\"682\" src=\"https:\/\/www.medellin.gov.co\/es\/wp-content\/uploads\/2024\/07\/General3-1024x682.jpg\" class=\"attachment-large size-large\" alt=\"\" loading=\"lazy\" srcset=\"https:\/\/www.medellin.gov.co\/es\/wp-content\/uploads\/2024\/07\/General3-1024x682.jpg 1024w, https:\/\/www.medellin.gov.co\/es\/wp-content\/uploads\/2024\/07\/General3-300x200.jpg 300w, https:\/\/www.medellin.gov.co\/es\/wp-content\/uploads\/2024\/07\/General3-150x100.jpg 150w, https:\/\/www.medellin.gov.co\/es\/wp-content\/uploads\/2024\/07\/General3-768x512.jpg 768w, https:\/\/www.medellin.gov.co\/es\/wp-content\/uploads\/2024\/07\/General3.jpg 1280w\" sizes=\"(max-width: 1024px) 100vw, 1024px\" \/><\/a>\n\t\t\t<\/dt><\/dl><dl class='gallery-item'>\n\t\t\t<dt class='gallery-icon landscape'>\n\t\t\t\t<a href='https:\/\/www.medellin.gov.co\/es\/sala-de-prensa\/noticias\/salia-el-chorro-bendito-sea-dios\/llave-de-agua\/'><img width=\"1024\" height=\"682\" src=\"https:\/\/www.medellin.gov.co\/es\/wp-content\/uploads\/2024\/07\/Llave-de-agua-1024x682.jpg\" class=\"attachment-large size-large\" alt=\"imagen Llave de agua\" loading=\"lazy\" srcset=\"https:\/\/www.medellin.gov.co\/es\/wp-content\/uploads\/2024\/07\/Llave-de-agua-1024x682.jpg 1024w, https:\/\/www.medellin.gov.co\/es\/wp-content\/uploads\/2024\/07\/Llave-de-agua-300x200.jpg 300w, https:\/\/www.medellin.gov.co\/es\/wp-content\/uploads\/2024\/07\/Llave-de-agua-150x100.jpg 150w, https:\/\/www.medellin.gov.co\/es\/wp-content\/uploads\/2024\/07\/Llave-de-agua-768x512.jpg 768w, https:\/\/www.medellin.gov.co\/es\/wp-content\/uploads\/2024\/07\/Llave-de-agua.jpg 1280w\" sizes=\"(max-width: 1024px) 100vw, 1024px\" \/><\/a>\n\t\t\t<\/dt><\/dl><br style=\"clear: both\" \/>\n\t\t<\/div>\n\n<p><em>\u201cEmpezaron a explicar que uno ten\u00eda que consumir menos agua, mi mam\u00e1 se hizo anotar -porque todo lo que tenga que ver con beneficios ella est\u00e1 ah\u00ed-, nos volvieron a llamar y al mes siguiente se vio reflejado en la factura la disminuci\u00f3n\u201d<\/em>, explica detalladamente Karol Francely.<\/p>\n<p><strong>Comprometida con el consumo<\/strong><\/p>\n<p>Luz Amparo es una beneficiaria comprometida con el cuidado del agua por eso sigue una rigurosa rutina para ahorrar cada gota en su hogar: lava la ropa una vez a la semana, la deja en remojo y la enjuaga en recipientes para aprovechar el agua sobrante en el ba\u00f1o y el aseo de la casa. Recoge el agua lluvia para regar las plantas, cuando se cepilla los dientes cierra la llave y el hielo que se descongela de la nevera lo usa para limpiar.<\/p>\n<div id=\"attachment_327312\" style=\"width: 1034px\" class=\"wp-caption alignnone\"><a href=\"https:\/\/www.medellin.gov.co\/es\/wp-content\/uploads\/2024\/07\/Luz-Amparo-Visita-tecnico_2.jpg\" target=\"_blank\" rel=\"noopener\"><img aria-describedby=\"caption-attachment-327312\" loading=\"lazy\" class=\"wp-image-327312 size-large\" src=\"https:\/\/www.medellin.gov.co\/es\/wp-content\/uploads\/2024\/07\/Luz-Amparo-Visita-tecnico_2-1024x768.jpg\" alt=\"\" width=\"1024\" height=\"768\" srcset=\"https:\/\/www.medellin.gov.co\/es\/wp-content\/uploads\/2024\/07\/Luz-Amparo-Visita-tecnico_2-1024x768.jpg 1024w, https:\/\/www.medellin.gov.co\/es\/wp-content\/uploads\/2024\/07\/Luz-Amparo-Visita-tecnico_2-300x225.jpg 300w, https:\/\/www.medellin.gov.co\/es\/wp-content\/uploads\/2024\/07\/Luz-Amparo-Visita-tecnico_2-150x113.jpg 150w, https:\/\/www.medellin.gov.co\/es\/wp-content\/uploads\/2024\/07\/Luz-Amparo-Visita-tecnico_2-768x576.jpg 768w, https:\/\/www.medellin.gov.co\/es\/wp-content\/uploads\/2024\/07\/Luz-Amparo-Visita-tecnico_2.jpg 1280w\" sizes=\"(max-width: 1024px) 100vw, 1024px\" \/><\/a><p id=\"caption-attachment-327312\" class=\"wp-caption-text\">Luz Amparo Suaza Parra con el t\u00e9cnico de la Secretar\u00eda de Gesti\u00f3n y Control Territorial<\/p><\/div>\n<p><em>\u201cYo ahorro mucho porque soy la \u00fanica que trabajo. No tengo esposo, mi hija est\u00e1 desempleada y el muchacho est\u00e1 estudiando en la universidad, entonces si yo no ahorro y me cuido el bolsillo \u00bfQui\u00e9n me va dar?\u201d.<\/em><em>\u00a0<\/em><\/p>\n<p><em>\u201cCon lo que me ahorro de los servicios compro m\u00e1s huevitos<\/em>. <em>Est\u00e1n vendiendo all\u00ed unos recorticos de carne de res y de cerdo y compro unos $5000. He estado pagando $47 000\u00a0 de parab\u00f3lica y de resto voy comprando una que otra cosa\u201d<\/em>, afirma con su caracter\u00edstico tono en\u00e9rgico Luz Amparo.<\/p>\n<p><strong>Determinaci\u00f3n y fortaleza<\/strong><\/p>\n<div id=\"attachment_327435\" style=\"width: 1034px\" class=\"wp-caption alignnone\"><a href=\"https:\/\/www.medellin.gov.co\/es\/wp-content\/uploads\/2024\/07\/Karol-Francely-y-Luz-Amparo_3.jpg\"><img aria-describedby=\"caption-attachment-327435\" loading=\"lazy\" class=\"size-large wp-image-327435\" src=\"https:\/\/www.medellin.gov.co\/es\/wp-content\/uploads\/2024\/07\/Karol-Francely-y-Luz-Amparo_3-1024x680.jpg\" alt=\"\" width=\"1024\" height=\"680\" srcset=\"https:\/\/www.medellin.gov.co\/es\/wp-content\/uploads\/2024\/07\/Karol-Francely-y-Luz-Amparo_3-1024x680.jpg 1024w, https:\/\/www.medellin.gov.co\/es\/wp-content\/uploads\/2024\/07\/Karol-Francely-y-Luz-Amparo_3-300x199.jpg 300w, https:\/\/www.medellin.gov.co\/es\/wp-content\/uploads\/2024\/07\/Karol-Francely-y-Luz-Amparo_3-150x100.jpg 150w, https:\/\/www.medellin.gov.co\/es\/wp-content\/uploads\/2024\/07\/Karol-Francely-y-Luz-Amparo_3-768x510.jpg 768w, https:\/\/www.medellin.gov.co\/es\/wp-content\/uploads\/2024\/07\/Karol-Francely-y-Luz-Amparo_3.jpg 1280w\" sizes=\"(max-width: 1024px) 100vw, 1024px\" \/><\/a><p id=\"caption-attachment-327435\" class=\"wp-caption-text\">Luz Amparo Suaza Parra e hija<\/p><\/div>\n<p>El esp\u00edritu de lucha y fortaleza de la familia Arag\u00f3n Suaza es tan firme, como su determinaci\u00f3n para salir adelante. Karol Francely, continua perseverante en su prop\u00f3sito de encontrar empleo y Juan Camilo, estudia -gracias a una beca- qu\u00edmica pura en la <a href=\"https:\/\/www.udea.edu.co\/\" target=\"_blank\" rel=\"noopener\">Universidad de Antioquia<\/a>; afirma que quiere prepararse bien para ejercer su carrera. Meta que llena de orgullo a Luz Amparo quien en medio de risas agrega: <em>\u201cojal\u00e1 del primer sueldito de eso, me toque una sopita\u201d.<\/em><\/p>\n<p>A esta aguerrida madre cabeza de familia nada, ni nadie la detiene en su lucha por sacar a sus hijos adelante. Hace m\u00e1s de 10 a\u00f1os convive con <a href=\"https:\/\/medlineplus.gov\/spanish\/ency\/article\/000091.htm\" target=\"_blank\" rel=\"noopener\">EPOC (Enfermedad Pulmonar Obstructiva Cr\u00f3nica)<\/a> pero eso no es impedimento para cumplir todos los d\u00edas con su trabajo.<\/p>\n<p><a href=\"https:\/\/www.medellin.gov.co\/es\/wp-content\/uploads\/2024\/07\/Panoramica.jpg\" target=\"_blank\" rel=\"noopener\"><img loading=\"lazy\" class=\"alignnone wp-image-327319 size-large\" src=\"https:\/\/www.medellin.gov.co\/es\/wp-content\/uploads\/2024\/07\/Panoramica-1024x768.jpg\" alt=\"\" width=\"1024\" height=\"768\" srcset=\"https:\/\/www.medellin.gov.co\/es\/wp-content\/uploads\/2024\/07\/Panoramica-1024x768.jpg 1024w, https:\/\/www.medellin.gov.co\/es\/wp-content\/uploads\/2024\/07\/Panoramica-300x225.jpg 300w, https:\/\/www.medellin.gov.co\/es\/wp-content\/uploads\/2024\/07\/Panoramica-150x113.jpg 150w, https:\/\/www.medellin.gov.co\/es\/wp-content\/uploads\/2024\/07\/Panoramica-768x576.jpg 768w, https:\/\/www.medellin.gov.co\/es\/wp-content\/uploads\/2024\/07\/Panoramica.jpg 1280w\" sizes=\"(max-width: 1024px) 100vw, 1024px\" \/><\/a><\/p>\n<p><em>\u201cBarro las calles por el centro de salud de Moravia. Salgo a las 3 de la ma\u00f1ana porque me asfixio entonces hago todo muy despacio y hay gente que me dice: \u2018\u00a1Amparito! B\u00e1rreme aunque sea a las 5:30 y mientras uno baja\u201d. <\/em>Hace una pausa y reanuda su relato<em>: \u201cBajo temprano con un cochecito de beb\u00e9, la escoba, el recogedor, las bolsas, un impermeable y el saco. Trabajo todos los d\u00edas (menos los mi\u00e9rcoles que descanso), domingos y festivos y los s\u00e1bados por la tarde (por ah\u00ed a las 3 o 4 de la tarde) me voy a cobrar de puerta en puerta. Yo llego y digo: buenas, se\u00f1ora, me va a regalar la colaboraci\u00f3n del aseo y de eso vivimos nosotros\u201d, <\/em>expresa orgullosa Luz Amparo.<\/p>\n<div id=\"attachment_327313\" style=\"width: 1034px\" class=\"wp-caption alignnone\"><a href=\"https:\/\/www.medellin.gov.co\/es\/wp-content\/uploads\/2024\/07\/Luz-Amparo-y-sus-perros.jpg\" target=\"_blank\" rel=\"noopener\"><img aria-describedby=\"caption-attachment-327313\" loading=\"lazy\" class=\"wp-image-327313 size-large\" src=\"https:\/\/www.medellin.gov.co\/es\/wp-content\/uploads\/2024\/07\/Luz-Amparo-y-sus-perros-1024x682.jpg\" alt=\"\" width=\"1024\" height=\"682\" srcset=\"https:\/\/www.medellin.gov.co\/es\/wp-content\/uploads\/2024\/07\/Luz-Amparo-y-sus-perros-1024x682.jpg 1024w, https:\/\/www.medellin.gov.co\/es\/wp-content\/uploads\/2024\/07\/Luz-Amparo-y-sus-perros-300x200.jpg 300w, https:\/\/www.medellin.gov.co\/es\/wp-content\/uploads\/2024\/07\/Luz-Amparo-y-sus-perros-150x100.jpg 150w, https:\/\/www.medellin.gov.co\/es\/wp-content\/uploads\/2024\/07\/Luz-Amparo-y-sus-perros-768x512.jpg 768w, https:\/\/www.medellin.gov.co\/es\/wp-content\/uploads\/2024\/07\/Luz-Amparo-y-sus-perros.jpg 1280w\" sizes=\"(max-width: 1024px) 100vw, 1024px\" \/><\/a><p id=\"caption-attachment-327313\" class=\"wp-caption-text\">Luz Amparo Suaza Parra<\/p><\/div>\n<p>Los Arag\u00f3n Suaza son testimonio de amor, uni\u00f3n y tenacidad. Su historia es una de las mejores formas de sustentar la importancia de garantizar el acceso al agua a los hogares m\u00e1s vulnerables y c\u00f3mo, programas como el <a href=\"https:\/\/www.medellin.gov.co\/es\/tramites-y-servicios\/inscripcion-y-novedades-para-el-beneficio-de-minimo-vital-de-agua-potable\/\" target=\"_blank\" rel=\"noopener\">M\u00ednimo Vital de Agua Potable<\/a>, aportan en el mejoramiento de la calidad de vida de las personas.<\/p>\n<p>Despu\u00e9s de 15 a\u00f1os, Luz Amparo deja una reflexi\u00f3n para todos los, que como ella, se benefician del programa: \u201c<em>esto ha significado mucha felicidad, una cosa muy hermosa. Muy queridos, muy educados y una atenci\u00f3n muy linda cuando vienen aqu\u00ed. Ojal\u00e1 que las otras familias tambi\u00e9n ahorren as\u00ed como ahorramos nosotros\u201d.<\/em><\/p>\n","protected":false},"excerpt":{"rendered":"<p>\u201cNo ten\u00edamos servicios p\u00fablicos. El agua llegaba en mangueras a las 2 o 3 de la ma\u00f1ana y en el ba\u00f1o hab\u00eda que hacer un hueco para poder hacer ah\u00ed las necesidades\u201d, relata Karol Francely &#8230;<\/p>\n","protected":false},"author":17,"featured_media":327435,"comment_status":"open","ping_status":"open","sticky":false,"template":"","format":"standard","meta":[],"categories":[1,7],"tags":[451,453],"formato_nota":[],"programas_tax":[],"acf":[],"_links":{"self":[{"href":"https:\/\/www.medellin.gov.co\/es\/wp-json\/wp\/v2\/posts\/327181"}],"collection":[{"href":"https:\/\/www.medellin.gov.co\/es\/wp-json\/wp\/v2\/posts"}],"about":[{"href":"https:\/\/www.medellin.gov.co\/es\/wp-json\/wp\/v2\/types\/post"}],"author":[{"embeddable":true,"href":"https:\/\/www.medellin.gov.co\/es\/wp-json\/wp\/v2\/users\/17"}],"replies":[{"embeddable":true,"href":"https:\/\/www.medellin.gov.co\/es\/wp-json\/wp\/v2\/comments?post=327181"}],"version-history":[{"count":5,"href":"https:\/\/www.medellin.gov.co\/es\/wp-json\/wp\/v2\/posts\/327181\/revisions"}],"predecessor-version":[{"id":327438,"href":"https:\/\/www.medellin.gov.co\/es\/wp-json\/wp\/v2\/posts\/327181\/revisions\/327438"}],"wp:featuredmedia":[{"embeddable":true,"href":"https:\/\/www.medellin.gov.co\/es\/wp-json\/wp\/v2\/media\/327435"}],"wp:attachment":[{"href":"https:\/\/www.medellin.gov.co\/es\/wp-json\/wp\/v2\/media?parent=327181"}],"wp:term":[{"taxonomy":"category","embeddable":true,"href":"https:\/\/www.medellin.gov.co\/es\/wp-json\/wp\/v2\/categories?post=327181"},{"taxonomy":"post_tag","embeddable":true,"href":"https:\/\/www.medellin.gov.co\/es\/wp-json\/wp\/v2\/tags?post=327181"},{"taxonomy":"formato_nota","embeddable":true,"href":"https:\/\/www.medellin.gov.co\/es\/wp-json\/wp\/v2\/formato_nota?post=327181"},{"taxonomy":"programas_tax","embeddable":true,"href":"https:\/\/www.medellin.gov.co\/es\/wp-json\/wp\/v2\/programas_tax?post=327181"}],"curies":[{"name":"wp","href":"https:\/\/api.w.org\/{rel}","templated":true}]}}