{"id":327493,"date":"2024-07-26T17:28:40","date_gmt":"2024-07-26T22:28:40","guid":{"rendered":"https:\/\/www.medellin.gov.co\/es\/?p=327493"},"modified":"2024-07-26T17:28:40","modified_gmt":"2024-07-26T22:28:40","slug":"la-alcaldia-de-medellin-exalto-la-memoria-y-honra-de-marjorie-kisner-mira","status":"publish","type":"post","link":"https:\/\/www.medellin.gov.co\/es\/sala-de-prensa\/noticias\/la-alcaldia-de-medellin-exalto-la-memoria-y-honra-de-marjorie-kisner-mira\/","title":{"rendered":"La Alcald\u00eda de Medell\u00edn exalt\u00f3 la memoria y honra de M\u00e1rjorie Kisner Mira"},"content":{"rendered":"<div class=\"page\" title=\"Page 1\">\n<div class=\"section\">\n<div class=\"layoutArea\">\n<div class=\"column\">\n<ul>\n<li><strong>La psico\u0301loga fue asesinada hace 16 an\u0303os cuando cumpli\u0301a labores de su contrato para la atencio\u0301n a poblacio\u0301n pospenada.<\/strong><\/li>\n<li><strong>La Administracio\u0301n Distrital adopta medidas para evitar que casos como este se repitan con servidores y contratistas.<\/strong><\/li>\n<\/ul>\n<!--[if lt IE 9]><script>document.createElement('audio');<\/script><![endif]-->\n\t<div class=\"wp-playlist wp-audio-playlist wp-playlist-light\">\n\t\t\t<div class=\"wp-playlist-current-item\"><\/div>\n\t\t<audio controls=\"controls\" preload=\"none\" width=\"640\"\n\t\t\t><\/audio>\n\t<div class=\"wp-playlist-next\"><\/div>\n\t<div class=\"wp-playlist-prev\"><\/div>\n\t<noscript>\n\t<ol>\n\t\t<li><a href='https:\/\/www.medellin.gov.co\/es\/wp-content\/uploads\/2024\/07\/Memoria-y-honra-Marjorie-Kisner-Mira-01.mp3'>Palabras de Sebasti\u00e1n G\u00f3mez S\u00e1nchez, secretario general<\/a><\/li><li><a href='https:\/\/www.medellin.gov.co\/es\/wp-content\/uploads\/2024\/07\/Memoria-y-honra-Marjorie-Kisner-Mira-02.mp3'>Memoria y honra Marjorie Kisner Mira-02<\/a><\/li>\t<\/ol>\n\t<\/noscript>\n\t<script type=\"application\/json\" class=\"wp-playlist-script\">{\"type\":\"audio\",\"tracklist\":true,\"tracknumbers\":true,\"images\":true,\"artists\":true,\"tracks\":[{\"src\":\"https:\\\/\\\/www.medellin.gov.co\\\/es\\\/wp-content\\\/uploads\\\/2024\\\/07\\\/Memoria-y-honra-Marjorie-Kisner-Mira-01.mp3\",\"type\":\"audio\\\/mpeg\",\"title\":\"Palabras de Sebasti\\u00e1n G\\u00f3mez S\\u00e1nchez, secretario general\",\"caption\":\"\",\"description\":\"\\u00abPalabras de Sebasti\\u00e1n G\\u00f3mez S\\u00e1nchez, secretario general\\u00bb.\",\"meta\":{\"length_formatted\":\"1:55\"},\"image\":{\"src\":\"https:\\\/\\\/www.medellin.gov.co\\\/es\\\/wp-includes\\\/images\\\/media\\\/audio.png\",\"width\":48,\"height\":64},\"thumb\":{\"src\":\"https:\\\/\\\/www.medellin.gov.co\\\/es\\\/wp-includes\\\/images\\\/media\\\/audio.png\",\"width\":48,\"height\":64}},{\"src\":\"https:\\\/\\\/www.medellin.gov.co\\\/es\\\/wp-content\\\/uploads\\\/2024\\\/07\\\/Memoria-y-honra-Marjorie-Kisner-Mira-02.mp3\",\"type\":\"audio\\\/mpeg\",\"title\":\"Memoria y honra Marjorie Kisner Mira-02\",\"caption\":\"\",\"description\":\"\\u00abMemoria y honra Marjorie Kisner Mira-02\\u00bb.\",\"meta\":{\"length_formatted\":\"1:50\"},\"image\":{\"src\":\"https:\\\/\\\/www.medellin.gov.co\\\/es\\\/wp-includes\\\/images\\\/media\\\/audio.png\",\"width\":48,\"height\":64},\"thumb\":{\"src\":\"https:\\\/\\\/www.medellin.gov.co\\\/es\\\/wp-includes\\\/images\\\/media\\\/audio.png\",\"width\":48,\"height\":64}}]}<\/script>\n<\/div>\n\t\n<p>En cumplimiento de una sentencia del Consejo de Estado, la Alcaldi\u0301a de Medelli\u0301n y la Institucio\u0301n Universitaria ITM celebraron un acto oficial para recordar a la psico\u0301loga Ma\u0301rjorie Kisner Mira asesinada en 2008 por uno de sus pacientes y pidio\u0301 perdo\u0301n pu\u0301blico a su familia. La profesional trabajaba para la Administracio\u0301n Distrital en virtud de un contrato celebrado en 2008 con el ITM, en convenio con la Secretari\u0301a de Gobierno, que teni\u0301a dentro de su alcance visitar a poblacio\u0301n pospenada.<\/p>\n<div id=\"attachment_327498\" style=\"width: 1290px\" class=\"wp-caption alignnone\"><img aria-describedby=\"caption-attachment-327498\" loading=\"lazy\" class=\"wp-image-327498 size-full\" title=\"La Alcald\u00eda de Medell\u00edn exalt\u00f3 la memoria y honra de M\u00e1rjorie Kisner Mira\" src=\"https:\/\/www.medellin.gov.co\/es\/wp-content\/uploads\/2024\/07\/Memoria-y-honra-Marjorie-Kisner-Mira-2.jpg\" alt=\"La Alcald\u00eda de Medell\u00edn exalt\u00f3 la memoria y honra de M\u00e1rjorie Kisner Mira\" width=\"1280\" height=\"852\" srcset=\"https:\/\/www.medellin.gov.co\/es\/wp-content\/uploads\/2024\/07\/Memoria-y-honra-Marjorie-Kisner-Mira-2.jpg 1280w, https:\/\/www.medellin.gov.co\/es\/wp-content\/uploads\/2024\/07\/Memoria-y-honra-Marjorie-Kisner-Mira-2-300x200.jpg 300w, https:\/\/www.medellin.gov.co\/es\/wp-content\/uploads\/2024\/07\/Memoria-y-honra-Marjorie-Kisner-Mira-2-1024x682.jpg 1024w, https:\/\/www.medellin.gov.co\/es\/wp-content\/uploads\/2024\/07\/Memoria-y-honra-Marjorie-Kisner-Mira-2-150x100.jpg 150w, https:\/\/www.medellin.gov.co\/es\/wp-content\/uploads\/2024\/07\/Memoria-y-honra-Marjorie-Kisner-Mira-2-768x511.jpg 768w\" sizes=\"(max-width: 1280px) 100vw, 1280px\" \/><p id=\"caption-attachment-327498\" class=\"wp-caption-text\">La Alcald\u00eda de Medell\u00edn exalt\u00f3 la memoria y honra de M\u00e1rjorie Kisner Mira &#8211; Foto alcaldia de Medell\u00edn<\/p><\/div>\n<p>\u201cLes pedimos perdo\u0301n, con el reconocimiento de que le fallamos no solo a Ma\u0301rjorie y a su familia sino a las mujeres de Medelli\u0301n. Ofrezco nuestras ma\u0301s sentidas disculpas por la pe\u0301rdida irreparable y dolor que han sufrido\u201d, expreso\u0301 el secretario general, Sebastia\u0301n Go\u0301mez Sa\u0301nchez.<\/p>\n<p>Para evitar que se repitan hechos como este, la Alcaldi\u0301a de Medelli\u0301n presento\u0301 la circular # 202460000141 de 2024 que da orientaciones para la autoproteccio\u0301n y cuidado de servidores pu\u0301blicos y contratistas que desarrollan actividades con grupos poblacionales de alta y especial vulnerabilidad, y el plan de trabajo de la investigacio\u0301n \u201cMa\u0301rjorie Kisner Mira\u201d.<\/p>\n<div id=\"attachment_327504\" style=\"width: 1290px\" class=\"wp-caption alignnone\"><img aria-describedby=\"caption-attachment-327504\" loading=\"lazy\" class=\"wp-image-327504 size-full\" title=\"La Alcald\u00eda de Medell\u00edn exalt\u00f3 la memoria y honra de M\u00e1rjorie Kisner Mira\" src=\"https:\/\/www.medellin.gov.co\/es\/wp-content\/uploads\/2024\/07\/Memoria-y-honra-Marjorie-Kisner-Mira-4.jpg\" alt=\"La Alcald\u00eda de Medell\u00edn exalt\u00f3 la memoria y honra de M\u00e1rjorie Kisner Mira\" width=\"1280\" height=\"852\" srcset=\"https:\/\/www.medellin.gov.co\/es\/wp-content\/uploads\/2024\/07\/Memoria-y-honra-Marjorie-Kisner-Mira-4.jpg 1280w, https:\/\/www.medellin.gov.co\/es\/wp-content\/uploads\/2024\/07\/Memoria-y-honra-Marjorie-Kisner-Mira-4-300x200.jpg 300w, https:\/\/www.medellin.gov.co\/es\/wp-content\/uploads\/2024\/07\/Memoria-y-honra-Marjorie-Kisner-Mira-4-1024x682.jpg 1024w, https:\/\/www.medellin.gov.co\/es\/wp-content\/uploads\/2024\/07\/Memoria-y-honra-Marjorie-Kisner-Mira-4-150x100.jpg 150w, https:\/\/www.medellin.gov.co\/es\/wp-content\/uploads\/2024\/07\/Memoria-y-honra-Marjorie-Kisner-Mira-4-768x511.jpg 768w\" sizes=\"(max-width: 1280px) 100vw, 1280px\" \/><p id=\"caption-attachment-327504\" class=\"wp-caption-text\">La Alcald\u00eda de Medell\u00edn exalt\u00f3 la memoria y honra de M\u00e1rjorie Kisner Mira &#8211; Foto alcaldia de Medell\u00edn<\/p><\/div>\n<p>El acto se realizo\u0301 en el centro cultural del campus Fraternidad del ITM y finalizo\u0301 con una eucaristi\u0301a y ofrendas en memoria de la profesional.<\/p>\n<\/div>\n<\/div>\n<\/div>\n<\/div>\n","protected":false},"excerpt":{"rendered":"<p>La psico\u0301loga fue asesinada hace 16 an\u0303os cuando cumpli\u0301a labores de su contrato para la atencio\u0301n a poblacio\u0301n pospenada. La Administracio\u0301n Distrital adopta medidas para evitar que casos como este se repitan con servidores y &#8230;<\/p>\n","protected":false},"author":84,"featured_media":327494,"comment_status":"open","ping_status":"open","sticky":false,"template":"","format":"standard","meta":[],"categories":[6],"tags":[455],"formato_nota":[],"programas_tax":[],"acf":[],"_links":{"self":[{"href":"https:\/\/www.medellin.gov.co\/es\/wp-json\/wp\/v2\/posts\/327493"}],"collection":[{"href":"https:\/\/www.medellin.gov.co\/es\/wp-json\/wp\/v2\/posts"}],"about":[{"href":"https:\/\/www.medellin.gov.co\/es\/wp-json\/wp\/v2\/types\/post"}],"author":[{"embeddable":true,"href":"https:\/\/www.medellin.gov.co\/es\/wp-json\/wp\/v2\/users\/84"}],"replies":[{"embeddable":true,"href":"https:\/\/www.medellin.gov.co\/es\/wp-json\/wp\/v2\/comments?post=327493"}],"version-history":[{"count":2,"href":"https:\/\/www.medellin.gov.co\/es\/wp-json\/wp\/v2\/posts\/327493\/revisions"}],"predecessor-version":[{"id":327510,"href":"https:\/\/www.medellin.gov.co\/es\/wp-json\/wp\/v2\/posts\/327493\/revisions\/327510"}],"wp:featuredmedia":[{"embeddable":true,"href":"https:\/\/www.medellin.gov.co\/es\/wp-json\/wp\/v2\/media\/327494"}],"wp:attachment":[{"href":"https:\/\/www.medellin.gov.co\/es\/wp-json\/wp\/v2\/media?parent=327493"}],"wp:term":[{"taxonomy":"category","embeddable":true,"href":"https:\/\/www.medellin.gov.co\/es\/wp-json\/wp\/v2\/categories?post=327493"},{"taxonomy":"post_tag","embeddable":true,"href":"https:\/\/www.medellin.gov.co\/es\/wp-json\/wp\/v2\/tags?post=327493"},{"taxonomy":"formato_nota","embeddable":true,"href":"https:\/\/www.medellin.gov.co\/es\/wp-json\/wp\/v2\/formato_nota?post=327493"},{"taxonomy":"programas_tax","embeddable":true,"href":"https:\/\/www.medellin.gov.co\/es\/wp-json\/wp\/v2\/programas_tax?post=327493"}],"curies":[{"name":"wp","href":"https:\/\/api.w.org\/{rel}","templated":true}]}}