{"id":327511,"date":"2024-07-26T17:45:39","date_gmt":"2024-07-26T22:45:39","guid":{"rendered":"https:\/\/www.medellin.gov.co\/es\/?p=327511"},"modified":"2024-07-26T17:45:39","modified_gmt":"2024-07-26T22:45:39","slug":"durante-el-primer-semestre-de-este-ano-la-linea-123-recibio-alrededor-de-97-000-llamadas-improcedentes","status":"publish","type":"post","link":"https:\/\/www.medellin.gov.co\/es\/sala-de-prensa\/noticias\/durante-el-primer-semestre-de-este-ano-la-linea-123-recibio-alrededor-de-97-000-llamadas-improcedentes\/","title":{"rendered":"Durante el primer semestre de este a\u00f1o, la l\u00ednea 123 recibi\u00f3 alrededor de 97.000 llamadas improcedentes"},"content":{"rendered":"<div class=\"page\" title=\"Page 1\">\n<div class=\"section\">\n<div class=\"layoutArea\">\n<div class=\"column\">\n<ul>\n<li><strong>Cada llamada de esta clase pone en riesgo la vida y la integridad de quienes realmente necesitan atencio\u0301n.<\/strong><\/li>\n<li><strong>En total, el sistema ha recibido ma\u0301s de un millo\u0301n de comunicaciones.<\/strong><\/li>\n<\/ul>\n<!--[if lt IE 9]><script>document.createElement('audio');<\/script><![endif]-->\n\t<div class=\"wp-playlist wp-audio-playlist wp-playlist-light\">\n\t\t\t<div class=\"wp-playlist-current-item\"><\/div>\n\t\t<audio controls=\"controls\" preload=\"none\" width=\"640\"\n\t\t\t><\/audio>\n\t<div class=\"wp-playlist-next\"><\/div>\n\t<div class=\"wp-playlist-prev\"><\/div>\n\t<noscript>\n\t<ol>\n\t\t<li><a href='https:\/\/www.medellin.gov.co\/es\/wp-content\/uploads\/2024\/07\/Linea-123-centro-de-monitoreo01.mp3'>Palabras de Manuel Villa Mej\u00eda, Secretario de seguridad y convivencia de  Medell\u00edn<\/a><\/li>\t<\/ol>\n\t<\/noscript>\n\t<script type=\"application\/json\" class=\"wp-playlist-script\">{\"type\":\"audio\",\"tracklist\":true,\"tracknumbers\":true,\"images\":true,\"artists\":true,\"tracks\":[{\"src\":\"https:\\\/\\\/www.medellin.gov.co\\\/es\\\/wp-content\\\/uploads\\\/2024\\\/07\\\/Linea-123-centro-de-monitoreo01.mp3\",\"type\":\"audio\\\/mpeg\",\"title\":\"Palabras de Manuel Villa Mej\\u00eda, Secretario de seguridad y convivencia de  Medell\\u00edn\",\"caption\":\"\",\"description\":\"\\u00abPalabras de Manuel Villa Mej\\u00eda, Secretario de seguridad y convivencia de  Medell\\u00edn\\u00bb.\",\"meta\":{\"length_formatted\":\"1:35\"},\"image\":{\"src\":\"https:\\\/\\\/www.medellin.gov.co\\\/es\\\/wp-includes\\\/images\\\/media\\\/audio.png\",\"width\":48,\"height\":64},\"thumb\":{\"src\":\"https:\\\/\\\/www.medellin.gov.co\\\/es\\\/wp-includes\\\/images\\\/media\\\/audio.png\",\"width\":48,\"height\":64}}]}<\/script>\n<\/div>\n\t\n<p>La Alcaldi\u0301a de Medelli\u0301n alerta por el uso inapropiado de la li\u0301nea de emergencias 123, ya que durante el primer semestre de 2024 recibio\u0301 unas 97.000 llamadas improcedentes. Los casos incluyen ma\u0301s de 5.000 llamadas de adultos molestando, ma\u0301s de 2.000 insultando, ma\u0301s de 26.000 de nin\u0303os jugando y ma\u0301s de 62.000 solicitudes de informacio\u0301n no relacionadas con emergencias o con el fin del servicio.<\/p>\n<p>La li\u0301nea se destaca por su efectividad en la atencio\u0301n de emergencias relacionadas con seguridad, medio ambiente, salud y movilidad, y gracias a su operatividad, se han evitado homicidios, hurtos, secuestros y extorsiones, entre otros delitos; adema\u0301s ha facilitado la recuperacio\u0301n de bienes robados y la captura de delincuentes.<\/p>\n<p>\u201c<em>Queremos destacar que durante el primer semestre se recuperaron 912 motocicletas y 149 vehi\u0301culos robados, y se inmovilizaron 257 motocicletas y 87 vehi\u0301culos. Estas acciones han permitido la restitucio\u0301n del patrimonio de los ciudadanos y la reduccio\u0301n de la actividad delictiva en la regio\u0301n<\/em>\u201d, preciso\u0301 el secretario de Seguridad y Convivencia, Manuel Villa Meji\u0301a.<\/p>\n<div id=\"attachment_327514\" style=\"width: 1610px\" class=\"wp-caption alignnone\"><img aria-describedby=\"caption-attachment-327514\" loading=\"lazy\" class=\"wp-image-327514 size-full\" title=\"Durante el primer semestre de este a\u00f1o, la l\u00ednea 123 recibi\u00f3 alrededor de 97.000 llamadas improcedentes\" src=\"https:\/\/www.medellin.gov.co\/es\/wp-content\/uploads\/2024\/07\/Linea-123-centro-de-monitoreo-1.jpg\" alt=\"Durante el primer semestre de este a\u00f1o, la l\u00ednea 123 recibi\u00f3 alrededor de 97.000 llamadas improcedentes\" width=\"1600\" height=\"900\" srcset=\"https:\/\/www.medellin.gov.co\/es\/wp-content\/uploads\/2024\/07\/Linea-123-centro-de-monitoreo-1.jpg 1600w, https:\/\/www.medellin.gov.co\/es\/wp-content\/uploads\/2024\/07\/Linea-123-centro-de-monitoreo-1-300x169.jpg 300w, https:\/\/www.medellin.gov.co\/es\/wp-content\/uploads\/2024\/07\/Linea-123-centro-de-monitoreo-1-1024x576.jpg 1024w, https:\/\/www.medellin.gov.co\/es\/wp-content\/uploads\/2024\/07\/Linea-123-centro-de-monitoreo-1-150x84.jpg 150w, https:\/\/www.medellin.gov.co\/es\/wp-content\/uploads\/2024\/07\/Linea-123-centro-de-monitoreo-1-768x432.jpg 768w, https:\/\/www.medellin.gov.co\/es\/wp-content\/uploads\/2024\/07\/Linea-123-centro-de-monitoreo-1-1536x864.jpg 1536w\" sizes=\"(max-width: 1600px) 100vw, 1600px\" \/><p id=\"caption-attachment-327514\" class=\"wp-caption-text\">Durante el primer semestre de este a\u00f1o, la l\u00ednea 123 recibi\u00f3 alrededor de 97.000 llamadas improcedentes &#8211; Foto alcaldia de Medell\u00edn<\/p><\/div>\n<audio class=\"wp-audio-shortcode\" id=\"audio-327511-1\" preload=\"none\" style=\"width: 100%;\" controls=\"controls\"><source type=\"audio\/mpeg\" src=\"https:\/\/www.medellin.gov.co\/es\/wp-content\/uploads\/2024\/07\/Linea-123-centro-de-monitoreo01.mp3?_=1\" \/><\/audio>\n<p>A trave\u0301s del 123, en los primeros seis meses se logro\u0301 la captura de 848 personas cometiendo algu\u0301n tipo de delito y la recuperacio\u0301n de 116 celulares sustrai\u0301dos. Tambie\u0301n, se incautaron 15 armas de fuego, 64 armas trauma\u0301ticas y 125 unidades de municio\u0301n, lo que contribuye a la disminucio\u0301n del potencial delictivo y fortaleciendo la seguridad comunitaria.<\/p>\n<p>\u201c<em>Queremos hacer un llamado a la ciudadani\u0301a para hacer un buen uso de esta li\u0301nea, ya que las llamadas improcedentes no solo representan un desperdicio de recursos, sino que pueden retrasar la atencio\u0301n de verdaderas emergencias. Es fundamental que cada uno de nosotros utilice la li\u0301nea de manera responsable para garantizar que quienes realmente necesitan ayuda puedan recibirla de forma oportuna, y que creemos conciencia en nuestros menores de edad sobre el buen uso de esta<\/em>\u201d, anoto\u0301 el secretario.<\/p>\n<div class=\"page\" title=\"Page 2\">\n<div class=\"section\">\n<div class=\"layoutArea\">\n<div class=\"column\">\n<p>Realizar una llamada al 123 de manera innecesaria o para hacer bromas puede acarrear una sancio\u0301n, de acuerdo con el Co\u0301digo Nacional de Polici\u0301a, por lo que estos comportamientos esta\u0301n siendo evaluados por un grupo interdisciplinario de la Secretari\u0301a de Seguridad y Convivencia.<\/p>\n<\/div>\n<\/div>\n<\/div>\n<\/div>\n<\/div>\n<\/div>\n<\/div>\n<\/div>\n","protected":false},"excerpt":{"rendered":"<p>Cada llamada de esta clase pone en riesgo la vida y la integridad de quienes realmente necesitan atencio\u0301n. En total, el sistema ha recibido ma\u0301s de un millo\u0301n de comunicaciones. La Alcaldi\u0301a de Medelli\u0301n alerta &#8230;<\/p>\n","protected":false},"author":84,"featured_media":327517,"comment_status":"open","ping_status":"open","sticky":false,"template":"","format":"standard","meta":[],"categories":[21],"tags":[455],"formato_nota":[],"programas_tax":[],"acf":[],"_links":{"self":[{"href":"https:\/\/www.medellin.gov.co\/es\/wp-json\/wp\/v2\/posts\/327511"}],"collection":[{"href":"https:\/\/www.medellin.gov.co\/es\/wp-json\/wp\/v2\/posts"}],"about":[{"href":"https:\/\/www.medellin.gov.co\/es\/wp-json\/wp\/v2\/types\/post"}],"author":[{"embeddable":true,"href":"https:\/\/www.medellin.gov.co\/es\/wp-json\/wp\/v2\/users\/84"}],"replies":[{"embeddable":true,"href":"https:\/\/www.medellin.gov.co\/es\/wp-json\/wp\/v2\/comments?post=327511"}],"version-history":[{"count":2,"href":"https:\/\/www.medellin.gov.co\/es\/wp-json\/wp\/v2\/posts\/327511\/revisions"}],"predecessor-version":[{"id":327521,"href":"https:\/\/www.medellin.gov.co\/es\/wp-json\/wp\/v2\/posts\/327511\/revisions\/327521"}],"wp:featuredmedia":[{"embeddable":true,"href":"https:\/\/www.medellin.gov.co\/es\/wp-json\/wp\/v2\/media\/327517"}],"wp:attachment":[{"href":"https:\/\/www.medellin.gov.co\/es\/wp-json\/wp\/v2\/media?parent=327511"}],"wp:term":[{"taxonomy":"category","embeddable":true,"href":"https:\/\/www.medellin.gov.co\/es\/wp-json\/wp\/v2\/categories?post=327511"},{"taxonomy":"post_tag","embeddable":true,"href":"https:\/\/www.medellin.gov.co\/es\/wp-json\/wp\/v2\/tags?post=327511"},{"taxonomy":"formato_nota","embeddable":true,"href":"https:\/\/www.medellin.gov.co\/es\/wp-json\/wp\/v2\/formato_nota?post=327511"},{"taxonomy":"programas_tax","embeddable":true,"href":"https:\/\/www.medellin.gov.co\/es\/wp-json\/wp\/v2\/programas_tax?post=327511"}],"curies":[{"name":"wp","href":"https:\/\/api.w.org\/{rel}","templated":true}]}}