{"id":327524,"date":"2024-07-26T17:59:53","date_gmt":"2024-07-26T22:59:53","guid":{"rendered":"https:\/\/www.medellin.gov.co\/es\/?p=327524"},"modified":"2024-07-26T17:59:53","modified_gmt":"2024-07-26T22:59:53","slug":"el-distrito-ha-realizado-4-986-recorridos-territoriales-para-la-atencion-y-proteccion-de-las-ninas-ninos-y-adolescentes","status":"publish","type":"post","link":"https:\/\/www.medellin.gov.co\/es\/sala-de-prensa\/noticias\/el-distrito-ha-realizado-4-986-recorridos-territoriales-para-la-atencion-y-proteccion-de-las-ninas-ninos-y-adolescentes\/","title":{"rendered":"El Distrito ha realizado 4.986 recorridos territoriales para la atenci\u00f3n y protecci\u00f3n de las ni\u00f1as, ni\u00f1os y adolescentes"},"content":{"rendered":"<div class=\"page\" title=\"Page 1\">\n<div class=\"section\">\n<div class=\"layoutArea\">\n<div class=\"column\">\n<ul>\n<li><strong>Las comunas con ma\u0301s intervenciones son El Poblado, Laureles Estadio y La Candelaria.<\/strong><\/li>\n<li><strong>Entre las problema\u0301ticas identificadas esta\u0301n: explotacio\u0301n sexual y comercial, trabajo infantil, mendicidad, abandono y consumo de sustancias psicoactivas.<\/strong><\/li>\n<\/ul>\n<!--[if lt IE 9]><script>document.createElement('audio');<\/script><![endif]-->\n\t<div class=\"wp-playlist wp-audio-playlist wp-playlist-light\">\n\t\t\t<div class=\"wp-playlist-current-item\"><\/div>\n\t\t<audio controls=\"controls\" preload=\"none\" width=\"640\"\n\t\t\t><\/audio>\n\t<div class=\"wp-playlist-next\"><\/div>\n\t<div class=\"wp-playlist-prev\"><\/div>\n\t<noscript>\n\t<ol>\n\t\t<li><a href='https:\/\/www.medellin.gov.co\/es\/wp-content\/uploads\/2024\/07\/Atencion-y-proteccion-de-nin\u0303os-y-adolecentes-01.mp3'>Palabras de Sandra S\u00e1nchez, secretaria de Inclusi\u00f3n Social y Familia<\/a><\/li>\t<\/ol>\n\t<\/noscript>\n\t<script type=\"application\/json\" class=\"wp-playlist-script\">{\"type\":\"audio\",\"tracklist\":true,\"tracknumbers\":true,\"images\":true,\"artists\":true,\"tracks\":[{\"src\":\"https:\\\/\\\/www.medellin.gov.co\\\/es\\\/wp-content\\\/uploads\\\/2024\\\/07\\\/Atencion-y-proteccion-de-nin\\u0303os-y-adolecentes-01.mp3\",\"type\":\"audio\\\/mpeg\",\"title\":\"Palabras de Sandra S\\u00e1nchez, secretaria de Inclusi\\u00f3n Social y Familia\",\"caption\":\"\",\"description\":\"\\u00abPalabras de Sandra S\\u00e1nchez, secretaria de Inclusi\\u00f3n Social y Familia\\u00bb.\",\"meta\":{\"length_formatted\":\"1:45\"},\"image\":{\"src\":\"https:\\\/\\\/www.medellin.gov.co\\\/es\\\/wp-includes\\\/images\\\/media\\\/audio.png\",\"width\":48,\"height\":64},\"thumb\":{\"src\":\"https:\\\/\\\/www.medellin.gov.co\\\/es\\\/wp-includes\\\/images\\\/media\\\/audio.png\",\"width\":48,\"height\":64}}]}<\/script>\n<\/div>\n\t\n<p>Como parte de la estrategia de atencio\u0301n a nin\u0303as, nin\u0303os y adolescentes en riesgo o vulneracio\u0301n de derechos, el Distrito lidera recorridos territoriales en las comunas para hacer reconocimiento, bu\u0301squedas, acercamiento de la oferta institucional y\/o activacio\u0301n de rutas de proteccio\u0301n.<\/p>\n<p>Este an\u0303o se han realizado 4.986 recorridos, principalmente en las comunas El Poblado, Laureles-Estadio y La Candelaria. Estas intervenciones han permitido asistir a 784 nin\u0303as, nin\u0303os y adolescentes.<\/p>\n<div id=\"attachment_327534\" style=\"width: 1610px\" class=\"wp-caption alignnone\"><img aria-describedby=\"caption-attachment-327534\" loading=\"lazy\" class=\"wp-image-327534 size-full\" title=\"El Distrito ha realizado 4.986 recorridos territoriales para la atenci\u00f3n y protecci\u00f3n de las ni\u00f1as, ni\u00f1os y adolescentes\" src=\"https:\/\/www.medellin.gov.co\/es\/wp-content\/uploads\/2024\/07\/Atencion-y-proteccion-de-nin\u0303os-y-adolecentes-3.jpg\" alt=\"El Distrito ha realizado 4.986 recorridos territoriales para la atenci\u00f3n y protecci\u00f3n de las ni\u00f1as, ni\u00f1os y adolescentes\" width=\"1600\" height=\"739\" srcset=\"https:\/\/www.medellin.gov.co\/es\/wp-content\/uploads\/2024\/07\/Atencion-y-proteccion-de-nin\u0303os-y-adolecentes-3.jpg 1600w, https:\/\/www.medellin.gov.co\/es\/wp-content\/uploads\/2024\/07\/Atencion-y-proteccion-de-nin\u0303os-y-adolecentes-3-300x139.jpg 300w, https:\/\/www.medellin.gov.co\/es\/wp-content\/uploads\/2024\/07\/Atencion-y-proteccion-de-nin\u0303os-y-adolecentes-3-1024x473.jpg 1024w, https:\/\/www.medellin.gov.co\/es\/wp-content\/uploads\/2024\/07\/Atencion-y-proteccion-de-nin\u0303os-y-adolecentes-3-150x69.jpg 150w, https:\/\/www.medellin.gov.co\/es\/wp-content\/uploads\/2024\/07\/Atencion-y-proteccion-de-nin\u0303os-y-adolecentes-3-768x355.jpg 768w, https:\/\/www.medellin.gov.co\/es\/wp-content\/uploads\/2024\/07\/Atencion-y-proteccion-de-nin\u0303os-y-adolecentes-3-1536x709.jpg 1536w\" sizes=\"(max-width: 1600px) 100vw, 1600px\" \/><p id=\"caption-attachment-327534\" class=\"wp-caption-text\">El Distrito ha realizado 4.986 recorridos territoriales para la atenci\u00f3n y protecci\u00f3n de las ni\u00f1as, ni\u00f1os y adolescentes &#8211; Foto alcaldia de Medell\u00edn<\/p><\/div>\n<p>\u201c<em>Contamos con un equipo profesional y experto en la calle, precisamente es alli\u0301 en donde podemos evidenciar las problema\u0301ticas, interactuar con las diferentes situaciones y encontrar alternativas ra\u0301pidas para proteger a las nin\u0303as, nin\u0303os y adolescentes<\/em>\u201d, afirmo\u0301 la secretaria de Inclusio\u0301n Social y Familia, Sandra Sa\u0301nchez A\u0301lvarez.<\/p>\n<p>Entre las problema\u0301ticas priorizadas esta\u0301n explotacio\u0301n sexual y comercial de nin\u0303as, nin\u0303os y adolescentes, trabajo infantil, mendicidad, habitancia de calle, consumo de sustancias psicoactivas, entre otras.<\/p>\n<p>La atencio\u0301n se adelanta con un equipo interdisciplinario, en algunos sectores se cuenta con orientacio\u0301n 24\/7 y se realiza un trabajo articulado con las gerencias E\u0301tnica y de Diversidades Sexuales e Identidades de Ge\u0301nero. Se ha acercado la oferta institucional en salud, educacio\u0301n, identificacio\u0301n, prevencio\u0301n de la explotacio\u0301n sexual y comercial, asesori\u0301a a la poblacio\u0301n migrante y acompan\u0303amiento familiar.<\/p>\n<div id=\"attachment_327533\" style=\"width: 1610px\" class=\"wp-caption alignnone\"><img aria-describedby=\"caption-attachment-327533\" loading=\"lazy\" class=\"wp-image-327533 size-full\" title=\"El Distrito ha realizado 4.986 recorridos territoriales para la atenci\u00f3n y protecci\u00f3n de las ni\u00f1as, ni\u00f1os y adolescentes\" src=\"https:\/\/www.medellin.gov.co\/es\/wp-content\/uploads\/2024\/07\/Atencion-y-proteccion-de-nin\u0303os-y-adolecentes-2.jpg\" alt=\"El Distrito ha realizado 4.986 recorridos territoriales para la atenci\u00f3n y protecci\u00f3n de las ni\u00f1as, ni\u00f1os y adolescentes\" width=\"1600\" height=\"781\" srcset=\"https:\/\/www.medellin.gov.co\/es\/wp-content\/uploads\/2024\/07\/Atencion-y-proteccion-de-nin\u0303os-y-adolecentes-2.jpg 1600w, https:\/\/www.medellin.gov.co\/es\/wp-content\/uploads\/2024\/07\/Atencion-y-proteccion-de-nin\u0303os-y-adolecentes-2-300x146.jpg 300w, https:\/\/www.medellin.gov.co\/es\/wp-content\/uploads\/2024\/07\/Atencion-y-proteccion-de-nin\u0303os-y-adolecentes-2-1024x500.jpg 1024w, https:\/\/www.medellin.gov.co\/es\/wp-content\/uploads\/2024\/07\/Atencion-y-proteccion-de-nin\u0303os-y-adolecentes-2-150x73.jpg 150w, https:\/\/www.medellin.gov.co\/es\/wp-content\/uploads\/2024\/07\/Atencion-y-proteccion-de-nin\u0303os-y-adolecentes-2-768x375.jpg 768w, https:\/\/www.medellin.gov.co\/es\/wp-content\/uploads\/2024\/07\/Atencion-y-proteccion-de-nin\u0303os-y-adolecentes-2-1536x750.jpg 1536w\" sizes=\"(max-width: 1600px) 100vw, 1600px\" \/><p id=\"caption-attachment-327533\" class=\"wp-caption-text\">El Distrito ha realizado 4.986 recorridos territoriales para la atenci\u00f3n y protecci\u00f3n de las ni\u00f1as, ni\u00f1os y adolescentes &#8211; Foto alcaldia de Medell\u00edn<\/p><\/div>\n<p>La Alcaldi\u0301a de Medelli\u0301n cuenta con diferentes medidas de proteccio\u0301n transitoria y especializadas dispuestas para los procesos restablecimiento de derechos de la nin\u0303ez y la adolescencia como son el Centro de Diagno\u0301stico y Derivacio\u0301n, los hogares de paso, Casa Vida y dema\u0301s espacios para la atencio\u0301n. El ingreso a estas medidas se realiza por medio de derivacio\u0301n de los defensores de familia y los comisarios. Asi\u0301 mismo, se tiene la li\u0301nea 123 para recibir denuncias de vulneracio\u0301n de derechos de la nin\u0303ez.<\/p>\n<div class=\"page\" title=\"Page 2\">\n<div class=\"section\">\n<div class=\"layoutArea\">\n<div class=\"column\">\n<p>\u201c<em>Medelli\u0301n somos todos, por eso invitamos a cada ciudadano a que haga parte de la red de proteccio\u0301n. Cuando haya un hecho, una situacio\u0301n de riesgo en contra de nuestras nin\u0303as, nin\u0303os o adolescentes el llamado es a denunciar, a que entre todos seamos ojos cuidadores de la nin\u0303ez y la adolescencia<\/em>\u201d, agrego\u0301 la secretaria Sa\u0301nchez A\u0301lvarez.<\/p>\n<\/div>\n<\/div>\n<\/div>\n<\/div>\n<\/div>\n<\/div>\n<\/div>\n<\/div>\n","protected":false},"excerpt":{"rendered":"<p>Las comunas con ma\u0301s intervenciones son El Poblado, Laureles Estadio y La Candelaria. Entre las problema\u0301ticas identificadas esta\u0301n: explotacio\u0301n sexual y comercial, trabajo infantil, mendicidad, abandono y consumo de sustancias psicoactivas. Como parte de la &#8230;<\/p>\n","protected":false},"author":84,"featured_media":327527,"comment_status":"open","ping_status":"open","sticky":false,"template":"","format":"standard","meta":[],"categories":[1],"tags":[451,455],"formato_nota":[],"programas_tax":[],"acf":[],"_links":{"self":[{"href":"https:\/\/www.medellin.gov.co\/es\/wp-json\/wp\/v2\/posts\/327524"}],"collection":[{"href":"https:\/\/www.medellin.gov.co\/es\/wp-json\/wp\/v2\/posts"}],"about":[{"href":"https:\/\/www.medellin.gov.co\/es\/wp-json\/wp\/v2\/types\/post"}],"author":[{"embeddable":true,"href":"https:\/\/www.medellin.gov.co\/es\/wp-json\/wp\/v2\/users\/84"}],"replies":[{"embeddable":true,"href":"https:\/\/www.medellin.gov.co\/es\/wp-json\/wp\/v2\/comments?post=327524"}],"version-history":[{"count":2,"href":"https:\/\/www.medellin.gov.co\/es\/wp-json\/wp\/v2\/posts\/327524\/revisions"}],"predecessor-version":[{"id":327538,"href":"https:\/\/www.medellin.gov.co\/es\/wp-json\/wp\/v2\/posts\/327524\/revisions\/327538"}],"wp:featuredmedia":[{"embeddable":true,"href":"https:\/\/www.medellin.gov.co\/es\/wp-json\/wp\/v2\/media\/327527"}],"wp:attachment":[{"href":"https:\/\/www.medellin.gov.co\/es\/wp-json\/wp\/v2\/media?parent=327524"}],"wp:term":[{"taxonomy":"category","embeddable":true,"href":"https:\/\/www.medellin.gov.co\/es\/wp-json\/wp\/v2\/categories?post=327524"},{"taxonomy":"post_tag","embeddable":true,"href":"https:\/\/www.medellin.gov.co\/es\/wp-json\/wp\/v2\/tags?post=327524"},{"taxonomy":"formato_nota","embeddable":true,"href":"https:\/\/www.medellin.gov.co\/es\/wp-json\/wp\/v2\/formato_nota?post=327524"},{"taxonomy":"programas_tax","embeddable":true,"href":"https:\/\/www.medellin.gov.co\/es\/wp-json\/wp\/v2\/programas_tax?post=327524"}],"curies":[{"name":"wp","href":"https:\/\/api.w.org\/{rel}","templated":true}]}}