{"id":329984,"date":"2024-08-04T14:17:21","date_gmt":"2024-08-04T19:17:21","guid":{"rendered":"https:\/\/www.medellin.gov.co\/es\/?p=329984"},"modified":"2024-08-05T17:49:54","modified_gmt":"2024-08-05T22:49:54","slug":"en-medellin-se-jugara-el-festival-internacional-mujeres-futbol-y-flores","status":"publish","type":"post","link":"https:\/\/www.medellin.gov.co\/es\/sala-de-prensa\/noticias\/en-medellin-se-jugara-el-festival-internacional-mujeres-futbol-y-flores\/","title":{"rendered":"En Medell\u00edn se jugar\u00e1 el Festival Internacional Mujeres, F\u00fatbol y Flores"},"content":{"rendered":"<div class=\"page\" title=\"Page 1\">\n<div class=\"section\">\n<div class=\"layoutArea\">\n<div class=\"column\">\n<p>En la Feria de las Flores, entre el 5 y el 11 de agosto, se realizara\u0301 el Festival Mujeres, Fu\u0301tbol y Flores. El torneo es organizado por La Diez Fu\u0301tbol Club y es apoyado por la Alcaldi\u0301a de Medelli\u0301n. En esta actividad participara\u0301n ma\u0301s de 500 personas, incluyendo deportistas, floricultoras, campesinas, periodistas y creadoras de contenido, quienes se unira\u0301n para exaltar su fuerza transformadora.<\/p>\n<p>En total, 20 equipos de fu\u0301tbol femenino, locales e internacionales, se disputara\u0301n el primer puesto. Todas las actividades se hara\u0301n en la unidad deportiva Atanasio Girardot y tendra\u0301n entrada libre.<\/p>\n<p>Adema\u0301s de los partidos, se programaron fiestas populares, mercados campesinos, intercambios culturales entre barras del Deportivo Independiente Medelli\u0301n y Atle\u0301tico Nacional, asi\u0301 como una exposicio\u0301n fotogra\u0301fica de mujeres que han sido i\u0301conos de las canchas.<\/p>\n<\/div>\n<\/div>\n<\/div>\n<\/div>\n","protected":false},"excerpt":{"rendered":"<p>En la Feria de las Flores, entre el 5 y el 11 de agosto, se realizara\u0301 el Festival Mujeres, Fu\u0301tbol y Flores. El torneo es organizado por La Diez Fu\u0301tbol Club y es apoyado por &#8230;<\/p>\n","protected":false},"author":84,"featured_media":330412,"comment_status":"open","ping_status":"open","sticky":false,"template":"","format":"standard","meta":[],"categories":[15],"tags":[444,429],"formato_nota":[],"programas_tax":[],"acf":[],"_links":{"self":[{"href":"https:\/\/www.medellin.gov.co\/es\/wp-json\/wp\/v2\/posts\/329984"}],"collection":[{"href":"https:\/\/www.medellin.gov.co\/es\/wp-json\/wp\/v2\/posts"}],"about":[{"href":"https:\/\/www.medellin.gov.co\/es\/wp-json\/wp\/v2\/types\/post"}],"author":[{"embeddable":true,"href":"https:\/\/www.medellin.gov.co\/es\/wp-json\/wp\/v2\/users\/84"}],"replies":[{"embeddable":true,"href":"https:\/\/www.medellin.gov.co\/es\/wp-json\/wp\/v2\/comments?post=329984"}],"version-history":[{"count":2,"href":"https:\/\/www.medellin.gov.co\/es\/wp-json\/wp\/v2\/posts\/329984\/revisions"}],"predecessor-version":[{"id":329989,"href":"https:\/\/www.medellin.gov.co\/es\/wp-json\/wp\/v2\/posts\/329984\/revisions\/329989"}],"wp:featuredmedia":[{"embeddable":true,"href":"https:\/\/www.medellin.gov.co\/es\/wp-json\/wp\/v2\/media\/330412"}],"wp:attachment":[{"href":"https:\/\/www.medellin.gov.co\/es\/wp-json\/wp\/v2\/media?parent=329984"}],"wp:term":[{"taxonomy":"category","embeddable":true,"href":"https:\/\/www.medellin.gov.co\/es\/wp-json\/wp\/v2\/categories?post=329984"},{"taxonomy":"post_tag","embeddable":true,"href":"https:\/\/www.medellin.gov.co\/es\/wp-json\/wp\/v2\/tags?post=329984"},{"taxonomy":"formato_nota","embeddable":true,"href":"https:\/\/www.medellin.gov.co\/es\/wp-json\/wp\/v2\/formato_nota?post=329984"},{"taxonomy":"programas_tax","embeddable":true,"href":"https:\/\/www.medellin.gov.co\/es\/wp-json\/wp\/v2\/programas_tax?post=329984"}],"curies":[{"name":"wp","href":"https:\/\/api.w.org\/{rel}","templated":true}]}}