{"id":329990,"date":"2024-08-04T14:24:25","date_gmt":"2024-08-04T19:24:25","guid":{"rendered":"https:\/\/www.medellin.gov.co\/es\/?p=329990"},"modified":"2024-08-04T14:24:25","modified_gmt":"2024-08-04T19:24:25","slug":"el-distrito-fortalece-la-salud-de-231-familias-de-diferentes-etnias-mediante-el-programa-medellin-te-quiere-saludable","status":"publish","type":"post","link":"https:\/\/www.medellin.gov.co\/es\/sala-de-prensa\/noticias\/el-distrito-fortalece-la-salud-de-231-familias-de-diferentes-etnias-mediante-el-programa-medellin-te-quiere-saludable\/","title":{"rendered":"El Distrito fortalece la salud de 231 familias de diferentes etnias mediante el programa Medell\u00edn Te Quiere Saludable"},"content":{"rendered":"<div class=\"page\" title=\"Page 1\">\n<div class=\"section\">\n<div class=\"layoutArea\">\n<div class=\"column\">\n<ul>\n<li><strong>La estrategia comprende medicina ancestral, acciones para la salud mental y afiliaciones.<\/strong><\/li>\n<\/ul>\n<!--[if lt IE 9]><script>document.createElement('audio');<\/script><![endif]-->\n\t<div class=\"wp-playlist wp-audio-playlist wp-playlist-light\">\n\t\t\t<div class=\"wp-playlist-current-item\"><\/div>\n\t\t<audio controls=\"controls\" preload=\"none\" width=\"640\"\n\t\t\t><\/audio>\n\t<div class=\"wp-playlist-next\"><\/div>\n\t<div class=\"wp-playlist-prev\"><\/div>\n\t<noscript>\n\t<ol>\n\t\t<li><a href='https:\/\/www.medellin.gov.co\/es\/wp-content\/uploads\/2024\/08\/Medellin-te-quiere-saludable-familias-de-etnias-01.mp3'>Palabras de Lina Julieth Bedoya, l\u00edder de promoci\u00f3n y prevenci\u00f3n de la Secretar\u00eda de Salud<\/a><\/li>\t<\/ol>\n\t<\/noscript>\n\t<script type=\"application\/json\" class=\"wp-playlist-script\">{\"type\":\"audio\",\"tracklist\":true,\"tracknumbers\":true,\"images\":true,\"artists\":true,\"tracks\":[{\"src\":\"https:\\\/\\\/www.medellin.gov.co\\\/es\\\/wp-content\\\/uploads\\\/2024\\\/08\\\/Medellin-te-quiere-saludable-familias-de-etnias-01.mp3\",\"type\":\"audio\\\/mpeg\",\"title\":\"Palabras de Lina Julieth Bedoya, l\\u00edder de promoci\\u00f3n y prevenci\\u00f3n de la Secretar\\u00eda de Salud\",\"caption\":\"\",\"description\":\"\\u00abPalabras de Lina Julieth Bedoya, l\\u00edder de promoci\\u00f3n y prevenci\\u00f3n de la Secretar\\u00eda de Salud1\\u00bb.\",\"meta\":{\"year\":\"2024\",\"length_formatted\":\"0:44\"},\"image\":{\"src\":\"https:\\\/\\\/www.medellin.gov.co\\\/es\\\/wp-includes\\\/images\\\/media\\\/audio.png\",\"width\":48,\"height\":64},\"thumb\":{\"src\":\"https:\\\/\\\/www.medellin.gov.co\\\/es\\\/wp-includes\\\/images\\\/media\\\/audio.png\",\"width\":48,\"height\":64}}]}<\/script>\n<\/div>\n\t\n<p>Con el propo\u0301sito de que las poblaciones indi\u0301genas, negras, afro, raizales y palenqueras de la ciudad tengan garanti\u0301as en su derecho a la salud y reivindiquen la sabiduri\u0301a ancestral, la Administracio\u0301n Distrital avanza con su programa Medelli\u0301n Te Quiere Saludable con el cual 231 hogares han contado con atencio\u0301n integral.<\/p>\n<div id=\"attachment_329998\" style=\"width: 1210px\" class=\"wp-caption alignnone\"><img aria-describedby=\"caption-attachment-329998\" loading=\"lazy\" class=\"wp-image-329998 size-full\" title=\"El Distrito fortalece la salud de 231 familias de diferentes etnias mediante el programa Medell\u00edn Te Quiere Saludable\" src=\"https:\/\/www.medellin.gov.co\/es\/wp-content\/uploads\/2024\/08\/Medellin-te-quiere-saludable-familias-de-etnias-4.jpg\" alt=\"El Distrito fortalece la salud de 231 familias de diferentes etnias mediante el programa Medell\u00edn Te Quiere Saludable\" width=\"1200\" height=\"900\" srcset=\"https:\/\/www.medellin.gov.co\/es\/wp-content\/uploads\/2024\/08\/Medellin-te-quiere-saludable-familias-de-etnias-4.jpg 1200w, https:\/\/www.medellin.gov.co\/es\/wp-content\/uploads\/2024\/08\/Medellin-te-quiere-saludable-familias-de-etnias-4-300x225.jpg 300w, https:\/\/www.medellin.gov.co\/es\/wp-content\/uploads\/2024\/08\/Medellin-te-quiere-saludable-familias-de-etnias-4-1024x768.jpg 1024w, https:\/\/www.medellin.gov.co\/es\/wp-content\/uploads\/2024\/08\/Medellin-te-quiere-saludable-familias-de-etnias-4-150x113.jpg 150w, https:\/\/www.medellin.gov.co\/es\/wp-content\/uploads\/2024\/08\/Medellin-te-quiere-saludable-familias-de-etnias-4-768x576.jpg 768w\" sizes=\"(max-width: 1200px) 100vw, 1200px\" \/><p id=\"caption-attachment-329998\" class=\"wp-caption-text\">El Distrito fortalece la salud de 231 familias de diferentes etnias mediante el programa Medell\u00edn Te Quiere Saludable &#8211; Foto alcaldia de Medell\u00edn<\/p><\/div>\n<p>Este an\u0303o, se ha realizado acompan\u0303amiento personalizado y diferencial enfocado en el fortalecimiento de costumbres culturales. Un total de 106 familias se han beneficiado con medicina ancestral, 54 con temas de salud mental y 71 hogares indi\u0301genas Embera que hablan lengua materna han contado con acompan\u0303amiento para garantizar su acceso a los servicios de salud.<\/p>\n<p>La li\u0301der de promocio\u0301n y prevencio\u0301n de la Secretari\u0301a de Salud, Lina Julieth Bedoya, afirmo\u0301 que \u201c<em>a trave\u0301s del programa Medelli\u0301n Te Quiere Saludable se ha implementado el enfoque e\u0301tnico, que busca respetar y reconocer las cosmovisiones y los conocimientos culturales y ancestrales. Este an\u0303o pretendemos acompan\u0303ar a 500 familias e\u0301tnicas, 215 con sabedores indi\u0301genas, 100 de la poblacio\u0301n Embera Kati\u0301o y 50 hogares de mujeres indi\u0301genas en edad fe\u0301rtil; adema\u0301s, realizaremos 15 jornadas de salud especi\u0301ficas para este tipo de poblacione<\/em>s\u201d.<\/p>\n<div id=\"attachment_329994\" style=\"width: 1171px\" class=\"wp-caption alignnone\"><img aria-describedby=\"caption-attachment-329994\" loading=\"lazy\" class=\"wp-image-329994 size-full\" title=\"El Distrito fortalece la salud de 231 familias de diferentes etnias mediante el programa Medell\u00edn Te Quiere Saludable\" src=\"https:\/\/www.medellin.gov.co\/es\/wp-content\/uploads\/2024\/08\/Medellin-te-quiere-saludable-familias-de-etnias-2.jpg\" alt=\"El Distrito fortalece la salud de 231 familias de diferentes etnias mediante el programa Medell\u00edn Te Quiere Saludable\" width=\"1161\" height=\"871\" srcset=\"https:\/\/www.medellin.gov.co\/es\/wp-content\/uploads\/2024\/08\/Medellin-te-quiere-saludable-familias-de-etnias-2.jpg 1161w, https:\/\/www.medellin.gov.co\/es\/wp-content\/uploads\/2024\/08\/Medellin-te-quiere-saludable-familias-de-etnias-2-300x225.jpg 300w, https:\/\/www.medellin.gov.co\/es\/wp-content\/uploads\/2024\/08\/Medellin-te-quiere-saludable-familias-de-etnias-2-1024x768.jpg 1024w, https:\/\/www.medellin.gov.co\/es\/wp-content\/uploads\/2024\/08\/Medellin-te-quiere-saludable-familias-de-etnias-2-150x113.jpg 150w, https:\/\/www.medellin.gov.co\/es\/wp-content\/uploads\/2024\/08\/Medellin-te-quiere-saludable-familias-de-etnias-2-768x576.jpg 768w\" sizes=\"(max-width: 1161px) 100vw, 1161px\" \/><p id=\"caption-attachment-329994\" class=\"wp-caption-text\">El Distrito fortalece la salud de 231 familias de diferentes etnias mediante el programa Medell\u00edn Te Quiere Saludable &#8211; Foto alcaldia de Medell\u00edn<\/p><\/div>\n<p>Medelli\u0301n Te Quiere Saludable cuenta con un equipo especializado conformado por nueve profesionales indi\u0301genas, afro, agentes comunitarios, inte\u0301rpretes, sabedores y me\u0301dicos tradicionales, quienes trabajan de manera articulada para brindar atencio\u0301n integral y culturalmente pertinente para las comunidades.<\/p>\n<\/div>\n<\/div>\n<\/div>\n<\/div>\n","protected":false},"excerpt":{"rendered":"<p>La estrategia comprende medicina ancestral, acciones para la salud mental y afiliaciones. Con el propo\u0301sito de que las poblaciones indi\u0301genas, negras, afro, raizales y palenqueras de la ciudad tengan garanti\u0301as en su derecho a la &#8230;<\/p>\n","protected":false},"author":84,"featured_media":329996,"comment_status":"open","ping_status":"open","sticky":false,"template":"","format":"standard","meta":[],"categories":[18],"tags":[455,452],"formato_nota":[],"programas_tax":[],"acf":[],"_links":{"self":[{"href":"https:\/\/www.medellin.gov.co\/es\/wp-json\/wp\/v2\/posts\/329990"}],"collection":[{"href":"https:\/\/www.medellin.gov.co\/es\/wp-json\/wp\/v2\/posts"}],"about":[{"href":"https:\/\/www.medellin.gov.co\/es\/wp-json\/wp\/v2\/types\/post"}],"author":[{"embeddable":true,"href":"https:\/\/www.medellin.gov.co\/es\/wp-json\/wp\/v2\/users\/84"}],"replies":[{"embeddable":true,"href":"https:\/\/www.medellin.gov.co\/es\/wp-json\/wp\/v2\/comments?post=329990"}],"version-history":[{"count":2,"href":"https:\/\/www.medellin.gov.co\/es\/wp-json\/wp\/v2\/posts\/329990\/revisions"}],"predecessor-version":[{"id":330001,"href":"https:\/\/www.medellin.gov.co\/es\/wp-json\/wp\/v2\/posts\/329990\/revisions\/330001"}],"wp:featuredmedia":[{"embeddable":true,"href":"https:\/\/www.medellin.gov.co\/es\/wp-json\/wp\/v2\/media\/329996"}],"wp:attachment":[{"href":"https:\/\/www.medellin.gov.co\/es\/wp-json\/wp\/v2\/media?parent=329990"}],"wp:term":[{"taxonomy":"category","embeddable":true,"href":"https:\/\/www.medellin.gov.co\/es\/wp-json\/wp\/v2\/categories?post=329990"},{"taxonomy":"post_tag","embeddable":true,"href":"https:\/\/www.medellin.gov.co\/es\/wp-json\/wp\/v2\/tags?post=329990"},{"taxonomy":"formato_nota","embeddable":true,"href":"https:\/\/www.medellin.gov.co\/es\/wp-json\/wp\/v2\/formato_nota?post=329990"},{"taxonomy":"programas_tax","embeddable":true,"href":"https:\/\/www.medellin.gov.co\/es\/wp-json\/wp\/v2\/programas_tax?post=329990"}],"curies":[{"name":"wp","href":"https:\/\/api.w.org\/{rel}","templated":true}]}}