{"id":331308,"date":"2024-08-07T19:19:47","date_gmt":"2024-08-08T00:19:47","guid":{"rendered":"https:\/\/www.medellin.gov.co\/es\/?p=331308"},"modified":"2024-08-07T19:19:47","modified_gmt":"2024-08-08T00:19:47","slug":"un-desfile-primaveral-lleno-de-artistas-y-alegria-se-vivio-en-la-feria-de-las-flores","status":"publish","type":"post","link":"https:\/\/www.medellin.gov.co\/es\/sala-de-prensa\/noticias\/un-desfile-primaveral-lleno-de-artistas-y-alegria-se-vivio-en-la-feria-de-las-flores\/","title":{"rendered":"Un desfile primaveral lleno de artistas y alegr\u00eda se vivi\u00f3 en la Feria de las Flores"},"content":{"rendered":"<p><em>Por primera vez en la <a href=\"http:\/\/www.feriadelasfloresmedellin.gov.co\/\" target=\"_blank\" rel=\"noopener\">Feria de las Flores<\/a> se realiz\u00f3 el desfile avenida Primavera: calle, ritmos y flores, en donde diferentes artistas desfilaron en unas carrozas especialmente decoradas, con motivos alusivos a las flores y a la cultura silletera. Al ritmo de la m\u00fasica, en diferentes g\u00e9neros, estas carrozas le pusieron otro ritmo y otro sabor a nuestra <a href=\"http:\/\/www.feriadelasfloresmedellin.gov.co\/\" target=\"_blank\" rel=\"noopener\">Feria de las Flores<\/a>.<\/em><\/p>\n\n\t\t<style type=\"text\/css\">\n\t\t\t#gallery-1 {\n\t\t\t\tmargin: auto;\n\t\t\t}\n\t\t\t#gallery-1 .gallery-item {\n\t\t\t\tfloat: left;\n\t\t\t\tmargin-top: 10px;\n\t\t\t\ttext-align: center;\n\t\t\t\twidth: 33%;\n\t\t\t}\n\t\t\t#gallery-1 img {\n\t\t\t\tborder: 2px solid #cfcfcf;\n\t\t\t}\n\t\t\t#gallery-1 .gallery-caption {\n\t\t\t\tmargin-left: 0;\n\t\t\t}\n\t\t\t\/* see gallery_shortcode() in wp-includes\/media.php *\/\n\t\t<\/style>\n\t\t<div id='gallery-1' class='gallery galleryid-331308 gallery-columns-3 gallery-size-large'><dl class='gallery-item'>\n\t\t\t<dt class='gallery-icon landscape'>\n\t\t\t\t<a href='https:\/\/www.medellin.gov.co\/es\/sala-de-prensa\/noticias\/un-desfile-primaveral-lleno-de-artistas-y-alegria-se-vivio-en-la-feria-de-las-flores\/desfile_primavera-1\/'><img width=\"1024\" height=\"768\" src=\"https:\/\/www.medellin.gov.co\/es\/wp-content\/uploads\/2024\/08\/Desfile_Primavera-1-1024x768.jpg\" class=\"attachment-large size-large\" alt=\"Desfile Primavera\" loading=\"lazy\" aria-describedby=\"gallery-1-331343\" srcset=\"https:\/\/www.medellin.gov.co\/es\/wp-content\/uploads\/2024\/08\/Desfile_Primavera-1-1024x768.jpg 1024w, https:\/\/www.medellin.gov.co\/es\/wp-content\/uploads\/2024\/08\/Desfile_Primavera-1-300x225.jpg 300w, https:\/\/www.medellin.gov.co\/es\/wp-content\/uploads\/2024\/08\/Desfile_Primavera-1-150x113.jpg 150w, https:\/\/www.medellin.gov.co\/es\/wp-content\/uploads\/2024\/08\/Desfile_Primavera-1-768x576.jpg 768w, https:\/\/www.medellin.gov.co\/es\/wp-content\/uploads\/2024\/08\/Desfile_Primavera-1.jpg 1137w\" sizes=\"(max-width: 1024px) 100vw, 1024px\" \/><\/a>\n\t\t\t<\/dt>\n\t\t\t\t<dd class='wp-caption-text gallery-caption' id='gallery-1-331343'>\n\t\t\t\tDesfile Primavera\n\t\t\t\t<\/dd><\/dl><dl class='gallery-item'>\n\t\t\t<dt class='gallery-icon landscape'>\n\t\t\t\t<a href='https:\/\/www.medellin.gov.co\/es\/sala-de-prensa\/noticias\/un-desfile-primaveral-lleno-de-artistas-y-alegria-se-vivio-en-la-feria-de-las-flores\/desfile_primavera-4\/'><img width=\"1024\" height=\"768\" src=\"https:\/\/www.medellin.gov.co\/es\/wp-content\/uploads\/2024\/08\/Desfile_Primavera-4-1024x768.jpg\" class=\"attachment-large size-large\" alt=\"Desfile Primavera\" loading=\"lazy\" aria-describedby=\"gallery-1-331348\" srcset=\"https:\/\/www.medellin.gov.co\/es\/wp-content\/uploads\/2024\/08\/Desfile_Primavera-4-1024x768.jpg 1024w, https:\/\/www.medellin.gov.co\/es\/wp-content\/uploads\/2024\/08\/Desfile_Primavera-4-300x225.jpg 300w, https:\/\/www.medellin.gov.co\/es\/wp-content\/uploads\/2024\/08\/Desfile_Primavera-4-150x113.jpg 150w, https:\/\/www.medellin.gov.co\/es\/wp-content\/uploads\/2024\/08\/Desfile_Primavera-4-768x576.jpg 768w, https:\/\/www.medellin.gov.co\/es\/wp-content\/uploads\/2024\/08\/Desfile_Primavera-4.jpg 1137w\" sizes=\"(max-width: 1024px) 100vw, 1024px\" \/><\/a>\n\t\t\t<\/dt>\n\t\t\t\t<dd class='wp-caption-text gallery-caption' id='gallery-1-331348'>\n\t\t\t\tDesfile Primavera\n\t\t\t\t<\/dd><\/dl><dl class='gallery-item'>\n\t\t\t<dt class='gallery-icon landscape'>\n\t\t\t\t<a href='https:\/\/www.medellin.gov.co\/es\/sala-de-prensa\/noticias\/un-desfile-primaveral-lleno-de-artistas-y-alegria-se-vivio-en-la-feria-de-las-flores\/desfile_primavera-22\/'><img width=\"1024\" height=\"768\" src=\"https:\/\/www.medellin.gov.co\/es\/wp-content\/uploads\/2024\/08\/Desfile_Primavera-22-1024x768.jpg\" class=\"attachment-large size-large\" alt=\"\" loading=\"lazy\" aria-describedby=\"gallery-1-331376\" srcset=\"https:\/\/www.medellin.gov.co\/es\/wp-content\/uploads\/2024\/08\/Desfile_Primavera-22-1024x768.jpg 1024w, https:\/\/www.medellin.gov.co\/es\/wp-content\/uploads\/2024\/08\/Desfile_Primavera-22-300x225.jpg 300w, https:\/\/www.medellin.gov.co\/es\/wp-content\/uploads\/2024\/08\/Desfile_Primavera-22-150x113.jpg 150w, https:\/\/www.medellin.gov.co\/es\/wp-content\/uploads\/2024\/08\/Desfile_Primavera-22-768x576.jpg 768w, https:\/\/www.medellin.gov.co\/es\/wp-content\/uploads\/2024\/08\/Desfile_Primavera-22.jpg 1137w\" sizes=\"(max-width: 1024px) 100vw, 1024px\" \/><\/a>\n\t\t\t<\/dt>\n\t\t\t\t<dd class='wp-caption-text gallery-caption' id='gallery-1-331376'>\n\t\t\t\tDesfile Primavera\n\t\t\t\t<\/dd><\/dl><br style=\"clear: both\" \/><dl class='gallery-item'>\n\t\t\t<dt class='gallery-icon landscape'>\n\t\t\t\t<a href='https:\/\/www.medellin.gov.co\/es\/sala-de-prensa\/noticias\/un-desfile-primaveral-lleno-de-artistas-y-alegria-se-vivio-en-la-feria-de-las-flores\/desfile_primavera-13\/'><img width=\"1024\" height=\"768\" src=\"https:\/\/www.medellin.gov.co\/es\/wp-content\/uploads\/2024\/08\/Desfile_Primavera-13-1024x768.jpg\" class=\"attachment-large size-large\" alt=\"\" loading=\"lazy\" aria-describedby=\"gallery-1-331364\" srcset=\"https:\/\/www.medellin.gov.co\/es\/wp-content\/uploads\/2024\/08\/Desfile_Primavera-13-1024x768.jpg 1024w, https:\/\/www.medellin.gov.co\/es\/wp-content\/uploads\/2024\/08\/Desfile_Primavera-13-300x225.jpg 300w, https:\/\/www.medellin.gov.co\/es\/wp-content\/uploads\/2024\/08\/Desfile_Primavera-13-150x113.jpg 150w, https:\/\/www.medellin.gov.co\/es\/wp-content\/uploads\/2024\/08\/Desfile_Primavera-13-768x576.jpg 768w, https:\/\/www.medellin.gov.co\/es\/wp-content\/uploads\/2024\/08\/Desfile_Primavera-13.jpg 1137w\" sizes=\"(max-width: 1024px) 100vw, 1024px\" \/><\/a>\n\t\t\t<\/dt>\n\t\t\t\t<dd class='wp-caption-text gallery-caption' id='gallery-1-331364'>\n\t\t\t\tDesfile Primavera\n\t\t\t\t<\/dd><\/dl><dl class='gallery-item'>\n\t\t\t<dt class='gallery-icon landscape'>\n\t\t\t\t<a href='https:\/\/www.medellin.gov.co\/es\/sala-de-prensa\/noticias\/un-desfile-primaveral-lleno-de-artistas-y-alegria-se-vivio-en-la-feria-de-las-flores\/desfile_primavera-10\/'><img width=\"1024\" height=\"768\" src=\"https:\/\/www.medellin.gov.co\/es\/wp-content\/uploads\/2024\/08\/Desfile_Primavera-10-1024x768.jpg\" class=\"attachment-large size-large\" alt=\"Desfile Primavera\" loading=\"lazy\" aria-describedby=\"gallery-1-331359\" srcset=\"https:\/\/www.medellin.gov.co\/es\/wp-content\/uploads\/2024\/08\/Desfile_Primavera-10-1024x768.jpg 1024w, https:\/\/www.medellin.gov.co\/es\/wp-content\/uploads\/2024\/08\/Desfile_Primavera-10-300x225.jpg 300w, https:\/\/www.medellin.gov.co\/es\/wp-content\/uploads\/2024\/08\/Desfile_Primavera-10-150x113.jpg 150w, https:\/\/www.medellin.gov.co\/es\/wp-content\/uploads\/2024\/08\/Desfile_Primavera-10-768x576.jpg 768w, https:\/\/www.medellin.gov.co\/es\/wp-content\/uploads\/2024\/08\/Desfile_Primavera-10.jpg 1137w\" sizes=\"(max-width: 1024px) 100vw, 1024px\" \/><\/a>\n\t\t\t<\/dt>\n\t\t\t\t<dd class='wp-caption-text gallery-caption' id='gallery-1-331359'>\n\t\t\t\tDesfile Primavera\n\t\t\t\t<\/dd><\/dl><dl class='gallery-item'>\n\t\t\t<dt class='gallery-icon landscape'>\n\t\t\t\t<a href='https:\/\/www.medellin.gov.co\/es\/sala-de-prensa\/noticias\/un-desfile-primaveral-lleno-de-artistas-y-alegria-se-vivio-en-la-feria-de-las-flores\/desfile_primavera-21\/'><img width=\"1024\" height=\"768\" src=\"https:\/\/www.medellin.gov.co\/es\/wp-content\/uploads\/2024\/08\/Desfile_Primavera-21-1024x768.jpg\" class=\"attachment-large size-large\" alt=\"\" loading=\"lazy\" aria-describedby=\"gallery-1-331374\" srcset=\"https:\/\/www.medellin.gov.co\/es\/wp-content\/uploads\/2024\/08\/Desfile_Primavera-21-1024x768.jpg 1024w, https:\/\/www.medellin.gov.co\/es\/wp-content\/uploads\/2024\/08\/Desfile_Primavera-21-300x225.jpg 300w, https:\/\/www.medellin.gov.co\/es\/wp-content\/uploads\/2024\/08\/Desfile_Primavera-21-150x113.jpg 150w, https:\/\/www.medellin.gov.co\/es\/wp-content\/uploads\/2024\/08\/Desfile_Primavera-21-768x576.jpg 768w, https:\/\/www.medellin.gov.co\/es\/wp-content\/uploads\/2024\/08\/Desfile_Primavera-21.jpg 1137w\" sizes=\"(max-width: 1024px) 100vw, 1024px\" \/><\/a>\n\t\t\t<\/dt>\n\t\t\t\t<dd class='wp-caption-text gallery-caption' id='gallery-1-331374'>\n\t\t\t\tDesfile Primavera\n\t\t\t\t<\/dd><\/dl><br style=\"clear: both\" \/>\n\t\t<\/div>\n\n<p>El recorrido se hizo a lo largo de la avenida del R\u00edo, andando los pasos, pero esta vez sobre ruedas, que har\u00e1n nuestros silleteros el pr\u00f3ximo domingo 11 de agosto, en el tradicional <a href=\"http:\/\/www.feriadelasfloresmedellin.gov.co\/\" target=\"_blank\" rel=\"noopener\">Desfile de Silleteros<\/a> que cierra la <a href=\"http:\/\/www.feriadelasfloresmedellin.gov.co\/\" target=\"_blank\" rel=\"noopener\">Feria de las Flores<\/a>.<\/p>\n\n\t\t<style type=\"text\/css\">\n\t\t\t#gallery-2 {\n\t\t\t\tmargin: auto;\n\t\t\t}\n\t\t\t#gallery-2 .gallery-item {\n\t\t\t\tfloat: left;\n\t\t\t\tmargin-top: 10px;\n\t\t\t\ttext-align: center;\n\t\t\t\twidth: 33%;\n\t\t\t}\n\t\t\t#gallery-2 img {\n\t\t\t\tborder: 2px solid #cfcfcf;\n\t\t\t}\n\t\t\t#gallery-2 .gallery-caption {\n\t\t\t\tmargin-left: 0;\n\t\t\t}\n\t\t\t\/* see gallery_shortcode() in wp-includes\/media.php *\/\n\t\t<\/style>\n\t\t<div id='gallery-2' class='gallery galleryid-331308 gallery-columns-3 gallery-size-large'><dl class='gallery-item'>\n\t\t\t<dt class='gallery-icon landscape'>\n\t\t\t\t<a href='https:\/\/www.medellin.gov.co\/es\/sala-de-prensa\/noticias\/un-desfile-primaveral-lleno-de-artistas-y-alegria-se-vivio-en-la-feria-de-las-flores\/desfile_primavera-23\/'><img width=\"1024\" height=\"768\" src=\"https:\/\/www.medellin.gov.co\/es\/wp-content\/uploads\/2024\/08\/Desfile_Primavera-23-1024x768.jpg\" class=\"attachment-large size-large\" alt=\"\" loading=\"lazy\" aria-describedby=\"gallery-2-331378\" srcset=\"https:\/\/www.medellin.gov.co\/es\/wp-content\/uploads\/2024\/08\/Desfile_Primavera-23-1024x768.jpg 1024w, https:\/\/www.medellin.gov.co\/es\/wp-content\/uploads\/2024\/08\/Desfile_Primavera-23-300x225.jpg 300w, https:\/\/www.medellin.gov.co\/es\/wp-content\/uploads\/2024\/08\/Desfile_Primavera-23-150x113.jpg 150w, https:\/\/www.medellin.gov.co\/es\/wp-content\/uploads\/2024\/08\/Desfile_Primavera-23-768x576.jpg 768w, https:\/\/www.medellin.gov.co\/es\/wp-content\/uploads\/2024\/08\/Desfile_Primavera-23.jpg 1137w\" sizes=\"(max-width: 1024px) 100vw, 1024px\" \/><\/a>\n\t\t\t<\/dt>\n\t\t\t\t<dd class='wp-caption-text gallery-caption' id='gallery-2-331378'>\n\t\t\t\tDesfile Primavera\n\t\t\t\t<\/dd><\/dl><dl class='gallery-item'>\n\t\t\t<dt class='gallery-icon landscape'>\n\t\t\t\t<a href='https:\/\/www.medellin.gov.co\/es\/sala-de-prensa\/noticias\/un-desfile-primaveral-lleno-de-artistas-y-alegria-se-vivio-en-la-feria-de-las-flores\/desfile_primavera-9\/'><img width=\"1024\" height=\"768\" src=\"https:\/\/www.medellin.gov.co\/es\/wp-content\/uploads\/2024\/08\/Desfile_Primavera-9-1024x768.jpg\" class=\"attachment-large size-large\" alt=\"Desfile Primavera\" loading=\"lazy\" aria-describedby=\"gallery-2-331357\" srcset=\"https:\/\/www.medellin.gov.co\/es\/wp-content\/uploads\/2024\/08\/Desfile_Primavera-9-1024x768.jpg 1024w, https:\/\/www.medellin.gov.co\/es\/wp-content\/uploads\/2024\/08\/Desfile_Primavera-9-300x225.jpg 300w, https:\/\/www.medellin.gov.co\/es\/wp-content\/uploads\/2024\/08\/Desfile_Primavera-9-150x113.jpg 150w, https:\/\/www.medellin.gov.co\/es\/wp-content\/uploads\/2024\/08\/Desfile_Primavera-9-768x576.jpg 768w, https:\/\/www.medellin.gov.co\/es\/wp-content\/uploads\/2024\/08\/Desfile_Primavera-9.jpg 1137w\" sizes=\"(max-width: 1024px) 100vw, 1024px\" \/><\/a>\n\t\t\t<\/dt>\n\t\t\t\t<dd class='wp-caption-text gallery-caption' id='gallery-2-331357'>\n\t\t\t\tDesfile Primavera\n\t\t\t\t<\/dd><\/dl><dl class='gallery-item'>\n\t\t\t<dt class='gallery-icon landscape'>\n\t\t\t\t<a href='https:\/\/www.medellin.gov.co\/es\/sala-de-prensa\/noticias\/un-desfile-primaveral-lleno-de-artistas-y-alegria-se-vivio-en-la-feria-de-las-flores\/desfile_primavera-16\/'><img width=\"1024\" height=\"768\" src=\"https:\/\/www.medellin.gov.co\/es\/wp-content\/uploads\/2024\/08\/Desfile_Primavera-16-1024x768.jpg\" class=\"attachment-large size-large\" alt=\"Desfile Primavera\" loading=\"lazy\" aria-describedby=\"gallery-2-331368\" srcset=\"https:\/\/www.medellin.gov.co\/es\/wp-content\/uploads\/2024\/08\/Desfile_Primavera-16-1024x768.jpg 1024w, https:\/\/www.medellin.gov.co\/es\/wp-content\/uploads\/2024\/08\/Desfile_Primavera-16-300x225.jpg 300w, https:\/\/www.medellin.gov.co\/es\/wp-content\/uploads\/2024\/08\/Desfile_Primavera-16-150x113.jpg 150w, https:\/\/www.medellin.gov.co\/es\/wp-content\/uploads\/2024\/08\/Desfile_Primavera-16-768x576.jpg 768w, https:\/\/www.medellin.gov.co\/es\/wp-content\/uploads\/2024\/08\/Desfile_Primavera-16.jpg 1137w\" sizes=\"(max-width: 1024px) 100vw, 1024px\" \/><\/a>\n\t\t\t<\/dt>\n\t\t\t\t<dd class='wp-caption-text gallery-caption' id='gallery-2-331368'>\n\t\t\t\tDesfile Primavera\n\t\t\t\t<\/dd><\/dl><br style=\"clear: both\" \/><dl class='gallery-item'>\n\t\t\t<dt class='gallery-icon landscape'>\n\t\t\t\t<a href='https:\/\/www.medellin.gov.co\/es\/sala-de-prensa\/noticias\/un-desfile-primaveral-lleno-de-artistas-y-alegria-se-vivio-en-la-feria-de-las-flores\/desfile_primavera-14\/'><img width=\"1024\" height=\"768\" src=\"https:\/\/www.medellin.gov.co\/es\/wp-content\/uploads\/2024\/08\/Desfile_Primavera-14-1024x768.jpg\" class=\"attachment-large size-large\" alt=\"\" loading=\"lazy\" aria-describedby=\"gallery-2-331366\" srcset=\"https:\/\/www.medellin.gov.co\/es\/wp-content\/uploads\/2024\/08\/Desfile_Primavera-14-1024x768.jpg 1024w, https:\/\/www.medellin.gov.co\/es\/wp-content\/uploads\/2024\/08\/Desfile_Primavera-14-300x225.jpg 300w, https:\/\/www.medellin.gov.co\/es\/wp-content\/uploads\/2024\/08\/Desfile_Primavera-14-150x113.jpg 150w, https:\/\/www.medellin.gov.co\/es\/wp-content\/uploads\/2024\/08\/Desfile_Primavera-14-768x576.jpg 768w, https:\/\/www.medellin.gov.co\/es\/wp-content\/uploads\/2024\/08\/Desfile_Primavera-14.jpg 1137w\" sizes=\"(max-width: 1024px) 100vw, 1024px\" \/><\/a>\n\t\t\t<\/dt>\n\t\t\t\t<dd class='wp-caption-text gallery-caption' id='gallery-2-331366'>\n\t\t\t\tDesfile Primavera\n\t\t\t\t<\/dd><\/dl><dl class='gallery-item'>\n\t\t\t<dt class='gallery-icon landscape'>\n\t\t\t\t<a href='https:\/\/www.medellin.gov.co\/es\/sala-de-prensa\/noticias\/un-desfile-primaveral-lleno-de-artistas-y-alegria-se-vivio-en-la-feria-de-las-flores\/desfile_primavera-11\/'><img width=\"1024\" height=\"768\" src=\"https:\/\/www.medellin.gov.co\/es\/wp-content\/uploads\/2024\/08\/Desfile_Primavera-11-1024x768.jpg\" class=\"attachment-large size-large\" alt=\"Desfile Primavera\" loading=\"lazy\" aria-describedby=\"gallery-2-331360\" srcset=\"https:\/\/www.medellin.gov.co\/es\/wp-content\/uploads\/2024\/08\/Desfile_Primavera-11-1024x768.jpg 1024w, https:\/\/www.medellin.gov.co\/es\/wp-content\/uploads\/2024\/08\/Desfile_Primavera-11-300x225.jpg 300w, https:\/\/www.medellin.gov.co\/es\/wp-content\/uploads\/2024\/08\/Desfile_Primavera-11-150x113.jpg 150w, https:\/\/www.medellin.gov.co\/es\/wp-content\/uploads\/2024\/08\/Desfile_Primavera-11-768x576.jpg 768w, https:\/\/www.medellin.gov.co\/es\/wp-content\/uploads\/2024\/08\/Desfile_Primavera-11.jpg 1137w\" sizes=\"(max-width: 1024px) 100vw, 1024px\" \/><\/a>\n\t\t\t<\/dt>\n\t\t\t\t<dd class='wp-caption-text gallery-caption' id='gallery-2-331360'>\n\t\t\t\tDesfile Primavera\n\t\t\t\t<\/dd><\/dl><dl class='gallery-item'>\n\t\t\t<dt class='gallery-icon landscape'>\n\t\t\t\t<a href='https:\/\/www.medellin.gov.co\/es\/sala-de-prensa\/noticias\/un-desfile-primaveral-lleno-de-artistas-y-alegria-se-vivio-en-la-feria-de-las-flores\/desfile_primavera-7\/'><img width=\"1024\" height=\"768\" src=\"https:\/\/www.medellin.gov.co\/es\/wp-content\/uploads\/2024\/08\/Desfile_Primavera-7-1024x768.jpg\" class=\"attachment-large size-large\" alt=\"Desfile Primavera\" loading=\"lazy\" aria-describedby=\"gallery-2-331353\" srcset=\"https:\/\/www.medellin.gov.co\/es\/wp-content\/uploads\/2024\/08\/Desfile_Primavera-7-1024x768.jpg 1024w, https:\/\/www.medellin.gov.co\/es\/wp-content\/uploads\/2024\/08\/Desfile_Primavera-7-300x225.jpg 300w, https:\/\/www.medellin.gov.co\/es\/wp-content\/uploads\/2024\/08\/Desfile_Primavera-7-150x113.jpg 150w, https:\/\/www.medellin.gov.co\/es\/wp-content\/uploads\/2024\/08\/Desfile_Primavera-7-768x576.jpg 768w, https:\/\/www.medellin.gov.co\/es\/wp-content\/uploads\/2024\/08\/Desfile_Primavera-7.jpg 1137w\" sizes=\"(max-width: 1024px) 100vw, 1024px\" \/><\/a>\n\t\t\t<\/dt>\n\t\t\t\t<dd class='wp-caption-text gallery-caption' id='gallery-2-331353'>\n\t\t\t\tDesfile Primavera\n\t\t\t\t<\/dd><\/dl><br style=\"clear: both\" \/>\n\t\t<\/div>\n\n<p>Con un concierto en vivo desde las carrozas, m\u00e1s de 25 artistas destacados a nivel nacional e internacional, como <a href=\"https:\/\/www.instagram.com\/fernandomambo\/?hl=es\" target=\"_blank\" rel=\"noopener\">Fernando Gonza\u0301lez<\/a>, <a href=\"https:\/\/www.instagram.com\/arelyshenao\/?hl=es\" target=\"_blank\" rel=\"noopener\">Arelys Henao<\/a>, <a href=\"https:\/\/www.instagram.com\/yosoytukapo\/?hl=es\" target=\"_blank\" rel=\"noopener\">Kapo<\/a>, <a href=\"https:\/\/www.instagram.com\/alexisescobaroficial\/?hl=es-la\" target=\"_blank\" rel=\"noopener\">Alexis Escobar<\/a>, <a href=\"https:\/\/www.instagram.com\/grupogale\/?hl=es\" target=\"_blank\" rel=\"noopener\">Grupo Gale\u0301<\/a>, <a href=\"https:\/\/www.instagram.com\/danielcalderonn\/\" target=\"_blank\" rel=\"noopener\">Daniel Caldero\u0301n<\/a>, <a href=\"https:\/\/www.instagram.com\/ciroquinonez\/?hl=es\" target=\"_blank\" rel=\"noopener\">Ciro Quin\u0303o\u0301nez<\/a>, <a href=\"https:\/\/www.instagram.com\/nathh___\/?hl=es-la\" target=\"_blank\" rel=\"noopener\">Nath<\/a>, <a href=\"https:\/\/www.instagram.com\/risalocahumor\/?hl=es\" target=\"_blank\" rel=\"noopener\">Risaloca y su guachafita<\/a>, <a href=\"https:\/\/www.instagram.com\/juanduque\/?hl=es\" target=\"_blank\" rel=\"noopener\">Juan Duque<\/a>, <a href=\"https:\/\/www.instagram.com\/golpeagolpe\/?hl=es\" target=\"_blank\" rel=\"noopener\">Golpe a Golpe<\/a>, <a href=\"https:\/\/www.instagram.com\/kaplaymiky\/?hl=es\" target=\"_blank\" rel=\"noopener\">Kapla y Miky<\/a>, entre otros, le pusieron un nuevo ritmo a la Feria, en este evento que sirve de pre\u00e1mbulo al 67 Desfile de Silleteros.<\/p>\n<div id=\"attachment_331351\" style=\"width: 1034px\" class=\"wp-caption alignnone\"><a href=\"https:\/\/www.medellin.gov.co\/es\/wp-content\/uploads\/2024\/08\/Desfile_Primavera-6.jpg\" target=\"_blank\" rel=\"noopener\"><img aria-describedby=\"caption-attachment-331351\" loading=\"lazy\" class=\"wp-image-331351 size-large\" src=\"https:\/\/www.medellin.gov.co\/es\/wp-content\/uploads\/2024\/08\/Desfile_Primavera-6-1024x768.jpg\" alt=\"Desfile Primavera\" width=\"1024\" height=\"768\" srcset=\"https:\/\/www.medellin.gov.co\/es\/wp-content\/uploads\/2024\/08\/Desfile_Primavera-6-1024x768.jpg 1024w, https:\/\/www.medellin.gov.co\/es\/wp-content\/uploads\/2024\/08\/Desfile_Primavera-6-300x225.jpg 300w, https:\/\/www.medellin.gov.co\/es\/wp-content\/uploads\/2024\/08\/Desfile_Primavera-6-150x113.jpg 150w, https:\/\/www.medellin.gov.co\/es\/wp-content\/uploads\/2024\/08\/Desfile_Primavera-6-768x576.jpg 768w, https:\/\/www.medellin.gov.co\/es\/wp-content\/uploads\/2024\/08\/Desfile_Primavera-6.jpg 1137w\" sizes=\"(max-width: 1024px) 100vw, 1024px\" \/><\/a><p id=\"caption-attachment-331351\" class=\"wp-caption-text\">Desfile Primavera<\/p><\/div>\n\n\t\t<style type=\"text\/css\">\n\t\t\t#gallery-3 {\n\t\t\t\tmargin: auto;\n\t\t\t}\n\t\t\t#gallery-3 .gallery-item {\n\t\t\t\tfloat: left;\n\t\t\t\tmargin-top: 10px;\n\t\t\t\ttext-align: center;\n\t\t\t\twidth: 33%;\n\t\t\t}\n\t\t\t#gallery-3 img {\n\t\t\t\tborder: 2px solid #cfcfcf;\n\t\t\t}\n\t\t\t#gallery-3 .gallery-caption {\n\t\t\t\tmargin-left: 0;\n\t\t\t}\n\t\t\t\/* see gallery_shortcode() in wp-includes\/media.php *\/\n\t\t<\/style>\n\t\t<div id='gallery-3' class='gallery galleryid-331308 gallery-columns-3 gallery-size-large'><dl class='gallery-item'>\n\t\t\t<dt class='gallery-icon landscape'>\n\t\t\t\t<a href='https:\/\/www.medellin.gov.co\/es\/sala-de-prensa\/noticias\/un-desfile-primaveral-lleno-de-artistas-y-alegria-se-vivio-en-la-feria-de-las-flores\/desfile_primavera-3\/'><img width=\"1024\" height=\"768\" src=\"https:\/\/www.medellin.gov.co\/es\/wp-content\/uploads\/2024\/08\/Desfile_Primavera-3-1024x768.jpg\" class=\"attachment-large size-large\" alt=\"Desfile Primavera\" loading=\"lazy\" aria-describedby=\"gallery-3-331345\" srcset=\"https:\/\/www.medellin.gov.co\/es\/wp-content\/uploads\/2024\/08\/Desfile_Primavera-3-1024x768.jpg 1024w, https:\/\/www.medellin.gov.co\/es\/wp-content\/uploads\/2024\/08\/Desfile_Primavera-3-300x225.jpg 300w, https:\/\/www.medellin.gov.co\/es\/wp-content\/uploads\/2024\/08\/Desfile_Primavera-3-150x113.jpg 150w, https:\/\/www.medellin.gov.co\/es\/wp-content\/uploads\/2024\/08\/Desfile_Primavera-3-768x576.jpg 768w, https:\/\/www.medellin.gov.co\/es\/wp-content\/uploads\/2024\/08\/Desfile_Primavera-3.jpg 1137w\" sizes=\"(max-width: 1024px) 100vw, 1024px\" \/><\/a>\n\t\t\t<\/dt>\n\t\t\t\t<dd class='wp-caption-text gallery-caption' id='gallery-3-331345'>\n\t\t\t\tDesfile Primavera\n\t\t\t\t<\/dd><\/dl><dl class='gallery-item'>\n\t\t\t<dt class='gallery-icon landscape'>\n\t\t\t\t<a href='https:\/\/www.medellin.gov.co\/es\/sala-de-prensa\/noticias\/un-desfile-primaveral-lleno-de-artistas-y-alegria-se-vivio-en-la-feria-de-las-flores\/desfile_primavera-19\/'><img width=\"1024\" height=\"768\" src=\"https:\/\/www.medellin.gov.co\/es\/wp-content\/uploads\/2024\/08\/Desfile_Primavera-19-1024x768.jpg\" class=\"attachment-large size-large\" alt=\"Desfile Primavera\" loading=\"lazy\" aria-describedby=\"gallery-3-331373\" srcset=\"https:\/\/www.medellin.gov.co\/es\/wp-content\/uploads\/2024\/08\/Desfile_Primavera-19-1024x768.jpg 1024w, https:\/\/www.medellin.gov.co\/es\/wp-content\/uploads\/2024\/08\/Desfile_Primavera-19-300x225.jpg 300w, https:\/\/www.medellin.gov.co\/es\/wp-content\/uploads\/2024\/08\/Desfile_Primavera-19-150x113.jpg 150w, https:\/\/www.medellin.gov.co\/es\/wp-content\/uploads\/2024\/08\/Desfile_Primavera-19-768x576.jpg 768w, https:\/\/www.medellin.gov.co\/es\/wp-content\/uploads\/2024\/08\/Desfile_Primavera-19.jpg 1137w\" sizes=\"(max-width: 1024px) 100vw, 1024px\" \/><\/a>\n\t\t\t<\/dt>\n\t\t\t\t<dd class='wp-caption-text gallery-caption' id='gallery-3-331373'>\n\t\t\t\tDesfile Primavera\n\t\t\t\t<\/dd><\/dl><dl class='gallery-item'>\n\t\t\t<dt class='gallery-icon landscape'>\n\t\t\t\t<a href='https:\/\/www.medellin.gov.co\/es\/sala-de-prensa\/noticias\/un-desfile-primaveral-lleno-de-artistas-y-alegria-se-vivio-en-la-feria-de-las-flores\/desfile_primavera-2\/'><img width=\"1024\" height=\"768\" src=\"https:\/\/www.medellin.gov.co\/es\/wp-content\/uploads\/2024\/08\/Desfile_Primavera-2-1024x768.jpg\" class=\"attachment-large size-large\" alt=\"Desfile Primavera\" loading=\"lazy\" aria-describedby=\"gallery-3-331344\" srcset=\"https:\/\/www.medellin.gov.co\/es\/wp-content\/uploads\/2024\/08\/Desfile_Primavera-2-1024x768.jpg 1024w, https:\/\/www.medellin.gov.co\/es\/wp-content\/uploads\/2024\/08\/Desfile_Primavera-2-300x225.jpg 300w, https:\/\/www.medellin.gov.co\/es\/wp-content\/uploads\/2024\/08\/Desfile_Primavera-2-150x113.jpg 150w, https:\/\/www.medellin.gov.co\/es\/wp-content\/uploads\/2024\/08\/Desfile_Primavera-2-768x576.jpg 768w, https:\/\/www.medellin.gov.co\/es\/wp-content\/uploads\/2024\/08\/Desfile_Primavera-2.jpg 1137w\" sizes=\"(max-width: 1024px) 100vw, 1024px\" \/><\/a>\n\t\t\t<\/dt>\n\t\t\t\t<dd class='wp-caption-text gallery-caption' id='gallery-3-331344'>\n\t\t\t\tDesfile Primavera\n\t\t\t\t<\/dd><\/dl><br style=\"clear: both\" \/>\n\t\t<\/div>\n\n<p><strong>La Polic\u00eda Nacional y su grupo de danzas<\/strong><\/p>\n<p>Uno de los grupos m\u00e1s animados desde que llegaron muy temprano a la zona de partida fue el de j\u00f3venes integrantes de la <a href=\"http:\/\/www.policia.gov.co\/\" target=\"_blank\" rel=\"noopener\">Polic\u00eda<\/a>, con un equipo art\u00edstico de danzarines, quienes est\u00e1n terminando su proceso de capacitaci\u00f3n para seguir sirviendo a la comunidad.<\/p>\n<p><div class=\"iframe-container\"><iframe title=\"YouTube video player\" src=\"https:\/\/www.youtube.com\/embed\/_Vcd1Xms3XQ?si=zvRunfOU-kHsB2dY\" width=\"100%\" height=\"350\" frameborder=\"0\" allowfullscreen=\"allowfullscreen\"><span data-mce-type=\"bookmark\" style=\"display: inline-block; width: 0px; overflow: hidden; line-height: 0;\" class=\"mce_SELRES_start\">\ufeff<\/span><span data-mce-type=\"bookmark\" style=\"display: inline-block; width: 0px; overflow: hidden; line-height: 0;\" class=\"mce_SELRES_start\">\ufeff<\/span><\/iframe><\/div><\/p>\n<p>Hablamos con la subintendente Diana Moreno, sobre la presencia de estos j\u00f3venes polic\u00edas en este desfile.<\/p>\n<p><strong><a href=\"https:\/\/www.instagram.com\/grupogale\/?hl=es\" target=\"_blank\" rel=\"noopener\">Gal\u00e9<\/a> le puso su son al Desfile avenida Primavera<\/strong><\/p>\n<p><div class=\"iframe-container\"><iframe title=\"YouTube video player\" src=\"https:\/\/www.youtube.com\/embed\/uLw_RFC9Fmc?si=TO_TDB8RbPC8oypW\" width=\"100%\" height=\"350\" frameborder=\"0\" allowfullscreen=\"allowfullscreen\"><\/iframe><\/div><\/p>\n<p>Son 35 a\u00f1os de m\u00fasica, alegrando los corazones de los hogares de Antioquia y Colombia. Y el <a href=\"https:\/\/www.instagram.com\/grupogale\/?hl=es\" target=\"_blank\" rel=\"noopener\">grupo Gal\u00e9<\/a> sigue haciendo m\u00fasica para el gusto de todos. Hablamos con su director, el maestro <a href=\"https:\/\/www.instagram.com\/grupogale\/?hl=es\" target=\"_blank\" rel=\"noopener\">Diego Gal\u00e9,<\/a> sobre este evento, sobre la <a href=\"http:\/\/www.feriadelasfloresmedellin.gov.co\/\" target=\"_blank\" rel=\"noopener\">Feria<\/a> y hasta una canci\u00f3n le cantaron a Medell\u00edn.<\/p>\n<p><strong>Del barrio Castilla lleg\u00f3 <a href=\"https:\/\/es-la.facebook.com\/coporacionyemaya\/\" target=\"_blank\" rel=\"noopener\">Yemay\u00e1<\/a><\/strong><\/p>\n<p><div class=\"iframe-container\"><iframe title=\"YouTube video player\" src=\"https:\/\/www.youtube.com\/embed\/v3KKCTE1CEM?si=4_QCrLD8YpxtmJsq\" width=\"100%\" height=\"350\" frameborder=\"0\" allowfullscreen=\"allowfullscreen\"><span data-mce-type=\"bookmark\" style=\"display: inline-block; width: 0px; overflow: hidden; line-height: 0;\" class=\"mce_SELRES_start\">\ufeff<\/span><\/iframe><\/div><\/p>\n<p>Son 12 los integrantes de este colectivo folcl\u00f3rico que tiene sus ra\u00edces en la <a href=\"https:\/\/www.medellin.gov.co\/es\/conoce-algunos-datos-generales-de-la-ciudad\/\" target=\"_blank\" rel=\"noopener\">comuna 5, Castilla<\/a> y que acompa\u00f1aron al cantante <a href=\"https:\/\/www.instagram.com\/danielcalderonn\/\" target=\"_blank\" rel=\"noopener\">Daniel Calder\u00f3n<\/a>, exponente paisa del vallenato. Felices estuvieron por su participaci\u00f3n en este evento, en donde las comunas de Medell\u00edn tambi\u00e9n mostraron su arte y su cultura.<\/p>\n<p><strong>El \u201cMambo\u201d <a href=\"https:\/\/www.instagram.com\/fernandomambo\/?hl=es\" target=\"_blank\" rel=\"noopener\">Fernando Gonz\u00e1lez<\/a><\/strong><\/p>\n<p><div class=\"iframe-container\"><iframe title=\"YouTube video player\" src=\"https:\/\/www.youtube.com\/embed\/Qh91loh2QyM?si=dj7vXqLTfsbXsmcg\" width=\"100%\" height=\"350\" frameborder=\"0\" allowfullscreen=\"allowfullscreen\"><span data-mce-type=\"bookmark\" style=\"display: inline-block; width: 0px; overflow: hidden; line-height: 0;\" class=\"mce_SELRES_start\">\ufeff<\/span><\/iframe><\/div><\/p>\n<p>Nos encontramos tambi\u00e9n con el maestro <a href=\"https:\/\/www.instagram.com\/fernandomambo\/?hl=es\" target=\"_blank\" rel=\"noopener\">Fernando Gonz\u00e1lez<\/a>, amable como siempre. Le preguntamos sobre su relaci\u00f3n con la <a href=\"http:\/\/www.feriadelasfloresmedellin.gov.co\/\" target=\"_blank\" rel=\"noopener\">Feria<\/a>, sobre la presencia de cantantes de nuestras comunas en este evento y tambi\u00e9n nos deleit\u00f3 con un pedacito de esa canci\u00f3n que es un himno de la <a href=\"http:\/\/www.feriadelasfloresmedellin.gov.co\/\" target=\"_blank\" rel=\"noopener\">Feria<\/a>. Nos expres\u00f3 su complacencia por haber podido compartir en este desfile con nuevos talentos y la diversidad de los artistas que surgen de nuestras comunas, desde muy j\u00f3venes.<\/p>\n<p><strong>El vallenato tambi\u00e9n estuvo presente<\/strong><\/p>\n<p><div class=\"iframe-container\"><iframe title=\"YouTube video player\" src=\"https:\/\/www.youtube.com\/embed\/p6ZRiPwQYMk?si=v4TGGA5_MdpOEOAc\" width=\"100%\" height=\"350\" frameborder=\"0\" allowfullscreen=\"allowfullscreen\"><span data-mce-type=\"bookmark\" style=\"display: inline-block; width: 0px; overflow: hidden; line-height: 0;\" class=\"mce_SELRES_start\">\ufeff<\/span><\/iframe><\/div><\/p>\n<p><a href=\"https:\/\/www.instagram.com\/danielcalderonn\/\" target=\"_blank\" rel=\"noopener\">Daniel Calder\u00f3n<\/a> es un cantante vallenato con amplia trayectoria en este g\u00e9nero musical. Nos habl\u00f3 de Medell\u00edn, de su alegr\u00eda por estar presente en esta <a href=\"http:\/\/www.feriadelasfloresmedellin.gov.co\/\" target=\"_blank\" rel=\"noopener\">Feria<\/a> y en esta avenida Primavera.\u00a0 Y le pedimos una canci\u00f3n para la ocasi\u00f3n y de nuevo enton\u00f3, aunque al principio se le olvid\u00f3, la canci\u00f3n del maestro <a href=\"https:\/\/www.instagram.com\/fernandomambo\/?hl=es\" target=\"_blank\" rel=\"noopener\">Fernando Gonz\u00e1lez<\/a><\/p>\n<p><strong>Y la Reina Popular se rob\u00f3 todas las miradas<\/strong><\/p>\n<p><div class=\"iframe-container\"><iframe title=\"YouTube video player\" src=\"https:\/\/www.youtube.com\/embed\/6-iXL19v_8k?si=M_Zmijwvn4BNEmry\" width=\"100%\" height=\"350\" frameborder=\"0\" allowfullscreen=\"allowfullscreen\"><span data-mce-type=\"bookmark\" style=\"display: inline-block; width: 0px; overflow: hidden; line-height: 0;\" class=\"mce_SELRES_start\">\ufeff<\/span><\/iframe><\/div><\/p>\n<p>A lo lejos se ve\u00eda uno de los \u201ccoches\u201d con mucho color y de all\u00ed sal\u00edan melod\u00edas populares; un escenario rodante que la gente de Medell\u00edn aclamaba a lado y lado. All\u00ed ven\u00eda nada m\u00e1s y nada menos que la \u201cReina de la M\u00fasica Popular\u201d, <a href=\"https:\/\/www.instagram.com\/arelyshenao\/?hl=es\" target=\"_blank\" rel=\"noopener\">Arelys Henao<\/a>, quien con su potente voz y sus mensajes de unidad y de tranquilidad, mostr\u00f3 por qu\u00e9 este nuevo espacio cargado de m\u00fasica, cultura y diversi\u00f3n, va a convertirse en un referente de nuestra <a href=\"http:\/\/www.feriadelasfloresmedellin.gov.co\/\" target=\"_blank\" rel=\"noopener\">Feria de las Flores<\/a>. <a href=\"https:\/\/www.instagram.com\/arelyshenao\/?hl=es\" target=\"_blank\" rel=\"noopener\">Arelys<\/a>\u00a0hasta la record\u00f3 al <a href=\"https:\/\/www.medellin.gov.co\/es\/nuestro-alcalde\/\" target=\"_blank\" rel=\"noopener\">alcalde Fico<\/a> que alguna vez cantaron juntos.<\/p>\n<p><strong>Un desfile incluyente<\/strong><\/p>\n<p><div class=\"iframe-container\"><iframe title=\"YouTube video player\" src=\"https:\/\/www.youtube.com\/embed\/pMPM3l_mXYo?si=pim9Fc29-OQV8W2r\" width=\"100%\" height=\"350\" frameborder=\"0\" allowfullscreen=\"allowfullscreen\"><span data-mce-type=\"bookmark\" style=\"display: inline-block; width: 0px; overflow: hidden; line-height: 0;\" class=\"mce_SELRES_start\">\ufeff<\/span><\/iframe><\/div><\/p>\n<p>Por primera vez, en este tipo de desfiles, se tuvo una tarima acondicionada para ubicar all\u00ed a personas con situaciones de discapacidad. Ellos a su manera se gozaron este espacio y disfrutaron como nunca de este espect\u00e1culo.<\/p>\n","protected":false},"excerpt":{"rendered":"<p>Por primera vez en la Feria de las Flores se realiz\u00f3 el desfile avenida Primavera: calle, ritmos y flores, en donde diferentes artistas desfilaron en unas carrozas especialmente decoradas, con motivos alusivos a las flores &#8230;<\/p>\n","protected":false},"author":17,"featured_media":331370,"comment_status":"open","ping_status":"open","sticky":false,"template":"","format":"standard","meta":[],"categories":[531,1,31],"tags":[444,428,429],"formato_nota":[],"programas_tax":[],"acf":[],"_links":{"self":[{"href":"https:\/\/www.medellin.gov.co\/es\/wp-json\/wp\/v2\/posts\/331308"}],"collection":[{"href":"https:\/\/www.medellin.gov.co\/es\/wp-json\/wp\/v2\/posts"}],"about":[{"href":"https:\/\/www.medellin.gov.co\/es\/wp-json\/wp\/v2\/types\/post"}],"author":[{"embeddable":true,"href":"https:\/\/www.medellin.gov.co\/es\/wp-json\/wp\/v2\/users\/17"}],"replies":[{"embeddable":true,"href":"https:\/\/www.medellin.gov.co\/es\/wp-json\/wp\/v2\/comments?post=331308"}],"version-history":[{"count":10,"href":"https:\/\/www.medellin.gov.co\/es\/wp-json\/wp\/v2\/posts\/331308\/revisions"}],"predecessor-version":[{"id":331392,"href":"https:\/\/www.medellin.gov.co\/es\/wp-json\/wp\/v2\/posts\/331308\/revisions\/331392"}],"wp:featuredmedia":[{"embeddable":true,"href":"https:\/\/www.medellin.gov.co\/es\/wp-json\/wp\/v2\/media\/331370"}],"wp:attachment":[{"href":"https:\/\/www.medellin.gov.co\/es\/wp-json\/wp\/v2\/media?parent=331308"}],"wp:term":[{"taxonomy":"category","embeddable":true,"href":"https:\/\/www.medellin.gov.co\/es\/wp-json\/wp\/v2\/categories?post=331308"},{"taxonomy":"post_tag","embeddable":true,"href":"https:\/\/www.medellin.gov.co\/es\/wp-json\/wp\/v2\/tags?post=331308"},{"taxonomy":"formato_nota","embeddable":true,"href":"https:\/\/www.medellin.gov.co\/es\/wp-json\/wp\/v2\/formato_nota?post=331308"},{"taxonomy":"programas_tax","embeddable":true,"href":"https:\/\/www.medellin.gov.co\/es\/wp-json\/wp\/v2\/programas_tax?post=331308"}],"curies":[{"name":"wp","href":"https:\/\/api.w.org\/{rel}","templated":true}]}}