{"id":331316,"date":"2024-08-07T14:52:44","date_gmt":"2024-08-07T19:52:44","guid":{"rendered":"https:\/\/www.medellin.gov.co\/es\/?p=331316"},"modified":"2024-08-07T14:52:44","modified_gmt":"2024-08-07T19:52:44","slug":"libertad-libertad-libertad-para-venezuela-alcalde-de-medellin-y-gobernador-de-antioquia-en-un-solo-grito","status":"publish","type":"post","link":"https:\/\/www.medellin.gov.co\/es\/sala-de-prensa\/noticias\/libertad-libertad-libertad-para-venezuela-alcalde-de-medellin-y-gobernador-de-antioquia-en-un-solo-grito\/","title":{"rendered":"\u00a1Libertad, libertad, libertad para Venezuela!: alcalde de Medell\u00edn y gobernador de Antioquia en un solo grito"},"content":{"rendered":"<ul>\n<li class=\"p1\"><b>El alcalde de Medell\u00edn, Federico Guti\u00e9rrez Zuluaga y el gobernador de <\/b><b>Antioquia, Andr\u00e9s Juli\u00e1n Rend\u00f3n, lideraron este mi\u00e9rcoles 7 de agosto una\u00a0<\/b><b>concentraci\u00f3n masiva en apoyo al pueblo venezolano.<\/b><\/li>\n<li class=\"p1\"><b>Con emotividad, durante la movilizaci\u00f3n realizada en el Centro <\/b><b>Administrativo La Alpujarra, los asistentes entonaron los himnos de\u00a0<\/b><b>Colombia y Venezuela.<\/b><\/li>\n<li class=\"p1\"><b>El mandatario local expres\u00f3 que mientras los venezolanos que est\u00e1n en <\/b><b>Medell\u00edn no puedan volver a su pa\u00eds, la ciudad los acoger\u00e1.<\/b><\/li>\n<\/ul>\n<!--[if lt IE 9]><script>document.createElement('audio');<\/script><![endif]-->\n\t<div class=\"wp-playlist wp-audio-playlist wp-playlist-light\">\n\t\t\t<div class=\"wp-playlist-current-item\"><\/div>\n\t\t<audio controls=\"controls\" preload=\"none\" width=\"640\"\n\t\t\t><\/audio>\n\t<div class=\"wp-playlist-next\"><\/div>\n\t<div class=\"wp-playlist-prev\"><\/div>\n\t<noscript>\n\t<ol>\n\t\t<li><a href='https:\/\/www.medellin.gov.co\/es\/wp-content\/uploads\/2024\/08\/Concentracion-7-de-agosto-por-la-libertad-de-venezuela-01.mp3'>Palabras de Federico Guti\u00e9rrez Zuluaga, alcalde de Medell\u00edn<\/a><\/li><li><a href='https:\/\/www.medellin.gov.co\/es\/wp-content\/uploads\/2024\/08\/Concentracion-7-de-agosto-por-la-libertad-de-venezuela-02.mp3'>Palabras de Andr\u00e9s Juli\u00e1n Rend\u00f3n, gobernador de Antioquia<\/a><\/li>\t<\/ol>\n\t<\/noscript>\n\t<script type=\"application\/json\" class=\"wp-playlist-script\">{\"type\":\"audio\",\"tracklist\":true,\"tracknumbers\":true,\"images\":true,\"artists\":true,\"tracks\":[{\"src\":\"https:\\\/\\\/www.medellin.gov.co\\\/es\\\/wp-content\\\/uploads\\\/2024\\\/08\\\/Concentracion-7-de-agosto-por-la-libertad-de-venezuela-01.mp3\",\"type\":\"audio\\\/mpeg\",\"title\":\"Palabras de Federico Guti\\u00e9rrez Zuluaga, alcalde de Medell\\u00edn\",\"caption\":\"\",\"description\":\"\\u00abPalabras de Federico Guti\\u00e9rrez Zuluaga, alcalde de Medell\\u00edn\\u00bb.\",\"meta\":{\"length_formatted\":\"4:57\"},\"image\":{\"src\":\"https:\\\/\\\/www.medellin.gov.co\\\/es\\\/wp-includes\\\/images\\\/media\\\/audio.png\",\"width\":48,\"height\":64},\"thumb\":{\"src\":\"https:\\\/\\\/www.medellin.gov.co\\\/es\\\/wp-includes\\\/images\\\/media\\\/audio.png\",\"width\":48,\"height\":64}},{\"src\":\"https:\\\/\\\/www.medellin.gov.co\\\/es\\\/wp-content\\\/uploads\\\/2024\\\/08\\\/Concentracion-7-de-agosto-por-la-libertad-de-venezuela-02.mp3\",\"type\":\"audio\\\/mpeg\",\"title\":\"Palabras de Andr\\u00e9s Juli\\u00e1n Rend\\u00f3n, gobernador de Antioquia\",\"caption\":\"\",\"description\":\"\\u00abPalabras de Andr\\u00e9s Juli\\u00e1n Rend\\u00f3n, gobernador de Antioquia\\u00bb.\",\"meta\":{\"length_formatted\":\"5:09\"},\"image\":{\"src\":\"https:\\\/\\\/www.medellin.gov.co\\\/es\\\/wp-includes\\\/images\\\/media\\\/audio.png\",\"width\":48,\"height\":64},\"thumb\":{\"src\":\"https:\\\/\\\/www.medellin.gov.co\\\/es\\\/wp-includes\\\/images\\\/media\\\/audio.png\",\"width\":48,\"height\":64}}]}<\/script>\n<\/div>\n\t\n<p class=\"p1\">En una concentraci\u00f3n masiva en apoyo a los venezolanos, sin precedentes en la\u00a0ciudad y la regi\u00f3n, el alcalde de Medell\u00edn, Federico Guti\u00e9rrez Zuluaga y el\u00a0gobernador de Antioquia, Andr\u00e9s Juli\u00e1n Rend\u00f3n expresaron su voz de\u00a0solidaridad con el pa\u00eds vecino al clamar ante el mundo por la libertad de\u00a0Venezuela e instaron al gobierno del presidente Gustavo Petro a reconocer los\u00a0resultados electorales reales que dieron como presidente leg\u00edtimo a Edmundo\u00a0Gonz\u00e1lez.<\/p>\n<div id=\"attachment_331324\" style=\"width: 1210px\" class=\"wp-caption alignnone\"><a href=\"https:\/\/www.medellin.gov.co\/es\/wp-content\/uploads\/2024\/08\/Concentracion-7-de-agosto-por-la-libertad-de-venezuela-2.jpg\" target=\"_blank\" rel=\"noopener\"><img aria-describedby=\"caption-attachment-331324\" loading=\"lazy\" class=\"wp-image-331324 size-full\" title=\"\u00a1Libertad, libertad, libertad para Venezuela!: alcalde de Medell\u00edn y gobernador de Antioquia en un solo grito\" src=\"https:\/\/www.medellin.gov.co\/es\/wp-content\/uploads\/2024\/08\/Concentracion-7-de-agosto-por-la-libertad-de-venezuela-2.jpg\" alt=\"\u00a1Libertad, libertad, libertad para Venezuela!: alcalde de Medell\u00edn y gobernador de Antioquia en un solo grito\" width=\"1200\" height=\"799\" srcset=\"https:\/\/www.medellin.gov.co\/es\/wp-content\/uploads\/2024\/08\/Concentracion-7-de-agosto-por-la-libertad-de-venezuela-2.jpg 1200w, https:\/\/www.medellin.gov.co\/es\/wp-content\/uploads\/2024\/08\/Concentracion-7-de-agosto-por-la-libertad-de-venezuela-2-300x200.jpg 300w, https:\/\/www.medellin.gov.co\/es\/wp-content\/uploads\/2024\/08\/Concentracion-7-de-agosto-por-la-libertad-de-venezuela-2-1024x682.jpg 1024w, https:\/\/www.medellin.gov.co\/es\/wp-content\/uploads\/2024\/08\/Concentracion-7-de-agosto-por-la-libertad-de-venezuela-2-150x100.jpg 150w, https:\/\/www.medellin.gov.co\/es\/wp-content\/uploads\/2024\/08\/Concentracion-7-de-agosto-por-la-libertad-de-venezuela-2-768x511.jpg 768w\" sizes=\"(max-width: 1200px) 100vw, 1200px\" \/><\/a><p id=\"caption-attachment-331324\" class=\"wp-caption-text\">\u00a1Libertad, libertad, libertad para Venezuela!: alcalde de Medell\u00edn<br \/>y gobernador de Antioquia en un solo grito &#8211; Foto alcaldia de Medell\u00edn<\/p><\/div>\n<p class=\"p1\"><i>\u201cCon el gobernador quiero darle un abrazo a cada una de las personas que\u00a0<\/i><i>est\u00e1n ac\u00e1, que tambi\u00e9n como colombianos nos sentimos representados en esta\u00a0<\/i><i>bandera. Queremos decirle al pueblo venezolano que no est\u00e1 solo, que desde\u00a0<\/i><i>Medell\u00edn y Antioquia estamos del lado correcto de la historia, porque apoyamos\u00a0<\/i><i>la democracia y las libertades, y eso es lo que vamos a defender<\/i>\u201d, dijo el alcalde\u00a0Guti\u00e9rrez Zuluaga.<\/p>\n\n\t\t<style type=\"text\/css\">\n\t\t\t#gallery-1 {\n\t\t\t\tmargin: auto;\n\t\t\t}\n\t\t\t#gallery-1 .gallery-item {\n\t\t\t\tfloat: left;\n\t\t\t\tmargin-top: 10px;\n\t\t\t\ttext-align: center;\n\t\t\t\twidth: 50%;\n\t\t\t}\n\t\t\t#gallery-1 img {\n\t\t\t\tborder: 2px solid #cfcfcf;\n\t\t\t}\n\t\t\t#gallery-1 .gallery-caption {\n\t\t\t\tmargin-left: 0;\n\t\t\t}\n\t\t\t\/* see gallery_shortcode() in wp-includes\/media.php *\/\n\t\t<\/style>\n\t\t<div id='gallery-1' class='gallery galleryid-331316 gallery-columns-2 gallery-size-large'><dl class='gallery-item'>\n\t\t\t<dt class='gallery-icon landscape'>\n\t\t\t\t<a href='https:\/\/www.medellin.gov.co\/es\/sala-de-prensa\/noticias\/libertad-libertad-libertad-para-venezuela-alcalde-de-medellin-y-gobernador-de-antioquia-en-un-solo-grito\/concentracion-7-de-agosto-por-la-libertad-de-venezuela-5\/'><img width=\"1024\" height=\"682\" src=\"https:\/\/www.medellin.gov.co\/es\/wp-content\/uploads\/2024\/08\/Concentracion-7-de-agosto-por-la-libertad-de-venezuela-5-1024x682.jpg\" class=\"attachment-large size-large\" alt=\"\u00a1Libertad, libertad, libertad para Venezuela!: alcalde de Medell\u00edn y gobernador de Antioquia en un solo grito\" loading=\"lazy\" aria-describedby=\"gallery-1-331330\" srcset=\"https:\/\/www.medellin.gov.co\/es\/wp-content\/uploads\/2024\/08\/Concentracion-7-de-agosto-por-la-libertad-de-venezuela-5-1024x682.jpg 1024w, https:\/\/www.medellin.gov.co\/es\/wp-content\/uploads\/2024\/08\/Concentracion-7-de-agosto-por-la-libertad-de-venezuela-5-300x200.jpg 300w, https:\/\/www.medellin.gov.co\/es\/wp-content\/uploads\/2024\/08\/Concentracion-7-de-agosto-por-la-libertad-de-venezuela-5-150x100.jpg 150w, https:\/\/www.medellin.gov.co\/es\/wp-content\/uploads\/2024\/08\/Concentracion-7-de-agosto-por-la-libertad-de-venezuela-5-768x511.jpg 768w, https:\/\/www.medellin.gov.co\/es\/wp-content\/uploads\/2024\/08\/Concentracion-7-de-agosto-por-la-libertad-de-venezuela-5.jpg 1200w\" sizes=\"(max-width: 1024px) 100vw, 1024px\" \/><\/a>\n\t\t\t<\/dt>\n\t\t\t\t<dd class='wp-caption-text gallery-caption' id='gallery-1-331330'>\n\t\t\t\t\u00a1Libertad, libertad, libertad para Venezuela!: alcalde de Medell\u00edn\ny gobernador de Antioquia en un solo grito \n\t\t\t\t<\/dd><\/dl><dl class='gallery-item'>\n\t\t\t<dt class='gallery-icon landscape'>\n\t\t\t\t<a href='https:\/\/www.medellin.gov.co\/es\/sala-de-prensa\/noticias\/libertad-libertad-libertad-para-venezuela-alcalde-de-medellin-y-gobernador-de-antioquia-en-un-solo-grito\/concentracion-7-de-agosto-por-la-libertad-de-venezuela-1\/'><img width=\"1024\" height=\"682\" src=\"https:\/\/www.medellin.gov.co\/es\/wp-content\/uploads\/2024\/08\/Concentracion-7-de-agosto-por-la-libertad-de-venezuela-1-1024x682.jpg\" class=\"attachment-large size-large\" alt=\"\u00a1Libertad, libertad, libertad para Venezuela!: alcalde de Medell\u00edn y gobernador de Antioquia en un solo grito\" loading=\"lazy\" aria-describedby=\"gallery-1-331319\" srcset=\"https:\/\/www.medellin.gov.co\/es\/wp-content\/uploads\/2024\/08\/Concentracion-7-de-agosto-por-la-libertad-de-venezuela-1-1024x682.jpg 1024w, https:\/\/www.medellin.gov.co\/es\/wp-content\/uploads\/2024\/08\/Concentracion-7-de-agosto-por-la-libertad-de-venezuela-1-300x200.jpg 300w, https:\/\/www.medellin.gov.co\/es\/wp-content\/uploads\/2024\/08\/Concentracion-7-de-agosto-por-la-libertad-de-venezuela-1-150x100.jpg 150w, https:\/\/www.medellin.gov.co\/es\/wp-content\/uploads\/2024\/08\/Concentracion-7-de-agosto-por-la-libertad-de-venezuela-1-768x511.jpg 768w, https:\/\/www.medellin.gov.co\/es\/wp-content\/uploads\/2024\/08\/Concentracion-7-de-agosto-por-la-libertad-de-venezuela-1.jpg 1200w\" sizes=\"(max-width: 1024px) 100vw, 1024px\" \/><\/a>\n\t\t\t<\/dt>\n\t\t\t\t<dd class='wp-caption-text gallery-caption' id='gallery-1-331319'>\n\t\t\t\t\u00a1Libertad, libertad, libertad para Venezuela!: alcalde de Medell\u00edn\ny gobernador de Antioquia en un solo grito \n\t\t\t\t<\/dd><\/dl><br style=\"clear: both\" \/>\n\t\t<\/div>\n\n<p class=\"p1\">Con emotividad, durante la movilizaci\u00f3n realizada en el Centro Administrativo La\u00a0Alpujarra, los asistentes entonaron los himnos de Colombia y Venezuela.<\/p>\n<p class=\"p1\"><i>\u201cAqu\u00ed no se puede hablar con titubeos, cuando lo que est\u00e1 por delante es la\u00a0<\/i><i>defensa de la democracia y las libertades. Desde Medell\u00edn y Antioquia no\u00a0<\/i><i>estamos de acuerdo ni cohonestamos con la dictadura de Nicol\u00e1s Maduro. Y\u00a0<\/i><i>recuerden que no hay \u2018maduro\u2019 que no se pudra ni \u2018cabello\u2019 que no se caiga\u201d, <\/i>agreg\u00f3 el mandatario local.<\/p>\n<p class=\"p1\">El alcalde expres\u00f3 que mientras los venezolanos que est\u00e1n en Medell\u00edn no\u00a0puedan volver a su pa\u00eds, la ciudad los acoger\u00e1.<\/p>\n<p class=\"p1\"><i>\u201cPor ustedes, por sus familias, por todo el pueblo venezolano, libertad, libertad,\u00a0<\/i><i>libertad para Venezuela, a un solo grito\u2026libertad, libertad, libertad\u201d,<\/i> areng\u00f3 el\u00a0alcalde Federico Guti\u00e9rrez Zuluaga.<\/p>\n<p><a href=\"https:\/\/www.medellin.gov.co\/es\/wp-content\/uploads\/2024\/08\/Concentracion-7-de-agosto-por-la-libertad-de-venezuela-4.jpg\" target=\"_blank\" rel=\"noopener\"><img loading=\"lazy\" class=\"alignnone wp-image-331328 size-full\" title=\"\u00a1Libertad, libertad, libertad para Venezuela!: alcalde de Medell\u00edn y gobernador de Antioquia en un solo grito\" src=\"https:\/\/www.medellin.gov.co\/es\/wp-content\/uploads\/2024\/08\/Concentracion-7-de-agosto-por-la-libertad-de-venezuela-4.jpg\" alt=\"\u00a1Libertad, libertad, libertad para Venezuela!: alcalde de Medell\u00edn y gobernador de Antioquia en un solo grito\" width=\"1200\" height=\"799\" srcset=\"https:\/\/www.medellin.gov.co\/es\/wp-content\/uploads\/2024\/08\/Concentracion-7-de-agosto-por-la-libertad-de-venezuela-4.jpg 1200w, https:\/\/www.medellin.gov.co\/es\/wp-content\/uploads\/2024\/08\/Concentracion-7-de-agosto-por-la-libertad-de-venezuela-4-300x200.jpg 300w, https:\/\/www.medellin.gov.co\/es\/wp-content\/uploads\/2024\/08\/Concentracion-7-de-agosto-por-la-libertad-de-venezuela-4-1024x682.jpg 1024w, https:\/\/www.medellin.gov.co\/es\/wp-content\/uploads\/2024\/08\/Concentracion-7-de-agosto-por-la-libertad-de-venezuela-4-150x100.jpg 150w, https:\/\/www.medellin.gov.co\/es\/wp-content\/uploads\/2024\/08\/Concentracion-7-de-agosto-por-la-libertad-de-venezuela-4-768x511.jpg 768w\" sizes=\"(max-width: 1200px) 100vw, 1200px\" \/><\/a><\/p>\n\n\t\t<style type=\"text\/css\">\n\t\t\t#gallery-2 {\n\t\t\t\tmargin: auto;\n\t\t\t}\n\t\t\t#gallery-2 .gallery-item {\n\t\t\t\tfloat: left;\n\t\t\t\tmargin-top: 10px;\n\t\t\t\ttext-align: center;\n\t\t\t\twidth: 50%;\n\t\t\t}\n\t\t\t#gallery-2 img {\n\t\t\t\tborder: 2px solid #cfcfcf;\n\t\t\t}\n\t\t\t#gallery-2 .gallery-caption {\n\t\t\t\tmargin-left: 0;\n\t\t\t}\n\t\t\t\/* see gallery_shortcode() in wp-includes\/media.php *\/\n\t\t<\/style>\n\t\t<div id='gallery-2' class='gallery galleryid-331316 gallery-columns-2 gallery-size-large'><dl class='gallery-item'>\n\t\t\t<dt class='gallery-icon landscape'>\n\t\t\t\t<a href='https:\/\/www.medellin.gov.co\/es\/sala-de-prensa\/noticias\/libertad-libertad-libertad-para-venezuela-alcalde-de-medellin-y-gobernador-de-antioquia-en-un-solo-grito\/concentracion-7-de-agosto-por-la-libertad-de-venezuela-8\/'><img width=\"1024\" height=\"682\" src=\"https:\/\/www.medellin.gov.co\/es\/wp-content\/uploads\/2024\/08\/Concentracion-7-de-agosto-por-la-libertad-de-venezuela-8-1024x682.jpg\" class=\"attachment-large size-large\" alt=\"\u00a1Libertad, libertad, libertad para Venezuela!: alcalde de Medell\u00edn y gobernador de Antioquia en un solo grito\" loading=\"lazy\" aria-describedby=\"gallery-2-331335\" srcset=\"https:\/\/www.medellin.gov.co\/es\/wp-content\/uploads\/2024\/08\/Concentracion-7-de-agosto-por-la-libertad-de-venezuela-8-1024x682.jpg 1024w, https:\/\/www.medellin.gov.co\/es\/wp-content\/uploads\/2024\/08\/Concentracion-7-de-agosto-por-la-libertad-de-venezuela-8-300x200.jpg 300w, https:\/\/www.medellin.gov.co\/es\/wp-content\/uploads\/2024\/08\/Concentracion-7-de-agosto-por-la-libertad-de-venezuela-8-150x100.jpg 150w, https:\/\/www.medellin.gov.co\/es\/wp-content\/uploads\/2024\/08\/Concentracion-7-de-agosto-por-la-libertad-de-venezuela-8-768x511.jpg 768w, https:\/\/www.medellin.gov.co\/es\/wp-content\/uploads\/2024\/08\/Concentracion-7-de-agosto-por-la-libertad-de-venezuela-8.jpg 1200w\" sizes=\"(max-width: 1024px) 100vw, 1024px\" \/><\/a>\n\t\t\t<\/dt>\n\t\t\t\t<dd class='wp-caption-text gallery-caption' id='gallery-2-331335'>\n\t\t\t\t\u00a1Libertad, libertad, libertad para Venezuela!: alcalde de Medell\u00edn\ny gobernador de Antioquia en un solo grito\n\t\t\t\t<\/dd><\/dl><dl class='gallery-item'>\n\t\t\t<dt class='gallery-icon landscape'>\n\t\t\t\t<a href='https:\/\/www.medellin.gov.co\/es\/sala-de-prensa\/noticias\/libertad-libertad-libertad-para-venezuela-alcalde-de-medellin-y-gobernador-de-antioquia-en-un-solo-grito\/concentracion-7-de-agosto-por-la-libertad-de-venezuela-3\/'><img width=\"1024\" height=\"682\" src=\"https:\/\/www.medellin.gov.co\/es\/wp-content\/uploads\/2024\/08\/Concentracion-7-de-agosto-por-la-libertad-de-venezuela-3-1024x682.jpg\" class=\"attachment-large size-large\" alt=\"\u00a1Libertad, libertad, libertad para Venezuela!: alcalde de Medell\u00edn y gobernador de Antioquia en un solo grito\" loading=\"lazy\" aria-describedby=\"gallery-2-331327\" srcset=\"https:\/\/www.medellin.gov.co\/es\/wp-content\/uploads\/2024\/08\/Concentracion-7-de-agosto-por-la-libertad-de-venezuela-3-1024x682.jpg 1024w, https:\/\/www.medellin.gov.co\/es\/wp-content\/uploads\/2024\/08\/Concentracion-7-de-agosto-por-la-libertad-de-venezuela-3-300x200.jpg 300w, https:\/\/www.medellin.gov.co\/es\/wp-content\/uploads\/2024\/08\/Concentracion-7-de-agosto-por-la-libertad-de-venezuela-3-150x100.jpg 150w, https:\/\/www.medellin.gov.co\/es\/wp-content\/uploads\/2024\/08\/Concentracion-7-de-agosto-por-la-libertad-de-venezuela-3-768x511.jpg 768w, https:\/\/www.medellin.gov.co\/es\/wp-content\/uploads\/2024\/08\/Concentracion-7-de-agosto-por-la-libertad-de-venezuela-3.jpg 1200w\" sizes=\"(max-width: 1024px) 100vw, 1024px\" \/><\/a>\n\t\t\t<\/dt>\n\t\t\t\t<dd class='wp-caption-text gallery-caption' id='gallery-2-331327'>\n\t\t\t\t\u00a1Libertad, libertad, libertad para Venezuela!: alcalde de Medell\u00edn\ny gobernador de Antioquia en un solo grito \n\t\t\t\t<\/dd><\/dl><br style=\"clear: both\" \/>\n\t\t<\/div>\n\n<p class=\"p1\">Por su parte, el gobernador de Antioquia, Andr\u00e9s Juli\u00e1n Rend\u00f3n manifest\u00f3 ante\u00a0los venezolanos que asistieron a la plazoleta de La Alpujarra: <i>\u00abLa libertad ha sido\u00a0<\/i><i>una lucha de todos nuestros pueblos. La causa de los venezolanos tambi\u00e9n es\u00a0<\/i><i>una causa de Antioquia. Nosotros somos testigos del dolor que llevan en su\u00a0<\/i><i>coraz\u00f3n al ver c\u00f3mo tienen que separarse de sus familias, tener el alma en su\u00a0<\/i><i>patria y no poder regresar. Nosotros somos unos dem\u00f3cratas, creemos en la\u00a0<\/i><i>libertad\u201d.<\/i><\/p>\n<p class=\"p1\">El mandatario departamental a\u00f1adi\u00f3<i>: \u201c\u00a1Desde Antioquia le decimos a Edmundo y\u00a0<\/i><i>a Mar\u00eda Corina, adelante! Su fortaleza nos inspira, su valent\u00eda nos cobija y el\u00a0<\/i><i>amor por su patria es una luz para todos los colombianos. \u00a1Viva Venezuela\u00a0<\/i><i>libre!\u201d.<\/i><\/p>\n","protected":false},"excerpt":{"rendered":"<p>El alcalde de Medell\u00edn, Federico Guti\u00e9rrez Zuluaga y el gobernador de Antioquia, Andr\u00e9s Juli\u00e1n Rend\u00f3n, lideraron este mi\u00e9rcoles 7 de agosto una\u00a0concentraci\u00f3n masiva en apoyo al pueblo venezolano. Con emotividad, durante la movilizaci\u00f3n realizada en &#8230;<\/p>\n","protected":false},"author":84,"featured_media":331332,"comment_status":"open","ping_status":"open","sticky":false,"template":"","format":"standard","meta":[],"categories":[293],"tags":[634,455],"formato_nota":[],"programas_tax":[],"acf":[],"_links":{"self":[{"href":"https:\/\/www.medellin.gov.co\/es\/wp-json\/wp\/v2\/posts\/331316"}],"collection":[{"href":"https:\/\/www.medellin.gov.co\/es\/wp-json\/wp\/v2\/posts"}],"about":[{"href":"https:\/\/www.medellin.gov.co\/es\/wp-json\/wp\/v2\/types\/post"}],"author":[{"embeddable":true,"href":"https:\/\/www.medellin.gov.co\/es\/wp-json\/wp\/v2\/users\/84"}],"replies":[{"embeddable":true,"href":"https:\/\/www.medellin.gov.co\/es\/wp-json\/wp\/v2\/comments?post=331316"}],"version-history":[{"count":2,"href":"https:\/\/www.medellin.gov.co\/es\/wp-json\/wp\/v2\/posts\/331316\/revisions"}],"predecessor-version":[{"id":331337,"href":"https:\/\/www.medellin.gov.co\/es\/wp-json\/wp\/v2\/posts\/331316\/revisions\/331337"}],"wp:featuredmedia":[{"embeddable":true,"href":"https:\/\/www.medellin.gov.co\/es\/wp-json\/wp\/v2\/media\/331332"}],"wp:attachment":[{"href":"https:\/\/www.medellin.gov.co\/es\/wp-json\/wp\/v2\/media?parent=331316"}],"wp:term":[{"taxonomy":"category","embeddable":true,"href":"https:\/\/www.medellin.gov.co\/es\/wp-json\/wp\/v2\/categories?post=331316"},{"taxonomy":"post_tag","embeddable":true,"href":"https:\/\/www.medellin.gov.co\/es\/wp-json\/wp\/v2\/tags?post=331316"},{"taxonomy":"formato_nota","embeddable":true,"href":"https:\/\/www.medellin.gov.co\/es\/wp-json\/wp\/v2\/formato_nota?post=331316"},{"taxonomy":"programas_tax","embeddable":true,"href":"https:\/\/www.medellin.gov.co\/es\/wp-json\/wp\/v2\/programas_tax?post=331316"}],"curies":[{"name":"wp","href":"https:\/\/api.w.org\/{rel}","templated":true}]}}