{"id":331393,"date":"2024-08-07T21:06:48","date_gmt":"2024-08-08T02:06:48","guid":{"rendered":"https:\/\/www.medellin.gov.co\/es\/?p=331393"},"modified":"2024-08-07T21:06:48","modified_gmt":"2024-08-08T02:06:48","slug":"arte-magia-y-tradicion-en-la-calle-de-los-artistas-en-el-pueblito-paisa","status":"publish","type":"post","link":"https:\/\/www.medellin.gov.co\/es\/sala-de-prensa\/noticias\/arte-magia-y-tradicion-en-la-calle-de-los-artistas-en-el-pueblito-paisa\/","title":{"rendered":"Arte, magia y tradici\u00f3n en la Calle de los Artistas, en el Pueblito Paisa"},"content":{"rendered":"<blockquote><p><em>En el marco de la <a href=\"http:\/\/www.feriadelasfloresmedellin.gov.co\/\" target=\"_blank\" rel=\"noopener\">Feria de las Flores 2024<\/a>, Medell\u00edn se viste de arte y cultura con la Calle de los Artistas. Hoy, el <a href=\"https:\/\/www.medellin.travel\/pueblito-paisa-cerro-nutibara\/\" target=\"_blank\" rel=\"noopener\">Pueblito Paisa<\/a> se convirti\u00f3 en el epicentro de la creatividad y el talento local, atrayendo a miles de personas que se deleitaron con una variada oferta de espect\u00e1culos.<\/em><\/p><\/blockquote>\n<p>El ambiente era vibrante y lleno de vida, con seis tarimas diferentes que ofrec\u00edan una amplia gama de presentaciones. Las estatuas humanas, con sus detallados disfraces y voluntad inamovible, capturaron la atenci\u00f3n de los visitantes, mientras que la m\u00fasica en vivo creaba una atm\u00f3sfera festiva que resonaba en cada rinc\u00f3n del lugar.<\/p>\n<p><strong>Los Titiritrastos y el magazo Andr\u00e9s<\/strong><strong>\u00a0<\/strong><\/p>\n<div id=\"attachment_331398\" style=\"width: 1034px\" class=\"wp-caption alignnone\"><a href=\"https:\/\/www.medellin.gov.co\/es\/wp-content\/uploads\/2024\/08\/calle_artistas_pueblito_paisa-2.jpg\" target=\"_blank\" rel=\"noopener\"><img aria-describedby=\"caption-attachment-331398\" loading=\"lazy\" class=\"wp-image-331398 size-large\" src=\"https:\/\/www.medellin.gov.co\/es\/wp-content\/uploads\/2024\/08\/calle_artistas_pueblito_paisa-2-1024x768.jpg\" alt=\"Calle de los Artistas, en el Pueblito Paisa\" width=\"1024\" height=\"768\" srcset=\"https:\/\/www.medellin.gov.co\/es\/wp-content\/uploads\/2024\/08\/calle_artistas_pueblito_paisa-2-1024x768.jpg 1024w, https:\/\/www.medellin.gov.co\/es\/wp-content\/uploads\/2024\/08\/calle_artistas_pueblito_paisa-2-300x225.jpg 300w, https:\/\/www.medellin.gov.co\/es\/wp-content\/uploads\/2024\/08\/calle_artistas_pueblito_paisa-2-150x113.jpg 150w, https:\/\/www.medellin.gov.co\/es\/wp-content\/uploads\/2024\/08\/calle_artistas_pueblito_paisa-2-768x576.jpg 768w, https:\/\/www.medellin.gov.co\/es\/wp-content\/uploads\/2024\/08\/calle_artistas_pueblito_paisa-2.jpg 1137w\" sizes=\"(max-width: 1024px) 100vw, 1024px\" \/><\/a><p id=\"caption-attachment-331398\" class=\"wp-caption-text\">Calle de los Artistas, en el Pueblito Paisa<\/p><\/div>\n<p>Uno de los puntos culminantes del d\u00eda fue la actuaci\u00f3n de los Titiritrastos y el magazo Andr\u00e9s, <em>\u201ctra\u00eddo del m\u00e1s all\u00e1 al m\u00e1s ac\u00e1<\/em>\u201d. Este grupo de tres artistas con 20 a\u00f1os de experiencia en el teatro circense maravill\u00f3 tanto a ni\u00f1os, como a adultos, con su espect\u00e1culo lleno de magia, risas y fantas\u00eda.<\/p>\n<div id=\"attachment_331399\" style=\"width: 1034px\" class=\"wp-caption alignnone\"><a href=\"https:\/\/www.medellin.gov.co\/es\/wp-content\/uploads\/2024\/08\/calle_artistas_pueblito_paisa-3.jpg\" target=\"_blank\" rel=\"noopener\"><img aria-describedby=\"caption-attachment-331399\" loading=\"lazy\" class=\"wp-image-331399 size-large\" src=\"https:\/\/www.medellin.gov.co\/es\/wp-content\/uploads\/2024\/08\/calle_artistas_pueblito_paisa-3-1024x768.jpg\" alt=\"Calle de los Artistas, en el Pueblito Paisa\" width=\"1024\" height=\"768\" srcset=\"https:\/\/www.medellin.gov.co\/es\/wp-content\/uploads\/2024\/08\/calle_artistas_pueblito_paisa-3-1024x768.jpg 1024w, https:\/\/www.medellin.gov.co\/es\/wp-content\/uploads\/2024\/08\/calle_artistas_pueblito_paisa-3-300x225.jpg 300w, https:\/\/www.medellin.gov.co\/es\/wp-content\/uploads\/2024\/08\/calle_artistas_pueblito_paisa-3-150x113.jpg 150w, https:\/\/www.medellin.gov.co\/es\/wp-content\/uploads\/2024\/08\/calle_artistas_pueblito_paisa-3-768x576.jpg 768w, https:\/\/www.medellin.gov.co\/es\/wp-content\/uploads\/2024\/08\/calle_artistas_pueblito_paisa-3.jpg 1137w\" sizes=\"(max-width: 1024px) 100vw, 1024px\" \/><\/a><p id=\"caption-attachment-331399\" class=\"wp-caption-text\">Calle de los Artistas, en el Pueblito Paisa<\/p><\/div>\n<p>La energ\u00eda y habilidad de estos artistas recordaron a todos los presentes la importancia de mantener viva la tradici\u00f3n teatral y circense en nuestra cultura.<\/p>\n<p><strong>Mace la Cuentera<\/strong><strong>\u00a0<\/strong><\/p>\n<p><div class=\"iframe-container\"><iframe title=\"YouTube video player\" src=\"https:\/\/www.youtube.com\/embed\/u2TOjUgvpX4?si=OCO4Y_CDoDf_pNdb\" width=\"100%\" height=\"350\" frameborder=\"0\" allowfullscreen=\"allowfullscreen\"><span data-mce-type=\"bookmark\" style=\"display: inline-block; width: 0px; overflow: hidden; line-height: 0;\" class=\"mce_SELRES_start\">\ufeff<\/span><\/iframe><\/div><\/p>\n<p>A pocos metros, decenas de personas se reun\u00edan para escuchar las fascinantes historias de Mace la Cuentera. Mace, una pedagoga que descubri\u00f3 su pasi\u00f3n por la cuenter\u00eda hace siete a\u00f1os en un taller dise\u00f1ado para mejorar su postura y vocalizaci\u00f3n, comparti\u00f3 relatos que capturaron la imaginaci\u00f3n de grandes y chicos.<\/p>\n<p>A pesar de que suele presentarse en teatro, Mace describi\u00f3 esta experiencia como gratificante y retadora, una oportunidad para conectar con su audiencia en un ambiente diferente y enriquecedor.<\/p>\n\n\t\t<style type=\"text\/css\">\n\t\t\t#gallery-1 {\n\t\t\t\tmargin: auto;\n\t\t\t}\n\t\t\t#gallery-1 .gallery-item {\n\t\t\t\tfloat: left;\n\t\t\t\tmargin-top: 10px;\n\t\t\t\ttext-align: center;\n\t\t\t\twidth: 50%;\n\t\t\t}\n\t\t\t#gallery-1 img {\n\t\t\t\tborder: 2px solid #cfcfcf;\n\t\t\t}\n\t\t\t#gallery-1 .gallery-caption {\n\t\t\t\tmargin-left: 0;\n\t\t\t}\n\t\t\t\/* see gallery_shortcode() in wp-includes\/media.php *\/\n\t\t<\/style>\n\t\t<div id='gallery-1' class='gallery galleryid-331393 gallery-columns-2 gallery-size-large'><dl class='gallery-item'>\n\t\t\t<dt class='gallery-icon landscape'>\n\t\t\t\t<a href='https:\/\/www.medellin.gov.co\/es\/sala-de-prensa\/noticias\/arte-magia-y-tradicion-en-la-calle-de-los-artistas-en-el-pueblito-paisa\/calle_artistas_pueblito_paisa-4\/'><img width=\"1024\" height=\"768\" src=\"https:\/\/www.medellin.gov.co\/es\/wp-content\/uploads\/2024\/08\/calle_artistas_pueblito_paisa-4-1024x768.jpg\" class=\"attachment-large size-large\" alt=\"Calle de los Artistas, en el Pueblito Paisa\" loading=\"lazy\" aria-describedby=\"gallery-1-331401\" srcset=\"https:\/\/www.medellin.gov.co\/es\/wp-content\/uploads\/2024\/08\/calle_artistas_pueblito_paisa-4-1024x768.jpg 1024w, https:\/\/www.medellin.gov.co\/es\/wp-content\/uploads\/2024\/08\/calle_artistas_pueblito_paisa-4-300x225.jpg 300w, https:\/\/www.medellin.gov.co\/es\/wp-content\/uploads\/2024\/08\/calle_artistas_pueblito_paisa-4-150x113.jpg 150w, https:\/\/www.medellin.gov.co\/es\/wp-content\/uploads\/2024\/08\/calle_artistas_pueblito_paisa-4-768x576.jpg 768w, https:\/\/www.medellin.gov.co\/es\/wp-content\/uploads\/2024\/08\/calle_artistas_pueblito_paisa-4.jpg 1137w\" sizes=\"(max-width: 1024px) 100vw, 1024px\" \/><\/a>\n\t\t\t<\/dt>\n\t\t\t\t<dd class='wp-caption-text gallery-caption' id='gallery-1-331401'>\n\t\t\t\tCalle de los Artistas, en el Pueblito Paisa\n\t\t\t\t<\/dd><\/dl><dl class='gallery-item'>\n\t\t\t<dt class='gallery-icon landscape'>\n\t\t\t\t<a href='https:\/\/www.medellin.gov.co\/es\/sala-de-prensa\/noticias\/arte-magia-y-tradicion-en-la-calle-de-los-artistas-en-el-pueblito-paisa\/calle_artistas_pueblito_paisa-5\/'><img width=\"1024\" height=\"768\" src=\"https:\/\/www.medellin.gov.co\/es\/wp-content\/uploads\/2024\/08\/calle_artistas_pueblito_paisa-5-1024x768.jpg\" class=\"attachment-large size-large\" alt=\"Calle de los Artistas, en el Pueblito Paisa\" loading=\"lazy\" aria-describedby=\"gallery-1-331404\" srcset=\"https:\/\/www.medellin.gov.co\/es\/wp-content\/uploads\/2024\/08\/calle_artistas_pueblito_paisa-5-1024x768.jpg 1024w, https:\/\/www.medellin.gov.co\/es\/wp-content\/uploads\/2024\/08\/calle_artistas_pueblito_paisa-5-300x225.jpg 300w, https:\/\/www.medellin.gov.co\/es\/wp-content\/uploads\/2024\/08\/calle_artistas_pueblito_paisa-5-150x113.jpg 150w, https:\/\/www.medellin.gov.co\/es\/wp-content\/uploads\/2024\/08\/calle_artistas_pueblito_paisa-5-768x576.jpg 768w, https:\/\/www.medellin.gov.co\/es\/wp-content\/uploads\/2024\/08\/calle_artistas_pueblito_paisa-5.jpg 1137w\" sizes=\"(max-width: 1024px) 100vw, 1024px\" \/><\/a>\n\t\t\t<\/dt>\n\t\t\t\t<dd class='wp-caption-text gallery-caption' id='gallery-1-331404'>\n\t\t\t\tCalle de los Artistas, en el Pueblito Paisa\n\t\t\t\t<\/dd><\/dl><br style=\"clear: both\" \/>\n\t\t<\/div>\n\n<p>El <a href=\"https:\/\/www.medellin.travel\/pueblito-paisa-cerro-nutibara\/\" target=\"_blank\" rel=\"noopener\">Pueblito Paisa<\/a>, con su encanto tradicional y su representaci\u00f3n de la arquitectura antioque\u00f1a, se convirti\u00f3 en el escenario perfecto para este evento, reflejando la esencia y el esp\u00edritu de Medell\u00edn.<\/p>\n<p>La <a href=\"http:\/\/www.feriadelasfloresmedellin.gov.co\/\" target=\"_blank\" rel=\"noopener\">Feria de las Flores<\/a>, una celebraci\u00f3n arraigada en el coraz\u00f3n de los paisas, no solo es una muestra de nuestra riqueza floral, sino tambi\u00e9n de nuestra vibrante cultura y la pasi\u00f3n de nuestra gente por el arte y la tradici\u00f3n.<\/p>\n<p><strong>El recorrido sigue<\/strong><\/p>\n<p><div class=\"iframe-container\"><iframe title=\"YouTube video player\" src=\"https:\/\/www.youtube.com\/embed\/704F2qQO_Ho?si=r2wIVF4h98jOvum3\" width=\"100%\" height=\"350\" frameborder=\"0\" allowfullscreen=\"allowfullscreen\"><span data-mce-type=\"bookmark\" style=\"display: inline-block; width: 0px; overflow: hidden; line-height: 0;\" class=\"mce_SELRES_start\">\ufeff<\/span><\/iframe><\/div><\/p>\n<p>La Calle de los Artistas continuar\u00e1 su recorrido, llevando alegr\u00eda y creatividad a otros rincones de la ciudad. El pr\u00f3ximo s\u00e1bado, la plaza Botero y la carrera 70 se llenar\u00e1n de vida con nuevas presentaciones y talentos, record\u00e1ndonos a todos que la <a href=\"http:\/\/www.feriadelasfloresmedellin.gov.co\/\" target=\"_blank\" rel=\"noopener\">Feria de las Flores<\/a> es una fiesta que celebra la identidad y el orgullo de ser antioque\u00f1os.<\/p>\n","protected":false},"excerpt":{"rendered":"<p>En el marco de la Feria de las Flores 2024, Medell\u00edn se viste de arte y cultura con la Calle de los Artistas. Hoy, el Pueblito Paisa se convirti\u00f3 en el epicentro de la creatividad &#8230;<\/p>\n","protected":false},"author":17,"featured_media":331395,"comment_status":"open","ping_status":"open","sticky":false,"template":"","format":"standard","meta":[],"categories":[531,31],"tags":[444,428,429],"formato_nota":[],"programas_tax":[],"acf":[],"_links":{"self":[{"href":"https:\/\/www.medellin.gov.co\/es\/wp-json\/wp\/v2\/posts\/331393"}],"collection":[{"href":"https:\/\/www.medellin.gov.co\/es\/wp-json\/wp\/v2\/posts"}],"about":[{"href":"https:\/\/www.medellin.gov.co\/es\/wp-json\/wp\/v2\/types\/post"}],"author":[{"embeddable":true,"href":"https:\/\/www.medellin.gov.co\/es\/wp-json\/wp\/v2\/users\/17"}],"replies":[{"embeddable":true,"href":"https:\/\/www.medellin.gov.co\/es\/wp-json\/wp\/v2\/comments?post=331393"}],"version-history":[{"count":1,"href":"https:\/\/www.medellin.gov.co\/es\/wp-json\/wp\/v2\/posts\/331393\/revisions"}],"predecessor-version":[{"id":331405,"href":"https:\/\/www.medellin.gov.co\/es\/wp-json\/wp\/v2\/posts\/331393\/revisions\/331405"}],"wp:featuredmedia":[{"embeddable":true,"href":"https:\/\/www.medellin.gov.co\/es\/wp-json\/wp\/v2\/media\/331395"}],"wp:attachment":[{"href":"https:\/\/www.medellin.gov.co\/es\/wp-json\/wp\/v2\/media?parent=331393"}],"wp:term":[{"taxonomy":"category","embeddable":true,"href":"https:\/\/www.medellin.gov.co\/es\/wp-json\/wp\/v2\/categories?post=331393"},{"taxonomy":"post_tag","embeddable":true,"href":"https:\/\/www.medellin.gov.co\/es\/wp-json\/wp\/v2\/tags?post=331393"},{"taxonomy":"formato_nota","embeddable":true,"href":"https:\/\/www.medellin.gov.co\/es\/wp-json\/wp\/v2\/formato_nota?post=331393"},{"taxonomy":"programas_tax","embeddable":true,"href":"https:\/\/www.medellin.gov.co\/es\/wp-json\/wp\/v2\/programas_tax?post=331393"}],"curies":[{"name":"wp","href":"https:\/\/api.w.org\/{rel}","templated":true}]}}