{"id":331430,"date":"2024-08-08T09:18:41","date_gmt":"2024-08-08T14:18:41","guid":{"rendered":"https:\/\/www.medellin.gov.co\/es\/?p=331430"},"modified":"2024-08-08T09:18:41","modified_gmt":"2024-08-08T14:18:41","slug":"en-la-noche-tropical-el-maestro-fruko-se-graduo-como-el-mas-teso","status":"publish","type":"post","link":"https:\/\/www.medellin.gov.co\/es\/sala-de-prensa\/noticias\/en-la-noche-tropical-el-maestro-fruko-se-graduo-como-el-mas-teso\/","title":{"rendered":"En la Noche Tropical el maestro \u201cFruko\u201d se gradu\u00f3 como el m\u00e1s \u201cTeso\u201d"},"content":{"rendered":"<blockquote><p><em>Cuando hablamos de <a href=\"https:\/\/www.senalcolombia.tv\/cultura\/fruko-y-sus-tesos-historia\" target=\"_blank\" rel=\"noopener\">Fruko y sus Tesos<\/a> en la m\u00fasica, el cuerpo inmediatamente se empieza a mover. Es que todos hemos escuchado la m\u00fasica del <a href=\"https:\/\/www.senalcolombia.tv\/cultura\/fruko-y-sus-tesos-historia\" target=\"_blank\" rel=\"noopener\">maestro Fruko<\/a> en las fiestas de la casa de los t\u00edos, en las de los pap\u00e1s, en los diciembres; es una m\u00fasica que hemos escuchado toda la vida y que ha puesto a bailar a cientos de personas en Colombia y en el mundo.<\/em><\/p><\/blockquote>\n<p><a href=\"https:\/\/www.senalcolombia.tv\/cultura\/fruko-y-sus-tesos-historia\" target=\"_blank\" rel=\"noopener\">\u201cFruko\u201d<\/a> es el apodo que le puso el maestro <a href=\"https:\/\/www.infobae.com\/colombia\/2023\/12\/23\/lisandro-meza-la-historia-de-el-macho-de-america\/\" target=\"_blank\" rel=\"noopener\">Lisandro Meza<\/a>, con quien comparti\u00f3 en la legendaria agrupaci\u00f3n <a href=\"https:\/\/www.radionacional.co\/musica\/los-corraleros-de-majagual-historia-y-exitos\" target=\"_blank\" rel=\"noopener\">Los Corraleros de Majagual<\/a>. Esto porque <a href=\"https:\/\/www.senalcolombia.tv\/cultura\/fruko-y-sus-tesos-historia\" target=\"_blank\" rel=\"noopener\">Julio Ernesto Estrada<\/a>, que es su nombre real, se parec\u00eda a un presentador de televisi\u00f3n que recomendaba para ese entonces una marca de salsa de tomate.<\/p>\n<p><strong>Su m\u00fasica<\/strong><\/p>\n<p>En 60 a\u00f1os de carrera, la m\u00fasica de <a href=\"https:\/\/www.senalcolombia.tv\/cultura\/fruko-y-sus-tesos-historia\" target=\"_blank\" rel=\"noopener\">\u201cFruko\u201d<\/a> ha tenido cientos de versiones, ha sido llevada a los escenarios m\u00e1s modernos o reinterpretados en sus formatos tradicionales y es recordada como un tesoro en el sonido tropical colombiano.<\/p>\n<div id=\"attachment_331456\" style=\"width: 1034px\" class=\"wp-caption alignnone\"><a href=\"https:\/\/www.medellin.gov.co\/es\/wp-content\/uploads\/2024\/08\/Parque_Cultural_Nocturno_Homenaje_Fruko-4.jpg\"><img aria-describedby=\"caption-attachment-331456\" loading=\"lazy\" class=\"size-large wp-image-331456\" src=\"https:\/\/www.medellin.gov.co\/es\/wp-content\/uploads\/2024\/08\/Parque_Cultural_Nocturno_Homenaje_Fruko-4-1024x768.jpg\" alt=\"Parque Cultural Nocturno\" width=\"1024\" height=\"768\" srcset=\"https:\/\/www.medellin.gov.co\/es\/wp-content\/uploads\/2024\/08\/Parque_Cultural_Nocturno_Homenaje_Fruko-4-1024x768.jpg 1024w, https:\/\/www.medellin.gov.co\/es\/wp-content\/uploads\/2024\/08\/Parque_Cultural_Nocturno_Homenaje_Fruko-4-300x225.jpg 300w, https:\/\/www.medellin.gov.co\/es\/wp-content\/uploads\/2024\/08\/Parque_Cultural_Nocturno_Homenaje_Fruko-4-150x113.jpg 150w, https:\/\/www.medellin.gov.co\/es\/wp-content\/uploads\/2024\/08\/Parque_Cultural_Nocturno_Homenaje_Fruko-4-768x576.jpg 768w, https:\/\/www.medellin.gov.co\/es\/wp-content\/uploads\/2024\/08\/Parque_Cultural_Nocturno_Homenaje_Fruko-4.jpg 1137w\" sizes=\"(max-width: 1024px) 100vw, 1024px\" \/><\/a><p id=\"caption-attachment-331456\" class=\"wp-caption-text\">Parque Cultural Nocturno &#8211; Homenaje a \u00abFruko\u00bb<\/p><\/div>\n<p>El preso, <a href=\"https:\/\/discosfuentes.com.co\/artists\/fruko_y_sus_tesos\/\" target=\"_blank\" rel=\"noopener\">A la memoria del muerto, Los charcos, El ausente, El caminante El cocinero mayor, Manyoma, Tania, El son del tren<\/a>\u2026 son tantos los t\u00edtulos y tantas las veces que Estrada Rinc\u00f3n ha puesto a bailar a la gente, que su legado es indiscutible.<\/p>\n<p>En 1971 el maestro <a href=\"https:\/\/www.senalcolombia.tv\/cultura\/fruko-y-sus-tesos-historia\" target=\"_blank\" rel=\"noopener\">Julio Ernesto<\/a> decidi\u00f3 cambiar el nombre de su orquesta a <a href=\"https:\/\/www.senalcolombia.tv\/cultura\/fruko-y-sus-tesos-historia\" target=\"_blank\" rel=\"noopener\">\u201cFruko y sus Tesos\u201d<\/a>. Era un homenaje a los \u2018tesos\u2019, a los m\u00e1s duros m\u00fasicos del momento que iban a revolucionar el mundo a punta de salsa brava.<\/p>\n\n\t\t<style type=\"text\/css\">\n\t\t\t#gallery-1 {\n\t\t\t\tmargin: auto;\n\t\t\t}\n\t\t\t#gallery-1 .gallery-item {\n\t\t\t\tfloat: left;\n\t\t\t\tmargin-top: 10px;\n\t\t\t\ttext-align: center;\n\t\t\t\twidth: 50%;\n\t\t\t}\n\t\t\t#gallery-1 img {\n\t\t\t\tborder: 2px solid #cfcfcf;\n\t\t\t}\n\t\t\t#gallery-1 .gallery-caption {\n\t\t\t\tmargin-left: 0;\n\t\t\t}\n\t\t\t\/* see gallery_shortcode() in wp-includes\/media.php *\/\n\t\t<\/style>\n\t\t<div id='gallery-1' class='gallery galleryid-331430 gallery-columns-2 gallery-size-large'><dl class='gallery-item'>\n\t\t\t<dt class='gallery-icon landscape'>\n\t\t\t\t<a href='https:\/\/www.medellin.gov.co\/es\/sala-de-prensa\/noticias\/en-la-noche-tropical-el-maestro-fruko-se-graduo-como-el-mas-teso\/parque_cultural_nocturno_homenaje_fruko-11\/'><img width=\"1024\" height=\"768\" src=\"https:\/\/www.medellin.gov.co\/es\/wp-content\/uploads\/2024\/08\/Parque_Cultural_Nocturno_Homenaje_Fruko-11-1024x768.jpg\" class=\"attachment-large size-large\" alt=\"Parque Cultural Nocturno\" loading=\"lazy\" aria-describedby=\"gallery-1-331471\" srcset=\"https:\/\/www.medellin.gov.co\/es\/wp-content\/uploads\/2024\/08\/Parque_Cultural_Nocturno_Homenaje_Fruko-11-1024x768.jpg 1024w, https:\/\/www.medellin.gov.co\/es\/wp-content\/uploads\/2024\/08\/Parque_Cultural_Nocturno_Homenaje_Fruko-11-300x225.jpg 300w, https:\/\/www.medellin.gov.co\/es\/wp-content\/uploads\/2024\/08\/Parque_Cultural_Nocturno_Homenaje_Fruko-11-150x113.jpg 150w, https:\/\/www.medellin.gov.co\/es\/wp-content\/uploads\/2024\/08\/Parque_Cultural_Nocturno_Homenaje_Fruko-11-768x576.jpg 768w, https:\/\/www.medellin.gov.co\/es\/wp-content\/uploads\/2024\/08\/Parque_Cultural_Nocturno_Homenaje_Fruko-11.jpg 1137w\" sizes=\"(max-width: 1024px) 100vw, 1024px\" \/><\/a>\n\t\t\t<\/dt>\n\t\t\t\t<dd class='wp-caption-text gallery-caption' id='gallery-1-331471'>\n\t\t\t\tParque Cultural Nocturno\n\t\t\t\t<\/dd><\/dl><dl class='gallery-item'>\n\t\t\t<dt class='gallery-icon landscape'>\n\t\t\t\t<a href='https:\/\/www.medellin.gov.co\/es\/sala-de-prensa\/noticias\/en-la-noche-tropical-el-maestro-fruko-se-graduo-como-el-mas-teso\/parque_cultural_nocturno_homenaje_fruko-2\/'><img width=\"1024\" height=\"768\" src=\"https:\/\/www.medellin.gov.co\/es\/wp-content\/uploads\/2024\/08\/Parque_Cultural_Nocturno_Homenaje_Fruko-2-1024x768.jpg\" class=\"attachment-large size-large\" alt=\"Julio Ernesto Estrada\" loading=\"lazy\" aria-describedby=\"gallery-1-331450\" srcset=\"https:\/\/www.medellin.gov.co\/es\/wp-content\/uploads\/2024\/08\/Parque_Cultural_Nocturno_Homenaje_Fruko-2-1024x768.jpg 1024w, https:\/\/www.medellin.gov.co\/es\/wp-content\/uploads\/2024\/08\/Parque_Cultural_Nocturno_Homenaje_Fruko-2-300x225.jpg 300w, https:\/\/www.medellin.gov.co\/es\/wp-content\/uploads\/2024\/08\/Parque_Cultural_Nocturno_Homenaje_Fruko-2-150x113.jpg 150w, https:\/\/www.medellin.gov.co\/es\/wp-content\/uploads\/2024\/08\/Parque_Cultural_Nocturno_Homenaje_Fruko-2-768x576.jpg 768w, https:\/\/www.medellin.gov.co\/es\/wp-content\/uploads\/2024\/08\/Parque_Cultural_Nocturno_Homenaje_Fruko-2.jpg 1137w\" sizes=\"(max-width: 1024px) 100vw, 1024px\" \/><\/a>\n\t\t\t<\/dt>\n\t\t\t\t<dd class='wp-caption-text gallery-caption' id='gallery-1-331450'>\n\t\t\t\tJulio Ernesto Estrada\n\t\t\t\t<\/dd><\/dl><br style=\"clear: both\" \/>\n\t\t<\/div>\n\n<p>Alg\u00fan tiempo despu\u00e9s, <a href=\"https:\/\/www.senalcolombia.tv\/cultura\/fruko-y-sus-tesos-historia\" target=\"_blank\" rel=\"noopener\">\u201cFruko\u201d<\/a> tendr\u00eda la fortuna de cruzarse con el talentoso <a href=\"https:\/\/www.radionacional.co\/musica\/artistas-colombianos\/piper-pimienta-vida-y-obra-de-edulfamid-molina-diaz\" target=\"_blank\" rel=\"noopener\">Edulfamit Molina D\u00edaz<\/a>, un hombre delgado que se hiciera conocer como <a href=\"https:\/\/www.radionacional.co\/musica\/artistas-colombianos\/piper-pimienta-vida-y-obra-de-edulfamid-molina-diaz\" target=\"_blank\" rel=\"noopener\">Piper Pimienta<\/a>, quien grab\u00f3 un tema que en pocos d\u00edas se volvi\u00f3 un himno en toda Colombia<em>: A la memoria del muerto<\/em>. En la n\u00f3mina de su orquesta tambi\u00e9n figuraron cantantes como los legendarios <a href=\"https:\/\/es.wikipedia.org\/wiki\/Joe_Arroyo\" target=\"_blank\" rel=\"noopener\">Joe Arroyo<\/a> y <a href=\"https:\/\/www.radionacional.co\/musica\/los-70-anos-de-wilson-manyoma\" target=\"_blank\" rel=\"noopener\">Wilson Saoko<\/a>, el popular \u201cManyoma\u201d, quienes fueron las voces de varias de sus canciones m\u00e1s ic\u00f3nicas.<\/p>\n<p><div class=\"iframe-container\"><iframe title=\"YouTube video player\" src=\"https:\/\/www.youtube.com\/embed\/K8YT_VCAlDI?si=_0-7Lls1-Lic7yMA\" width=\"100%\" height=\"350\" frameborder=\"0\" allowfullscreen=\"allowfullscreen\"><span data-mce-type=\"bookmark\" style=\"display: inline-block; width: 0px; overflow: hidden; line-height: 0;\" class=\"mce_SELRES_start\">\ufeff<\/span><\/iframe><\/div><\/p>\n<p>Hoy ya son 60 a\u00f1os de \u00e9xitos que han puesto a gozar al mundo entero. Entre su discograf\u00eda se cuentan m\u00e1s de 45 trabajos musicales, m\u00e1s de 500 canciones, entre ellas <em><a href=\"https:\/\/www.youtube.com\/watch?v=FN5oLBXiNvM\" target=\"_blank\" rel=\"noopener\">El Preso<\/a>,<\/em> uno de los diez temas m\u00e1s sonados de la salsa en todo el planeta. Gracias a esta canci\u00f3n, <a href=\"https:\/\/www.senalcolombia.tv\/cultura\/fruko-y-sus-tesos-historia\" target=\"_blank\" rel=\"noopener\">\u201cFruko\u201d<\/a> tiene seguidores en todas partes: la cantan los franceses, los italianos, los alemanes, sin duda se ha convertido en un himno salsero, al igual que <a href=\"https:\/\/www.youtube.com\/watch?v=Lje9RuVmcWk\" target=\"_blank\" rel=\"noopener\"><em>El Ausente<\/em>,<\/a> otra de las canciones infaltables en su repertorio.<\/p>\n<p><strong>El homenaje al m\u00e1s \u201cTeso\u201d<\/strong><\/p>\n<h6><div class=\"iframe-container\"><iframe title=\"YouTube video player\" src=\"https:\/\/www.youtube.com\/embed\/k79Ldgp3-lI?si=fV_3ulVyo8-wC87E\" width=\"100%\" height=\"350\" frameborder=\"0\" allowfullscreen=\"allowfullscreen\"><span data-mce-type=\"bookmark\" style=\"display: inline-block; width: 0px; overflow: hidden; line-height: 0;\" class=\"mce_SELRES_start\">\ufeff<\/span><\/iframe><\/div><br \/>\nCon el apoyo de <a href=\"https:\/\/telemedellin.tv\/\" target=\"_blank\" rel=\"noopener\">https:\/\/telemedellin.tv\/<\/a><\/h6>\n<p>Esta noche fue el momento para que el p\u00fablico -unas 7900 personas- de su natal Medell\u00edn y de otras latitudes le rindiera un merecido homenaje por sus 60 a\u00f1os de \u00e9xitos, y qu\u00e9 mejor marco que la <a href=\"http:\/\/www.feriadelasfloresmedellin.gov.co\/\" target=\"_blank\" rel=\"noopener\">Feria de las Flores<\/a>. El escenario <a href=\"https:\/\/www.aeropuertoolayaherrera.gov.co\/plaza-gardel\/\" target=\"_blank\" rel=\"noopener\">Plaza Gardel<\/a> fue el epicentro de este tributo. Los asistentes cantaron y bailaron al son de sus canciones m\u00e1s famosas. M\u00fasicos reconocidos de la ciudad como el cantante de m\u00fasica urbana <a href=\"https:\/\/www.instagram.com\/wolfine98\/?hl=es\" target=\"_blank\" rel=\"noopener\">Wolfine<\/a> y la <a href=\"https:\/\/filarmed.org\/\" target=\"_blank\" rel=\"noopener\">Orquesta Filarm\u00f3nica de Medell\u00edn<\/a>, tambi\u00e9n hicieron parte de este momento.<\/p>\n<div id=\"attachment_331485\" style=\"width: 1034px\" class=\"wp-caption alignnone\"><a href=\"https:\/\/www.medellin.gov.co\/es\/wp-content\/uploads\/2024\/08\/ParqueCultural_Nocturno_Fruko-1.jpg\" target=\"_blank\" rel=\"noopener\"><img aria-describedby=\"caption-attachment-331485\" loading=\"lazy\" class=\"wp-image-331485 size-large\" src=\"https:\/\/www.medellin.gov.co\/es\/wp-content\/uploads\/2024\/08\/ParqueCultural_Nocturno_Fruko-1-1024x576.jpg\" alt=\"Fruko y sus tesos con la Orquesta Filarm\u00f3nica de Medell\u00edn\" width=\"1024\" height=\"576\" srcset=\"https:\/\/www.medellin.gov.co\/es\/wp-content\/uploads\/2024\/08\/ParqueCultural_Nocturno_Fruko-1-1024x576.jpg 1024w, https:\/\/www.medellin.gov.co\/es\/wp-content\/uploads\/2024\/08\/ParqueCultural_Nocturno_Fruko-1-300x169.jpg 300w, https:\/\/www.medellin.gov.co\/es\/wp-content\/uploads\/2024\/08\/ParqueCultural_Nocturno_Fruko-1-150x84.jpg 150w, https:\/\/www.medellin.gov.co\/es\/wp-content\/uploads\/2024\/08\/ParqueCultural_Nocturno_Fruko-1-768x432.jpg 768w, https:\/\/www.medellin.gov.co\/es\/wp-content\/uploads\/2024\/08\/ParqueCultural_Nocturno_Fruko-1.jpg 1280w\" sizes=\"(max-width: 1024px) 100vw, 1024px\" \/><\/a><p id=\"caption-attachment-331485\" class=\"wp-caption-text\">Fruko y sus tesos con la Orquesta Filarm\u00f3nica de Medell\u00edn<\/p><\/div>\n<p>Esta noche el <a href=\"https:\/\/www.senalcolombia.tv\/cultura\/fruko-y-sus-tesos-historia\" target=\"_blank\" rel=\"noopener\">maestro \u201cFruko\u201d<\/a> demostr\u00f3 que la salsa es una m\u00fasica hermos\u00edsima, que no pasa de moda y que su gran secreto es la calidad con la que est\u00e1 hecha.<\/p>\n\n\t\t<style type=\"text\/css\">\n\t\t\t#gallery-2 {\n\t\t\t\tmargin: auto;\n\t\t\t}\n\t\t\t#gallery-2 .gallery-item {\n\t\t\t\tfloat: left;\n\t\t\t\tmargin-top: 10px;\n\t\t\t\ttext-align: center;\n\t\t\t\twidth: 33%;\n\t\t\t}\n\t\t\t#gallery-2 img {\n\t\t\t\tborder: 2px solid #cfcfcf;\n\t\t\t}\n\t\t\t#gallery-2 .gallery-caption {\n\t\t\t\tmargin-left: 0;\n\t\t\t}\n\t\t\t\/* see gallery_shortcode() in wp-includes\/media.php *\/\n\t\t<\/style>\n\t\t<div id='gallery-2' class='gallery galleryid-331430 gallery-columns-3 gallery-size-large'><dl class='gallery-item'>\n\t\t\t<dt class='gallery-icon landscape'>\n\t\t\t\t<a href='https:\/\/www.medellin.gov.co\/es\/sala-de-prensa\/noticias\/en-la-noche-tropical-el-maestro-fruko-se-graduo-como-el-mas-teso\/la-toma2\/'><img width=\"1024\" height=\"768\" src=\"https:\/\/www.medellin.gov.co\/es\/wp-content\/uploads\/2024\/08\/La-toma2-1024x768.jpg\" class=\"attachment-large size-large\" alt=\"La Toma\" loading=\"lazy\" aria-describedby=\"gallery-2-331446\" srcset=\"https:\/\/www.medellin.gov.co\/es\/wp-content\/uploads\/2024\/08\/La-toma2-1024x768.jpg 1024w, https:\/\/www.medellin.gov.co\/es\/wp-content\/uploads\/2024\/08\/La-toma2-300x225.jpg 300w, https:\/\/www.medellin.gov.co\/es\/wp-content\/uploads\/2024\/08\/La-toma2-150x113.jpg 150w, https:\/\/www.medellin.gov.co\/es\/wp-content\/uploads\/2024\/08\/La-toma2-768x576.jpg 768w, https:\/\/www.medellin.gov.co\/es\/wp-content\/uploads\/2024\/08\/La-toma2.jpg 1137w\" sizes=\"(max-width: 1024px) 100vw, 1024px\" \/><\/a>\n\t\t\t<\/dt>\n\t\t\t\t<dd class='wp-caption-text gallery-caption' id='gallery-2-331446'>\n\t\t\t\tLa Toma \n\t\t\t\t<\/dd><\/dl><dl class='gallery-item'>\n\t\t\t<dt class='gallery-icon landscape'>\n\t\t\t\t<a href='https:\/\/www.medellin.gov.co\/es\/sala-de-prensa\/noticias\/en-la-noche-tropical-el-maestro-fruko-se-graduo-como-el-mas-teso\/crew-peligrosos3\/'><img width=\"1024\" height=\"768\" src=\"https:\/\/www.medellin.gov.co\/es\/wp-content\/uploads\/2024\/08\/Crew-Peligrosos3-1024x768.jpg\" class=\"attachment-large size-large\" alt=\"Crew Peligrosos\" loading=\"lazy\" aria-describedby=\"gallery-2-331438\" srcset=\"https:\/\/www.medellin.gov.co\/es\/wp-content\/uploads\/2024\/08\/Crew-Peligrosos3-1024x768.jpg 1024w, https:\/\/www.medellin.gov.co\/es\/wp-content\/uploads\/2024\/08\/Crew-Peligrosos3-300x225.jpg 300w, https:\/\/www.medellin.gov.co\/es\/wp-content\/uploads\/2024\/08\/Crew-Peligrosos3-150x113.jpg 150w, https:\/\/www.medellin.gov.co\/es\/wp-content\/uploads\/2024\/08\/Crew-Peligrosos3-768x576.jpg 768w, https:\/\/www.medellin.gov.co\/es\/wp-content\/uploads\/2024\/08\/Crew-Peligrosos3.jpg 1137w\" sizes=\"(max-width: 1024px) 100vw, 1024px\" \/><\/a>\n\t\t\t<\/dt>\n\t\t\t\t<dd class='wp-caption-text gallery-caption' id='gallery-2-331438'>\n\t\t\t\tCrew Peligrosos \n\t\t\t\t<\/dd><\/dl><dl class='gallery-item'>\n\t\t\t<dt class='gallery-icon landscape'>\n\t\t\t\t<a href='https:\/\/www.medellin.gov.co\/es\/sala-de-prensa\/noticias\/en-la-noche-tropical-el-maestro-fruko-se-graduo-como-el-mas-teso\/sueno-latino\/'><img width=\"1024\" height=\"768\" src=\"https:\/\/www.medellin.gov.co\/es\/wp-content\/uploads\/2024\/08\/Sueno-Latino-1024x768.jpg\" class=\"attachment-large size-large\" alt=\"\" loading=\"lazy\" aria-describedby=\"gallery-2-331473\" srcset=\"https:\/\/www.medellin.gov.co\/es\/wp-content\/uploads\/2024\/08\/Sueno-Latino-1024x768.jpg 1024w, https:\/\/www.medellin.gov.co\/es\/wp-content\/uploads\/2024\/08\/Sueno-Latino-300x225.jpg 300w, https:\/\/www.medellin.gov.co\/es\/wp-content\/uploads\/2024\/08\/Sueno-Latino-150x113.jpg 150w, https:\/\/www.medellin.gov.co\/es\/wp-content\/uploads\/2024\/08\/Sueno-Latino-768x576.jpg 768w, https:\/\/www.medellin.gov.co\/es\/wp-content\/uploads\/2024\/08\/Sueno-Latino.jpg 1137w\" sizes=\"(max-width: 1024px) 100vw, 1024px\" \/><\/a>\n\t\t\t<\/dt>\n\t\t\t\t<dd class='wp-caption-text gallery-caption' id='gallery-2-331473'>\n\t\t\t\tSue\u00f1o Latino\n\t\t\t\t<\/dd><\/dl><br style=\"clear: both\" \/>\n\t\t<\/div>\n\n<p>Las agrupaciones <a href=\"https:\/\/www.instagram.com\/latino.sueno\/\" target=\"_blank\" rel=\"noopener\">Sue\u00f1o Latino<\/a>, <a href=\"https:\/\/www.instagram.com\/latomamusic\/?hl=es\" target=\"_blank\" rel=\"noopener\">La Toma<\/a> y los <a href=\"https:\/\/crewpeligrosos.com\/\" target=\"_blank\" rel=\"noopener\">Crew Peligrosos<\/a> engalanaron el escenario que celebr\u00f3 los 60 a\u00f1os de vida art\u00edstica del <a href=\"https:\/\/www.senalcolombia.tv\/cultura\/fruko-y-sus-tesos-historia\" target=\"_blank\" rel=\"noopener\">maestro \u201cFruko\u201d<\/a>. Cientos de personas reunidas en la <a href=\"https:\/\/www.aeropuertoolayaherrera.gov.co\/plaza-gardel\/\" target=\"_blank\" rel=\"noopener\">Plaza Gardel<\/a> corearon las canciones del maestro del m\u00e1s \u201cTeso\u201d y demostraron que la salsa es un g\u00e9nero que sigue muy vivo en la ciudad.<\/p>\n<div id=\"attachment_331490\" style=\"width: 1034px\" class=\"wp-caption alignnone\"><a href=\"https:\/\/www.medellin.gov.co\/es\/wp-content\/uploads\/2024\/08\/ParqueCultural_Nocturno_Fruko-5.jpg\" target=\"_blank\" rel=\"noopener\"><img aria-describedby=\"caption-attachment-331490\" loading=\"lazy\" class=\"wp-image-331490 size-large\" src=\"https:\/\/www.medellin.gov.co\/es\/wp-content\/uploads\/2024\/08\/ParqueCultural_Nocturno_Fruko-5-1024x576.jpg\" alt=\"Fruko y sus tesos con la Orquesta Filarm\u00f3nica de Medell\u00edn\" width=\"1024\" height=\"576\" srcset=\"https:\/\/www.medellin.gov.co\/es\/wp-content\/uploads\/2024\/08\/ParqueCultural_Nocturno_Fruko-5-1024x576.jpg 1024w, https:\/\/www.medellin.gov.co\/es\/wp-content\/uploads\/2024\/08\/ParqueCultural_Nocturno_Fruko-5-300x169.jpg 300w, https:\/\/www.medellin.gov.co\/es\/wp-content\/uploads\/2024\/08\/ParqueCultural_Nocturno_Fruko-5-150x84.jpg 150w, https:\/\/www.medellin.gov.co\/es\/wp-content\/uploads\/2024\/08\/ParqueCultural_Nocturno_Fruko-5-768x432.jpg 768w, https:\/\/www.medellin.gov.co\/es\/wp-content\/uploads\/2024\/08\/ParqueCultural_Nocturno_Fruko-5.jpg 1280w\" sizes=\"(max-width: 1024px) 100vw, 1024px\" \/><\/a><p id=\"caption-attachment-331490\" class=\"wp-caption-text\">Fruko y sus tesos con la Orquesta Filarm\u00f3nica de Medell\u00edn<\/p><\/div>\n<p>El inicio de la noche estuvo a cargo de <em><a href=\"https:\/\/www.instagram.com\/latino.sueno\/\" target=\"_blank\" rel=\"noopener\">Sue\u00f1o Latino<\/a><\/em>, una agrupaci\u00f3n musical infantil que incursiona en varios ritmos musicales a trav\u00e9s del baile.<\/p>\n\n\t\t<style type=\"text\/css\">\n\t\t\t#gallery-3 {\n\t\t\t\tmargin: auto;\n\t\t\t}\n\t\t\t#gallery-3 .gallery-item {\n\t\t\t\tfloat: left;\n\t\t\t\tmargin-top: 10px;\n\t\t\t\ttext-align: center;\n\t\t\t\twidth: 33%;\n\t\t\t}\n\t\t\t#gallery-3 img {\n\t\t\t\tborder: 2px solid #cfcfcf;\n\t\t\t}\n\t\t\t#gallery-3 .gallery-caption {\n\t\t\t\tmargin-left: 0;\n\t\t\t}\n\t\t\t\/* see gallery_shortcode() in wp-includes\/media.php *\/\n\t\t<\/style>\n\t\t<div id='gallery-3' class='gallery galleryid-331430 gallery-columns-3 gallery-size-large'><dl class='gallery-item'>\n\t\t\t<dt class='gallery-icon landscape'>\n\t\t\t\t<a href='https:\/\/www.medellin.gov.co\/es\/sala-de-prensa\/noticias\/en-la-noche-tropical-el-maestro-fruko-se-graduo-como-el-mas-teso\/parque_cultural_nocturno_homenaje_fruko-3\/'><img width=\"1024\" height=\"768\" src=\"https:\/\/www.medellin.gov.co\/es\/wp-content\/uploads\/2024\/08\/Parque_Cultural_Nocturno_Homenaje_Fruko-3-1024x768.jpg\" class=\"attachment-large size-large\" alt=\"Parque Cultural Nocturno\" loading=\"lazy\" aria-describedby=\"gallery-3-331453\" srcset=\"https:\/\/www.medellin.gov.co\/es\/wp-content\/uploads\/2024\/08\/Parque_Cultural_Nocturno_Homenaje_Fruko-3-1024x768.jpg 1024w, https:\/\/www.medellin.gov.co\/es\/wp-content\/uploads\/2024\/08\/Parque_Cultural_Nocturno_Homenaje_Fruko-3-300x225.jpg 300w, https:\/\/www.medellin.gov.co\/es\/wp-content\/uploads\/2024\/08\/Parque_Cultural_Nocturno_Homenaje_Fruko-3-150x113.jpg 150w, https:\/\/www.medellin.gov.co\/es\/wp-content\/uploads\/2024\/08\/Parque_Cultural_Nocturno_Homenaje_Fruko-3-768x576.jpg 768w, https:\/\/www.medellin.gov.co\/es\/wp-content\/uploads\/2024\/08\/Parque_Cultural_Nocturno_Homenaje_Fruko-3.jpg 1137w\" sizes=\"(max-width: 1024px) 100vw, 1024px\" \/><\/a>\n\t\t\t<\/dt>\n\t\t\t\t<dd class='wp-caption-text gallery-caption' id='gallery-3-331453'>\n\t\t\t\tParque Cultural Nocturno\n\t\t\t\t<\/dd><\/dl><dl class='gallery-item'>\n\t\t\t<dt class='gallery-icon landscape'>\n\t\t\t\t<a href='https:\/\/www.medellin.gov.co\/es\/sala-de-prensa\/noticias\/en-la-noche-tropical-el-maestro-fruko-se-graduo-como-el-mas-teso\/parque_cultural_nocturno_homenaje_fruko-8\/'><img width=\"1024\" height=\"768\" src=\"https:\/\/www.medellin.gov.co\/es\/wp-content\/uploads\/2024\/08\/Parque_Cultural_Nocturno_Homenaje_Fruko-8-1024x768.jpg\" class=\"attachment-large size-large\" alt=\"Parque Cultural Nocturno\" loading=\"lazy\" aria-describedby=\"gallery-3-331464\" srcset=\"https:\/\/www.medellin.gov.co\/es\/wp-content\/uploads\/2024\/08\/Parque_Cultural_Nocturno_Homenaje_Fruko-8-1024x768.jpg 1024w, https:\/\/www.medellin.gov.co\/es\/wp-content\/uploads\/2024\/08\/Parque_Cultural_Nocturno_Homenaje_Fruko-8-300x225.jpg 300w, https:\/\/www.medellin.gov.co\/es\/wp-content\/uploads\/2024\/08\/Parque_Cultural_Nocturno_Homenaje_Fruko-8-150x113.jpg 150w, https:\/\/www.medellin.gov.co\/es\/wp-content\/uploads\/2024\/08\/Parque_Cultural_Nocturno_Homenaje_Fruko-8-768x576.jpg 768w, https:\/\/www.medellin.gov.co\/es\/wp-content\/uploads\/2024\/08\/Parque_Cultural_Nocturno_Homenaje_Fruko-8.jpg 1137w\" sizes=\"(max-width: 1024px) 100vw, 1024px\" \/><\/a>\n\t\t\t<\/dt>\n\t\t\t\t<dd class='wp-caption-text gallery-caption' id='gallery-3-331464'>\n\t\t\t\tParque Cultural Nocturno\n\t\t\t\t<\/dd><\/dl><dl class='gallery-item'>\n\t\t\t<dt class='gallery-icon landscape'>\n\t\t\t\t<a href='https:\/\/www.medellin.gov.co\/es\/sala-de-prensa\/noticias\/en-la-noche-tropical-el-maestro-fruko-se-graduo-como-el-mas-teso\/parque_cultural_nocturno_homenaje_fruko-1\/'><img width=\"1024\" height=\"768\" src=\"https:\/\/www.medellin.gov.co\/es\/wp-content\/uploads\/2024\/08\/Parque_Cultural_Nocturno_Homenaje_Fruko-1-1024x768.jpg\" class=\"attachment-large size-large\" alt=\"\" loading=\"lazy\" srcset=\"https:\/\/www.medellin.gov.co\/es\/wp-content\/uploads\/2024\/08\/Parque_Cultural_Nocturno_Homenaje_Fruko-1-1024x768.jpg 1024w, https:\/\/www.medellin.gov.co\/es\/wp-content\/uploads\/2024\/08\/Parque_Cultural_Nocturno_Homenaje_Fruko-1-300x225.jpg 300w, https:\/\/www.medellin.gov.co\/es\/wp-content\/uploads\/2024\/08\/Parque_Cultural_Nocturno_Homenaje_Fruko-1-150x113.jpg 150w, https:\/\/www.medellin.gov.co\/es\/wp-content\/uploads\/2024\/08\/Parque_Cultural_Nocturno_Homenaje_Fruko-1-768x576.jpg 768w, https:\/\/www.medellin.gov.co\/es\/wp-content\/uploads\/2024\/08\/Parque_Cultural_Nocturno_Homenaje_Fruko-1.jpg 1137w\" sizes=\"(max-width: 1024px) 100vw, 1024px\" \/><\/a>\n\t\t\t<\/dt><\/dl><br style=\"clear: both\" \/>\n\t\t<\/div>\n\n<p><strong><a href=\"https:\/\/www.instagram.com\/latino.sueno\/\" target=\"_blank\" rel=\"noopener\">Sue\u00f1o Latino<\/a> <\/strong><strong>transforma la vida de los habitantes en la comuna 1<\/strong><\/p>\n<p><div class=\"iframe-container\"><iframe title=\"YouTube video player\" src=\"https:\/\/www.youtube.com\/embed\/YAfuNwsi_58?si=_wi27LnbW0iumBFH\" width=\"100%\" height=\"350\" frameborder=\"0\" allowfullscreen=\"allowfullscreen\"><span data-mce-type=\"bookmark\" style=\"display: inline-block; width: 0px; overflow: hidden; line-height: 0;\" class=\"mce_SELRES_start\">\ufeff<\/span><\/iframe><\/div><\/p>\n<p>Dialogamos con la manager de esta agrupaci\u00f3n, Erika Molina <strong>(E.M.)<\/strong> sobre los inicios de esta agrupaci\u00f3n:<\/p>\n<p><strong>E.M.:<\/strong><em> \u201c<a href=\"https:\/\/www.instagram.com\/latino.sueno\/\" target=\"_blank\" rel=\"noopener\">Sue\u00f1o Latino<\/a> naci\u00f3 en el a\u00f1o 2017, empezamos pues en la <a href=\"https:\/\/www.medellin.gov.co\/giscatalogacion\/srv\/api\/records\/b548c416-7e47-4ecf-8d62-4c451475eefa\" target=\"_blank\" rel=\"noopener\">Comuna 1, Popular<\/a>, con el fin de transformar la vida de tantos ni\u00f1os, j\u00f3venes y adultos que necesitaban un espacio para ellos ocupar su tiempo libre. \u00a0Ya en el momento tenemos m\u00e1s de 60 integrantes entre ni\u00f1os, j\u00f3venes y adultos. Manejamos ritmos tropicales y de sal\u00f3n\u201d. <\/em><\/p>\n<p><strong>La expectativa que ustedes tienen de participar tambi\u00e9n en la \u00a0Feria de las Flores es de empezar a potenciar y a mostrar todo el talento que tienen estos bailarines en las categor\u00edas, como lo mencionamos ahorita, infantil, juvenil y adultos.<\/strong><\/p>\n<p><strong>E.M.:<\/strong><em> \u201cClaro que s\u00ed, por cierto, este elenco infantil lo estamos en este momento sacando a muchas cositas para que se empiecen a mostrar, para que empiecen a estar mucho m\u00e1s motivados los ni\u00f1os, entonces nos gusta mucho sacar a los ni\u00f1os y los j\u00f3venes de la comuna a otros espacios importantes; que ellos vean que el arte s\u00ed es importante y que el arte en realidad es valorado ac\u00e1 en el Distrito de Medell\u00edn\u201d.<\/em><\/p>\n<div id=\"attachment_331473\" style=\"width: 1034px\" class=\"wp-caption alignnone\"><a href=\"https:\/\/www.medellin.gov.co\/es\/wp-content\/uploads\/2024\/08\/Sueno-Latino.jpg\" target=\"_blank\" rel=\"noopener\"><img aria-describedby=\"caption-attachment-331473\" loading=\"lazy\" class=\"wp-image-331473 size-large\" src=\"https:\/\/www.medellin.gov.co\/es\/wp-content\/uploads\/2024\/08\/Sueno-Latino-1024x768.jpg\" alt=\"\" width=\"1024\" height=\"768\" srcset=\"https:\/\/www.medellin.gov.co\/es\/wp-content\/uploads\/2024\/08\/Sueno-Latino-1024x768.jpg 1024w, https:\/\/www.medellin.gov.co\/es\/wp-content\/uploads\/2024\/08\/Sueno-Latino-300x225.jpg 300w, https:\/\/www.medellin.gov.co\/es\/wp-content\/uploads\/2024\/08\/Sueno-Latino-150x113.jpg 150w, https:\/\/www.medellin.gov.co\/es\/wp-content\/uploads\/2024\/08\/Sueno-Latino-768x576.jpg 768w, https:\/\/www.medellin.gov.co\/es\/wp-content\/uploads\/2024\/08\/Sueno-Latino.jpg 1137w\" sizes=\"(max-width: 1024px) 100vw, 1024px\" \/><\/a><p id=\"caption-attachment-331473\" class=\"wp-caption-text\">Sue\u00f1o Latino<\/p><\/div>\n<p><strong>Los ni\u00f1os que quieran participar en esta agrupaci\u00f3n, \u00bfqu\u00e9 tienen que hacer? \u00bfC\u00f3mo es el trampol\u00edn para ellos poder participar? <\/strong><\/p>\n<p><strong>E.M.:<\/strong><em> \u201cNos pueden encontrar en nuestras redes sociales, en Instagram como @latino.sue\u00f1o, Facebook y Youtube como <a href=\"https:\/\/www.instagram.com\/latino.sueno\/\" target=\"_blank\" rel=\"noopener\">Sue\u00f1o Latino<\/a>, nos pueden llamar al 321-706-9220 o pueden ir directamente hasta la sede que est\u00e1 ubicada en el barrio Nuevo Horizonte en la carrera 37, n\u00famero 107A30\u201d. <\/em><\/p>\n<p><strong>Erika, \u00bf<a href=\"https:\/\/www.instagram.com\/latino.sueno\/\" target=\"_blank\" rel=\"noopener\">Sue\u00f1o Latino<\/a> es una iniciativa privada o de pronto ha tenido apoyo de alguna instituci\u00f3n para poder impulsar a estos ni\u00f1os, a estos j\u00f3venes y adultos? <\/strong><\/p>\n<p><strong>E.M.:<\/strong><em> \u201cDesde que iniciamos es una instituci\u00f3n privada, pero en el momento estamos trabajando con Conjugarte, que es un conjunto de artistas, empresarios. Digamos que hay muchas personas interesadas en que el arte y la cultura sean valoradas ac\u00e1 en el Distrito; entonces tambi\u00e9n gracias a ellos estamos ac\u00e1 en este espacio\u201d.<\/em><\/p>\n<p><a href=\"https:\/\/www.instagram.com\/latomamusic\/?hl=es\" target=\"_blank\" rel=\"noopener\"><strong>La Toma<\/strong><\/a><strong>, una banda que aprecia lo simple<\/strong><\/p>\n<div id=\"attachment_331474\" style=\"width: 1034px\" class=\"wp-caption alignnone\"><a href=\"https:\/\/www.medellin.gov.co\/es\/wp-content\/uploads\/2024\/08\/La-toma1.jpg\" target=\"_blank\" rel=\"noopener\"><img aria-describedby=\"caption-attachment-331474\" loading=\"lazy\" class=\"wp-image-331474 size-large\" src=\"https:\/\/www.medellin.gov.co\/es\/wp-content\/uploads\/2024\/08\/La-toma1-1024x682.jpg\" alt=\"La toma2\" width=\"1024\" height=\"682\" srcset=\"https:\/\/www.medellin.gov.co\/es\/wp-content\/uploads\/2024\/08\/La-toma1-1024x682.jpg 1024w, https:\/\/www.medellin.gov.co\/es\/wp-content\/uploads\/2024\/08\/La-toma1-300x200.jpg 300w, https:\/\/www.medellin.gov.co\/es\/wp-content\/uploads\/2024\/08\/La-toma1-150x100.jpg 150w, https:\/\/www.medellin.gov.co\/es\/wp-content\/uploads\/2024\/08\/La-toma1-768x512.jpg 768w, https:\/\/www.medellin.gov.co\/es\/wp-content\/uploads\/2024\/08\/La-toma1.jpg 1280w\" sizes=\"(max-width: 1024px) 100vw, 1024px\" \/><\/a><p id=\"caption-attachment-331474\" class=\"wp-caption-text\">La toma2<\/p><\/div>\n<p>Lo que inici\u00f3 como un sue\u00f1o en el a\u00f1o 2008 pas\u00f3 a ser un serio proyecto musical. La banda conformada por j\u00f3venes enamorados del oficio de hacer m\u00fasica decidi\u00f3 rendir con su nombre un tributo a esas calles estrechas donde vivieron los abuelos de Camilo Pati\u00f1o, su vocalista, y donde \u00e9l recuerda haber pasado su primera infancia.<\/p>\n<p><a href=\"https:\/\/www.instagram.com\/latomamusic\/?hl=es\" target=\"_blank\" rel=\"noopener\">La Toma<\/a>, como la describe el periodista y escritor antioque\u00f1o <a href=\"https:\/\/www.otraparte.org\/agenda-cultural\/literatura\/ricardoaricapa\/\" target=\"_blank\" rel=\"noopener\">Ricardo Aricapa<\/a>, <em>\u201cno es un barrio, es apenas un sector en el cercano oriente de Medell\u00edn, largo y estrecho como una longaniza, porque creci\u00f3 en las franjas de retiro de la quebrada Santa Elena, que all\u00ed corre a cielo abierto\u201d.<\/em><\/p>\n<p><div class=\"iframe-container\"><iframe title=\"YouTube video player\" src=\"https:\/\/www.youtube.com\/embed\/E7LxmLFNA3M?si=Bl9PD2sG3h0QUnCE\" width=\"100%\" height=\"350\" frameborder=\"0\" allowfullscreen=\"allowfullscreen\"><span data-mce-type=\"bookmark\" style=\"display: inline-block; width: 0px; overflow: hidden; line-height: 0;\" class=\"mce_SELRES_start\">\ufeff<\/span><\/iframe><\/div><\/p>\n<p><a href=\"https:\/\/www.instagram.com\/latomamusic\/?hl=es\" target=\"_blank\" rel=\"noopener\">La Toma<\/a> naci\u00f3 y sigue siendo una banda que aprecia lo simple. Sus integrantes, los de entonces y los de ahora, son m\u00fasicos rigurosos que interpretan canciones con letras honestas. El respeto por este concepto y esa filosof\u00eda hizo que el proyecto llegara hasta donde est\u00e1 hoy. El centro siempre ser\u00e1 la defensa por una m\u00fasica artesanal.<\/p>\n<p>Los sonidos de <a href=\"https:\/\/www.instagram.com\/latomamusic\/?hl=es\" target=\"_blank\" rel=\"noopener\">La Toma<\/a> se caracterizan por un trabajo lleno de fusiones de ritmos latinos como la cumbia, la salsa, el merengue, la batucada brasile\u00f1a, el son cubano, entre otros, acompa\u00f1ados de letras que narran vivencias cercanas y comunes a cualquier persona que haya nacido y vivido en Latinoam\u00e9rica.<\/p>\n<div id=\"attachment_331446\" style=\"width: 1034px\" class=\"wp-caption alignnone\"><a href=\"https:\/\/www.medellin.gov.co\/es\/wp-content\/uploads\/2024\/08\/La-toma2.jpg\" target=\"_blank\" rel=\"noopener\"><img aria-describedby=\"caption-attachment-331446\" loading=\"lazy\" class=\"wp-image-331446 size-large\" src=\"https:\/\/www.medellin.gov.co\/es\/wp-content\/uploads\/2024\/08\/La-toma2-1024x768.jpg\" alt=\"La Toma \" width=\"1024\" height=\"768\" srcset=\"https:\/\/www.medellin.gov.co\/es\/wp-content\/uploads\/2024\/08\/La-toma2-1024x768.jpg 1024w, https:\/\/www.medellin.gov.co\/es\/wp-content\/uploads\/2024\/08\/La-toma2-300x225.jpg 300w, https:\/\/www.medellin.gov.co\/es\/wp-content\/uploads\/2024\/08\/La-toma2-150x113.jpg 150w, https:\/\/www.medellin.gov.co\/es\/wp-content\/uploads\/2024\/08\/La-toma2-768x576.jpg 768w, https:\/\/www.medellin.gov.co\/es\/wp-content\/uploads\/2024\/08\/La-toma2.jpg 1137w\" sizes=\"(max-width: 1024px) 100vw, 1024px\" \/><\/a><p id=\"caption-attachment-331446\" class=\"wp-caption-text\">La Toma<\/p><\/div>\n<p>El pensamiento del grupo habla de \u201c<em>el rock como su amor plat\u00f3nico y la m\u00fasica latina como el amor verdadero; la fusi\u00f3n mestiza que nos construy\u00f3 es lo que leemos como el aut\u00e9ntico rock colombiano, la fusi\u00f3n de nuestra riqueza aut\u00f3ctona musical con las influencias de los sonidos del Caribe, Pac\u00edfico y de la zona Andina, hecho por m\u00fasicos \u2018nerdos\u2019 con la irreverencia, la imagen y la fuerza del rock<\/em>\u201d, explica Pati\u00f1o.<\/p>\n\n\t\t<style type=\"text\/css\">\n\t\t\t#gallery-4 {\n\t\t\t\tmargin: auto;\n\t\t\t}\n\t\t\t#gallery-4 .gallery-item {\n\t\t\t\tfloat: left;\n\t\t\t\tmargin-top: 10px;\n\t\t\t\ttext-align: center;\n\t\t\t\twidth: 50%;\n\t\t\t}\n\t\t\t#gallery-4 img {\n\t\t\t\tborder: 2px solid #cfcfcf;\n\t\t\t}\n\t\t\t#gallery-4 .gallery-caption {\n\t\t\t\tmargin-left: 0;\n\t\t\t}\n\t\t\t\/* see gallery_shortcode() in wp-includes\/media.php *\/\n\t\t<\/style>\n\t\t<div id='gallery-4' class='gallery galleryid-331430 gallery-columns-2 gallery-size-large'><dl class='gallery-item'>\n\t\t\t<dt class='gallery-icon landscape'>\n\t\t\t\t<a href='https:\/\/www.medellin.gov.co\/es\/sala-de-prensa\/noticias\/en-la-noche-tropical-el-maestro-fruko-se-graduo-como-el-mas-teso\/latoma_ff-1\/'><img width=\"1024\" height=\"768\" src=\"https:\/\/www.medellin.gov.co\/es\/wp-content\/uploads\/2024\/08\/Latoma_FF-1-1024x768.jpg\" class=\"attachment-large size-large\" alt=\"La Toma\" loading=\"lazy\" aria-describedby=\"gallery-4-331482\" srcset=\"https:\/\/www.medellin.gov.co\/es\/wp-content\/uploads\/2024\/08\/Latoma_FF-1-1024x768.jpg 1024w, https:\/\/www.medellin.gov.co\/es\/wp-content\/uploads\/2024\/08\/Latoma_FF-1-300x225.jpg 300w, https:\/\/www.medellin.gov.co\/es\/wp-content\/uploads\/2024\/08\/Latoma_FF-1-150x113.jpg 150w, https:\/\/www.medellin.gov.co\/es\/wp-content\/uploads\/2024\/08\/Latoma_FF-1-768x576.jpg 768w, https:\/\/www.medellin.gov.co\/es\/wp-content\/uploads\/2024\/08\/Latoma_FF-1.jpg 1137w\" sizes=\"(max-width: 1024px) 100vw, 1024px\" \/><\/a>\n\t\t\t<\/dt>\n\t\t\t\t<dd class='wp-caption-text gallery-caption' id='gallery-4-331482'>\n\t\t\t\tLa Toma\n\t\t\t\t<\/dd><\/dl><dl class='gallery-item'>\n\t\t\t<dt class='gallery-icon landscape'>\n\t\t\t\t<a href='https:\/\/www.medellin.gov.co\/es\/sala-de-prensa\/noticias\/en-la-noche-tropical-el-maestro-fruko-se-graduo-como-el-mas-teso\/latoma_ff-3\/'><img width=\"1024\" height=\"768\" src=\"https:\/\/www.medellin.gov.co\/es\/wp-content\/uploads\/2024\/08\/Latoma_FF-3-1024x768.jpg\" class=\"attachment-large size-large\" alt=\"La Toma\" loading=\"lazy\" aria-describedby=\"gallery-4-331484\" srcset=\"https:\/\/www.medellin.gov.co\/es\/wp-content\/uploads\/2024\/08\/Latoma_FF-3-1024x768.jpg 1024w, https:\/\/www.medellin.gov.co\/es\/wp-content\/uploads\/2024\/08\/Latoma_FF-3-300x225.jpg 300w, https:\/\/www.medellin.gov.co\/es\/wp-content\/uploads\/2024\/08\/Latoma_FF-3-150x113.jpg 150w, https:\/\/www.medellin.gov.co\/es\/wp-content\/uploads\/2024\/08\/Latoma_FF-3-768x576.jpg 768w, https:\/\/www.medellin.gov.co\/es\/wp-content\/uploads\/2024\/08\/Latoma_FF-3.jpg 1137w\" sizes=\"(max-width: 1024px) 100vw, 1024px\" \/><\/a>\n\t\t\t<\/dt>\n\t\t\t\t<dd class='wp-caption-text gallery-caption' id='gallery-4-331484'>\n\t\t\t\tLa Toma\n\t\t\t\t<\/dd><\/dl><br style=\"clear: both\" \/>\n\t\t<\/div>\n\n<p>Durante su trayectoria <a href=\"https:\/\/www.instagram.com\/latomamusic\/?hl=es\" target=\"_blank\" rel=\"noopener\">La Toma<\/a> ha tenido diversas presentaciones entre las que se encuentran el Festival Internacional de las Artes de Costa Rica 2012, concierto con Calle 13 en Colombia, Festival Iberoamericano de Teatro de Bogot\u00e1, Inauguraci\u00f3n de los IX Juegos Suramericanos en Medell\u00edn, adem\u00e1s de innumerables presentaciones en teatros, discotecas, bares, colegios y universidades de toda Colombia.<\/p>\n<div id=\"attachment_331476\" style=\"width: 1034px\" class=\"wp-caption alignnone\"><a href=\"https:\/\/www.medellin.gov.co\/es\/wp-content\/uploads\/2024\/08\/La-toma3.jpg\" target=\"_blank\" rel=\"noopener\"><img aria-describedby=\"caption-attachment-331476\" loading=\"lazy\" class=\"wp-image-331476 size-large\" src=\"https:\/\/www.medellin.gov.co\/es\/wp-content\/uploads\/2024\/08\/La-toma3-1024x682.jpg\" alt=\"La Toma\" width=\"1024\" height=\"682\" srcset=\"https:\/\/www.medellin.gov.co\/es\/wp-content\/uploads\/2024\/08\/La-toma3-1024x682.jpg 1024w, https:\/\/www.medellin.gov.co\/es\/wp-content\/uploads\/2024\/08\/La-toma3-300x200.jpg 300w, https:\/\/www.medellin.gov.co\/es\/wp-content\/uploads\/2024\/08\/La-toma3-150x100.jpg 150w, https:\/\/www.medellin.gov.co\/es\/wp-content\/uploads\/2024\/08\/La-toma3-768x512.jpg 768w, https:\/\/www.medellin.gov.co\/es\/wp-content\/uploads\/2024\/08\/La-toma3.jpg 1280w\" sizes=\"(max-width: 1024px) 100vw, 1024px\" \/><\/a><p id=\"caption-attachment-331476\" class=\"wp-caption-text\">La Toma. Foto: @latomamusic<\/p><\/div>\n<p>Esta noche, los amantes de <a href=\"https:\/\/www.instagram.com\/latomamusic\/?hl=es\" target=\"_blank\" rel=\"noopener\">La Toma<\/a>, corearon sus canciones a grito herido, los coros de \u201cM\u00e1s gente como t\u00fa\u201d retumbaron fuerte en <a href=\"https:\/\/www.aeropuertoolayaherrera.gov.co\/plaza-gardel\/\" target=\"_blank\" rel=\"noopener\">Plaza Gardel<\/a>. Hoy la banda volvi\u00f3 a demostrar por qu\u00e9 es una de las m\u00e1s queridas por los medellinenses.<\/p>\n<p><strong><a href=\"https:\/\/crewpeligrosos.com\/\" target=\"_blank\" rel=\"noopener\">Crew Peligrosos<\/a> <\/strong><strong>con toda la energ\u00eda para que la gente nunca se quiera ir<\/strong><\/p>\n\n\t\t<style type=\"text\/css\">\n\t\t\t#gallery-5 {\n\t\t\t\tmargin: auto;\n\t\t\t}\n\t\t\t#gallery-5 .gallery-item {\n\t\t\t\tfloat: left;\n\t\t\t\tmargin-top: 10px;\n\t\t\t\ttext-align: center;\n\t\t\t\twidth: 50%;\n\t\t\t}\n\t\t\t#gallery-5 img {\n\t\t\t\tborder: 2px solid #cfcfcf;\n\t\t\t}\n\t\t\t#gallery-5 .gallery-caption {\n\t\t\t\tmargin-left: 0;\n\t\t\t}\n\t\t\t\/* see gallery_shortcode() in wp-includes\/media.php *\/\n\t\t<\/style>\n\t\t<div id='gallery-5' class='gallery galleryid-331430 gallery-columns-2 gallery-size-large'><dl class='gallery-item'>\n\t\t\t<dt class='gallery-icon landscape'>\n\t\t\t\t<a href='https:\/\/www.medellin.gov.co\/es\/sala-de-prensa\/noticias\/en-la-noche-tropical-el-maestro-fruko-se-graduo-como-el-mas-teso\/crew-peligrosos4\/'><img width=\"1024\" height=\"768\" src=\"https:\/\/www.medellin.gov.co\/es\/wp-content\/uploads\/2024\/08\/Crew-peligrosos4-1024x768.jpg\" class=\"attachment-large size-large\" alt=\"Crew Peligrosos\" loading=\"lazy\" aria-describedby=\"gallery-5-331440\" srcset=\"https:\/\/www.medellin.gov.co\/es\/wp-content\/uploads\/2024\/08\/Crew-peligrosos4-1024x768.jpg 1024w, https:\/\/www.medellin.gov.co\/es\/wp-content\/uploads\/2024\/08\/Crew-peligrosos4-300x225.jpg 300w, https:\/\/www.medellin.gov.co\/es\/wp-content\/uploads\/2024\/08\/Crew-peligrosos4-150x113.jpg 150w, https:\/\/www.medellin.gov.co\/es\/wp-content\/uploads\/2024\/08\/Crew-peligrosos4-768x576.jpg 768w, https:\/\/www.medellin.gov.co\/es\/wp-content\/uploads\/2024\/08\/Crew-peligrosos4.jpg 1137w\" sizes=\"(max-width: 1024px) 100vw, 1024px\" \/><\/a>\n\t\t\t<\/dt>\n\t\t\t\t<dd class='wp-caption-text gallery-caption' id='gallery-5-331440'>\n\t\t\t\tCrew Peligrosos \n\t\t\t\t<\/dd><\/dl><dl class='gallery-item'>\n\t\t\t<dt class='gallery-icon landscape'>\n\t\t\t\t<a href='https:\/\/www.medellin.gov.co\/es\/sala-de-prensa\/noticias\/en-la-noche-tropical-el-maestro-fruko-se-graduo-como-el-mas-teso\/crew-peligrosos\/'><img width=\"1024\" height=\"768\" src=\"https:\/\/www.medellin.gov.co\/es\/wp-content\/uploads\/2024\/08\/Crew-Peligrosos-1024x768.jpg\" class=\"attachment-large size-large\" alt=\"Crew Peligrosos\" loading=\"lazy\" aria-describedby=\"gallery-5-331433\" srcset=\"https:\/\/www.medellin.gov.co\/es\/wp-content\/uploads\/2024\/08\/Crew-Peligrosos-1024x768.jpg 1024w, https:\/\/www.medellin.gov.co\/es\/wp-content\/uploads\/2024\/08\/Crew-Peligrosos-300x225.jpg 300w, https:\/\/www.medellin.gov.co\/es\/wp-content\/uploads\/2024\/08\/Crew-Peligrosos-150x113.jpg 150w, https:\/\/www.medellin.gov.co\/es\/wp-content\/uploads\/2024\/08\/Crew-Peligrosos-768x576.jpg 768w, https:\/\/www.medellin.gov.co\/es\/wp-content\/uploads\/2024\/08\/Crew-Peligrosos.jpg 1137w\" sizes=\"(max-width: 1024px) 100vw, 1024px\" \/><\/a>\n\t\t\t<\/dt>\n\t\t\t\t<dd class='wp-caption-text gallery-caption' id='gallery-5-331433'>\n\t\t\t\tCrew Peligrosos \n\t\t\t\t<\/dd><\/dl><br style=\"clear: both\" \/>\n\t\t<\/div>\n\n<p>No son un grupo de <a href=\"https:\/\/es.wikipedia.org\/wiki\/Hip_hop\" target=\"_blank\" rel=\"noopener\">hip hop<\/a> cualquiera; son un proceso social con casi veinte a\u00f1os de trayectoria.<\/p>\n<p><a href=\"https:\/\/crewpeligrosos.com\/\" target=\"_blank\" rel=\"noopener\">Crew Peligrosos<\/a> es una agrupaci\u00f3n de <a href=\"https:\/\/es.wikipedia.org\/wiki\/Hip_hop\" target=\"_blank\" rel=\"noopener\">hip hop<\/a> nacida en el <a href=\"https:\/\/www.medellin.gov.co\/giscatalogacion\/srv\/api\/records\/01090b67-61df-464e-ace7-677ac5b4e282\" target=\"_blank\" rel=\"noopener\">barrio Aranjuez, en la comuna 4 de Medell\u00edn<\/a>, que -a trav\u00e9s de los elementos de esta cultura- le ha apostado a darles una alternativa de vida art\u00edstica a los j\u00f3venes frente a las problem\u00e1ticas sociales con el proyecto \u20184 Elementos Skuela\u2019, premio Womex de Espa\u00f1a a la excelencia profesional en 2016.<\/p>\n<p><div class=\"iframe-container\"><iframe title=\"YouTube video player\" src=\"https:\/\/www.youtube.com\/embed\/MgvlsJ5TMlk?si=0GwSba2Jbp53Es7d\" width=\"100%\" height=\"350\" frameborder=\"0\" allowfullscreen=\"allowfullscreen\"><span data-mce-type=\"bookmark\" style=\"display: inline-block; width: 0px; overflow: hidden; line-height: 0;\" class=\"mce_SELRES_start\">\ufeff<\/span><\/iframe><\/div><\/p>\n<p>\u00ab<em>El Crew se distingue mucho porque nosotros empezamos a \u2018samplear\u2019 nuestras cumbias, gaitas y tamboras de nuestro Pac\u00edfico, el Caribe y el Atl\u00e1ntico que ha escuchado nuestra familia. Los trajimos de vuelta para que las nuevas generaciones tambi\u00e9n lo aprecien. Por ejemplo, la m\u00fasica de diciembre de hace 30 o 40 a\u00f1os, como Lucho Berm\u00fadez o <a href=\"https:\/\/www.senalcolombia.tv\/cultura\/fruko-y-sus-tesos-historia\" target=\"_blank\" rel=\"noopener\">Fruko y sus Tesos<\/a>. Por eso, cuando la gente escucha canciones como Mera vuelta o Herederos latinos, les suena a Colombia. Cuando hicimos nuestra primera gira internacional eso era lo que nos dec\u00edan, por nuestra energ\u00eda\u00bb<\/em>. Afirma JKE vocalista y l\u00edder de la agrupaci\u00f3n.<\/p>\n<div id=\"attachment_331443\" style=\"width: 1034px\" class=\"wp-caption alignnone\"><a href=\"https:\/\/www.medellin.gov.co\/es\/wp-content\/uploads\/2024\/08\/Crew-peligrosos5.jpg\" target=\"_blank\" rel=\"noopener\"><img aria-describedby=\"caption-attachment-331443\" loading=\"lazy\" class=\"wp-image-331443 size-large\" src=\"https:\/\/www.medellin.gov.co\/es\/wp-content\/uploads\/2024\/08\/Crew-peligrosos5-1024x768.jpg\" alt=\"Crew Peligrosos \" width=\"1024\" height=\"768\" srcset=\"https:\/\/www.medellin.gov.co\/es\/wp-content\/uploads\/2024\/08\/Crew-peligrosos5-1024x768.jpg 1024w, https:\/\/www.medellin.gov.co\/es\/wp-content\/uploads\/2024\/08\/Crew-peligrosos5-300x225.jpg 300w, https:\/\/www.medellin.gov.co\/es\/wp-content\/uploads\/2024\/08\/Crew-peligrosos5-150x113.jpg 150w, https:\/\/www.medellin.gov.co\/es\/wp-content\/uploads\/2024\/08\/Crew-peligrosos5-768x576.jpg 768w, https:\/\/www.medellin.gov.co\/es\/wp-content\/uploads\/2024\/08\/Crew-peligrosos5.jpg 1137w\" sizes=\"(max-width: 1024px) 100vw, 1024px\" \/><\/a><p id=\"caption-attachment-331443\" class=\"wp-caption-text\">Crew Peligrosos<\/p><\/div>\n<p>Ellos reconocen el <a href=\"https:\/\/es.wikipedia.org\/wiki\/Hip_hop\" target=\"_blank\" rel=\"noopener\">Hip Hop<\/a> como una verdadera herramienta de transformaci\u00f3n social y por eso lo han convertido en su bandera alrededor del mundo. Los <a href=\"https:\/\/crewpeligrosos.com\/\" target=\"_blank\" rel=\"noopener\">Crew Peligrosos<\/a> reivindican el orgullo de pertenecer a un barrio que en el contexto de los a\u00f1os 90 fue reconocido como un sitio \u201cpeligroso\u201d de la ciudad. Justo all\u00ed creci\u00f3 su proyecto musical y el barrio sigue siendo el epicentro de toda esta lucha cultural.<\/p>\n\n\t\t<style type=\"text\/css\">\n\t\t\t#gallery-6 {\n\t\t\t\tmargin: auto;\n\t\t\t}\n\t\t\t#gallery-6 .gallery-item {\n\t\t\t\tfloat: left;\n\t\t\t\tmargin-top: 10px;\n\t\t\t\ttext-align: center;\n\t\t\t\twidth: 50%;\n\t\t\t}\n\t\t\t#gallery-6 img {\n\t\t\t\tborder: 2px solid #cfcfcf;\n\t\t\t}\n\t\t\t#gallery-6 .gallery-caption {\n\t\t\t\tmargin-left: 0;\n\t\t\t}\n\t\t\t\/* see gallery_shortcode() in wp-includes\/media.php *\/\n\t\t<\/style>\n\t\t<div id='gallery-6' class='gallery galleryid-331430 gallery-columns-2 gallery-size-large'><dl class='gallery-item'>\n\t\t\t<dt class='gallery-icon landscape'>\n\t\t\t\t<a href='https:\/\/www.medellin.gov.co\/es\/sala-de-prensa\/noticias\/en-la-noche-tropical-el-maestro-fruko-se-graduo-como-el-mas-teso\/crew-peligrosos3\/'><img width=\"1024\" height=\"768\" src=\"https:\/\/www.medellin.gov.co\/es\/wp-content\/uploads\/2024\/08\/Crew-Peligrosos3-1024x768.jpg\" class=\"attachment-large size-large\" alt=\"Crew Peligrosos\" loading=\"lazy\" aria-describedby=\"gallery-6-331438\" srcset=\"https:\/\/www.medellin.gov.co\/es\/wp-content\/uploads\/2024\/08\/Crew-Peligrosos3-1024x768.jpg 1024w, https:\/\/www.medellin.gov.co\/es\/wp-content\/uploads\/2024\/08\/Crew-Peligrosos3-300x225.jpg 300w, https:\/\/www.medellin.gov.co\/es\/wp-content\/uploads\/2024\/08\/Crew-Peligrosos3-150x113.jpg 150w, https:\/\/www.medellin.gov.co\/es\/wp-content\/uploads\/2024\/08\/Crew-Peligrosos3-768x576.jpg 768w, https:\/\/www.medellin.gov.co\/es\/wp-content\/uploads\/2024\/08\/Crew-Peligrosos3.jpg 1137w\" sizes=\"(max-width: 1024px) 100vw, 1024px\" \/><\/a>\n\t\t\t<\/dt>\n\t\t\t\t<dd class='wp-caption-text gallery-caption' id='gallery-6-331438'>\n\t\t\t\tCrew Peligrosos \n\t\t\t\t<\/dd><\/dl><dl class='gallery-item'>\n\t\t\t<dt class='gallery-icon landscape'>\n\t\t\t\t<a href='https:\/\/www.medellin.gov.co\/es\/sala-de-prensa\/noticias\/en-la-noche-tropical-el-maestro-fruko-se-graduo-como-el-mas-teso\/crew-peligrosos2\/'><img width=\"1024\" height=\"768\" src=\"https:\/\/www.medellin.gov.co\/es\/wp-content\/uploads\/2024\/08\/Crew-peligrosos2-1024x768.jpg\" class=\"attachment-large size-large\" alt=\"Crew Peligrosos\" loading=\"lazy\" aria-describedby=\"gallery-6-331436\" srcset=\"https:\/\/www.medellin.gov.co\/es\/wp-content\/uploads\/2024\/08\/Crew-peligrosos2-1024x768.jpg 1024w, https:\/\/www.medellin.gov.co\/es\/wp-content\/uploads\/2024\/08\/Crew-peligrosos2-300x225.jpg 300w, https:\/\/www.medellin.gov.co\/es\/wp-content\/uploads\/2024\/08\/Crew-peligrosos2-150x113.jpg 150w, https:\/\/www.medellin.gov.co\/es\/wp-content\/uploads\/2024\/08\/Crew-peligrosos2-768x576.jpg 768w, https:\/\/www.medellin.gov.co\/es\/wp-content\/uploads\/2024\/08\/Crew-peligrosos2.jpg 1137w\" sizes=\"(max-width: 1024px) 100vw, 1024px\" \/><\/a>\n\t\t\t<\/dt>\n\t\t\t\t<dd class='wp-caption-text gallery-caption' id='gallery-6-331436'>\n\t\t\t\tCrew Peligrosos \n\t\t\t\t<\/dd><\/dl><br style=\"clear: both\" \/>\n\t\t<\/div>\n\n<p>Esta noche la gente disfrut\u00f3 al ritmo de temas como \u201cMedayork\u201d \u201cMarcapasos\u201d y \u201cVengo con To\u201d. <a href=\"https:\/\/crewpeligrosos.com\/\" target=\"_blank\" rel=\"noopener\">Crew Peligrosos<\/a> demuestran siempre que se suben al escenario que el verdadero peligro es que la gente nunca se quiera ir.<\/p>\n<p><strong>El turno es para el bolero<\/strong><\/p>\n<div id=\"attachment_331486\" style=\"width: 1034px\" class=\"wp-caption alignnone\"><a href=\"https:\/\/www.medellin.gov.co\/es\/wp-content\/uploads\/2024\/08\/ParqueCultural_Nocturno_Fruko-2.jpg\" target=\"_blank\" rel=\"noopener\"><img aria-describedby=\"caption-attachment-331486\" loading=\"lazy\" class=\"wp-image-331486 size-large\" src=\"https:\/\/www.medellin.gov.co\/es\/wp-content\/uploads\/2024\/08\/ParqueCultural_Nocturno_Fruko-2-1024x576.jpg\" alt=\"Fruko y sus tesos con la Orquesta Filarm\u00f3nica de Medell\u00edn\" width=\"1024\" height=\"576\" srcset=\"https:\/\/www.medellin.gov.co\/es\/wp-content\/uploads\/2024\/08\/ParqueCultural_Nocturno_Fruko-2-1024x576.jpg 1024w, https:\/\/www.medellin.gov.co\/es\/wp-content\/uploads\/2024\/08\/ParqueCultural_Nocturno_Fruko-2-300x169.jpg 300w, https:\/\/www.medellin.gov.co\/es\/wp-content\/uploads\/2024\/08\/ParqueCultural_Nocturno_Fruko-2-150x84.jpg 150w, https:\/\/www.medellin.gov.co\/es\/wp-content\/uploads\/2024\/08\/ParqueCultural_Nocturno_Fruko-2-768x432.jpg 768w, https:\/\/www.medellin.gov.co\/es\/wp-content\/uploads\/2024\/08\/ParqueCultural_Nocturno_Fruko-2.jpg 1280w\" sizes=\"(max-width: 1024px) 100vw, 1024px\" \/><\/a><p id=\"caption-attachment-331486\" class=\"wp-caption-text\">Fruko y sus tesos con la Orquesta Filarm\u00f3nica de Medell\u00edn<\/p><\/div>\n<p>El <a href=\"http:\/\/www.feriadelasfloresmedellin.gov.co\/\" target=\"_blank\" rel=\"noopener\">Parque Cultural Nocturno de Plaza Gardel<\/a> finaliza este jueves 8 de agosto con la Noche de Son Bolero y las siguientes agrupaciones: Milagros, Jos\u00e9 Mangual Jr., Raquel Sozaya, Chabuco, Septeto Nacional de Ignacio Pi\u00f1eiro y Tr\u00edo tradicional local.<\/p>\n","protected":false},"excerpt":{"rendered":"<p>Cuando hablamos de Fruko y sus Tesos en la m\u00fasica, el cuerpo inmediatamente se empieza a mover. Es que todos hemos escuchado la m\u00fasica del maestro Fruko en las fiestas de la casa de los &#8230;<\/p>\n","protected":false},"author":17,"featured_media":331489,"comment_status":"open","ping_status":"open","sticky":false,"template":"","format":"standard","meta":[],"categories":[531,31],"tags":[444,428,429],"formato_nota":[],"programas_tax":[],"acf":[],"_links":{"self":[{"href":"https:\/\/www.medellin.gov.co\/es\/wp-json\/wp\/v2\/posts\/331430"}],"collection":[{"href":"https:\/\/www.medellin.gov.co\/es\/wp-json\/wp\/v2\/posts"}],"about":[{"href":"https:\/\/www.medellin.gov.co\/es\/wp-json\/wp\/v2\/types\/post"}],"author":[{"embeddable":true,"href":"https:\/\/www.medellin.gov.co\/es\/wp-json\/wp\/v2\/users\/17"}],"replies":[{"embeddable":true,"href":"https:\/\/www.medellin.gov.co\/es\/wp-json\/wp\/v2\/comments?post=331430"}],"version-history":[{"count":3,"href":"https:\/\/www.medellin.gov.co\/es\/wp-json\/wp\/v2\/posts\/331430\/revisions"}],"predecessor-version":[{"id":331492,"href":"https:\/\/www.medellin.gov.co\/es\/wp-json\/wp\/v2\/posts\/331430\/revisions\/331492"}],"wp:featuredmedia":[{"embeddable":true,"href":"https:\/\/www.medellin.gov.co\/es\/wp-json\/wp\/v2\/media\/331489"}],"wp:attachment":[{"href":"https:\/\/www.medellin.gov.co\/es\/wp-json\/wp\/v2\/media?parent=331430"}],"wp:term":[{"taxonomy":"category","embeddable":true,"href":"https:\/\/www.medellin.gov.co\/es\/wp-json\/wp\/v2\/categories?post=331430"},{"taxonomy":"post_tag","embeddable":true,"href":"https:\/\/www.medellin.gov.co\/es\/wp-json\/wp\/v2\/tags?post=331430"},{"taxonomy":"formato_nota","embeddable":true,"href":"https:\/\/www.medellin.gov.co\/es\/wp-json\/wp\/v2\/formato_nota?post=331430"},{"taxonomy":"programas_tax","embeddable":true,"href":"https:\/\/www.medellin.gov.co\/es\/wp-json\/wp\/v2\/programas_tax?post=331430"}],"curies":[{"name":"wp","href":"https:\/\/api.w.org\/{rel}","templated":true}]}}