{"id":331495,"date":"2024-08-08T09:47:42","date_gmt":"2024-08-08T14:47:42","guid":{"rendered":"https:\/\/www.medellin.gov.co\/es\/?p=331495"},"modified":"2024-08-08T09:47:42","modified_gmt":"2024-08-08T14:47:42","slug":"como-un-regalo-para-embellecer-sus-espacios-publicos-medellin-recibe-donacion-de-800-orquideas","status":"publish","type":"post","link":"https:\/\/www.medellin.gov.co\/es\/sala-de-prensa\/noticias\/como-un-regalo-para-embellecer-sus-espacios-publicos-medellin-recibe-donacion-de-800-orquideas\/","title":{"rendered":"Como un regalo para embellecer sus espacios p\u00fablicos, Medell\u00edn recibe donaci\u00f3n de 800 orqu\u00eddeas"},"content":{"rendered":"<div class=\"page\" title=\"Page 1\">\n<div class=\"section\">\n<div class=\"layoutArea\">\n<div class=\"column\">\n<ul>\n<li><strong>Las primeras 280 fueron sembradas en di\u0301as pasados en el Parque Boli\u0301var, como un obsequio para la ciudad con motivo de la Feria de las Flores 2024.<\/strong><\/li>\n<li><strong>Estas plantas son nativas y han sido cuidadas en vivero.<\/strong><\/li>\n<\/ul>\n<!--[if lt IE 9]><script>document.createElement('audio');<\/script><![endif]-->\n\t<div class=\"wp-playlist wp-audio-playlist wp-playlist-light\">\n\t\t\t<div class=\"wp-playlist-current-item\"><\/div>\n\t\t<audio controls=\"controls\" preload=\"none\" width=\"640\"\n\t\t\t><\/audio>\n\t<div class=\"wp-playlist-next\"><\/div>\n\t<div class=\"wp-playlist-prev\"><\/div>\n\t<noscript>\n\t<ol>\n\t\t<li><a href='https:\/\/www.medellin.gov.co\/es\/wp-content\/uploads\/2024\/08\/Medellin-recibe-donacion-de-orquideas-01.mp3'>Palabras de Ana Ligia Mora, secretaria de Medio Ambiente<\/a><\/li><li><a href='https:\/\/www.medellin.gov.co\/es\/wp-content\/uploads\/2024\/08\/Medellin-recibe-donacion-de-orquideas-02.mp3'>Palabras de Sebasti\u00e1n Villegas, integrante de la Sociedad Colombiana de Orquideolog\u00eda<\/a><\/li>\t<\/ol>\n\t<\/noscript>\n\t<script type=\"application\/json\" class=\"wp-playlist-script\">{\"type\":\"audio\",\"tracklist\":true,\"tracknumbers\":true,\"images\":true,\"artists\":true,\"tracks\":[{\"src\":\"https:\\\/\\\/www.medellin.gov.co\\\/es\\\/wp-content\\\/uploads\\\/2024\\\/08\\\/Medellin-recibe-donacion-de-orquideas-01.mp3\",\"type\":\"audio\\\/mpeg\",\"title\":\"Palabras de Ana Ligia Mora, secretaria de Medio Ambiente\",\"caption\":\"\",\"description\":\"\\u00abPalabras de Ana Ligia Mora, secretaria de Medio Ambiente\\u00bb.\",\"meta\":{\"length_formatted\":\"0:31\"},\"image\":{\"src\":\"https:\\\/\\\/www.medellin.gov.co\\\/es\\\/wp-includes\\\/images\\\/media\\\/audio.png\",\"width\":48,\"height\":64},\"thumb\":{\"src\":\"https:\\\/\\\/www.medellin.gov.co\\\/es\\\/wp-includes\\\/images\\\/media\\\/audio.png\",\"width\":48,\"height\":64}},{\"src\":\"https:\\\/\\\/www.medellin.gov.co\\\/es\\\/wp-content\\\/uploads\\\/2024\\\/08\\\/Medellin-recibe-donacion-de-orquideas-02.mp3\",\"type\":\"audio\\\/mpeg\",\"title\":\"Palabras de Sebasti\\u00e1n Villegas, integrante de la Sociedad Colombiana de Orquideolog\\u00eda\",\"caption\":\"\",\"description\":\"\\u00abPalabras de Sebasti\\u00e1n Villegas, integrante de la Sociedad Colombiana de Orquideolog\\u00eda\\u00bb.\",\"meta\":{\"length_formatted\":\"1:25\"},\"image\":{\"src\":\"https:\\\/\\\/www.medellin.gov.co\\\/es\\\/wp-includes\\\/images\\\/media\\\/audio.png\",\"width\":48,\"height\":64},\"thumb\":{\"src\":\"https:\\\/\\\/www.medellin.gov.co\\\/es\\\/wp-includes\\\/images\\\/media\\\/audio.png\",\"width\":48,\"height\":64}}]}<\/script>\n<\/div>\n\t\n<p>Para embellecer y preservar la biodiversidad, Medelli\u0301n recibira\u0301 800 orqui\u0301deas por parte de la Sociedad Colombiana de Orquideologi\u0301a, que las donara\u0301 para que sean sembradas en a\u0301rboles de la ciudad.<\/p>\n<p>\u201c<em>Al donar estas orqui\u0301deas, la Sociedad Colombiana de Orquideologi\u0301a y el Distrito reafirman su compromiso con la conservacio\u0301n de nuestra biodiversidad. Con esta iniciativa, Medelli\u0301n no solo se enriquece ecolo\u0301gicamente, sino que se embellece visualmente, ofreciendo un espacio ma\u0301s agradable y colorido para todos<\/em>\u201d, resalto\u0301 la secretaria de Medio Ambiente, Ana Ligia Mora.<\/p>\n<div id=\"attachment_331496\" style=\"width: 970px\" class=\"wp-caption alignnone\"><a href=\"https:\/\/www.medellin.gov.co\/es\/wp-content\/uploads\/2024\/08\/Medellin-recibe-donacion-de-orquideas-1.jpg\" target=\"_blank\" rel=\"noopener\"><img aria-describedby=\"caption-attachment-331496\" loading=\"lazy\" class=\"wp-image-331496 size-full\" title=\"Como un regalo para embellecer sus espacios p\u00fablicos, Medell\u00edn recibe donaci\u00f3n de 800 orqu\u00eddeas\" src=\"https:\/\/www.medellin.gov.co\/es\/wp-content\/uploads\/2024\/08\/Medellin-recibe-donacion-de-orquideas-1.jpg\" alt=\"Como un regalo para embellecer sus espacios p\u00fablicos, Medell\u00edn recibe donaci\u00f3n de 800 orqu\u00eddeas\" width=\"960\" height=\"607\" srcset=\"https:\/\/www.medellin.gov.co\/es\/wp-content\/uploads\/2024\/08\/Medellin-recibe-donacion-de-orquideas-1.jpg 960w, https:\/\/www.medellin.gov.co\/es\/wp-content\/uploads\/2024\/08\/Medellin-recibe-donacion-de-orquideas-1-300x190.jpg 300w, https:\/\/www.medellin.gov.co\/es\/wp-content\/uploads\/2024\/08\/Medellin-recibe-donacion-de-orquideas-1-150x95.jpg 150w, https:\/\/www.medellin.gov.co\/es\/wp-content\/uploads\/2024\/08\/Medellin-recibe-donacion-de-orquideas-1-768x486.jpg 768w\" sizes=\"(max-width: 960px) 100vw, 960px\" \/><\/a><p id=\"caption-attachment-331496\" class=\"wp-caption-text\">Como un regalo para embellecer sus espacios p\u00fablicos, Medell\u00edn recibe donaci\u00f3n de 800 orqu\u00eddeas &#8211; Foto alcaldia de Medell\u00edn<\/p><\/div>\n<p>Las primeras 280 fueron plantadas en el Parque Boli\u0301var, como prea\u0301mbulo de la Feria de las Flores 2024. Las restantes se sembrara\u0301n en otros puntos estrate\u0301gicos que se definira\u0301n a trave\u0301s de un diagno\u0301stico, el cual determinara\u0301 los sitios ma\u0301s reconocidos y visitados tanto por ciudadanos como por turistas, y por su importancia cultural y social.<\/p>\n<p>\u201c<em>Es un proyecto que hemos querido hacer desde hace mucho tiempo. La sociedad siempre va en pro de la conservacio\u0301n, en promover y mejorar el medio ambiente. Pensamos que son unas plantas muy representativas para la regio\u0301n. Queri\u0301amos hacer una donacio\u0301n, teni\u0301amos el material, lo hemos producido por seis an\u0303os. Ya llego\u0301 el momento<\/em>\u201d, explico\u0301 Sebastia\u0301n Villegas, integrante de la Sociedad Colombiana de Orquideologi\u0301a.<\/p>\n<div id=\"attachment_331504\" style=\"width: 1208px\" class=\"wp-caption alignnone\"><a href=\"https:\/\/www.medellin.gov.co\/es\/wp-content\/uploads\/2024\/08\/Medellin-recibe-donacion-de-orquideas-4.jpg\" target=\"_blank\" rel=\"noopener\"><img aria-describedby=\"caption-attachment-331504\" loading=\"lazy\" class=\"wp-image-331504 size-full\" title=\"Como un regalo para embellecer sus espacios p\u00fablicos, Medell\u00edn recibe donaci\u00f3n de 800 orqu\u00eddeas\" src=\"https:\/\/www.medellin.gov.co\/es\/wp-content\/uploads\/2024\/08\/Medellin-recibe-donacion-de-orquideas-4.jpg\" alt=\"Como un regalo para embellecer sus espacios p\u00fablicos, Medell\u00edn recibe donaci\u00f3n de 800 orqu\u00eddeas\" width=\"1198\" height=\"779\" srcset=\"https:\/\/www.medellin.gov.co\/es\/wp-content\/uploads\/2024\/08\/Medellin-recibe-donacion-de-orquideas-4.jpg 1198w, https:\/\/www.medellin.gov.co\/es\/wp-content\/uploads\/2024\/08\/Medellin-recibe-donacion-de-orquideas-4-300x195.jpg 300w, https:\/\/www.medellin.gov.co\/es\/wp-content\/uploads\/2024\/08\/Medellin-recibe-donacion-de-orquideas-4-1024x666.jpg 1024w, https:\/\/www.medellin.gov.co\/es\/wp-content\/uploads\/2024\/08\/Medellin-recibe-donacion-de-orquideas-4-150x98.jpg 150w, https:\/\/www.medellin.gov.co\/es\/wp-content\/uploads\/2024\/08\/Medellin-recibe-donacion-de-orquideas-4-768x499.jpg 768w\" sizes=\"(max-width: 1198px) 100vw, 1198px\" \/><\/a><p id=\"caption-attachment-331504\" class=\"wp-caption-text\">Como un regalo para embellecer sus espacios p\u00fablicos, Medell\u00edn recibe donaci\u00f3n de 800 orqu\u00eddeas &#8211; Foto alcaldia de Medell\u00edn<\/p><\/div>\n<p>Las especies sembradas incluyen Cattleya trianae (la flor nacional), Cattleya warscewiczii (San Juan) y Cattleya candida (anteriormente conocida como Cattleya quadricolor). Estas plantas son nativas y han sido cuidadas en vivero, asegurando su adaptacio\u0301n y crecimiento en el entorno urbano. Estas orqui\u0301deas no solo aumentara\u0301n la biodiversidad de las a\u0301reas, sino que an\u0303adira\u0301n un toque de color y belleza durante sus e\u0301pocas de floracio\u0301n.<\/p>\n<\/div>\n<\/div>\n<\/div>\n<\/div>\n","protected":false},"excerpt":{"rendered":"<p>Las primeras 280 fueron sembradas en di\u0301as pasados en el Parque Boli\u0301var, como un obsequio para la ciudad con motivo de la Feria de las Flores 2024. Estas plantas son nativas y han sido cuidadas &#8230;<\/p>\n","protected":false},"author":84,"featured_media":331502,"comment_status":"open","ping_status":"open","sticky":false,"template":"","format":"standard","meta":[],"categories":[13],"tags":[440,436],"formato_nota":[],"programas_tax":[],"acf":[],"_links":{"self":[{"href":"https:\/\/www.medellin.gov.co\/es\/wp-json\/wp\/v2\/posts\/331495"}],"collection":[{"href":"https:\/\/www.medellin.gov.co\/es\/wp-json\/wp\/v2\/posts"}],"about":[{"href":"https:\/\/www.medellin.gov.co\/es\/wp-json\/wp\/v2\/types\/post"}],"author":[{"embeddable":true,"href":"https:\/\/www.medellin.gov.co\/es\/wp-json\/wp\/v2\/users\/84"}],"replies":[{"embeddable":true,"href":"https:\/\/www.medellin.gov.co\/es\/wp-json\/wp\/v2\/comments?post=331495"}],"version-history":[{"count":4,"href":"https:\/\/www.medellin.gov.co\/es\/wp-json\/wp\/v2\/posts\/331495\/revisions"}],"predecessor-version":[{"id":331515,"href":"https:\/\/www.medellin.gov.co\/es\/wp-json\/wp\/v2\/posts\/331495\/revisions\/331515"}],"wp:featuredmedia":[{"embeddable":true,"href":"https:\/\/www.medellin.gov.co\/es\/wp-json\/wp\/v2\/media\/331502"}],"wp:attachment":[{"href":"https:\/\/www.medellin.gov.co\/es\/wp-json\/wp\/v2\/media?parent=331495"}],"wp:term":[{"taxonomy":"category","embeddable":true,"href":"https:\/\/www.medellin.gov.co\/es\/wp-json\/wp\/v2\/categories?post=331495"},{"taxonomy":"post_tag","embeddable":true,"href":"https:\/\/www.medellin.gov.co\/es\/wp-json\/wp\/v2\/tags?post=331495"},{"taxonomy":"formato_nota","embeddable":true,"href":"https:\/\/www.medellin.gov.co\/es\/wp-json\/wp\/v2\/formato_nota?post=331495"},{"taxonomy":"programas_tax","embeddable":true,"href":"https:\/\/www.medellin.gov.co\/es\/wp-json\/wp\/v2\/programas_tax?post=331495"}],"curies":[{"name":"wp","href":"https:\/\/api.w.org\/{rel}","templated":true}]}}