{"id":331894,"date":"2024-08-09T12:49:38","date_gmt":"2024-08-09T17:49:38","guid":{"rendered":"https:\/\/www.medellin.gov.co\/es\/?p=331894"},"modified":"2024-08-09T12:49:38","modified_gmt":"2024-08-09T17:49:38","slug":"socializacion-catastral-llego-al-corregimiento-san-antonio-de-prado","status":"publish","type":"post","link":"https:\/\/www.medellin.gov.co\/es\/sala-de-prensa\/noticias\/socializacion-catastral-llego-al-corregimiento-san-antonio-de-prado\/","title":{"rendered":"Socializaci\u00f3n catastral lleg\u00f3 al corregimiento San Antonio de Prado"},"content":{"rendered":"<div class=\"page\" title=\"Page 1\">\n<div class=\"section\">\n<div class=\"layoutArea\">\n<div class=\"column\">\n<ul>\n<li><strong>Alrededor de 80 personas asistieron a esta feria de servicios catastrales que se realiza en diferentes comunas y corregimientos<\/strong>.<\/li>\n<\/ul>\n<p>Con el objetivo de ser un \u201ccatastro de puertas abiertas\u201d y aclarar las inquietudes de la comunidad, la Secretari\u0301a de Gestio\u0301n y Control Territorial continu\u0301a con los recorridos por comunas y corregimientos. En esta ocasio\u0301n estuvo en el corregimiento San Antonio de Prado.<\/p>\n<div id=\"attachment_331896\" style=\"width: 1210px\" class=\"wp-caption alignnone\"><a href=\"https:\/\/www.medellin.gov.co\/es\/wp-content\/uploads\/2024\/08\/San-Antonio-de-Prado-socializacion-catastral-1.jpg\" target=\"_blank\" rel=\"noopener\"><img aria-describedby=\"caption-attachment-331896\" loading=\"lazy\" class=\"wp-image-331896 size-full\" title=\"Socializaci\u00f3n catastral lleg\u00f3 al corregimiento San Antonio de Prado\" src=\"https:\/\/www.medellin.gov.co\/es\/wp-content\/uploads\/2024\/08\/San-Antonio-de-Prado-socializacion-catastral-1.jpg\" alt=\"Socializaci\u00f3n catastral lleg\u00f3 al corregimiento San Antonio de Prado\" width=\"1200\" height=\"766\" srcset=\"https:\/\/www.medellin.gov.co\/es\/wp-content\/uploads\/2024\/08\/San-Antonio-de-Prado-socializacion-catastral-1.jpg 1200w, https:\/\/www.medellin.gov.co\/es\/wp-content\/uploads\/2024\/08\/San-Antonio-de-Prado-socializacion-catastral-1-300x192.jpg 300w, https:\/\/www.medellin.gov.co\/es\/wp-content\/uploads\/2024\/08\/San-Antonio-de-Prado-socializacion-catastral-1-1024x654.jpg 1024w, https:\/\/www.medellin.gov.co\/es\/wp-content\/uploads\/2024\/08\/San-Antonio-de-Prado-socializacion-catastral-1-150x96.jpg 150w, https:\/\/www.medellin.gov.co\/es\/wp-content\/uploads\/2024\/08\/San-Antonio-de-Prado-socializacion-catastral-1-768x490.jpg 768w\" sizes=\"(max-width: 1200px) 100vw, 1200px\" \/><\/a><p id=\"caption-attachment-331896\" class=\"wp-caption-text\">Socializaci\u00f3n catastral lleg\u00f3 al corregimiento San Antonio de Prado &#8211; Foto alcaldia de Medell\u00edn<\/p><\/div>\n<p>Esta nueva feria de servicios catastrales, se suma a las realizadas en las comunas 11-Laureles\/Estadio, 12-La Ame\u0301rica y 14-El Poblado, adema\u0301s de los corregimientos Santa Elena y Altavista, que tendra\u0301n actualizacio\u0301n catastral este an\u0303o.<\/p>\n<p>\u201c<em>Llegamos con todo el equipo de catastro para resolver las inquietudes de la ciudadani\u0301a sobre los predios del corregimiento, para atender los requerimientos y solicitudes y acompan\u0303arlos para darles respuesta a las necesidades que las personas tengan<\/em>\u201d, explico\u0301 el secretario de Gestio\u0301n y Control Territorial, Juan Manuel Vela\u0301squez.<\/p>\n<div id=\"attachment_331898\" style=\"width: 1210px\" class=\"wp-caption alignnone\"><a href=\"https:\/\/www.medellin.gov.co\/es\/wp-content\/uploads\/2024\/08\/San-Antonio-de-Prado-socializacion-catastral-2.jpg\" target=\"_blank\" rel=\"noopener\"><img aria-describedby=\"caption-attachment-331898\" loading=\"lazy\" class=\"wp-image-331898 size-full\" title=\"Socializaci\u00f3n catastral lleg\u00f3 al corregimiento San Antonio de Prado\" src=\"https:\/\/www.medellin.gov.co\/es\/wp-content\/uploads\/2024\/08\/San-Antonio-de-Prado-socializacion-catastral-2.jpg\" alt=\"Socializaci\u00f3n catastral lleg\u00f3 al corregimiento San Antonio de Prado\" width=\"1200\" height=\"900\" srcset=\"https:\/\/www.medellin.gov.co\/es\/wp-content\/uploads\/2024\/08\/San-Antonio-de-Prado-socializacion-catastral-2.jpg 1200w, https:\/\/www.medellin.gov.co\/es\/wp-content\/uploads\/2024\/08\/San-Antonio-de-Prado-socializacion-catastral-2-300x225.jpg 300w, https:\/\/www.medellin.gov.co\/es\/wp-content\/uploads\/2024\/08\/San-Antonio-de-Prado-socializacion-catastral-2-1024x768.jpg 1024w, https:\/\/www.medellin.gov.co\/es\/wp-content\/uploads\/2024\/08\/San-Antonio-de-Prado-socializacion-catastral-2-150x113.jpg 150w, https:\/\/www.medellin.gov.co\/es\/wp-content\/uploads\/2024\/08\/San-Antonio-de-Prado-socializacion-catastral-2-768x576.jpg 768w\" sizes=\"(max-width: 1200px) 100vw, 1200px\" \/><\/a><p id=\"caption-attachment-331898\" class=\"wp-caption-text\">Socializaci\u00f3n catastral lleg\u00f3 al corregimiento San Antonio de Prado &#8211; Foto alcaldia de Medell\u00edn<\/p><\/div>\n<p>Por su parte, A\u0301ngela Mari\u0301a Rami\u0301rez, habitante de San Antonio de Prado, quien asistio\u0301 a la feria, destaco\u0301 que descentralizar los servicios y llevarlos a diferentes puntos de la ciudad impulsa la participacio\u0301n comunitaria: \u201c<em>En San Antonio de Prado hay muchas problema\u0301ticas y barrios construidos sin papeles, pero esta feria permite que las personas puedan ser orientadas directamente por el personal de la Secretari\u0301a de Gestio\u0301n y Control Territorial<\/em>\u201d.<\/p>\n<p>Las ferias de servicios descentralizados finalizara\u0301n su recorrido por las zonas rurales en el corregimiento San Sebastia\u0301n de Palmitas.<\/p>\n<\/div>\n<\/div>\n<\/div>\n<\/div>\n","protected":false},"excerpt":{"rendered":"<p>Alrededor de 80 personas asistieron a esta feria de servicios catastrales que se realiza en diferentes comunas y corregimientos. Con el objetivo de ser un \u201ccatastro de puertas abiertas\u201d y aclarar las inquietudes de la &#8230;<\/p>\n","protected":false},"author":84,"featured_media":331896,"comment_status":"open","ping_status":"open","sticky":false,"template":"","format":"standard","meta":[],"categories":[7],"tags":[634,455],"formato_nota":[],"programas_tax":[],"acf":[],"_links":{"self":[{"href":"https:\/\/www.medellin.gov.co\/es\/wp-json\/wp\/v2\/posts\/331894"}],"collection":[{"href":"https:\/\/www.medellin.gov.co\/es\/wp-json\/wp\/v2\/posts"}],"about":[{"href":"https:\/\/www.medellin.gov.co\/es\/wp-json\/wp\/v2\/types\/post"}],"author":[{"embeddable":true,"href":"https:\/\/www.medellin.gov.co\/es\/wp-json\/wp\/v2\/users\/84"}],"replies":[{"embeddable":true,"href":"https:\/\/www.medellin.gov.co\/es\/wp-json\/wp\/v2\/comments?post=331894"}],"version-history":[{"count":2,"href":"https:\/\/www.medellin.gov.co\/es\/wp-json\/wp\/v2\/posts\/331894\/revisions"}],"predecessor-version":[{"id":331907,"href":"https:\/\/www.medellin.gov.co\/es\/wp-json\/wp\/v2\/posts\/331894\/revisions\/331907"}],"wp:featuredmedia":[{"embeddable":true,"href":"https:\/\/www.medellin.gov.co\/es\/wp-json\/wp\/v2\/media\/331896"}],"wp:attachment":[{"href":"https:\/\/www.medellin.gov.co\/es\/wp-json\/wp\/v2\/media?parent=331894"}],"wp:term":[{"taxonomy":"category","embeddable":true,"href":"https:\/\/www.medellin.gov.co\/es\/wp-json\/wp\/v2\/categories?post=331894"},{"taxonomy":"post_tag","embeddable":true,"href":"https:\/\/www.medellin.gov.co\/es\/wp-json\/wp\/v2\/tags?post=331894"},{"taxonomy":"formato_nota","embeddable":true,"href":"https:\/\/www.medellin.gov.co\/es\/wp-json\/wp\/v2\/formato_nota?post=331894"},{"taxonomy":"programas_tax","embeddable":true,"href":"https:\/\/www.medellin.gov.co\/es\/wp-json\/wp\/v2\/programas_tax?post=331894"}],"curies":[{"name":"wp","href":"https:\/\/api.w.org\/{rel}","templated":true}]}}